{"id":12621,"date":"2012-03-31T10:00:15","date_gmt":"2012-03-31T10:00:15","guid":{"rendered":"http:\/\/www.quersaberpolitica.com.br?p=12621"},"modified":"2012-03-31T07:44:19","modified_gmt":"2012-03-31T07:44:19","slug":"hrj-realiza-mutirao-de-saude-e-cartao-sus-neste-sabado","status":"publish","type":"post","link":"https:\/\/blogdofarnesio.com.br\/?p=12621","title":{"rendered":"HRJ realiza Mutir\u00e3o de Sa\u00fade e Cart\u00e3o SUS neste s\u00e1bado"},"content":{"rendered":"<p style=\"text-align: justify;\"><span style=\"font-size: small;\"><a rel=\"lightbox\" href=\"http:\/\/www.quersaberpolitica.com.br\/2016\/wp-content\/uploads\/2012\/12\/saudeimages_(1).jpg\"><img loading=\"lazy\" decoding=\"async\" style=\"float: left; margin-top: 5px; margin-bottom: 5px; margin-left: 10px; margin-right: 10px;\" title=\"Imagem Ilustrativa\" src=\"http:\/\/www.quersaberpolitica.com.br\/2016\/wp-content\/uploads\/2012\/12\/saudeimages_(1).jpg\" alt=\"\" width=\"200\" height=\"200\" \/><\/a>O Hospital Regional de Juazeiro (gest&atilde;o IMIP) lembra a todos que ser&aacute; realizado amanh&atilde; (31), das 08h00 &agrave;s 13h00, o I Mutir&atilde;o de Sa&uacute;de e Cadastramento do Cart&atilde;o SUS. A a&ccedil;&atilde;o, que dever&aacute; ocorrer na recep&ccedil;&atilde;o central da pr&oacute;pria unidade de sa&uacute;de ser&aacute; aberta a toda a popula&ccedil;&atilde;o de Juazeiro. Os interessados no cadastramento dever&atilde;o trazer os documentos de identidade e CPF, al&eacute;m do comprovante de resid&ecirc;ncia.<\/span><\/p>\n<p style=\"text-align: justify;\"><span style=\"font-size: small;\">Pensando no bem estar de toda a popula&ccedil;&atilde;o, tamb&eacute;m ser&atilde;o oferecidos servi&ccedil;os como aferi&ccedil;&atilde;o de press&atilde;o, teste de glicemia, atendimento social e orienta&ccedil;&otilde;es gerais (com a distribui&ccedil;&atilde;o de materiais informativos). A a&ccedil;&atilde;o est&aacute; sendo realizada com base na Portaria N&ordm;. 763 do Minist&eacute;rio da Sa&uacute;de, que determina a obrigatoriedade da apresenta&ccedil;&atilde;o do Cart&atilde;o SUS em todos os atendimentos de sa&uacute;de realizados no pa&iacute;s.<\/span><\/p>\n<p style=\"text-align: justify;\"><span style=\"font-size: small;\">(Ascom HRJ)<\/span><\/p>\n","protected":false},"excerpt":{"rendered":"<p>O Hospital Regional de Juazeiro (gest&atilde;o IMIP) lembra a todos que ser&aacute; realizado amanh&atilde; (31), das 08h00 &agrave;s 13h00, o I Mutir&atilde;o de Sa&uacute;de e Cadastramento do Cart&atilde;o SUS. A a&ccedil;&atilde;o, que dever&aacute; ocorrer na recep&ccedil;&atilde;o central da pr&oacute;pria unidade de sa&uacute;de ser&aacute; aberta a toda a popula&ccedil;&atilde;o de Juazeiro. Os interessados no cadastramento dever&atilde;o trazer os documentos de identidade e CPF, al&eacute;m do comprovante de resid&ecirc;ncia. Pensando no bem estar de toda a popula&ccedil;&atilde;o, tamb&eacute;m ser&atilde;o oferecidos servi&ccedil;os como aferi&ccedil;&atilde;o de press&atilde;o, teste de glicemia, atendimento social e orienta&ccedil;&otilde;es gerais (com a distribui&ccedil;&atilde;o de materiais informativos). A a&ccedil;&atilde;o est&aacute; sendo realizada com base na Portaria N&ordm;. 763 do Minist&eacute;rio da Sa&uacute;de, que determina a obrigatoriedade da apresenta&ccedil;&atilde;o do Cart&atilde;o&hellip; <\/p>\n","protected":false},"author":0,"featured_media":0,"comment_status":"open","ping_status":"open","sticky":false,"template":"","format":"standard","meta":{"_acf_changed":false,"footnotes":""},"categories":[3],"tags":[],"class_list":["post-12621","post","type-post","status-publish","format-standard","hentry","category-entretenimento"],"acf":[],"yoast_head":"<!-- This site is optimized with the Yoast SEO plugin v27.4 - https:\/\/yoast.com\/product\/yoast-seo-wordpress\/ -->\n<title>HRJ realiza Mutir\u00e3o de Sa\u00fade e Cart\u00e3o SUS neste s\u00e1bado - Blog do Farn\u00e9sio<\/title>\n<meta name=\"robots\" content=\"index, follow, max-snippet:-1, max-image-preview:large, max-video-preview:-1\" \/>\n<link rel=\"canonical\" href=\"https:\/\/blogdofarnesio.com.br\/?p=12621\" \/>\n<meta property=\"og:locale\" content=\"pt_BR\" \/>\n<meta property=\"og:type\" content=\"article\" \/>\n<meta property=\"og:title\" content=\"HRJ realiza Mutir\u00e3o de Sa\u00fade e Cart\u00e3o SUS neste s\u00e1bado - Blog do Farn\u00e9sio\" \/>\n<meta property=\"og:description\" content=\"O Hospital Regional de Juazeiro (gest&atilde;o IMIP) lembra a todos que ser&aacute; realizado amanh&atilde; (31), das 08h00 &agrave;s 13h00, o I Mutir&atilde;o de Sa&uacute;de e Cadastramento do Cart&atilde;o SUS. A a&ccedil;&atilde;o, que dever&aacute; ocorrer na recep&ccedil;&atilde;o central da pr&oacute;pria unidade de sa&uacute;de ser&aacute; aberta a toda a popula&ccedil;&atilde;o de Juazeiro. Os interessados no cadastramento dever&atilde;o trazer os documentos de identidade e CPF, al&eacute;m do comprovante de resid&ecirc;ncia. Pensando no bem estar de toda a popula&ccedil;&atilde;o, tamb&eacute;m ser&atilde;o oferecidos servi&ccedil;os como aferi&ccedil;&atilde;o de press&atilde;o, teste de glicemia, atendimento social e orienta&ccedil;&otilde;es gerais (com a distribui&ccedil;&atilde;o de materiais informativos). A a&ccedil;&atilde;o est&aacute; sendo realizada com base na Portaria N&ordm;. 763 do Minist&eacute;rio da Sa&uacute;de, que determina a obrigatoriedade da apresenta&ccedil;&atilde;o do Cart&atilde;o&hellip;\" \/>\n<meta property=\"og:url\" content=\"https:\/\/blogdofarnesio.com.br\/?p=12621\" \/>\n<meta property=\"og:site_name\" content=\"Blog do Farn\u00e9sio\" \/>\n<meta property=\"article:publisher\" content=\"https:\/\/www.facebook.com\/BlogQuerSaberPolitica\/\" \/>\n<meta property=\"article:published_time\" content=\"2012-03-31T10:00:15+00:00\" \/>\n<meta property=\"og:image\" content=\"http:\/\/www.quersaberpolitica.com.br\/2016\/wp-content\/uploads\/2012\/12\/saudeimages_(1).jpg\" \/>\n<meta name=\"twitter:card\" content=\"summary_large_image\" \/>\n<meta name=\"twitter:label1\" content=\"Est. tempo de leitura\" \/>\n\t<meta name=\"twitter:data1\" content=\"1 minuto\" \/>\n<script type=\"application\/ld+json\" class=\"yoast-schema-graph\">{\"@context\":\"https:\\\/\\\/schema.org\",\"@graph\":[{\"@type\":\"Article\",\"@id\":\"https:\\\/\\\/blogdofarnesio.com.br\\\/?p=12621#article\",\"isPartOf\":{\"@id\":\"https:\\\/\\\/blogdofarnesio.com.br\\\/?p=12621\"},\"author\":{\"name\":\"\",\"@id\":\"\"},\"headline\":\"HRJ realiza Mutir\u00e3o de Sa\u00fade e Cart\u00e3o SUS neste s\u00e1bado\",\"datePublished\":\"2012-03-31T10:00:15+00:00\",\"mainEntityOfPage\":{\"@id\":\"https:\\\/\\\/blogdofarnesio.com.br\\\/?p=12621\"},\"wordCount\":214,\"commentCount\":0,\"publisher\":{\"@id\":\"https:\\\/\\\/blogdofarnesio.com.br\\\/#organization\"},\"image\":{\"@id\":\"https:\\\/\\\/blogdofarnesio.com.br\\\/?p=12621#primaryimage\"},\"thumbnailUrl\":\"http:\\\/\\\/www.quersaberpolitica.com.br\\\/2016\\\/wp-content\\\/uploads\\\/2012\\\/12\\\/saudeimages_(1).jpg\",\"articleSection\":[\"Entretenimento\"],\"inLanguage\":\"pt-BR\",\"potentialAction\":[{\"@type\":\"CommentAction\",\"name\":\"Comment\",\"target\":[\"https:\\\/\\\/blogdofarnesio.com.br\\\/?p=12621#respond\"]}]},{\"@type\":\"WebPage\",\"@id\":\"https:\\\/\\\/blogdofarnesio.com.br\\\/?p=12621\",\"url\":\"https:\\\/\\\/blogdofarnesio.com.br\\\/?p=12621\",\"name\":\"HRJ realiza Mutir\u00e3o de Sa\u00fade e Cart\u00e3o SUS neste s\u00e1bado - Blog do Farn\u00e9sio\",\"isPartOf\":{\"@id\":\"https:\\\/\\\/blogdofarnesio.com.br\\\/#website\"},\"primaryImageOfPage\":{\"@id\":\"https:\\\/\\\/blogdofarnesio.com.br\\\/?p=12621#primaryimage\"},\"image\":{\"@id\":\"https:\\\/\\\/blogdofarnesio.com.br\\\/?p=12621#primaryimage\"},\"thumbnailUrl\":\"http:\\\/\\\/www.quersaberpolitica.com.br\\\/2016\\\/wp-content\\\/uploads\\\/2012\\\/12\\\/saudeimages_(1).jpg\",\"datePublished\":\"2012-03-31T10:00:15+00:00\",\"breadcrumb\":{\"@id\":\"https:\\\/\\\/blogdofarnesio.com.br\\\/?p=12621#breadcrumb\"},\"inLanguage\":\"pt-BR\",\"potentialAction\":[{\"@type\":\"ReadAction\",\"target\":[\"https:\\\/\\\/blogdofarnesio.com.br\\\/?p=12621\"]}]},{\"@type\":\"ImageObject\",\"inLanguage\":\"pt-BR\",\"@id\":\"https:\\\/\\\/blogdofarnesio.com.br\\\/?p=12621#primaryimage\",\"url\":\"http:\\\/\\\/www.quersaberpolitica.com.br\\\/2016\\\/wp-content\\\/uploads\\\/2012\\\/12\\\/saudeimages_(1).jpg\",\"contentUrl\":\"http:\\\/\\\/www.quersaberpolitica.com.br\\\/2016\\\/wp-content\\\/uploads\\\/2012\\\/12\\\/saudeimages_(1).jpg\"},{\"@type\":\"BreadcrumbList\",\"@id\":\"https:\\\/\\\/blogdofarnesio.com.br\\\/?p=12621#breadcrumb\",\"itemListElement\":[{\"@type\":\"ListItem\",\"position\":1,\"name\":\"In\u00edcio\",\"item\":\"https:\\\/\\\/blogdofarnesio.com.br\\\/\"},{\"@type\":\"ListItem\",\"position\":2,\"name\":\"HRJ realiza Mutir\u00e3o de Sa\u00fade e Cart\u00e3o SUS neste s\u00e1bado\"}]},{\"@type\":\"WebSite\",\"@id\":\"https:\\\/\\\/blogdofarnesio.com.br\\\/#website\",\"url\":\"https:\\\/\\\/blogdofarnesio.com.br\\\/\",\"name\":\"Blog do Farn\u00e9sio\",\"description\":\"Quer Saber Pol\u00edtica?\",\"publisher\":{\"@id\":\"https:\\\/\\\/blogdofarnesio.com.br\\\/#organization\"},\"potentialAction\":[{\"@type\":\"SearchAction\",\"target\":{\"@type\":\"EntryPoint\",\"urlTemplate\":\"https:\\\/\\\/blogdofarnesio.com.br\\\/?s={search_term_string}\"},\"query-input\":{\"@type\":\"PropertyValueSpecification\",\"valueRequired\":true,\"valueName\":\"search_term_string\"}}],\"inLanguage\":\"pt-BR\"},{\"@type\":\"Organization\",\"@id\":\"https:\\\/\\\/blogdofarnesio.com.br\\\/#organization\",\"name\":\"Blog do Farn\u00e9sio\",\"url\":\"https:\\\/\\\/blogdofarnesio.com.br\\\/\",\"logo\":{\"@type\":\"ImageObject\",\"inLanguage\":\"pt-BR\",\"@id\":\"https:\\\/\\\/blogdofarnesio.com.br\\\/#\\\/schema\\\/logo\\\/image\\\/\",\"url\":\"https:\\\/\\\/blogdofarnesio.com.br\\\/wp-content\\\/uploads\\\/2026\\\/03\\\/cropped-logo_new-1.png\",\"contentUrl\":\"https:\\\/\\\/blogdofarnesio.com.br\\\/wp-content\\\/uploads\\\/2026\\\/03\\\/cropped-logo_new-1.png\",\"width\":881,\"height\":685,\"caption\":\"Blog do Farn\u00e9sio\"},\"image\":{\"@id\":\"https:\\\/\\\/blogdofarnesio.com.br\\\/#\\\/schema\\\/logo\\\/image\\\/\"},\"sameAs\":[\"https:\\\/\\\/www.facebook.com\\\/BlogQuerSaberPolitica\\\/\"]}]}<\/script>\n<!-- \/ Yoast SEO plugin. -->","yoast_head_json":{"title":"HRJ realiza Mutir\u00e3o de Sa\u00fade e Cart\u00e3o SUS neste s\u00e1bado - Blog do Farn\u00e9sio","robots":{"index":"index","follow":"follow","max-snippet":"max-snippet:-1","max-image-preview":"max-image-preview:large","max-video-preview":"max-video-preview:-1"},"canonical":"https:\/\/blogdofarnesio.com.br\/?p=12621","og_locale":"pt_BR","og_type":"article","og_title":"HRJ realiza Mutir\u00e3o de Sa\u00fade e Cart\u00e3o SUS neste s\u00e1bado - Blog do Farn\u00e9sio","og_description":"O Hospital Regional de Juazeiro (gest&atilde;o IMIP) lembra a todos que ser&aacute; realizado amanh&atilde; (31), das 08h00 &agrave;s 13h00, o I Mutir&atilde;o de Sa&uacute;de e Cadastramento do Cart&atilde;o SUS. A a&ccedil;&atilde;o, que dever&aacute; ocorrer na recep&ccedil;&atilde;o central da pr&oacute;pria unidade de sa&uacute;de ser&aacute; aberta a toda a popula&ccedil;&atilde;o de Juazeiro. Os interessados no cadastramento dever&atilde;o trazer os documentos de identidade e CPF, al&eacute;m do comprovante de resid&ecirc;ncia. Pensando no bem estar de toda a popula&ccedil;&atilde;o, tamb&eacute;m ser&atilde;o oferecidos servi&ccedil;os como aferi&ccedil;&atilde;o de press&atilde;o, teste de glicemia, atendimento social e orienta&ccedil;&otilde;es gerais (com a distribui&ccedil;&atilde;o de materiais informativos). A a&ccedil;&atilde;o est&aacute; sendo realizada com base na Portaria N&ordm;. 763 do Minist&eacute;rio da Sa&uacute;de, que determina a obrigatoriedade da apresenta&ccedil;&atilde;o do Cart&atilde;o&hellip;","og_url":"https:\/\/blogdofarnesio.com.br\/?p=12621","og_site_name":"Blog do Farn\u00e9sio","article_publisher":"https:\/\/www.facebook.com\/BlogQuerSaberPolitica\/","article_published_time":"2012-03-31T10:00:15+00:00","og_image":[{"url":"http:\/\/www.quersaberpolitica.com.br\/2016\/wp-content\/uploads\/2012\/12\/saudeimages_(1).jpg","type":"","width":"","height":""}],"twitter_card":"summary_large_image","twitter_misc":{"Est. tempo de leitura":"1 minuto"},"schema":{"@context":"https:\/\/schema.org","@graph":[{"@type":"Article","@id":"https:\/\/blogdofarnesio.com.br\/?p=12621#article","isPartOf":{"@id":"https:\/\/blogdofarnesio.com.br\/?p=12621"},"author":{"name":"","@id":""},"headline":"HRJ realiza Mutir\u00e3o de Sa\u00fade e Cart\u00e3o SUS neste s\u00e1bado","datePublished":"2012-03-31T10:00:15+00:00","mainEntityOfPage":{"@id":"https:\/\/blogdofarnesio.com.br\/?p=12621"},"wordCount":214,"commentCount":0,"publisher":{"@id":"https:\/\/blogdofarnesio.com.br\/#organization"},"image":{"@id":"https:\/\/blogdofarnesio.com.br\/?p=12621#primaryimage"},"thumbnailUrl":"http:\/\/www.quersaberpolitica.com.br\/2016\/wp-content\/uploads\/2012\/12\/saudeimages_(1).jpg","articleSection":["Entretenimento"],"inLanguage":"pt-BR","potentialAction":[{"@type":"CommentAction","name":"Comment","target":["https:\/\/blogdofarnesio.com.br\/?p=12621#respond"]}]},{"@type":"WebPage","@id":"https:\/\/blogdofarnesio.com.br\/?p=12621","url":"https:\/\/blogdofarnesio.com.br\/?p=12621","name":"HRJ realiza Mutir\u00e3o de Sa\u00fade e Cart\u00e3o SUS neste s\u00e1bado - Blog do Farn\u00e9sio","isPartOf":{"@id":"https:\/\/blogdofarnesio.com.br\/#website"},"primaryImageOfPage":{"@id":"https:\/\/blogdofarnesio.com.br\/?p=12621#primaryimage"},"image":{"@id":"https:\/\/blogdofarnesio.com.br\/?p=12621#primaryimage"},"thumbnailUrl":"http:\/\/www.quersaberpolitica.com.br\/2016\/wp-content\/uploads\/2012\/12\/saudeimages_(1).jpg","datePublished":"2012-03-31T10:00:15+00:00","breadcrumb":{"@id":"https:\/\/blogdofarnesio.com.br\/?p=12621#breadcrumb"},"inLanguage":"pt-BR","potentialAction":[{"@type":"ReadAction","target":["https:\/\/blogdofarnesio.com.br\/?p=12621"]}]},{"@type":"ImageObject","inLanguage":"pt-BR","@id":"https:\/\/blogdofarnesio.com.br\/?p=12621#primaryimage","url":"http:\/\/www.quersaberpolitica.com.br\/2016\/wp-content\/uploads\/2012\/12\/saudeimages_(1).jpg","contentUrl":"http:\/\/www.quersaberpolitica.com.br\/2016\/wp-content\/uploads\/2012\/12\/saudeimages_(1).jpg"},{"@type":"BreadcrumbList","@id":"https:\/\/blogdofarnesio.com.br\/?p=12621#breadcrumb","itemListElement":[{"@type":"ListItem","position":1,"name":"In\u00edcio","item":"https:\/\/blogdofarnesio.com.br\/"},{"@type":"ListItem","position":2,"name":"HRJ realiza Mutir\u00e3o de Sa\u00fade e Cart\u00e3o SUS neste s\u00e1bado"}]},{"@type":"WebSite","@id":"https:\/\/blogdofarnesio.com.br\/#website","url":"https:\/\/blogdofarnesio.com.br\/","name":"Blog do Farn\u00e9sio","description":"Quer Saber Pol\u00edtica?","publisher":{"@id":"https:\/\/blogdofarnesio.com.br\/#organization"},"potentialAction":[{"@type":"SearchAction","target":{"@type":"EntryPoint","urlTemplate":"https:\/\/blogdofarnesio.com.br\/?s={search_term_string}"},"query-input":{"@type":"PropertyValueSpecification","valueRequired":true,"valueName":"search_term_string"}}],"inLanguage":"pt-BR"},{"@type":"Organization","@id":"https:\/\/blogdofarnesio.com.br\/#organization","name":"Blog do Farn\u00e9sio","url":"https:\/\/blogdofarnesio.com.br\/","logo":{"@type":"ImageObject","inLanguage":"pt-BR","@id":"https:\/\/blogdofarnesio.com.br\/#\/schema\/logo\/image\/","url":"https:\/\/blogdofarnesio.com.br\/wp-content\/uploads\/2026\/03\/cropped-logo_new-1.png","contentUrl":"https:\/\/blogdofarnesio.com.br\/wp-content\/uploads\/2026\/03\/cropped-logo_new-1.png","width":881,"height":685,"caption":"Blog do Farn\u00e9sio"},"image":{"@id":"https:\/\/blogdofarnesio.com.br\/#\/schema\/logo\/image\/"},"sameAs":["https:\/\/www.facebook.com\/BlogQuerSaberPolitica\/"]}]}},"_links":{"self":[{"href":"https:\/\/blogdofarnesio.com.br\/index.php?rest_route=\/wp\/v2\/posts\/12621","targetHints":{"allow":["GET"]}}],"collection":[{"href":"https:\/\/blogdofarnesio.com.br\/index.php?rest_route=\/wp\/v2\/posts"}],"about":[{"href":"https:\/\/blogdofarnesio.com.br\/index.php?rest_route=\/wp\/v2\/types\/post"}],"replies":[{"embeddable":true,"href":"https:\/\/blogdofarnesio.com.br\/index.php?rest_route=%2Fwp%2Fv2%2Fcomments&post=12621"}],"version-history":[{"count":0,"href":"https:\/\/blogdofarnesio.com.br\/index.php?rest_route=\/wp\/v2\/posts\/12621\/revisions"}],"wp:attachment":[{"href":"https:\/\/blogdofarnesio.com.br\/index.php?rest_route=%2Fwp%2Fv2%2Fmedia&parent=12621"}],"wp:term":[{"taxonomy":"category","embeddable":true,"href":"https:\/\/blogdofarnesio.com.br\/index.php?rest_route=%2Fwp%2Fv2%2Fcategories&post=12621"},{"taxonomy":"post_tag","embeddable":true,"href":"https:\/\/blogdofarnesio.com.br\/index.php?rest_route=%2Fwp%2Fv2%2Ftags&post=12621"}],"curies":[{"name":"wp","href":"https:\/\/api.w.org\/{rel}","templated":true}]}}