{"id":12596,"date":"2012-03-30T07:40:04","date_gmt":"2012-03-30T07:40:04","guid":{"rendered":"http:\/\/www.quersaberpolitica.com.br?p=12596"},"modified":"2012-03-29T23:50:46","modified_gmt":"2012-03-29T23:50:46","slug":"servidores-municipais-comemoram-a-inauguracao-da-ame-servidor","status":"publish","type":"post","link":"https:\/\/blogdofarnesio.com.br\/?p=12596","title":{"rendered":"Servidores Municipais comemoram a inaugura\u00e7\u00e3o da AME Servidor"},"content":{"rendered":"<div class=\"MsoNormal\" style=\"text-align: justify; \"><span style=\"font-size: medium;\"><span style=\"font-size: small;\"><a rel=\"lightbox\" href=\"http:\/\/www.quersaberpolitica.com.br\/2016\/wp-content\/uploads\/2012\/12\/blogqspameservidor.jpg\"><img loading=\"lazy\" decoding=\"async\" style=\"float: right; margin-top: 5px; margin-bottom: 5px; margin-left: 10px; margin-right: 10px;\" src=\"http:\/\/www.quersaberpolitica.com.br\/2016\/wp-content\/uploads\/2012\/12\/blogqspameservidor.jpg\" alt=\"\" width=\"200\" height=\"150\" \/><\/a>Ontem (28), a noite foi de festa na Avenida Guararapes, com a inaugura&ccedil;&atilde;o da unidade de Atendimento Multiprofissional Especializado &ndash; AME Servidor. Centenas de servidores municipais de Petrolina se fizeram presentes na comemora&ccedil;&atilde;o de mais uma conquista da categoria, garantida pela Prefeitura Municipal. As pessoas que contribuem diariamente para o crescimento e desenvolvimento da cidade contam agora com um espa&ccedil;o idealizado especialmente para acolh&ecirc;-los de forma humanizada e com uma infraestrutura moderna que segue o modelo das unidades AME &ndash; Sa&uacute;de da Fam&iacute;lia.<\/span><\/span><\/div>\n<p class=\"MsoNormal\" style=\"text-align: justify; \"><span style=\"font-size: medium;\"><span style=\"font-size: small;\">A solenidade contou com a participa&ccedil;&atilde;o do prefeito Julio Lossio, do seu vice, Domingos S&aacute;vio, da primeira dama Andreia Lossio, das Secret&aacute;rias Municipais de Sa&uacute;de, Lucia Giesta, e de Administra&ccedil;&atilde;o, Andr&eacute;ia Gomes, do diretor presidente da Empresa Petrolinense de Tr&acirc;nsito e Transporte Coletivo (EPTTC), Paulo Valgueiro, do presidente da Autarquia Educacional do Vale do S&atilde;o Francisco (AEVSF), professor Rinaldo Remigio, do presidente da Ag&ecirc;ncia Reguladora do Munic&iacute;pio de Petrolina (ARMUP), da fam&iacute;lia da servidora Sonia Maria Leal, que nomeia a unidade AME, al&eacute;m de representantes dos sindicados de servidores e demais secret&aacute;rios municipais.<\/span><\/span><\/p>\n<p class=\"MsoNormal\" style=\"text-align: justify; \"><span style=\"font-size: medium;\"><span style=\"font-size: small;\">&ldquo;O prefeito pediu que pens&aacute;ssemos, junto com a Secretaria de Administra&ccedil;&atilde;o, em um servi&ccedil;o diferenciado para atender os mais de 5 mil do munic&iacute;pio. Uma tarefa dif&iacute;cil por tratar-se de uma iniciativa inovadora&rdquo;, relatou a secret&aacute;ria de sa&uacute;de, Lucia Giesta sobre a idealiza&ccedil;&atilde;o da AME Servidor. No processo de planejamento, a secret&aacute;ria contou com o apoio do Instituto de Gest&atilde;o Previdenci&aacute;ria do Munic&iacute;pio (IGPREV) que ajudou a descobrir quais s&atilde;o as principais necessidades dos servidores com rela&ccedil;&atilde;o &agrave; Sa&uacute;de para, assim, definir o perfil da equipe. &ldquo;N&oacute;s queremos que esses profissionais de sa&uacute;de recebam e acolham as pessoas que impulsionam a Prefeitura Municipal de Petrolina com o seu trabalho e dedica&ccedil;&atilde;o para que elas possam cuidar dos outros 300 mil moradores do munic&iacute;pio&rdquo;, completou a secret&aacute;ria.<\/span><\/span><\/p>\n<p class=\"MsoNormal\" style=\"text-align: justify; \"><span style=\"font-size: medium;\"><span style=\"font-size: small;\">&ldquo;Quando pensamos e idealizamos a AME Servidor foi exatamente porque um dos nossos 5 eixos de trabalho, com os quais nos comprometemos durante a campanha, foi e ser&aacute; sempre o servidor p&uacute;blico&rdquo;, afirmou o prefeito, ressaltando que desde o primeiro dia de mandato iniciou um processo para melhorar a vida dessas pessoas, resgatando o cr&eacute;dito do servidor e colocando o sal&aacute;rio em dia, valorizando o seu aprendizado, com a Escola Municipal do Servidor, modernizando a &aacute;rea de recursos humanos da Prefeitura e investindo em moradia para a categoria.<\/span><\/span><\/p>\n<p class=\"MsoNormal\" style=\"text-align: justify; \"><span style=\"font-size: medium;\"><span style=\"font-size: small;\">Representando a todos os servidores municipais, a professora Iara Cristina dos Santos refor&ccedil;ou o discurso do prefeito Julio Lossio, agradecendo as conquistas garantidas pelos servidores nos &uacute;ltimos tr&ecirc;s anos. &ldquo;Eu aproveito esse espa&ccedil;o para apresentar aqui a a minha gratid&atilde;o por essa AME que acaba de ser inaugurada e por todos os outros benef&iacute;cios que garantimos nessa gest&atilde;o&rdquo;, enfatizou. &ldquo;A abertura dessa AME significa que o munic&iacute;pio est&aacute; pensando no servidor de uma maneira total. Nunca houve uma empresa p&uacute;blica ou privada que pensasse no servidor como a prefeitura de Petrolina pensa&rdquo;, completou a secret&aacute;ria de Administra&ccedil;&atilde;o, Andr&eacute;ia Gomes.<\/span><\/span><\/p>\n<p class=\"MsoNormal\" style=\"text-align: justify; \"><span style=\"font-size: medium;\"><span style=\"font-size: small;\">A nova unidade realizar&aacute; a&ccedil;&otilde;es de aten&ccedil;&atilde;o ao trabalhador, atrav&eacute;s da promo&ccedil;&atilde;o &agrave; sa&uacute;de, preven&ccedil;&atilde;o &agrave;s doen&ccedil;as, diagn&oacute;stico e tratamento. Uma equipe composta por m&eacute;dico cl&iacute;nico, enfermeiros, dentistas, psic&oacute;logo, nutricionista e fisioterapeuta j&aacute; est&aacute; pronta para atender os servidores. A estrutura da unidade conta com 10 salas, sendo 6 consult&oacute;rios, sala de acolhimento, de procedimentos, administra&ccedil;&atilde;o e almoxarifado. Localizada &agrave; Avenida Guararapes, 2803, pr&oacute;ximo ao monumento da Integra&ccedil;&atilde;o, a AME Servidor funciona de segunda &agrave; sexta-feira, das 07h &agrave;s 18h00.<\/span><\/span><\/p>\n<p class=\"MsoNormal\" style=\"text-align: justify; \"><span style=\"font-size: medium;\"><span style=\"font-size: small;\">Texto: Eneida Trindade<\/span><\/span><\/p>\n","protected":false},"excerpt":{"rendered":"<p>Ontem (28), a noite foi de festa na Avenida Guararapes, com a inaugura&ccedil;&atilde;o da unidade de Atendimento Multiprofissional Especializado &ndash; AME Servidor. Centenas de servidores municipais de Petrolina se fizeram presentes na comemora&ccedil;&atilde;o de mais uma conquista da categoria, garantida pela Prefeitura Municipal. As pessoas que contribuem diariamente para o crescimento e desenvolvimento da cidade contam agora com um espa&ccedil;o idealizado especialmente para acolh&ecirc;-los de forma humanizada e com uma infraestrutura moderna que segue o modelo das unidades AME &ndash; Sa&uacute;de da Fam&iacute;lia. A solenidade contou com a participa&ccedil;&atilde;o do prefeito Julio Lossio, do seu vice, Domingos S&aacute;vio, da primeira dama Andreia Lossio, das Secret&aacute;rias Municipais de Sa&uacute;de, Lucia Giesta, e de Administra&ccedil;&atilde;o, Andr&eacute;ia Gomes, do diretor presidente da Empresa&hellip; <\/p>\n","protected":false},"author":0,"featured_media":0,"comment_status":"open","ping_status":"open","sticky":false,"template":"","format":"standard","meta":{"_acf_changed":false,"footnotes":""},"categories":[3],"tags":[],"class_list":["post-12596","post","type-post","status-publish","format-standard","hentry","category-entretenimento"],"acf":[],"yoast_head":"<!-- This site is optimized with the Yoast SEO plugin v27.4 - https:\/\/yoast.com\/product\/yoast-seo-wordpress\/ -->\n<title>Servidores Municipais comemoram a inaugura\u00e7\u00e3o da AME Servidor  - Blog do Farn\u00e9sio<\/title>\n<meta name=\"robots\" content=\"index, follow, max-snippet:-1, max-image-preview:large, max-video-preview:-1\" \/>\n<link rel=\"canonical\" href=\"https:\/\/blogdofarnesio.com.br\/?p=12596\" \/>\n<meta property=\"og:locale\" content=\"pt_BR\" \/>\n<meta property=\"og:type\" content=\"article\" \/>\n<meta property=\"og:title\" content=\"Servidores Municipais comemoram a inaugura\u00e7\u00e3o da AME Servidor  - Blog do Farn\u00e9sio\" \/>\n<meta property=\"og:description\" content=\"Ontem (28), a noite foi de festa na Avenida Guararapes, com a inaugura&ccedil;&atilde;o da unidade de Atendimento Multiprofissional Especializado &ndash; AME Servidor. Centenas de servidores municipais de Petrolina se fizeram presentes na comemora&ccedil;&atilde;o de mais uma conquista da categoria, garantida pela Prefeitura Municipal. As pessoas que contribuem diariamente para o crescimento e desenvolvimento da cidade contam agora com um espa&ccedil;o idealizado especialmente para acolh&ecirc;-los de forma humanizada e com uma infraestrutura moderna que segue o modelo das unidades AME &ndash; Sa&uacute;de da Fam&iacute;lia. A solenidade contou com a participa&ccedil;&atilde;o do prefeito Julio Lossio, do seu vice, Domingos S&aacute;vio, da primeira dama Andreia Lossio, das Secret&aacute;rias Municipais de Sa&uacute;de, Lucia Giesta, e de Administra&ccedil;&atilde;o, Andr&eacute;ia Gomes, do diretor presidente da Empresa&hellip;\" \/>\n<meta property=\"og:url\" content=\"https:\/\/blogdofarnesio.com.br\/?p=12596\" \/>\n<meta property=\"og:site_name\" content=\"Blog do Farn\u00e9sio\" \/>\n<meta property=\"article:publisher\" content=\"https:\/\/www.facebook.com\/BlogQuerSaberPolitica\/\" \/>\n<meta property=\"article:published_time\" content=\"2012-03-30T07:40:04+00:00\" \/>\n<meta property=\"og:image\" content=\"http:\/\/www.quersaberpolitica.com.br\/2016\/wp-content\/uploads\/2012\/12\/blogqspameservidor.jpg\" \/>\n<meta name=\"twitter:card\" content=\"summary_large_image\" \/>\n<meta name=\"twitter:label1\" content=\"Est. tempo de leitura\" \/>\n\t<meta name=\"twitter:data1\" content=\"4 minutos\" \/>\n<script type=\"application\/ld+json\" class=\"yoast-schema-graph\">{\"@context\":\"https:\\\/\\\/schema.org\",\"@graph\":[{\"@type\":\"Article\",\"@id\":\"https:\\\/\\\/blogdofarnesio.com.br\\\/?p=12596#article\",\"isPartOf\":{\"@id\":\"https:\\\/\\\/blogdofarnesio.com.br\\\/?p=12596\"},\"author\":{\"name\":\"\",\"@id\":\"\"},\"headline\":\"Servidores Municipais comemoram a inaugura\u00e7\u00e3o da AME Servidor\",\"datePublished\":\"2012-03-30T07:40:04+00:00\",\"mainEntityOfPage\":{\"@id\":\"https:\\\/\\\/blogdofarnesio.com.br\\\/?p=12596\"},\"wordCount\":744,\"commentCount\":0,\"publisher\":{\"@id\":\"https:\\\/\\\/blogdofarnesio.com.br\\\/#organization\"},\"image\":{\"@id\":\"https:\\\/\\\/blogdofarnesio.com.br\\\/?p=12596#primaryimage\"},\"thumbnailUrl\":\"http:\\\/\\\/www.quersaberpolitica.com.br\\\/2016\\\/wp-content\\\/uploads\\\/2012\\\/12\\\/blogqspameservidor.jpg\",\"articleSection\":[\"Entretenimento\"],\"inLanguage\":\"pt-BR\",\"potentialAction\":[{\"@type\":\"CommentAction\",\"name\":\"Comment\",\"target\":[\"https:\\\/\\\/blogdofarnesio.com.br\\\/?p=12596#respond\"]}]},{\"@type\":\"WebPage\",\"@id\":\"https:\\\/\\\/blogdofarnesio.com.br\\\/?p=12596\",\"url\":\"https:\\\/\\\/blogdofarnesio.com.br\\\/?p=12596\",\"name\":\"Servidores Municipais comemoram a inaugura\u00e7\u00e3o da AME Servidor - Blog do Farn\u00e9sio\",\"isPartOf\":{\"@id\":\"https:\\\/\\\/blogdofarnesio.com.br\\\/#website\"},\"primaryImageOfPage\":{\"@id\":\"https:\\\/\\\/blogdofarnesio.com.br\\\/?p=12596#primaryimage\"},\"image\":{\"@id\":\"https:\\\/\\\/blogdofarnesio.com.br\\\/?p=12596#primaryimage\"},\"thumbnailUrl\":\"http:\\\/\\\/www.quersaberpolitica.com.br\\\/2016\\\/wp-content\\\/uploads\\\/2012\\\/12\\\/blogqspameservidor.jpg\",\"datePublished\":\"2012-03-30T07:40:04+00:00\",\"breadcrumb\":{\"@id\":\"https:\\\/\\\/blogdofarnesio.com.br\\\/?p=12596#breadcrumb\"},\"inLanguage\":\"pt-BR\",\"potentialAction\":[{\"@type\":\"ReadAction\",\"target\":[\"https:\\\/\\\/blogdofarnesio.com.br\\\/?p=12596\"]}]},{\"@type\":\"ImageObject\",\"inLanguage\":\"pt-BR\",\"@id\":\"https:\\\/\\\/blogdofarnesio.com.br\\\/?p=12596#primaryimage\",\"url\":\"http:\\\/\\\/www.quersaberpolitica.com.br\\\/2016\\\/wp-content\\\/uploads\\\/2012\\\/12\\\/blogqspameservidor.jpg\",\"contentUrl\":\"http:\\\/\\\/www.quersaberpolitica.com.br\\\/2016\\\/wp-content\\\/uploads\\\/2012\\\/12\\\/blogqspameservidor.jpg\"},{\"@type\":\"BreadcrumbList\",\"@id\":\"https:\\\/\\\/blogdofarnesio.com.br\\\/?p=12596#breadcrumb\",\"itemListElement\":[{\"@type\":\"ListItem\",\"position\":1,\"name\":\"In\u00edcio\",\"item\":\"https:\\\/\\\/blogdofarnesio.com.br\\\/\"},{\"@type\":\"ListItem\",\"position\":2,\"name\":\"Servidores Municipais comemoram a inaugura\u00e7\u00e3o da AME Servidor\"}]},{\"@type\":\"WebSite\",\"@id\":\"https:\\\/\\\/blogdofarnesio.com.br\\\/#website\",\"url\":\"https:\\\/\\\/blogdofarnesio.com.br\\\/\",\"name\":\"Blog do Farn\u00e9sio\",\"description\":\"Quer Saber Pol\u00edtica?\",\"publisher\":{\"@id\":\"https:\\\/\\\/blogdofarnesio.com.br\\\/#organization\"},\"potentialAction\":[{\"@type\":\"SearchAction\",\"target\":{\"@type\":\"EntryPoint\",\"urlTemplate\":\"https:\\\/\\\/blogdofarnesio.com.br\\\/?s={search_term_string}\"},\"query-input\":{\"@type\":\"PropertyValueSpecification\",\"valueRequired\":true,\"valueName\":\"search_term_string\"}}],\"inLanguage\":\"pt-BR\"},{\"@type\":\"Organization\",\"@id\":\"https:\\\/\\\/blogdofarnesio.com.br\\\/#organization\",\"name\":\"Blog do Farn\u00e9sio\",\"url\":\"https:\\\/\\\/blogdofarnesio.com.br\\\/\",\"logo\":{\"@type\":\"ImageObject\",\"inLanguage\":\"pt-BR\",\"@id\":\"https:\\\/\\\/blogdofarnesio.com.br\\\/#\\\/schema\\\/logo\\\/image\\\/\",\"url\":\"https:\\\/\\\/blogdofarnesio.com.br\\\/wp-content\\\/uploads\\\/2026\\\/03\\\/cropped-logo_new-1.png\",\"contentUrl\":\"https:\\\/\\\/blogdofarnesio.com.br\\\/wp-content\\\/uploads\\\/2026\\\/03\\\/cropped-logo_new-1.png\",\"width\":881,\"height\":685,\"caption\":\"Blog do Farn\u00e9sio\"},\"image\":{\"@id\":\"https:\\\/\\\/blogdofarnesio.com.br\\\/#\\\/schema\\\/logo\\\/image\\\/\"},\"sameAs\":[\"https:\\\/\\\/www.facebook.com\\\/BlogQuerSaberPolitica\\\/\"]}]}<\/script>\n<!-- \/ Yoast SEO plugin. -->","yoast_head_json":{"title":"Servidores Municipais comemoram a inaugura\u00e7\u00e3o da AME Servidor  - Blog do Farn\u00e9sio","robots":{"index":"index","follow":"follow","max-snippet":"max-snippet:-1","max-image-preview":"max-image-preview:large","max-video-preview":"max-video-preview:-1"},"canonical":"https:\/\/blogdofarnesio.com.br\/?p=12596","og_locale":"pt_BR","og_type":"article","og_title":"Servidores Municipais comemoram a inaugura\u00e7\u00e3o da AME Servidor  - Blog do Farn\u00e9sio","og_description":"Ontem (28), a noite foi de festa na Avenida Guararapes, com a inaugura&ccedil;&atilde;o da unidade de Atendimento Multiprofissional Especializado &ndash; AME Servidor. Centenas de servidores municipais de Petrolina se fizeram presentes na comemora&ccedil;&atilde;o de mais uma conquista da categoria, garantida pela Prefeitura Municipal. As pessoas que contribuem diariamente para o crescimento e desenvolvimento da cidade contam agora com um espa&ccedil;o idealizado especialmente para acolh&ecirc;-los de forma humanizada e com uma infraestrutura moderna que segue o modelo das unidades AME &ndash; Sa&uacute;de da Fam&iacute;lia. A solenidade contou com a participa&ccedil;&atilde;o do prefeito Julio Lossio, do seu vice, Domingos S&aacute;vio, da primeira dama Andreia Lossio, das Secret&aacute;rias Municipais de Sa&uacute;de, Lucia Giesta, e de Administra&ccedil;&atilde;o, Andr&eacute;ia Gomes, do diretor presidente da Empresa&hellip;","og_url":"https:\/\/blogdofarnesio.com.br\/?p=12596","og_site_name":"Blog do Farn\u00e9sio","article_publisher":"https:\/\/www.facebook.com\/BlogQuerSaberPolitica\/","article_published_time":"2012-03-30T07:40:04+00:00","og_image":[{"url":"http:\/\/www.quersaberpolitica.com.br\/2016\/wp-content\/uploads\/2012\/12\/blogqspameservidor.jpg","type":"","width":"","height":""}],"twitter_card":"summary_large_image","twitter_misc":{"Est. tempo de leitura":"4 minutos"},"schema":{"@context":"https:\/\/schema.org","@graph":[{"@type":"Article","@id":"https:\/\/blogdofarnesio.com.br\/?p=12596#article","isPartOf":{"@id":"https:\/\/blogdofarnesio.com.br\/?p=12596"},"author":{"name":"","@id":""},"headline":"Servidores Municipais comemoram a inaugura\u00e7\u00e3o da AME Servidor","datePublished":"2012-03-30T07:40:04+00:00","mainEntityOfPage":{"@id":"https:\/\/blogdofarnesio.com.br\/?p=12596"},"wordCount":744,"commentCount":0,"publisher":{"@id":"https:\/\/blogdofarnesio.com.br\/#organization"},"image":{"@id":"https:\/\/blogdofarnesio.com.br\/?p=12596#primaryimage"},"thumbnailUrl":"http:\/\/www.quersaberpolitica.com.br\/2016\/wp-content\/uploads\/2012\/12\/blogqspameservidor.jpg","articleSection":["Entretenimento"],"inLanguage":"pt-BR","potentialAction":[{"@type":"CommentAction","name":"Comment","target":["https:\/\/blogdofarnesio.com.br\/?p=12596#respond"]}]},{"@type":"WebPage","@id":"https:\/\/blogdofarnesio.com.br\/?p=12596","url":"https:\/\/blogdofarnesio.com.br\/?p=12596","name":"Servidores Municipais comemoram a inaugura\u00e7\u00e3o da AME Servidor - Blog do Farn\u00e9sio","isPartOf":{"@id":"https:\/\/blogdofarnesio.com.br\/#website"},"primaryImageOfPage":{"@id":"https:\/\/blogdofarnesio.com.br\/?p=12596#primaryimage"},"image":{"@id":"https:\/\/blogdofarnesio.com.br\/?p=12596#primaryimage"},"thumbnailUrl":"http:\/\/www.quersaberpolitica.com.br\/2016\/wp-content\/uploads\/2012\/12\/blogqspameservidor.jpg","datePublished":"2012-03-30T07:40:04+00:00","breadcrumb":{"@id":"https:\/\/blogdofarnesio.com.br\/?p=12596#breadcrumb"},"inLanguage":"pt-BR","potentialAction":[{"@type":"ReadAction","target":["https:\/\/blogdofarnesio.com.br\/?p=12596"]}]},{"@type":"ImageObject","inLanguage":"pt-BR","@id":"https:\/\/blogdofarnesio.com.br\/?p=12596#primaryimage","url":"http:\/\/www.quersaberpolitica.com.br\/2016\/wp-content\/uploads\/2012\/12\/blogqspameservidor.jpg","contentUrl":"http:\/\/www.quersaberpolitica.com.br\/2016\/wp-content\/uploads\/2012\/12\/blogqspameservidor.jpg"},{"@type":"BreadcrumbList","@id":"https:\/\/blogdofarnesio.com.br\/?p=12596#breadcrumb","itemListElement":[{"@type":"ListItem","position":1,"name":"In\u00edcio","item":"https:\/\/blogdofarnesio.com.br\/"},{"@type":"ListItem","position":2,"name":"Servidores Municipais comemoram a inaugura\u00e7\u00e3o da AME Servidor"}]},{"@type":"WebSite","@id":"https:\/\/blogdofarnesio.com.br\/#website","url":"https:\/\/blogdofarnesio.com.br\/","name":"Blog do Farn\u00e9sio","description":"Quer Saber Pol\u00edtica?","publisher":{"@id":"https:\/\/blogdofarnesio.com.br\/#organization"},"potentialAction":[{"@type":"SearchAction","target":{"@type":"EntryPoint","urlTemplate":"https:\/\/blogdofarnesio.com.br\/?s={search_term_string}"},"query-input":{"@type":"PropertyValueSpecification","valueRequired":true,"valueName":"search_term_string"}}],"inLanguage":"pt-BR"},{"@type":"Organization","@id":"https:\/\/blogdofarnesio.com.br\/#organization","name":"Blog do Farn\u00e9sio","url":"https:\/\/blogdofarnesio.com.br\/","logo":{"@type":"ImageObject","inLanguage":"pt-BR","@id":"https:\/\/blogdofarnesio.com.br\/#\/schema\/logo\/image\/","url":"https:\/\/blogdofarnesio.com.br\/wp-content\/uploads\/2026\/03\/cropped-logo_new-1.png","contentUrl":"https:\/\/blogdofarnesio.com.br\/wp-content\/uploads\/2026\/03\/cropped-logo_new-1.png","width":881,"height":685,"caption":"Blog do Farn\u00e9sio"},"image":{"@id":"https:\/\/blogdofarnesio.com.br\/#\/schema\/logo\/image\/"},"sameAs":["https:\/\/www.facebook.com\/BlogQuerSaberPolitica\/"]}]}},"_links":{"self":[{"href":"https:\/\/blogdofarnesio.com.br\/index.php?rest_route=\/wp\/v2\/posts\/12596","targetHints":{"allow":["GET"]}}],"collection":[{"href":"https:\/\/blogdofarnesio.com.br\/index.php?rest_route=\/wp\/v2\/posts"}],"about":[{"href":"https:\/\/blogdofarnesio.com.br\/index.php?rest_route=\/wp\/v2\/types\/post"}],"replies":[{"embeddable":true,"href":"https:\/\/blogdofarnesio.com.br\/index.php?rest_route=%2Fwp%2Fv2%2Fcomments&post=12596"}],"version-history":[{"count":0,"href":"https:\/\/blogdofarnesio.com.br\/index.php?rest_route=\/wp\/v2\/posts\/12596\/revisions"}],"wp:attachment":[{"href":"https:\/\/blogdofarnesio.com.br\/index.php?rest_route=%2Fwp%2Fv2%2Fmedia&parent=12596"}],"wp:term":[{"taxonomy":"category","embeddable":true,"href":"https:\/\/blogdofarnesio.com.br\/index.php?rest_route=%2Fwp%2Fv2%2Fcategories&post=12596"},{"taxonomy":"post_tag","embeddable":true,"href":"https:\/\/blogdofarnesio.com.br\/index.php?rest_route=%2Fwp%2Fv2%2Ftags&post=12596"}],"curies":[{"name":"wp","href":"https:\/\/api.w.org\/{rel}","templated":true}]}}