{"id":125763,"date":"2015-06-26T15:00:17","date_gmt":"2015-06-26T18:00:17","guid":{"rendered":"http:\/\/www.quersaberpolitica.com.br\/?p=125763"},"modified":"2015-06-26T12:26:29","modified_gmt":"2015-06-26T15:26:29","slug":"dilma-diz-a-jornal-que-ha-preconceito-sexual-sobre-sua-forma-de-governar","status":"publish","type":"post","link":"https:\/\/blogdofarnesio.com.br\/?p=125763","title":{"rendered":"DILMA DIZ A JORNAL QUE H\u00c1 &#8216;PRECONCEITO SEXUAL&#8217; SOBRE SUA FORMA DE GOVERNAR"},"content":{"rendered":"<div class=\"entry-content\">\n<p><a class=\"fancybox image\" href=\"http:\/\/imagens4.ne10.uol.com.br\/blogsne10\/jamildo\/uploads\/2015\/06\/22062015-_TUK0058-Editar.jpg\"><img loading=\"lazy\" decoding=\"async\" class=\" wp-image-128656 aligncenter\" src=\"http:\/\/imagens4.ne10.uol.com.br\/blogsne10\/jamildo\/uploads\/2015\/06\/22062015-_TUK0058-Editar-580x387.jpg\" alt=\"Roberto Stuckert Filho \/ PR\" width=\"435\" height=\"291\" \/><\/a><\/p>\n<p style=\"text-align: justify\"><em>Folhapress \u2013<\/em> A presidente Dilma Rousseff afirmou, em entrevista ao jornal americano \u201cThe Washington Post\u201d, que h\u00e1 \u201cum pouco de preconceito sexual\u201d na forma como \u00e9 descrita a sua forma de governar.<\/p>\n<p style=\"text-align: justify\">Em resposta a uma afirma\u00e7\u00e3o de que dizem que Dilma \u00e9 uma \u201cmicromanager\u201d -termo em ingl\u00eas que designa um chefe muito controlador-, ela questionou se \u201calguma vez voc\u00ea j\u00e1 ouviu algu\u00e9m dizer que um presidente do sexo masculino coloca o dedo em tudo?\u201d.<\/p>\n<p style=\"text-align: justify\">\u201cEu acredito que h\u00e1 um pouco de preconceito sexual. Sou descrita como uma mulher dura e forte que coloca o nariz em tudo, e eu estou [me dizem] cercada por homens muito bonitos\u201d, completou.<\/p>\n<p style=\"text-align: justify\">Na entrevista, publicada no site do jornal nesta quinta-feira (25), a presidente afirmou ainda que sua baixa taxa de aprova\u00e7\u00e3o -que chegou a 10%, segundo a \u00faltima pesquisa do Datafolha, contra 65% de reprova\u00e7\u00e3o- preocupa, mas que n\u00e3o vai \u201carrancar os cabelos\u201d por isso. \u201cVoc\u00ea tem que viver com as cr\u00edticas e com o preconceito\u201d, disse.<\/p>\n<p style=\"text-align: justify\"><strong>ECONOMIA<\/strong><\/p>\n<p style=\"text-align: justify\">Sobre o ajuste fiscal e os cortes no or\u00e7amento -criticados por alas do PT-, afirmou que as medidas n\u00e3o s\u00e3o do ministro da Fazenda, Joaquim Levy, mas de seu governo. \u201cEstamos absolutamente certos de que \u00e9 essencial colocar em pr\u00e1tica todas as medidas necess\u00e1rias, n\u00e3o importa qu\u00e3o duro eles s\u00e3o, para retomar as condi\u00e7\u00f5es de crescimento\u201d.<\/p>\n<p style=\"text-align: justify\">Questionada pelo \u201cThe Washington Post\u201d se em algum momento no primeiro mandato pensou que o pa\u00eds n\u00e3o ia bem, Dilma respondeu que houve um agravamento da situa\u00e7\u00e3o econ\u00f4mica no final de 2014, bem como uma queda na arrecada\u00e7\u00e3o de receitas do governo.<\/p>\n<\/div>\n<p><!--more--><\/p>\n<p style=\"text-align: justify\">A presidente afirmou que o governo prev\u00ea uma situa\u00e7\u00e3o \u201cmuito melhor\u201d em 2016, e que a partir do ano que vem o Brasil ir\u00e1 crescer a \u201ctaxas normais\u201d, citando proje\u00e7\u00e3o do FMI de altas de 3,5% ao ano no PIB mundial.<\/p>\n<p style=\"text-align: justify\">Sem citar nominalmente o governo do ex-presidente Luiz In\u00e1cio Lula da Silva, Dilma disse que \u201cfomos capazes de colocar 50 milh\u00f5es de pessoas na classe m\u00e9dia\u201d e que espera conseguir reduzir a desigualdade at\u00e9 o final de seu mandato, e afirmou n\u00e3o acreditar que manifestantes tomem as ruas novamente caso o desemprego aumente.<\/p>\n<p style=\"text-align: justify\">\u201c\u00c9 claro que eu me preocupo com isso [aumento do desemprego], estou preocupada com isso desde o primeiro dia. Houve um aumento do desemprego nos \u00faltimos dois meses. Mas antes disso, j\u00e1 t\u00ednhamos criado 5,5 milh\u00f5es de empregos. Queremos um ajuste [fiscal] r\u00e1pido, porque queremos reduzir o efeito do desemprego.\u201d Segundo ela, a taxa atual de desemprego -que em maio foi de 6,7% nas seis regi\u00f5es metropolitanas pesquisadas pelo IBGE- n\u00e3o \u00e9 alta.<\/p>\n<p style=\"text-align: justify\"><strong>POL\u00cdTICA EXTERNA<\/strong><\/p>\n<p style=\"text-align: justify\">Com viagem marcada para os Estados Unidos na pr\u00f3xima semana, onde ir\u00e1 se encontrar com o presidente Barack Obama, Dilma defendeu uma parceria na agenda de mudan\u00e7a clim\u00e1tica entre os dois pa\u00edses e o estreitamento de la\u00e7os em ci\u00eancia, tecnologia e inova\u00e7\u00e3o, al\u00e9m de coopera\u00e7\u00e3o na \u00e1rea da educa\u00e7\u00e3o.<\/p>\n<p style=\"text-align: justify\">Ainda de acordo com a entrevista, Dilma disse estar pronta para fazer um acordo comercial com os Estados Unidos, mas n\u00e3o descartou o Mercosul -\u201cuma grande conquista\u201d- e disse ser importante tem rela\u00e7\u00f5es comerciais com diversos pa\u00edses, citando a China e os EUA.<\/p>\n<p style=\"text-align: justify\">Questionada sobre o relacionamento do Brasil com a \u00c1frica, disse que o pa\u00eds sempre ir\u00e1 desempenhar um papel ativo no continente devido a uma \u201cd\u00edvida social e cultural\u201d com a regi\u00e3o causada pela escravid\u00e3o.<\/p>\n<p style=\"text-align: justify\">\u201cCinquenta e dois por cento da popula\u00e7\u00e3o brasileira se declara de origem negra. N\u00f3s nos vemos como o maior pa\u00eds negro fora da \u00c1frica. As nossas rela\u00e7\u00f5es com a \u00c1frica s\u00e3o, em \u00faltima inst\u00e2ncia sobre a reabilita\u00e7\u00e3o de nossa hist\u00f3ria passada.\u201d<\/p>\n<p style=\"text-align: justify\"><strong>PETROL\u00c3O<\/strong><\/p>\n<p style=\"text-align: justify\">Sobre o esc\u00e2ndalo na Petrobras, a presidente afirmou ao jornal que apoia totalmente as investiga\u00e7\u00f5es e que, enquanto esteve na presid\u00eancia do conselho de administra\u00e7\u00e3o da estatal, n\u00e3o tinha ideia dos atos de corrup\u00e7\u00e3o praticados contra a empresa. \u201cVoc\u00ea n\u00e3o costuma ver a corrup\u00e7\u00e3o acontecendo. Isso \u00e9 t\u00edpico da corrup\u00e7\u00e3o -ela se esconde.\u201d<br \/>\nEla ainda negou que o BNDES (Banco Nacional de Desenvolvimento Econ\u00f4mico e Social) esteja envolvido no esquema.<\/p>\n","protected":false},"excerpt":{"rendered":"<p>Folhapress \u2013 A presidente Dilma Rousseff afirmou, em entrevista ao jornal americano \u201cThe Washington Post\u201d, que h\u00e1 \u201cum pouco de preconceito sexual\u201d na forma como \u00e9 descrita a sua forma de governar. Em resposta a uma afirma\u00e7\u00e3o de que dizem que Dilma \u00e9 uma \u201cmicromanager\u201d -termo em ingl\u00eas que designa um chefe muito controlador-, ela questionou se \u201calguma vez voc\u00ea j\u00e1 ouviu algu\u00e9m dizer que um presidente do sexo masculino coloca o dedo em tudo?\u201d. \u201cEu acredito que h\u00e1 um pouco de preconceito sexual. Sou descrita como uma mulher dura e forte que coloca o nariz em tudo, e eu estou [me dizem] cercada por homens muito bonitos\u201d, completou. Na entrevista, publicada no site do jornal nesta quinta-feira (25), a&hellip; <\/p>\n","protected":false},"author":3,"featured_media":0,"comment_status":"open","ping_status":"open","sticky":false,"template":"","format":"standard","meta":{"_acf_changed":false,"footnotes":""},"categories":[1],"tags":[],"class_list":["post-125763","post","type-post","status-publish","format-standard","hentry","category-politica"],"acf":[],"yoast_head":"<!-- This site is optimized with the Yoast SEO plugin v27.4 - https:\/\/yoast.com\/product\/yoast-seo-wordpress\/ -->\n<title>DILMA DIZ A JORNAL QUE H\u00c1 &#039;PRECONCEITO SEXUAL&#039; SOBRE SUA FORMA DE GOVERNAR - Blog do Farn\u00e9sio<\/title>\n<meta name=\"robots\" content=\"index, follow, max-snippet:-1, max-image-preview:large, max-video-preview:-1\" \/>\n<link rel=\"canonical\" href=\"https:\/\/blogdofarnesio.com.br\/?p=125763\" \/>\n<meta property=\"og:locale\" content=\"pt_BR\" \/>\n<meta property=\"og:type\" content=\"article\" \/>\n<meta property=\"og:title\" content=\"DILMA DIZ A JORNAL QUE H\u00c1 &#039;PRECONCEITO SEXUAL&#039; SOBRE SUA FORMA DE GOVERNAR - Blog do Farn\u00e9sio\" \/>\n<meta property=\"og:description\" content=\"Folhapress \u2013 A presidente Dilma Rousseff afirmou, em entrevista ao jornal americano \u201cThe Washington Post\u201d, que h\u00e1 \u201cum pouco de preconceito sexual\u201d na forma como \u00e9 descrita a sua forma de governar. Em resposta a uma afirma\u00e7\u00e3o de que dizem que Dilma \u00e9 uma \u201cmicromanager\u201d -termo em ingl\u00eas que designa um chefe muito controlador-, ela questionou se \u201calguma vez voc\u00ea j\u00e1 ouviu algu\u00e9m dizer que um presidente do sexo masculino coloca o dedo em tudo?\u201d. \u201cEu acredito que h\u00e1 um pouco de preconceito sexual. Sou descrita como uma mulher dura e forte que coloca o nariz em tudo, e eu estou [me dizem] cercada por homens muito bonitos\u201d, completou. Na entrevista, publicada no site do jornal nesta quinta-feira (25), a&hellip;\" \/>\n<meta property=\"og:url\" content=\"https:\/\/blogdofarnesio.com.br\/?p=125763\" \/>\n<meta property=\"og:site_name\" content=\"Blog do Farn\u00e9sio\" \/>\n<meta property=\"article:publisher\" content=\"https:\/\/www.facebook.com\/BlogQuerSaberPolitica\/\" \/>\n<meta property=\"article:published_time\" content=\"2015-06-26T18:00:17+00:00\" \/>\n<meta property=\"og:image\" content=\"http:\/\/imagens4.ne10.uol.com.br\/blogsne10\/jamildo\/uploads\/2015\/06\/22062015-_TUK0058-Editar-580x387.jpg\" \/>\n<meta name=\"author\" content=\"teste\" \/>\n<meta name=\"twitter:card\" content=\"summary_large_image\" \/>\n<meta name=\"twitter:label1\" content=\"Escrito por\" \/>\n\t<meta name=\"twitter:data1\" content=\"teste\" \/>\n\t<meta name=\"twitter:label2\" content=\"Est. tempo de leitura\" \/>\n\t<meta name=\"twitter:data2\" content=\"4 minutos\" \/>\n<script type=\"application\/ld+json\" class=\"yoast-schema-graph\">{\"@context\":\"https:\\\/\\\/schema.org\",\"@graph\":[{\"@type\":\"Article\",\"@id\":\"https:\\\/\\\/blogdofarnesio.com.br\\\/?p=125763#article\",\"isPartOf\":{\"@id\":\"https:\\\/\\\/blogdofarnesio.com.br\\\/?p=125763\"},\"author\":{\"name\":\"teste\",\"@id\":\"https:\\\/\\\/blogdofarnesio.com.br\\\/#\\\/schema\\\/person\\\/dd1bf5eba40b687199ba45ca6b97dff9\"},\"headline\":\"DILMA DIZ A JORNAL QUE H\u00c1 &#8216;PRECONCEITO SEXUAL&#8217; SOBRE SUA FORMA DE GOVERNAR\",\"datePublished\":\"2015-06-26T18:00:17+00:00\",\"mainEntityOfPage\":{\"@id\":\"https:\\\/\\\/blogdofarnesio.com.br\\\/?p=125763\"},\"wordCount\":740,\"commentCount\":0,\"publisher\":{\"@id\":\"https:\\\/\\\/blogdofarnesio.com.br\\\/#organization\"},\"image\":{\"@id\":\"https:\\\/\\\/blogdofarnesio.com.br\\\/?p=125763#primaryimage\"},\"thumbnailUrl\":\"http:\\\/\\\/imagens4.ne10.uol.com.br\\\/blogsne10\\\/jamildo\\\/uploads\\\/2015\\\/06\\\/22062015-_TUK0058-Editar-580x387.jpg\",\"articleSection\":[\"Pol\u00edtica\"],\"inLanguage\":\"pt-BR\",\"potentialAction\":[{\"@type\":\"CommentAction\",\"name\":\"Comment\",\"target\":[\"https:\\\/\\\/blogdofarnesio.com.br\\\/?p=125763#respond\"]}]},{\"@type\":\"WebPage\",\"@id\":\"https:\\\/\\\/blogdofarnesio.com.br\\\/?p=125763\",\"url\":\"https:\\\/\\\/blogdofarnesio.com.br\\\/?p=125763\",\"name\":\"DILMA DIZ A JORNAL QUE H\u00c1 'PRECONCEITO SEXUAL' SOBRE SUA FORMA DE GOVERNAR - Blog do Farn\u00e9sio\",\"isPartOf\":{\"@id\":\"https:\\\/\\\/blogdofarnesio.com.br\\\/#website\"},\"primaryImageOfPage\":{\"@id\":\"https:\\\/\\\/blogdofarnesio.com.br\\\/?p=125763#primaryimage\"},\"image\":{\"@id\":\"https:\\\/\\\/blogdofarnesio.com.br\\\/?p=125763#primaryimage\"},\"thumbnailUrl\":\"http:\\\/\\\/imagens4.ne10.uol.com.br\\\/blogsne10\\\/jamildo\\\/uploads\\\/2015\\\/06\\\/22062015-_TUK0058-Editar-580x387.jpg\",\"datePublished\":\"2015-06-26T18:00:17+00:00\",\"breadcrumb\":{\"@id\":\"https:\\\/\\\/blogdofarnesio.com.br\\\/?p=125763#breadcrumb\"},\"inLanguage\":\"pt-BR\",\"potentialAction\":[{\"@type\":\"ReadAction\",\"target\":[\"https:\\\/\\\/blogdofarnesio.com.br\\\/?p=125763\"]}]},{\"@type\":\"ImageObject\",\"inLanguage\":\"pt-BR\",\"@id\":\"https:\\\/\\\/blogdofarnesio.com.br\\\/?p=125763#primaryimage\",\"url\":\"http:\\\/\\\/imagens4.ne10.uol.com.br\\\/blogsne10\\\/jamildo\\\/uploads\\\/2015\\\/06\\\/22062015-_TUK0058-Editar-580x387.jpg\",\"contentUrl\":\"http:\\\/\\\/imagens4.ne10.uol.com.br\\\/blogsne10\\\/jamildo\\\/uploads\\\/2015\\\/06\\\/22062015-_TUK0058-Editar-580x387.jpg\"},{\"@type\":\"BreadcrumbList\",\"@id\":\"https:\\\/\\\/blogdofarnesio.com.br\\\/?p=125763#breadcrumb\",\"itemListElement\":[{\"@type\":\"ListItem\",\"position\":1,\"name\":\"In\u00edcio\",\"item\":\"https:\\\/\\\/blogdofarnesio.com.br\\\/\"},{\"@type\":\"ListItem\",\"position\":2,\"name\":\"DILMA DIZ A JORNAL QUE H\u00c1 &#8216;PRECONCEITO SEXUAL&#8217; SOBRE SUA FORMA DE GOVERNAR\"}]},{\"@type\":\"WebSite\",\"@id\":\"https:\\\/\\\/blogdofarnesio.com.br\\\/#website\",\"url\":\"https:\\\/\\\/blogdofarnesio.com.br\\\/\",\"name\":\"Blog do Farn\u00e9sio\",\"description\":\"Quer Saber Pol\u00edtica?\",\"publisher\":{\"@id\":\"https:\\\/\\\/blogdofarnesio.com.br\\\/#organization\"},\"potentialAction\":[{\"@type\":\"SearchAction\",\"target\":{\"@type\":\"EntryPoint\",\"urlTemplate\":\"https:\\\/\\\/blogdofarnesio.com.br\\\/?s={search_term_string}\"},\"query-input\":{\"@type\":\"PropertyValueSpecification\",\"valueRequired\":true,\"valueName\":\"search_term_string\"}}],\"inLanguage\":\"pt-BR\"},{\"@type\":\"Organization\",\"@id\":\"https:\\\/\\\/blogdofarnesio.com.br\\\/#organization\",\"name\":\"Blog do Farn\u00e9sio\",\"url\":\"https:\\\/\\\/blogdofarnesio.com.br\\\/\",\"logo\":{\"@type\":\"ImageObject\",\"inLanguage\":\"pt-BR\",\"@id\":\"https:\\\/\\\/blogdofarnesio.com.br\\\/#\\\/schema\\\/logo\\\/image\\\/\",\"url\":\"https:\\\/\\\/blogdofarnesio.com.br\\\/wp-content\\\/uploads\\\/2026\\\/03\\\/cropped-logo_new-1.png\",\"contentUrl\":\"https:\\\/\\\/blogdofarnesio.com.br\\\/wp-content\\\/uploads\\\/2026\\\/03\\\/cropped-logo_new-1.png\",\"width\":881,\"height\":685,\"caption\":\"Blog do Farn\u00e9sio\"},\"image\":{\"@id\":\"https:\\\/\\\/blogdofarnesio.com.br\\\/#\\\/schema\\\/logo\\\/image\\\/\"},\"sameAs\":[\"https:\\\/\\\/www.facebook.com\\\/BlogQuerSaberPolitica\\\/\"]},{\"@type\":\"Person\",\"@id\":\"https:\\\/\\\/blogdofarnesio.com.br\\\/#\\\/schema\\\/person\\\/dd1bf5eba40b687199ba45ca6b97dff9\",\"name\":\"teste\",\"image\":{\"@type\":\"ImageObject\",\"inLanguage\":\"pt-BR\",\"@id\":\"https:\\\/\\\/secure.gravatar.com\\\/avatar\\\/2172498d4914b51e1d89a0f97957b035ac4938723a5cac208135d389b6972a6d?s=96&d=mm&r=g\",\"url\":\"https:\\\/\\\/secure.gravatar.com\\\/avatar\\\/2172498d4914b51e1d89a0f97957b035ac4938723a5cac208135d389b6972a6d?s=96&d=mm&r=g\",\"contentUrl\":\"https:\\\/\\\/secure.gravatar.com\\\/avatar\\\/2172498d4914b51e1d89a0f97957b035ac4938723a5cac208135d389b6972a6d?s=96&d=mm&r=g\",\"caption\":\"teste\"},\"url\":\"https:\\\/\\\/blogdofarnesio.com.br\\\/?author=3\"}]}<\/script>\n<!-- \/ Yoast SEO plugin. -->","yoast_head_json":{"title":"DILMA DIZ A JORNAL QUE H\u00c1 'PRECONCEITO SEXUAL' SOBRE SUA FORMA DE GOVERNAR - Blog do Farn\u00e9sio","robots":{"index":"index","follow":"follow","max-snippet":"max-snippet:-1","max-image-preview":"max-image-preview:large","max-video-preview":"max-video-preview:-1"},"canonical":"https:\/\/blogdofarnesio.com.br\/?p=125763","og_locale":"pt_BR","og_type":"article","og_title":"DILMA DIZ A JORNAL QUE H\u00c1 'PRECONCEITO SEXUAL' SOBRE SUA FORMA DE GOVERNAR - Blog do Farn\u00e9sio","og_description":"Folhapress \u2013 A presidente Dilma Rousseff afirmou, em entrevista ao jornal americano \u201cThe Washington Post\u201d, que h\u00e1 \u201cum pouco de preconceito sexual\u201d na forma como \u00e9 descrita a sua forma de governar. Em resposta a uma afirma\u00e7\u00e3o de que dizem que Dilma \u00e9 uma \u201cmicromanager\u201d -termo em ingl\u00eas que designa um chefe muito controlador-, ela questionou se \u201calguma vez voc\u00ea j\u00e1 ouviu algu\u00e9m dizer que um presidente do sexo masculino coloca o dedo em tudo?\u201d. \u201cEu acredito que h\u00e1 um pouco de preconceito sexual. Sou descrita como uma mulher dura e forte que coloca o nariz em tudo, e eu estou [me dizem] cercada por homens muito bonitos\u201d, completou. Na entrevista, publicada no site do jornal nesta quinta-feira (25), a&hellip;","og_url":"https:\/\/blogdofarnesio.com.br\/?p=125763","og_site_name":"Blog do Farn\u00e9sio","article_publisher":"https:\/\/www.facebook.com\/BlogQuerSaberPolitica\/","article_published_time":"2015-06-26T18:00:17+00:00","og_image":[{"url":"http:\/\/imagens4.ne10.uol.com.br\/blogsne10\/jamildo\/uploads\/2015\/06\/22062015-_TUK0058-Editar-580x387.jpg","type":"","width":"","height":""}],"author":"teste","twitter_card":"summary_large_image","twitter_misc":{"Escrito por":"teste","Est. tempo de leitura":"4 minutos"},"schema":{"@context":"https:\/\/schema.org","@graph":[{"@type":"Article","@id":"https:\/\/blogdofarnesio.com.br\/?p=125763#article","isPartOf":{"@id":"https:\/\/blogdofarnesio.com.br\/?p=125763"},"author":{"name":"teste","@id":"https:\/\/blogdofarnesio.com.br\/#\/schema\/person\/dd1bf5eba40b687199ba45ca6b97dff9"},"headline":"DILMA DIZ A JORNAL QUE H\u00c1 &#8216;PRECONCEITO SEXUAL&#8217; SOBRE SUA FORMA DE GOVERNAR","datePublished":"2015-06-26T18:00:17+00:00","mainEntityOfPage":{"@id":"https:\/\/blogdofarnesio.com.br\/?p=125763"},"wordCount":740,"commentCount":0,"publisher":{"@id":"https:\/\/blogdofarnesio.com.br\/#organization"},"image":{"@id":"https:\/\/blogdofarnesio.com.br\/?p=125763#primaryimage"},"thumbnailUrl":"http:\/\/imagens4.ne10.uol.com.br\/blogsne10\/jamildo\/uploads\/2015\/06\/22062015-_TUK0058-Editar-580x387.jpg","articleSection":["Pol\u00edtica"],"inLanguage":"pt-BR","potentialAction":[{"@type":"CommentAction","name":"Comment","target":["https:\/\/blogdofarnesio.com.br\/?p=125763#respond"]}]},{"@type":"WebPage","@id":"https:\/\/blogdofarnesio.com.br\/?p=125763","url":"https:\/\/blogdofarnesio.com.br\/?p=125763","name":"DILMA DIZ A JORNAL QUE H\u00c1 'PRECONCEITO SEXUAL' SOBRE SUA FORMA DE GOVERNAR - Blog do Farn\u00e9sio","isPartOf":{"@id":"https:\/\/blogdofarnesio.com.br\/#website"},"primaryImageOfPage":{"@id":"https:\/\/blogdofarnesio.com.br\/?p=125763#primaryimage"},"image":{"@id":"https:\/\/blogdofarnesio.com.br\/?p=125763#primaryimage"},"thumbnailUrl":"http:\/\/imagens4.ne10.uol.com.br\/blogsne10\/jamildo\/uploads\/2015\/06\/22062015-_TUK0058-Editar-580x387.jpg","datePublished":"2015-06-26T18:00:17+00:00","breadcrumb":{"@id":"https:\/\/blogdofarnesio.com.br\/?p=125763#breadcrumb"},"inLanguage":"pt-BR","potentialAction":[{"@type":"ReadAction","target":["https:\/\/blogdofarnesio.com.br\/?p=125763"]}]},{"@type":"ImageObject","inLanguage":"pt-BR","@id":"https:\/\/blogdofarnesio.com.br\/?p=125763#primaryimage","url":"http:\/\/imagens4.ne10.uol.com.br\/blogsne10\/jamildo\/uploads\/2015\/06\/22062015-_TUK0058-Editar-580x387.jpg","contentUrl":"http:\/\/imagens4.ne10.uol.com.br\/blogsne10\/jamildo\/uploads\/2015\/06\/22062015-_TUK0058-Editar-580x387.jpg"},{"@type":"BreadcrumbList","@id":"https:\/\/blogdofarnesio.com.br\/?p=125763#breadcrumb","itemListElement":[{"@type":"ListItem","position":1,"name":"In\u00edcio","item":"https:\/\/blogdofarnesio.com.br\/"},{"@type":"ListItem","position":2,"name":"DILMA DIZ A JORNAL QUE H\u00c1 &#8216;PRECONCEITO SEXUAL&#8217; SOBRE SUA FORMA DE GOVERNAR"}]},{"@type":"WebSite","@id":"https:\/\/blogdofarnesio.com.br\/#website","url":"https:\/\/blogdofarnesio.com.br\/","name":"Blog do Farn\u00e9sio","description":"Quer Saber Pol\u00edtica?","publisher":{"@id":"https:\/\/blogdofarnesio.com.br\/#organization"},"potentialAction":[{"@type":"SearchAction","target":{"@type":"EntryPoint","urlTemplate":"https:\/\/blogdofarnesio.com.br\/?s={search_term_string}"},"query-input":{"@type":"PropertyValueSpecification","valueRequired":true,"valueName":"search_term_string"}}],"inLanguage":"pt-BR"},{"@type":"Organization","@id":"https:\/\/blogdofarnesio.com.br\/#organization","name":"Blog do Farn\u00e9sio","url":"https:\/\/blogdofarnesio.com.br\/","logo":{"@type":"ImageObject","inLanguage":"pt-BR","@id":"https:\/\/blogdofarnesio.com.br\/#\/schema\/logo\/image\/","url":"https:\/\/blogdofarnesio.com.br\/wp-content\/uploads\/2026\/03\/cropped-logo_new-1.png","contentUrl":"https:\/\/blogdofarnesio.com.br\/wp-content\/uploads\/2026\/03\/cropped-logo_new-1.png","width":881,"height":685,"caption":"Blog do Farn\u00e9sio"},"image":{"@id":"https:\/\/blogdofarnesio.com.br\/#\/schema\/logo\/image\/"},"sameAs":["https:\/\/www.facebook.com\/BlogQuerSaberPolitica\/"]},{"@type":"Person","@id":"https:\/\/blogdofarnesio.com.br\/#\/schema\/person\/dd1bf5eba40b687199ba45ca6b97dff9","name":"teste","image":{"@type":"ImageObject","inLanguage":"pt-BR","@id":"https:\/\/secure.gravatar.com\/avatar\/2172498d4914b51e1d89a0f97957b035ac4938723a5cac208135d389b6972a6d?s=96&d=mm&r=g","url":"https:\/\/secure.gravatar.com\/avatar\/2172498d4914b51e1d89a0f97957b035ac4938723a5cac208135d389b6972a6d?s=96&d=mm&r=g","contentUrl":"https:\/\/secure.gravatar.com\/avatar\/2172498d4914b51e1d89a0f97957b035ac4938723a5cac208135d389b6972a6d?s=96&d=mm&r=g","caption":"teste"},"url":"https:\/\/blogdofarnesio.com.br\/?author=3"}]}},"_links":{"self":[{"href":"https:\/\/blogdofarnesio.com.br\/index.php?rest_route=\/wp\/v2\/posts\/125763","targetHints":{"allow":["GET"]}}],"collection":[{"href":"https:\/\/blogdofarnesio.com.br\/index.php?rest_route=\/wp\/v2\/posts"}],"about":[{"href":"https:\/\/blogdofarnesio.com.br\/index.php?rest_route=\/wp\/v2\/types\/post"}],"author":[{"embeddable":true,"href":"https:\/\/blogdofarnesio.com.br\/index.php?rest_route=\/wp\/v2\/users\/3"}],"replies":[{"embeddable":true,"href":"https:\/\/blogdofarnesio.com.br\/index.php?rest_route=%2Fwp%2Fv2%2Fcomments&post=125763"}],"version-history":[{"count":0,"href":"https:\/\/blogdofarnesio.com.br\/index.php?rest_route=\/wp\/v2\/posts\/125763\/revisions"}],"wp:attachment":[{"href":"https:\/\/blogdofarnesio.com.br\/index.php?rest_route=%2Fwp%2Fv2%2Fmedia&parent=125763"}],"wp:term":[{"taxonomy":"category","embeddable":true,"href":"https:\/\/blogdofarnesio.com.br\/index.php?rest_route=%2Fwp%2Fv2%2Fcategories&post=125763"},{"taxonomy":"post_tag","embeddable":true,"href":"https:\/\/blogdofarnesio.com.br\/index.php?rest_route=%2Fwp%2Fv2%2Ftags&post=125763"}],"curies":[{"name":"wp","href":"https:\/\/api.w.org\/{rel}","templated":true}]}}