{"id":125669,"date":"2015-07-01T08:03:20","date_gmt":"2015-07-01T11:03:20","guid":{"rendered":"http:\/\/www.quersaberpolitica.com.br\/?p=125669"},"modified":"2015-06-30T20:03:29","modified_gmt":"2015-06-30T23:03:29","slug":"guerra-quimica-na-bahia","status":"publish","type":"post","link":"https:\/\/blogdofarnesio.com.br\/?p=125669","title":{"rendered":"GUERRA QU\u00cdMICA NA BAHIA"},"content":{"rendered":"<p style=\"text-align: justify\"><a href=\"http:\/\/www.quersaberpolitica.com.br\/2016\/wp-content\/uploads\/2014\/05\/Deputado-Marcelino-Galo.jpg\"><img loading=\"lazy\" decoding=\"async\" class=\" size-full wp-image-84627 alignleft\" src=\"http:\/\/www.quersaberpolitica.com.br\/2016\/wp-content\/uploads\/2014\/05\/Deputado-Marcelino-Galo.jpg\" alt=\"Deputado Marcelino Galo\" width=\"275\" height=\"183\" \/><\/a>Quando voc\u00ea ouvir falar de armas qu\u00edmicas, lembre-se de seu almo\u00e7o. Rememore o seu prato. Evoque em sua mem\u00f3ria as \u00faltimas refei\u00e7\u00f5es em fam\u00edlia.<\/p>\n<p style=\"text-align: justify\">Uma guerra qu\u00edmica de ra\u00edzes econ\u00f4micas acontece todos os dias, silenciosamente, na mesa de todos os brasileiros. E o pior. Isso n\u00e3o \u00e9 uma met\u00e1fora.<\/p>\n<p style=\"text-align: justify\">Dos 50 agrot\u00f3xicos mais utilizados nas lavouras de nosso pa\u00eds, 22 s\u00e3o proibidos na Uni\u00e3o Europeia. Os europeus n\u00e3o topam comer isso, mas aceitam nos vender. Outras dezenas destes produtos n\u00e3o est\u00e3o proibidos ainda, embora j\u00e1 se tenha in\u00fameros estudos que associam o seu uso \u00e0s doen\u00e7as, malforma\u00e7\u00f5es e muta\u00e7\u00f5es gen\u00e9ticas.<\/p>\n<p style=\"text-align: justify\">O Brasil \u00e9 o campe\u00e3o mundial em consumo de agrot\u00f3xicos, maior importador e contrabandeador desses produtos.<\/p>\n<p style=\"text-align: justify\">Podemos constatar historicamente que a ind\u00fastria qu\u00edmica avan\u00e7a em tempo de guerra. Todavia, ela precisa vender em tempos de paz as subst\u00e2ncias que descobriu na guerra. O DDT era usado para \u201cproteger\u201d os soldados contra piolhos e o tifo. Na guerra descobriram o Aldrin, Dieldrin, Heptacloro, Totaneno e outros organoclorados, como o DDT. Na paz, esses produtos iam para os pratos.<\/p>\n<p style=\"text-align: justify\"><!--more--><\/p>\n<p style=\"text-align: justify\">E assim, foi do matrim\u00f4nio polig\u00e2mico entre a ind\u00fastria qu\u00edmica, a guerra, e a agricultura p\u00f3s guerra, que os agrot\u00f3xicos se transformaram numa cat\u00e1strofe sanit\u00e1ria brutal, sob o manto protetor do Estado brasileiro, e do mutismo da humanidade.<\/p>\n<p style=\"text-align: justify\">A jun\u00e7\u00e3o dos interesses da grande ind\u00fastria qu\u00edmica, aliada ao agroneg\u00f3cio, desencadeia no atual sistema pol\u00edtico a forma\u00e7\u00e3o de poderosa bancada disposta a \u201cbarrar\u201d qualquer iniciativa de regulamentar o uso dos agrot\u00f3xicos. Mais do que isso, com tantos parlamentares \u00e0 sua disposi\u00e7\u00e3o, essa dupla avan\u00e7a, beneficiada por sua superioridade econ\u00f4mica, midi\u00e1tica e pol\u00edtica.<\/p>\n<p style=\"text-align: justify\">A sa\u00fade p\u00fablica e o meio ambiente, entretanto, funcionam independentemente das bancadas e suas investidas.<\/p>\n<p style=\"text-align: justify\">Assim, no final caber\u00e1 a voc\u00ea, que foi envenenado, arcar junto com o Sistema \u00danico de Sa\u00fade, o tratamento de doen\u00e7as como a infertilidade, impot\u00eancia, abortos, malforma\u00e7\u00f5es, problemas hormonais, efeitos sob o sistema imunol\u00f3gico, c\u00e2ncer e demais males associados aos agrot\u00f3xicos.<\/p>\n<p style=\"text-align: justify\">E qual o \u00f4nus que essas multinacionais v\u00e3o carregar pelo custo \u00e0 sa\u00fade e ao meio ambiente?<\/p>\n<p style=\"text-align: justify\">Nenhum, ao contr\u00e1rio, o Brasil premia os agrot\u00f3xicos com isen\u00e7\u00f5es fiscais e tribut\u00e1rias. 60% da al\u00edquota de ICMS a todos agrot\u00f3xicos, isen\u00e7\u00e3o de IPI para os agrot\u00f3xicos com diversos princ\u00edpios ativos, assim como o PIS\/PASEB e COFINS.<\/p>\n<p style=\"text-align: justify\">Ao mesmo tempo, nos \u00faltimos 10 anos o mercado mundial de agrot\u00f3xicos cresceu 93%, enquanto o mercado brasileiro, em sua Blitzkrieg, avan\u00e7ou 190%.<\/p>\n<p style=\"text-align: justify\">Por for\u00e7a dos princ\u00edpios da Precau\u00e7\u00e3o e Preven\u00e7\u00e3o, os entes da Federa\u00e7\u00e3o, as institui\u00e7\u00f5es p\u00fablicas, e o Poder Legislativo precisam dar respostas a esta invers\u00e3o de responsabilidades, fazendo com que o poluidor seja o pagador, como determina a lei. E assegurando a regulamenta\u00e7\u00e3o da produ\u00e7\u00e3o, comercializa\u00e7\u00e3o e uso dos agrot\u00f3xicos de forma a proteger a supremacia do interesse p\u00fablico sobre o interesse privado. Defender a vida.<\/p>\n<p style=\"text-align: justify\">Neste cen\u00e1rio \u00e9 que o Estado da Bahia vive uma disputa no legislativo estadual entre os que lutam para regularizar o uso e o com\u00e9rcio de agrot\u00f3xicos e uma bancada disposta a \u201cbarrar\u201d a regulariza\u00e7\u00e3o.<\/p>\n<p style=\"text-align: justify\">Os n\u00fameros do Programa de An\u00e1lise de Res\u00edduos de\u00a0<em>Agrot\u00f3xicos<\/em>\u00a0em Alimentos (PARA\/ANVISA &#8211; 2002) mostram como as baianas e os baianos est\u00e3o se envenenando. 60% dos morangos analisados, 60% dos pepinos, 50% das cenouras, 60% das uvas e 40% dos abacaxis em amostras colhidas no Estado da Bahia continham n\u00edveis inaceit\u00e1veis de agrot\u00f3xicos. De 138 amostras, 30,4% continham n\u00edveis de agrot\u00f3xicos classificados como \u201cinsatisfat\u00f3rios\u201d. As demais amostras continham res\u00edduos de agrot\u00f3xicos, mas em menor quantidade.<\/p>\n<p style=\"text-align: justify\">Entretanto, esses testes n\u00e3o incluem diversas subst\u00e2ncias como o glifosato e o paraquat. Al\u00e9m disso, o n\u00famero de an\u00e1lises de alimentos feitas nas cidades baianas \u00e9 irris\u00f3rio, frente ao\u00a0 n\u00famero de propriedades rurais no Estado e do volume de com\u00e9rcio desses produtos. Entre as subst\u00e2ncias encontradas nesses vegetais est\u00e3o algumas particularmente perigosas e proibidas, como o Triclorfom, banido em diversos pa\u00edses, como a Alemanha e a Austr\u00e1lia, e no Brasil, com laudo t\u00e9cnico do IBAMA e Anvisa proibindo seu uso.<\/p>\n<p style=\"text-align: justify\">O problema \u00e9 agravado com a pulveriza\u00e7\u00e3o a\u00e9rea, pr\u00e1tica que a Comunidade Europeia proibiu, abrindo exce\u00e7\u00f5es em casos espec\u00edficos em que ela se mostre ambientalmente menos danosa e, ainda assim, sob uma s\u00e9rie de garantias e aprova\u00e7\u00e3o do Estado membro. Estima-se que somente 30% dos agrot\u00f3xicos pulverizados atingem as plantas almejadas. O restante \u00e9 carregado pelo vento, contaminando o ar, solo, a fauna, mananciais de \u00e1gua e a popula\u00e7\u00e3o rural e urbana.<\/p>\n<p style=\"text-align: justify\"><strong>TENTATIVA DE REGULAMENTA\u00c7\u00c3O E FORMA\u00c7\u00c3O DA \u201cBANCADA DO AGROT\u00d3XICO\u201d<\/strong><\/p>\n<p style=\"text-align: justify\">Para enfrentar a quest\u00e3o propus tr\u00eas Projetos de Lei na Assembleia Legislativa da Bahia.<\/p>\n<p style=\"text-align: justify\">O Projeto de Lei 21.317\/2015 obriga a indica\u00e7\u00e3o expressa do uso de agrot\u00f3xicos nos produtos alimentares produzidos e comercializados no Estado da Bahia, o PL 21.314\/2015 pro\u00edbe a pulveriza\u00e7\u00e3o de agrot\u00f3xico realizada por meio de aeronaves, e o PL 21.273\/2015, que pro\u00edbe o uso e comercializa\u00e7\u00e3o de agrot\u00f3xicos que contenham alguns princ\u00edpios ativos, entre eles o glifosato, uma subst\u00e2ncia largamente difundida e perigosa, fonte de doen\u00e7as para a popula\u00e7\u00e3o, graves danos ao meio ambiente e fortuna para a multinacional Monsanto.<\/p>\n<p style=\"text-align: justify\">Pouco tempo ap\u00f3s a apresenta\u00e7\u00e3o desses projetos, fui surpreendido com\u00a0 declara\u00e7\u00f5es de alguns deputados baianos, fornecidas \u00e0 imprensa, de que iriam \u201cbarrar\u201d essas iniciativas. As declara\u00e7\u00f5es foram dadas ao portal G1 Bahia (3\/06\/2015), como garantia dos deputados aos grandes produtores rurais, durante a 11\u00aa edi\u00e7\u00e3o da Bahia Farm Show, a maior feira de agroneg\u00f3cios do estado, no munic\u00edpio de Luiz Eduardo Magalh\u00e3es.<\/p>\n<p style=\"text-align: justify\">Para se ter uma ideia, somente neste evento era prevista uma movimenta\u00e7\u00e3o de aproximadamente um bilh\u00e3o de reais em neg\u00f3cios. N\u00e3o havia melhor cen\u00e1rio para se criar a bancada do agrot\u00f3xico, e impedir o avan\u00e7o desses projetos no parlamento baiano.<\/p>\n<p style=\"text-align: justify\">Respeito o posicionamento de todos os parlamentares, mas esta n\u00e3o \u00e9 uma quest\u00e3o que se pode \u201cbarrar\u201d sem profundos debates com a comunidade cient\u00edfica, com m\u00e9dicos, bi\u00f3logos, agr\u00f4nomos, pesquisadores.\u00a0 Esses \u00e9 um debate que precisa ser colocado \u00e0 luz da ci\u00eancia, sob a lamparina dos laudos, e exposto e debatido com a sociedade baiana.<\/p>\n<p style=\"text-align: justify\">A Frente Parlamentar Ambientalista da Bahia, a qual eu coordeno, tem realizado in\u00fameras atividades em seus quatro Grupos de Trabalho (GT\u00b4s). Da mesma forma, a Comiss\u00e3o de Direitos Humanos e Seguran\u00e7a P\u00fablica, na qual sou presidente. Temos reunido diversas \u00f3rg\u00e3o p\u00fablicos e institui\u00e7\u00f5es de Estado, juntamente com pesquisadores de todo o Brasil, entidades da sociedade civil e grupos ambientalistas para discutir o impacto dos agrot\u00f3xicos, buscando transformar as informa\u00e7\u00f5es e sugest\u00f5es colhidas em proposi\u00e7\u00f5es legislativas e outras a\u00e7\u00f5es de acompanhamento e fiscaliza\u00e7\u00e3o da execu\u00e7\u00e3o das pol\u00edticas p\u00fablicas do setor.<\/p>\n<p style=\"text-align: justify\">Em todas essas audi\u00eancias p\u00fablicas a necessidade de regulamenta\u00e7\u00e3o restritiva dos agrot\u00f3xicos \u00e9 um ponto consensual entre os participantes. Os cientistas s\u00e3o enf\u00e1ticos. Os m\u00e9dicos s\u00e3o expl\u00edcitos.<\/p>\n<p style=\"text-align: justify\">Recentemente, o Instituto Nacional de C\u00e2ncer Jos\u00e9 Alencar Gomes da Silva (INCA), \u00f3rg\u00e3o do Minist\u00e9rio da Sa\u00fade, ao tempo em que advertia para aos graves danos causados \u00e0 sa\u00fade da popula\u00e7\u00e3o, posicionou-se nesses termos com rela\u00e7\u00e3o ao uso de agrot\u00f3xicos:<\/p>\n<p style=\"text-align: justify\">\u201cConsiderando o atual cen\u00e1rio brasileiro, os estudos cient\u00edficos desenvolvidos at\u00e9 o presente momento e os marcos pol\u00edticos existentes para o enfrentamento do uso dos agrot\u00f3xicos, o Instituto Nacional de C\u00e2ncer Jos\u00e9 Alencar Gomes da Silva (INCA) recomenda o uso do Princ\u00edpio da Precau\u00e7\u00e3o e o estabelecimento de a\u00e7\u00f5es que visem \u00e0 redu\u00e7\u00e3o progressiva e sustentada do uso de agrot\u00f3xicos, como previsto no Programa Nacional para Redu\u00e7\u00e3o do uso de Agrot\u00f3xicos (Pronara). Em substitui\u00e7\u00e3o ao modelo dominante, o INCA apoia a produ\u00e7\u00e3o de base agroecol\u00f3gica em acordo com a Pol\u00edtica Nacional de Agroecologia e Produ\u00e7\u00e3o Org\u00e2nica. Este modelo otimiza a integra\u00e7\u00e3o entre capacidade produtiva, uso e conserva\u00e7\u00e3o da biodiversidade e dos demais recursos naturais essenciais \u00e0 vida. Al\u00e9m de ser uma alternativa para a produ\u00e7\u00e3o de alimentos livres de agrot\u00f3xicos, tem como base o equil\u00edbrio ecol\u00f3gico, a efici\u00eancia econ\u00f4mica e a justi\u00e7a social, fortalecendo agricultores e protegendo o meio ambiente e a sociedade\u201d<\/p>\n<p style=\"text-align: justify\">Cerca de 20% dos pesticidas fabricados no mundo s\u00e3o despejados em nosso pa\u00eds. Um bilh\u00e3o de litros ao ano. Um consumo per capita de 5,2 litros de agrot\u00f3xico\/ano.<\/p>\n<p style=\"text-align: justify\">O consumo abusivo de agrot\u00f3xicos representa um dos maiores desastres ambientais deste s\u00e9culo.<\/p>\n<p style=\"text-align: justify\">O ENFRAQUECIMENTO DA ANVISA E DO IBAMA NA REGULA\u00c7\u00c3O DOS AGROT\u00d3XICOS: O CASO DAS \u201cEMERG\u00caNCIAS FITOSSANIT\u00c1RIAS\u201d<\/p>\n<p style=\"text-align: justify\">A Associa\u00e7\u00e3o Brasileira de Sa\u00fade Coletiva \u2013 ABRASCO, juntamente com a Funda\u00e7\u00e3o Oswaldo Cruz e a Escola Polit\u00e9cnica de Sa\u00fade Joaquim Ven\u00e2ncio produziram uma das mais completas e veementes publica\u00e7\u00f5es sobre esse tema. No livro <em>\u201cDossi\u00ea ABRASCO \u2013 um alerta sobre os impactos dos agrot\u00f3xicos na sa\u00fade\u201d,<\/em> a Bahia se destaca negativamente, como um exemplo de como as mudan\u00e7as na legisla\u00e7\u00e3o, patrocinada pela bancada ruralista,\u00a0 enfraquece o papel da Ag\u00eancia Nacional de Vigil\u00e2ncia Sanit\u00e1ria (Anvisa) e do \u00a0Instituto Brasileiro do Meio Ambiente e dos Recursos Naturais Renov\u00e1veis (Ibama) na fun\u00e7\u00e3o de regular os agrot\u00f3xicos.<\/p>\n<p style=\"text-align: justify\">Em 2013, durante a vota\u00e7\u00e3o da Medida Provis\u00f3ria 619\/2013, a bancada ruralista incluiu tr\u00eas artigos no texto (artigos 52,53 e 54), que entre outras coisas concede ao Minist\u00e9rio da Agricultura o poder de flexibilizar as restri\u00e7\u00f5es ao uso dos agrot\u00f3xicos e, em caso de declara\u00e7\u00e3o de \u201cemerg\u00eancia fitosanit\u00e1ria e zoosanit\u00e1ria\u201d, autorizar o uso de subst\u00e2ncias proibidas. \u00a0\u00a0<em>\u00a0<\/em><\/p>\n<p style=\"text-align: justify\"><em>\u201c<\/em><em>A confirma\u00e7\u00e3o de se tratava de uma a\u00e7\u00e3o articulada entre setores do agroneg\u00f3cio representados por lideran\u00e7as da bancada ruralista e setores do governo federal veio com a publica\u00e7\u00e3o da Lei 12.873, em 24 de outubro de 2013, que manteve os tr\u00eas artigos na \u00edntegra (BRASIL, 2013a) e a regulamenta\u00e7\u00e3o desses artigos atrav\u00e9s do Decreto Presidencial 8.133, de 28 de outubro de 2013 (BRASIL, 2013b). Uma semana depois, o MAPA declara a Bahia oficialmente em estado de emerg\u00eancia fitossanit\u00e1ria em rela\u00e7\u00e3o ao inseto Helicoverpa armigera e tr\u00eas dias depois, em 7 de novembro, publica a Portaria 1.109 (BRASIL. MAPA, 2013c), na qual autoriza a importa\u00e7\u00e3o da subst\u00e2ncia benzoato de emamectina, agrot\u00f3xico que n\u00e3o foi autorizado no Brasil devido ao seu perigo para a sa\u00fade humana.<\/em><\/p>\n<p style=\"text-align: justify\"><em>Todo o tr\u00e2mite \u2013 desde a aprova\u00e7\u00e3o na calada da noite na C\u00e2mara dos Deputados at\u00e9 aprecia\u00e7\u00e3o e aprova\u00e7\u00e3o no Senado, san\u00e7\u00e3o e regulamenta\u00e7\u00e3o presidencial, declara\u00e7\u00e3o de situa\u00e7\u00e3o de emerg\u00eancia fitossanit\u00e1ria em uma regi\u00e3o do Brasil e autoriza\u00e7\u00e3o para importa\u00e7\u00e3o de um agrot\u00f3xico at\u00e9 ent\u00e3o proibido pelo MAPA \u2013 durou 43 dias\u201d. (ABRASCO, 2013. p. 469)\u00a0<\/em><\/p>\n<p style=\"text-align: justify\">O benzoato de emamectina, importando \u00e0s toneladas, havia tido o seu registro indeferido pela Anvisa em 2003. A ag\u00eancia considerou seu uso um perigo \u00e0 sa\u00fade, em especial devido \u00e0 sua elevada neurotoxicidade e a suspeita de teratog\u00eanese (m\u00e1-forma\u00e7\u00e3o fetal).<\/p>\n<p style=\"text-align: justify\">O Minist\u00e9rio P\u00fablico da Bahia entrou com uma a\u00e7\u00e3o para proibir o uso desse agrot\u00f3xico, mas o Tribunal de Justi\u00e7a da Bahia autorizou a importa\u00e7\u00e3o do benzoato de emamectina. Com isso, a subst\u00e2ncia foi largamente usada e h\u00e1 suspeita de que at\u00e9 estoques dela tenham sido formados.<\/p>\n<p><strong>\u00a0DESASTRE ANUNCIADO DE SA\u00daDE P\u00daBLICA <\/strong><\/p>\n<p style=\"text-align: justify\">Na Fran\u00e7a, uma epidemia de c\u00e2ncer ocorreu porque o comit\u00ea criado para estudar o problema do amianto foi dominado por lobistas do setor, que falharam em defender o interesse p\u00fablico, segundo conclus\u00f5es de um relat\u00f3rio do Senado franc\u00eas sobre os impactos da subst\u00e2ncia, proibida pelos franceses em 1997 e at\u00e9 hoje permitido no Brasil.<\/p>\n<p style=\"text-align: justify\">\u201cEnquanto 35 mil mortes podem ser atribu\u00eddas ao amianto entre 1965 e 1995, outras 60 mil a 100 mil mortes s\u00e3o esperadas nos pr\u00f3ximos 20 a 25 anos&#8221;,\u00a0 destacou o relat\u00f3rio, que classifica o caso como o\u00a0&#8220;pior desastre de sa\u00fade p\u00fablica&#8221; da\u00a0 Fran\u00e7a.<\/p>\n<p style=\"text-align: justify\">Os exemplos hist\u00f3ricos devem servir-nos de alerta. O que estamos assistindo na Bahia, com o uso abusivo de agrot\u00f3xicos \u00e9, assim como ocorreu na Fran\u00e7a no caso do amianto, \u00e9 a supremacia do interesse privado sobre o interesse p\u00fablico. E esta omiss\u00e3o j\u00e1 traz danos \u00e0 sa\u00fade da popula\u00e7\u00e3o, e amea\u00e7a a sa\u00fade das futuras gera\u00e7\u00f5es.<\/p>\n<p style=\"text-align: justify\">Esta \u00e9 uma guerra di\u00e1ria, da qual ou voc\u00ea faz atua ou \u00e9 envolvido sem sequer dar-se conta de que est\u00e1 no meio de um conflito. Para v\u00ea-lo, n\u00e3o \u00e9 preciso olhar as manchetes dos jornais sobre o Iraque, S\u00edria ou o Afeganist\u00e3o. Basta observar o seu prato.<\/p>\n<p style=\"text-align: justify\"><strong>P<\/strong><strong>or\u00a0<\/strong><strong>Marcelino Galo<\/strong>. Engenheiro agr\u00f4nomo, deputado estadual (PT\/BA), coordenador da Frente Parlamentar Ambientalista da Bahia, vice-presidente da Comiss\u00e3o de Meio Ambiente e presidente da Comiss\u00e3o de Direitos Humanos e Seguran\u00e7a P\u00fablica da Assembleia Legislativa da Bahia.<\/p>\n<p>&nbsp;<\/p>\n","protected":false},"excerpt":{"rendered":"<p>Quando voc\u00ea ouvir falar de armas qu\u00edmicas, lembre-se de seu almo\u00e7o. Rememore o seu prato. Evoque em sua mem\u00f3ria as \u00faltimas refei\u00e7\u00f5es em fam\u00edlia. Uma guerra qu\u00edmica de ra\u00edzes econ\u00f4micas acontece todos os dias, silenciosamente, na mesa de todos os brasileiros. E o pior. Isso n\u00e3o \u00e9 uma met\u00e1fora. Dos 50 agrot\u00f3xicos mais utilizados nas lavouras de nosso pa\u00eds, 22 s\u00e3o proibidos na Uni\u00e3o Europeia. Os europeus n\u00e3o topam comer isso, mas aceitam nos vender. Outras dezenas destes produtos n\u00e3o est\u00e3o proibidos ainda, embora j\u00e1 se tenha in\u00fameros estudos que associam o seu uso \u00e0s doen\u00e7as, malforma\u00e7\u00f5es e muta\u00e7\u00f5es gen\u00e9ticas. O Brasil \u00e9 o campe\u00e3o mundial em consumo de agrot\u00f3xicos, maior importador e contrabandeador desses produtos. Podemos constatar historicamente que&hellip; <\/p>\n","protected":false},"author":7,"featured_media":0,"comment_status":"open","ping_status":"open","sticky":false,"template":"","format":"standard","meta":{"_acf_changed":false,"footnotes":""},"categories":[29],"tags":[],"class_list":["post-125669","post","type-post","status-publish","format-standard","hentry","category-meio-ambiente"],"acf":[],"yoast_head":"<!-- This site is optimized with the Yoast SEO plugin v27.4 - https:\/\/yoast.com\/product\/yoast-seo-wordpress\/ -->\n<title>GUERRA QU\u00cdMICA NA BAHIA - Blog do Farn\u00e9sio<\/title>\n<meta name=\"robots\" content=\"index, follow, max-snippet:-1, max-image-preview:large, max-video-preview:-1\" \/>\n<link rel=\"canonical\" href=\"https:\/\/blogdofarnesio.com.br\/?p=125669\" \/>\n<meta property=\"og:locale\" content=\"pt_BR\" \/>\n<meta property=\"og:type\" content=\"article\" \/>\n<meta property=\"og:title\" content=\"GUERRA QU\u00cdMICA NA BAHIA - Blog do Farn\u00e9sio\" \/>\n<meta property=\"og:description\" content=\"Quando voc\u00ea ouvir falar de armas qu\u00edmicas, lembre-se de seu almo\u00e7o. Rememore o seu prato. Evoque em sua mem\u00f3ria as \u00faltimas refei\u00e7\u00f5es em fam\u00edlia. Uma guerra qu\u00edmica de ra\u00edzes econ\u00f4micas acontece todos os dias, silenciosamente, na mesa de todos os brasileiros. E o pior. Isso n\u00e3o \u00e9 uma met\u00e1fora. Dos 50 agrot\u00f3xicos mais utilizados nas lavouras de nosso pa\u00eds, 22 s\u00e3o proibidos na Uni\u00e3o Europeia. Os europeus n\u00e3o topam comer isso, mas aceitam nos vender. Outras dezenas destes produtos n\u00e3o est\u00e3o proibidos ainda, embora j\u00e1 se tenha in\u00fameros estudos que associam o seu uso \u00e0s doen\u00e7as, malforma\u00e7\u00f5es e muta\u00e7\u00f5es gen\u00e9ticas. O Brasil \u00e9 o campe\u00e3o mundial em consumo de agrot\u00f3xicos, maior importador e contrabandeador desses produtos. Podemos constatar historicamente que&hellip;\" \/>\n<meta property=\"og:url\" content=\"https:\/\/blogdofarnesio.com.br\/?p=125669\" \/>\n<meta property=\"og:site_name\" content=\"Blog do Farn\u00e9sio\" \/>\n<meta property=\"article:publisher\" content=\"https:\/\/www.facebook.com\/BlogQuerSaberPolitica\/\" \/>\n<meta property=\"article:published_time\" content=\"2015-07-01T11:03:20+00:00\" \/>\n<meta property=\"og:image\" content=\"http:\/\/www.quersaberpolitica.com.br\/2016\/wp-content\/uploads\/2014\/05\/Deputado-Marcelino-Galo.jpg\" \/>\n<meta name=\"twitter:card\" content=\"summary_large_image\" \/>\n<meta name=\"twitter:label1\" content=\"Escrito por\" \/>\n\t<meta name=\"twitter:data1\" content=\"\" \/>\n\t<meta name=\"twitter:label2\" content=\"Est. tempo de leitura\" \/>\n\t<meta name=\"twitter:data2\" content=\"11 minutos\" \/>\n<script type=\"application\/ld+json\" class=\"yoast-schema-graph\">{\"@context\":\"https:\\\/\\\/schema.org\",\"@graph\":[{\"@type\":\"Article\",\"@id\":\"https:\\\/\\\/blogdofarnesio.com.br\\\/?p=125669#article\",\"isPartOf\":{\"@id\":\"https:\\\/\\\/blogdofarnesio.com.br\\\/?p=125669\"},\"author\":{\"name\":\"\",\"@id\":\"\"},\"headline\":\"GUERRA QU\u00cdMICA NA BAHIA\",\"datePublished\":\"2015-07-01T11:03:20+00:00\",\"mainEntityOfPage\":{\"@id\":\"https:\\\/\\\/blogdofarnesio.com.br\\\/?p=125669\"},\"wordCount\":2293,\"commentCount\":0,\"publisher\":{\"@id\":\"https:\\\/\\\/blogdofarnesio.com.br\\\/#organization\"},\"image\":{\"@id\":\"https:\\\/\\\/blogdofarnesio.com.br\\\/?p=125669#primaryimage\"},\"thumbnailUrl\":\"http:\\\/\\\/www.quersaberpolitica.com.br\\\/2016\\\/wp-content\\\/uploads\\\/2014\\\/05\\\/Deputado-Marcelino-Galo.jpg\",\"articleSection\":[\"Meio Ambiente\"],\"inLanguage\":\"pt-BR\",\"potentialAction\":[{\"@type\":\"CommentAction\",\"name\":\"Comment\",\"target\":[\"https:\\\/\\\/blogdofarnesio.com.br\\\/?p=125669#respond\"]}]},{\"@type\":\"WebPage\",\"@id\":\"https:\\\/\\\/blogdofarnesio.com.br\\\/?p=125669\",\"url\":\"https:\\\/\\\/blogdofarnesio.com.br\\\/?p=125669\",\"name\":\"GUERRA QU\u00cdMICA NA BAHIA - Blog do Farn\u00e9sio\",\"isPartOf\":{\"@id\":\"https:\\\/\\\/blogdofarnesio.com.br\\\/#website\"},\"primaryImageOfPage\":{\"@id\":\"https:\\\/\\\/blogdofarnesio.com.br\\\/?p=125669#primaryimage\"},\"image\":{\"@id\":\"https:\\\/\\\/blogdofarnesio.com.br\\\/?p=125669#primaryimage\"},\"thumbnailUrl\":\"http:\\\/\\\/www.quersaberpolitica.com.br\\\/2016\\\/wp-content\\\/uploads\\\/2014\\\/05\\\/Deputado-Marcelino-Galo.jpg\",\"datePublished\":\"2015-07-01T11:03:20+00:00\",\"breadcrumb\":{\"@id\":\"https:\\\/\\\/blogdofarnesio.com.br\\\/?p=125669#breadcrumb\"},\"inLanguage\":\"pt-BR\",\"potentialAction\":[{\"@type\":\"ReadAction\",\"target\":[\"https:\\\/\\\/blogdofarnesio.com.br\\\/?p=125669\"]}]},{\"@type\":\"ImageObject\",\"inLanguage\":\"pt-BR\",\"@id\":\"https:\\\/\\\/blogdofarnesio.com.br\\\/?p=125669#primaryimage\",\"url\":\"http:\\\/\\\/www.quersaberpolitica.com.br\\\/2016\\\/wp-content\\\/uploads\\\/2014\\\/05\\\/Deputado-Marcelino-Galo.jpg\",\"contentUrl\":\"http:\\\/\\\/www.quersaberpolitica.com.br\\\/2016\\\/wp-content\\\/uploads\\\/2014\\\/05\\\/Deputado-Marcelino-Galo.jpg\"},{\"@type\":\"BreadcrumbList\",\"@id\":\"https:\\\/\\\/blogdofarnesio.com.br\\\/?p=125669#breadcrumb\",\"itemListElement\":[{\"@type\":\"ListItem\",\"position\":1,\"name\":\"In\u00edcio\",\"item\":\"https:\\\/\\\/blogdofarnesio.com.br\\\/\"},{\"@type\":\"ListItem\",\"position\":2,\"name\":\"GUERRA QU\u00cdMICA NA BAHIA\"}]},{\"@type\":\"WebSite\",\"@id\":\"https:\\\/\\\/blogdofarnesio.com.br\\\/#website\",\"url\":\"https:\\\/\\\/blogdofarnesio.com.br\\\/\",\"name\":\"Blog do Farn\u00e9sio\",\"description\":\"Quer Saber Pol\u00edtica?\",\"publisher\":{\"@id\":\"https:\\\/\\\/blogdofarnesio.com.br\\\/#organization\"},\"potentialAction\":[{\"@type\":\"SearchAction\",\"target\":{\"@type\":\"EntryPoint\",\"urlTemplate\":\"https:\\\/\\\/blogdofarnesio.com.br\\\/?s={search_term_string}\"},\"query-input\":{\"@type\":\"PropertyValueSpecification\",\"valueRequired\":true,\"valueName\":\"search_term_string\"}}],\"inLanguage\":\"pt-BR\"},{\"@type\":\"Organization\",\"@id\":\"https:\\\/\\\/blogdofarnesio.com.br\\\/#organization\",\"name\":\"Blog do Farn\u00e9sio\",\"url\":\"https:\\\/\\\/blogdofarnesio.com.br\\\/\",\"logo\":{\"@type\":\"ImageObject\",\"inLanguage\":\"pt-BR\",\"@id\":\"https:\\\/\\\/blogdofarnesio.com.br\\\/#\\\/schema\\\/logo\\\/image\\\/\",\"url\":\"https:\\\/\\\/blogdofarnesio.com.br\\\/wp-content\\\/uploads\\\/2026\\\/03\\\/cropped-logo_new-1.png\",\"contentUrl\":\"https:\\\/\\\/blogdofarnesio.com.br\\\/wp-content\\\/uploads\\\/2026\\\/03\\\/cropped-logo_new-1.png\",\"width\":881,\"height\":685,\"caption\":\"Blog do Farn\u00e9sio\"},\"image\":{\"@id\":\"https:\\\/\\\/blogdofarnesio.com.br\\\/#\\\/schema\\\/logo\\\/image\\\/\"},\"sameAs\":[\"https:\\\/\\\/www.facebook.com\\\/BlogQuerSaberPolitica\\\/\"]},{\"@type\":\"Person\",\"@id\":\"\",\"url\":\"https:\\\/\\\/blogdofarnesio.com.br\\\/?author=7\"}]}<\/script>\n<!-- \/ Yoast SEO plugin. -->","yoast_head_json":{"title":"GUERRA QU\u00cdMICA NA BAHIA - Blog do Farn\u00e9sio","robots":{"index":"index","follow":"follow","max-snippet":"max-snippet:-1","max-image-preview":"max-image-preview:large","max-video-preview":"max-video-preview:-1"},"canonical":"https:\/\/blogdofarnesio.com.br\/?p=125669","og_locale":"pt_BR","og_type":"article","og_title":"GUERRA QU\u00cdMICA NA BAHIA - Blog do Farn\u00e9sio","og_description":"Quando voc\u00ea ouvir falar de armas qu\u00edmicas, lembre-se de seu almo\u00e7o. Rememore o seu prato. Evoque em sua mem\u00f3ria as \u00faltimas refei\u00e7\u00f5es em fam\u00edlia. Uma guerra qu\u00edmica de ra\u00edzes econ\u00f4micas acontece todos os dias, silenciosamente, na mesa de todos os brasileiros. E o pior. Isso n\u00e3o \u00e9 uma met\u00e1fora. Dos 50 agrot\u00f3xicos mais utilizados nas lavouras de nosso pa\u00eds, 22 s\u00e3o proibidos na Uni\u00e3o Europeia. Os europeus n\u00e3o topam comer isso, mas aceitam nos vender. Outras dezenas destes produtos n\u00e3o est\u00e3o proibidos ainda, embora j\u00e1 se tenha in\u00fameros estudos que associam o seu uso \u00e0s doen\u00e7as, malforma\u00e7\u00f5es e muta\u00e7\u00f5es gen\u00e9ticas. O Brasil \u00e9 o campe\u00e3o mundial em consumo de agrot\u00f3xicos, maior importador e contrabandeador desses produtos. Podemos constatar historicamente que&hellip;","og_url":"https:\/\/blogdofarnesio.com.br\/?p=125669","og_site_name":"Blog do Farn\u00e9sio","article_publisher":"https:\/\/www.facebook.com\/BlogQuerSaberPolitica\/","article_published_time":"2015-07-01T11:03:20+00:00","og_image":[{"url":"http:\/\/www.quersaberpolitica.com.br\/2016\/wp-content\/uploads\/2014\/05\/Deputado-Marcelino-Galo.jpg","type":"","width":"","height":""}],"twitter_card":"summary_large_image","twitter_misc":{"Escrito por":"","Est. tempo de leitura":"11 minutos"},"schema":{"@context":"https:\/\/schema.org","@graph":[{"@type":"Article","@id":"https:\/\/blogdofarnesio.com.br\/?p=125669#article","isPartOf":{"@id":"https:\/\/blogdofarnesio.com.br\/?p=125669"},"author":{"name":"","@id":""},"headline":"GUERRA QU\u00cdMICA NA BAHIA","datePublished":"2015-07-01T11:03:20+00:00","mainEntityOfPage":{"@id":"https:\/\/blogdofarnesio.com.br\/?p=125669"},"wordCount":2293,"commentCount":0,"publisher":{"@id":"https:\/\/blogdofarnesio.com.br\/#organization"},"image":{"@id":"https:\/\/blogdofarnesio.com.br\/?p=125669#primaryimage"},"thumbnailUrl":"http:\/\/www.quersaberpolitica.com.br\/2016\/wp-content\/uploads\/2014\/05\/Deputado-Marcelino-Galo.jpg","articleSection":["Meio Ambiente"],"inLanguage":"pt-BR","potentialAction":[{"@type":"CommentAction","name":"Comment","target":["https:\/\/blogdofarnesio.com.br\/?p=125669#respond"]}]},{"@type":"WebPage","@id":"https:\/\/blogdofarnesio.com.br\/?p=125669","url":"https:\/\/blogdofarnesio.com.br\/?p=125669","name":"GUERRA QU\u00cdMICA NA BAHIA - Blog do Farn\u00e9sio","isPartOf":{"@id":"https:\/\/blogdofarnesio.com.br\/#website"},"primaryImageOfPage":{"@id":"https:\/\/blogdofarnesio.com.br\/?p=125669#primaryimage"},"image":{"@id":"https:\/\/blogdofarnesio.com.br\/?p=125669#primaryimage"},"thumbnailUrl":"http:\/\/www.quersaberpolitica.com.br\/2016\/wp-content\/uploads\/2014\/05\/Deputado-Marcelino-Galo.jpg","datePublished":"2015-07-01T11:03:20+00:00","breadcrumb":{"@id":"https:\/\/blogdofarnesio.com.br\/?p=125669#breadcrumb"},"inLanguage":"pt-BR","potentialAction":[{"@type":"ReadAction","target":["https:\/\/blogdofarnesio.com.br\/?p=125669"]}]},{"@type":"ImageObject","inLanguage":"pt-BR","@id":"https:\/\/blogdofarnesio.com.br\/?p=125669#primaryimage","url":"http:\/\/www.quersaberpolitica.com.br\/2016\/wp-content\/uploads\/2014\/05\/Deputado-Marcelino-Galo.jpg","contentUrl":"http:\/\/www.quersaberpolitica.com.br\/2016\/wp-content\/uploads\/2014\/05\/Deputado-Marcelino-Galo.jpg"},{"@type":"BreadcrumbList","@id":"https:\/\/blogdofarnesio.com.br\/?p=125669#breadcrumb","itemListElement":[{"@type":"ListItem","position":1,"name":"In\u00edcio","item":"https:\/\/blogdofarnesio.com.br\/"},{"@type":"ListItem","position":2,"name":"GUERRA QU\u00cdMICA NA BAHIA"}]},{"@type":"WebSite","@id":"https:\/\/blogdofarnesio.com.br\/#website","url":"https:\/\/blogdofarnesio.com.br\/","name":"Blog do Farn\u00e9sio","description":"Quer Saber Pol\u00edtica?","publisher":{"@id":"https:\/\/blogdofarnesio.com.br\/#organization"},"potentialAction":[{"@type":"SearchAction","target":{"@type":"EntryPoint","urlTemplate":"https:\/\/blogdofarnesio.com.br\/?s={search_term_string}"},"query-input":{"@type":"PropertyValueSpecification","valueRequired":true,"valueName":"search_term_string"}}],"inLanguage":"pt-BR"},{"@type":"Organization","@id":"https:\/\/blogdofarnesio.com.br\/#organization","name":"Blog do Farn\u00e9sio","url":"https:\/\/blogdofarnesio.com.br\/","logo":{"@type":"ImageObject","inLanguage":"pt-BR","@id":"https:\/\/blogdofarnesio.com.br\/#\/schema\/logo\/image\/","url":"https:\/\/blogdofarnesio.com.br\/wp-content\/uploads\/2026\/03\/cropped-logo_new-1.png","contentUrl":"https:\/\/blogdofarnesio.com.br\/wp-content\/uploads\/2026\/03\/cropped-logo_new-1.png","width":881,"height":685,"caption":"Blog do Farn\u00e9sio"},"image":{"@id":"https:\/\/blogdofarnesio.com.br\/#\/schema\/logo\/image\/"},"sameAs":["https:\/\/www.facebook.com\/BlogQuerSaberPolitica\/"]},{"@type":"Person","@id":"","url":"https:\/\/blogdofarnesio.com.br\/?author=7"}]}},"_links":{"self":[{"href":"https:\/\/blogdofarnesio.com.br\/index.php?rest_route=\/wp\/v2\/posts\/125669","targetHints":{"allow":["GET"]}}],"collection":[{"href":"https:\/\/blogdofarnesio.com.br\/index.php?rest_route=\/wp\/v2\/posts"}],"about":[{"href":"https:\/\/blogdofarnesio.com.br\/index.php?rest_route=\/wp\/v2\/types\/post"}],"author":[{"embeddable":true,"href":"https:\/\/blogdofarnesio.com.br\/index.php?rest_route=\/wp\/v2\/users\/7"}],"replies":[{"embeddable":true,"href":"https:\/\/blogdofarnesio.com.br\/index.php?rest_route=%2Fwp%2Fv2%2Fcomments&post=125669"}],"version-history":[{"count":0,"href":"https:\/\/blogdofarnesio.com.br\/index.php?rest_route=\/wp\/v2\/posts\/125669\/revisions"}],"wp:attachment":[{"href":"https:\/\/blogdofarnesio.com.br\/index.php?rest_route=%2Fwp%2Fv2%2Fmedia&parent=125669"}],"wp:term":[{"taxonomy":"category","embeddable":true,"href":"https:\/\/blogdofarnesio.com.br\/index.php?rest_route=%2Fwp%2Fv2%2Fcategories&post=125669"},{"taxonomy":"post_tag","embeddable":true,"href":"https:\/\/blogdofarnesio.com.br\/index.php?rest_route=%2Fwp%2Fv2%2Ftags&post=125669"}],"curies":[{"name":"wp","href":"https:\/\/api.w.org\/{rel}","templated":true}]}}