{"id":125299,"date":"2015-06-17T10:43:24","date_gmt":"2015-06-17T13:43:24","guid":{"rendered":"http:\/\/www.quersaberpolitica.com.br\/?p=125299"},"modified":"2015-06-17T09:22:41","modified_gmt":"2015-06-17T12:22:41","slug":"vereadora-suzana-ramos-cobra-apoio-a-festejos-e-melhorias-para-juremal","status":"publish","type":"post","link":"https:\/\/blogdofarnesio.com.br\/?p=125299","title":{"rendered":"VEREADORA SUZANA RAMOS COBRA APOIO A FESTEJOS E MELHORIAS PARA JUREMAL"},"content":{"rendered":"<p style=\"text-align: justify\"><a href=\"http:\/\/www.quersaberpolitica.com.br\/2016\/wp-content\/uploads\/2015\/06\/blogqsp-suzanaramos.jpg\"><img loading=\"lazy\" decoding=\"async\" class=\" size-medium wp-image-125300 aligncenter\" src=\"http:\/\/www.quersaberpolitica.com.br\/2016\/wp-content\/uploads\/2015\/06\/blogqsp-suzanaramos-300x227.jpg\" alt=\"blogqsp-suzanaramos\" width=\"300\" height=\"227\" srcset=\"https:\/\/blogdofarnesio.com.br\/wp-content\/uploads\/2015\/06\/blogqsp-suzanaramos-300x227.jpg 300w, https:\/\/blogdofarnesio.com.br\/wp-content\/uploads\/2015\/06\/blogqsp-suzanaramos-396x300.jpg 396w, https:\/\/blogdofarnesio.com.br\/wp-content\/uploads\/2015\/06\/blogqsp-suzanaramos.jpg 444w\" sizes=\"auto, (max-width: 300px) 100vw, 300px\" \/><\/a><\/p>\n<p style=\"text-align: justify\">A vereadora Suzana Ramos (PTdoB) solicitou ao executivo municipal, na sess\u00e3o desta ter\u00e7a-feira (16), apoio para a realiza\u00e7\u00e3o da festa de S\u00e3o Jo\u00e3o do distrito de Juremal. De acordo com a vereadora, \u201ca festa de S\u00e3o Jo\u00e3o movimenta aquele distrito nesse per\u00edodo, e, em todos os governos, sempre houve ajuda do executivo municipal. O prefeito n\u00e3o quis colaborar mais nem com o palco e com o som desde o ano passado. N\u00e3o podemos deixar a tradi\u00e7\u00e3o morrer. Esse ano at\u00e9 pagamento de alvar\u00e1 para as barracas funcionarem aconteceu, coisa que n\u00e3o existia\u201d. Apesar disso, a vereadora anunciou que os festejos ir\u00e3o acontecer e com todas as atra\u00e7\u00f5es previstas. \u201cEu e a comunidade nos unimos para realizar o maior S\u00e3o Jo\u00e3o dos \u00faltimos tempos de Juremal\u201d, anunciou.<\/p>\n<p style=\"text-align: justify\"><!--more--><\/p>\n<p style=\"text-align: justify\">Al\u00e9m disso, Suzana solicitou melhorias tanto na sa\u00fade quanto na infraestrutura do local. \u201c\u00c9 preciso olhar mais para o interior. Atualmente n\u00e3o funciona o posto de sa\u00fade, n\u00e3o tem mais nem uma ambul\u00e2ncia do Samu para atender as pessoas. Recentemente, os comunit\u00e1rios tiveram que providenciar o asfalto para quando chover ter ao menos como passar pela rua\u201d, denunciou a edil.<\/p>\n<p style=\"text-align: justify\">O S\u00e3o Jo\u00e3o de Juremal ocorre entre os dias 20 e 24 de junho com eventos religiosos e a apresenta\u00e7\u00e3o de bandas.<\/p>\n<p style=\"text-align: justify\"><em>Por Laiza Campos\/\u00a0Fotos: Joselito Tavares<\/em><\/p>\n","protected":false},"excerpt":{"rendered":"<p>A vereadora Suzana Ramos (PTdoB) solicitou ao executivo municipal, na sess\u00e3o desta ter\u00e7a-feira (16), apoio para a realiza\u00e7\u00e3o da festa de S\u00e3o Jo\u00e3o do distrito de Juremal. De acordo com a vereadora, \u201ca festa de S\u00e3o Jo\u00e3o movimenta aquele distrito nesse per\u00edodo, e, em todos os governos, sempre houve ajuda do executivo municipal. O prefeito n\u00e3o quis colaborar mais nem com o palco e com o som desde o ano passado. N\u00e3o podemos deixar a tradi\u00e7\u00e3o morrer. Esse ano at\u00e9 pagamento de alvar\u00e1 para as barracas funcionarem aconteceu, coisa que n\u00e3o existia\u201d. Apesar disso, a vereadora anunciou que os festejos ir\u00e3o acontecer e com todas as atra\u00e7\u00f5es previstas. \u201cEu e a comunidade nos unimos para realizar o maior S\u00e3o Jo\u00e3o&hellip; <\/p>\n","protected":false},"author":7,"featured_media":0,"comment_status":"open","ping_status":"open","sticky":false,"template":"","format":"standard","meta":{"_acf_changed":false,"footnotes":""},"categories":[1],"tags":[],"class_list":["post-125299","post","type-post","status-publish","format-standard","hentry","category-politica"],"acf":[],"yoast_head":"<!-- This site is optimized with the Yoast SEO plugin v27.4 - https:\/\/yoast.com\/product\/yoast-seo-wordpress\/ -->\n<title>VEREADORA SUZANA RAMOS COBRA APOIO A FESTEJOS E MELHORIAS PARA JUREMAL - Blog do Farn\u00e9sio<\/title>\n<meta name=\"robots\" content=\"index, follow, max-snippet:-1, max-image-preview:large, max-video-preview:-1\" \/>\n<link rel=\"canonical\" href=\"https:\/\/blogdofarnesio.com.br\/?p=125299\" \/>\n<meta property=\"og:locale\" content=\"pt_BR\" \/>\n<meta property=\"og:type\" content=\"article\" \/>\n<meta property=\"og:title\" content=\"VEREADORA SUZANA RAMOS COBRA APOIO A FESTEJOS E MELHORIAS PARA JUREMAL - Blog do Farn\u00e9sio\" \/>\n<meta property=\"og:description\" content=\"A vereadora Suzana Ramos (PTdoB) solicitou ao executivo municipal, na sess\u00e3o desta ter\u00e7a-feira (16), apoio para a realiza\u00e7\u00e3o da festa de S\u00e3o Jo\u00e3o do distrito de Juremal. De acordo com a vereadora, \u201ca festa de S\u00e3o Jo\u00e3o movimenta aquele distrito nesse per\u00edodo, e, em todos os governos, sempre houve ajuda do executivo municipal. O prefeito n\u00e3o quis colaborar mais nem com o palco e com o som desde o ano passado. N\u00e3o podemos deixar a tradi\u00e7\u00e3o morrer. Esse ano at\u00e9 pagamento de alvar\u00e1 para as barracas funcionarem aconteceu, coisa que n\u00e3o existia\u201d. Apesar disso, a vereadora anunciou que os festejos ir\u00e3o acontecer e com todas as atra\u00e7\u00f5es previstas. \u201cEu e a comunidade nos unimos para realizar o maior S\u00e3o Jo\u00e3o&hellip;\" \/>\n<meta property=\"og:url\" content=\"https:\/\/blogdofarnesio.com.br\/?p=125299\" \/>\n<meta property=\"og:site_name\" content=\"Blog do Farn\u00e9sio\" \/>\n<meta property=\"article:publisher\" content=\"https:\/\/www.facebook.com\/BlogQuerSaberPolitica\/\" \/>\n<meta property=\"article:published_time\" content=\"2015-06-17T13:43:24+00:00\" \/>\n<meta property=\"og:image\" content=\"http:\/\/www.quersaberpolitica.com.br\/2016\/wp-content\/uploads\/2015\/06\/blogqsp-suzanaramos-300x227.jpg\" \/>\n<meta name=\"twitter:card\" content=\"summary_large_image\" \/>\n<meta name=\"twitter:label1\" content=\"Escrito por\" \/>\n\t<meta name=\"twitter:data1\" content=\"\" \/>\n\t<meta name=\"twitter:label2\" content=\"Est. tempo de leitura\" \/>\n\t<meta name=\"twitter:data2\" content=\"1 minuto\" \/>\n<script type=\"application\/ld+json\" class=\"yoast-schema-graph\">{\"@context\":\"https:\\\/\\\/schema.org\",\"@graph\":[{\"@type\":\"Article\",\"@id\":\"https:\\\/\\\/blogdofarnesio.com.br\\\/?p=125299#article\",\"isPartOf\":{\"@id\":\"https:\\\/\\\/blogdofarnesio.com.br\\\/?p=125299\"},\"author\":{\"name\":\"\",\"@id\":\"\"},\"headline\":\"VEREADORA SUZANA RAMOS COBRA APOIO A FESTEJOS E MELHORIAS PARA JUREMAL\",\"datePublished\":\"2015-06-17T13:43:24+00:00\",\"mainEntityOfPage\":{\"@id\":\"https:\\\/\\\/blogdofarnesio.com.br\\\/?p=125299\"},\"wordCount\":247,\"commentCount\":0,\"publisher\":{\"@id\":\"https:\\\/\\\/blogdofarnesio.com.br\\\/#organization\"},\"image\":{\"@id\":\"https:\\\/\\\/blogdofarnesio.com.br\\\/?p=125299#primaryimage\"},\"thumbnailUrl\":\"http:\\\/\\\/www.quersaberpolitica.com.br\\\/2016\\\/wp-content\\\/uploads\\\/2015\\\/06\\\/blogqsp-suzanaramos-300x227.jpg\",\"articleSection\":[\"Pol\u00edtica\"],\"inLanguage\":\"pt-BR\",\"potentialAction\":[{\"@type\":\"CommentAction\",\"name\":\"Comment\",\"target\":[\"https:\\\/\\\/blogdofarnesio.com.br\\\/?p=125299#respond\"]}]},{\"@type\":\"WebPage\",\"@id\":\"https:\\\/\\\/blogdofarnesio.com.br\\\/?p=125299\",\"url\":\"https:\\\/\\\/blogdofarnesio.com.br\\\/?p=125299\",\"name\":\"VEREADORA SUZANA RAMOS COBRA APOIO A FESTEJOS E MELHORIAS PARA JUREMAL - Blog do Farn\u00e9sio\",\"isPartOf\":{\"@id\":\"https:\\\/\\\/blogdofarnesio.com.br\\\/#website\"},\"primaryImageOfPage\":{\"@id\":\"https:\\\/\\\/blogdofarnesio.com.br\\\/?p=125299#primaryimage\"},\"image\":{\"@id\":\"https:\\\/\\\/blogdofarnesio.com.br\\\/?p=125299#primaryimage\"},\"thumbnailUrl\":\"http:\\\/\\\/www.quersaberpolitica.com.br\\\/2016\\\/wp-content\\\/uploads\\\/2015\\\/06\\\/blogqsp-suzanaramos-300x227.jpg\",\"datePublished\":\"2015-06-17T13:43:24+00:00\",\"breadcrumb\":{\"@id\":\"https:\\\/\\\/blogdofarnesio.com.br\\\/?p=125299#breadcrumb\"},\"inLanguage\":\"pt-BR\",\"potentialAction\":[{\"@type\":\"ReadAction\",\"target\":[\"https:\\\/\\\/blogdofarnesio.com.br\\\/?p=125299\"]}]},{\"@type\":\"ImageObject\",\"inLanguage\":\"pt-BR\",\"@id\":\"https:\\\/\\\/blogdofarnesio.com.br\\\/?p=125299#primaryimage\",\"url\":\"http:\\\/\\\/www.quersaberpolitica.com.br\\\/2016\\\/wp-content\\\/uploads\\\/2015\\\/06\\\/blogqsp-suzanaramos-300x227.jpg\",\"contentUrl\":\"http:\\\/\\\/www.quersaberpolitica.com.br\\\/2016\\\/wp-content\\\/uploads\\\/2015\\\/06\\\/blogqsp-suzanaramos-300x227.jpg\"},{\"@type\":\"BreadcrumbList\",\"@id\":\"https:\\\/\\\/blogdofarnesio.com.br\\\/?p=125299#breadcrumb\",\"itemListElement\":[{\"@type\":\"ListItem\",\"position\":1,\"name\":\"In\u00edcio\",\"item\":\"https:\\\/\\\/blogdofarnesio.com.br\\\/\"},{\"@type\":\"ListItem\",\"position\":2,\"name\":\"VEREADORA SUZANA RAMOS COBRA APOIO A FESTEJOS E MELHORIAS PARA JUREMAL\"}]},{\"@type\":\"WebSite\",\"@id\":\"https:\\\/\\\/blogdofarnesio.com.br\\\/#website\",\"url\":\"https:\\\/\\\/blogdofarnesio.com.br\\\/\",\"name\":\"Blog do Farn\u00e9sio\",\"description\":\"Quer Saber Pol\u00edtica?\",\"publisher\":{\"@id\":\"https:\\\/\\\/blogdofarnesio.com.br\\\/#organization\"},\"potentialAction\":[{\"@type\":\"SearchAction\",\"target\":{\"@type\":\"EntryPoint\",\"urlTemplate\":\"https:\\\/\\\/blogdofarnesio.com.br\\\/?s={search_term_string}\"},\"query-input\":{\"@type\":\"PropertyValueSpecification\",\"valueRequired\":true,\"valueName\":\"search_term_string\"}}],\"inLanguage\":\"pt-BR\"},{\"@type\":\"Organization\",\"@id\":\"https:\\\/\\\/blogdofarnesio.com.br\\\/#organization\",\"name\":\"Blog do Farn\u00e9sio\",\"url\":\"https:\\\/\\\/blogdofarnesio.com.br\\\/\",\"logo\":{\"@type\":\"ImageObject\",\"inLanguage\":\"pt-BR\",\"@id\":\"https:\\\/\\\/blogdofarnesio.com.br\\\/#\\\/schema\\\/logo\\\/image\\\/\",\"url\":\"https:\\\/\\\/blogdofarnesio.com.br\\\/wp-content\\\/uploads\\\/2026\\\/03\\\/cropped-logo_new-1.png\",\"contentUrl\":\"https:\\\/\\\/blogdofarnesio.com.br\\\/wp-content\\\/uploads\\\/2026\\\/03\\\/cropped-logo_new-1.png\",\"width\":881,\"height\":685,\"caption\":\"Blog do Farn\u00e9sio\"},\"image\":{\"@id\":\"https:\\\/\\\/blogdofarnesio.com.br\\\/#\\\/schema\\\/logo\\\/image\\\/\"},\"sameAs\":[\"https:\\\/\\\/www.facebook.com\\\/BlogQuerSaberPolitica\\\/\"]},{\"@type\":\"Person\",\"@id\":\"\",\"url\":\"https:\\\/\\\/blogdofarnesio.com.br\\\/?author=7\"}]}<\/script>\n<!-- \/ Yoast SEO plugin. -->","yoast_head_json":{"title":"VEREADORA SUZANA RAMOS COBRA APOIO A FESTEJOS E MELHORIAS PARA JUREMAL - Blog do Farn\u00e9sio","robots":{"index":"index","follow":"follow","max-snippet":"max-snippet:-1","max-image-preview":"max-image-preview:large","max-video-preview":"max-video-preview:-1"},"canonical":"https:\/\/blogdofarnesio.com.br\/?p=125299","og_locale":"pt_BR","og_type":"article","og_title":"VEREADORA SUZANA RAMOS COBRA APOIO A FESTEJOS E MELHORIAS PARA JUREMAL - Blog do Farn\u00e9sio","og_description":"A vereadora Suzana Ramos (PTdoB) solicitou ao executivo municipal, na sess\u00e3o desta ter\u00e7a-feira (16), apoio para a realiza\u00e7\u00e3o da festa de S\u00e3o Jo\u00e3o do distrito de Juremal. De acordo com a vereadora, \u201ca festa de S\u00e3o Jo\u00e3o movimenta aquele distrito nesse per\u00edodo, e, em todos os governos, sempre houve ajuda do executivo municipal. O prefeito n\u00e3o quis colaborar mais nem com o palco e com o som desde o ano passado. N\u00e3o podemos deixar a tradi\u00e7\u00e3o morrer. Esse ano at\u00e9 pagamento de alvar\u00e1 para as barracas funcionarem aconteceu, coisa que n\u00e3o existia\u201d. Apesar disso, a vereadora anunciou que os festejos ir\u00e3o acontecer e com todas as atra\u00e7\u00f5es previstas. \u201cEu e a comunidade nos unimos para realizar o maior S\u00e3o Jo\u00e3o&hellip;","og_url":"https:\/\/blogdofarnesio.com.br\/?p=125299","og_site_name":"Blog do Farn\u00e9sio","article_publisher":"https:\/\/www.facebook.com\/BlogQuerSaberPolitica\/","article_published_time":"2015-06-17T13:43:24+00:00","og_image":[{"url":"http:\/\/www.quersaberpolitica.com.br\/2016\/wp-content\/uploads\/2015\/06\/blogqsp-suzanaramos-300x227.jpg","type":"","width":"","height":""}],"twitter_card":"summary_large_image","twitter_misc":{"Escrito por":"","Est. tempo de leitura":"1 minuto"},"schema":{"@context":"https:\/\/schema.org","@graph":[{"@type":"Article","@id":"https:\/\/blogdofarnesio.com.br\/?p=125299#article","isPartOf":{"@id":"https:\/\/blogdofarnesio.com.br\/?p=125299"},"author":{"name":"","@id":""},"headline":"VEREADORA SUZANA RAMOS COBRA APOIO A FESTEJOS E MELHORIAS PARA JUREMAL","datePublished":"2015-06-17T13:43:24+00:00","mainEntityOfPage":{"@id":"https:\/\/blogdofarnesio.com.br\/?p=125299"},"wordCount":247,"commentCount":0,"publisher":{"@id":"https:\/\/blogdofarnesio.com.br\/#organization"},"image":{"@id":"https:\/\/blogdofarnesio.com.br\/?p=125299#primaryimage"},"thumbnailUrl":"http:\/\/www.quersaberpolitica.com.br\/2016\/wp-content\/uploads\/2015\/06\/blogqsp-suzanaramos-300x227.jpg","articleSection":["Pol\u00edtica"],"inLanguage":"pt-BR","potentialAction":[{"@type":"CommentAction","name":"Comment","target":["https:\/\/blogdofarnesio.com.br\/?p=125299#respond"]}]},{"@type":"WebPage","@id":"https:\/\/blogdofarnesio.com.br\/?p=125299","url":"https:\/\/blogdofarnesio.com.br\/?p=125299","name":"VEREADORA SUZANA RAMOS COBRA APOIO A FESTEJOS E MELHORIAS PARA JUREMAL - Blog do Farn\u00e9sio","isPartOf":{"@id":"https:\/\/blogdofarnesio.com.br\/#website"},"primaryImageOfPage":{"@id":"https:\/\/blogdofarnesio.com.br\/?p=125299#primaryimage"},"image":{"@id":"https:\/\/blogdofarnesio.com.br\/?p=125299#primaryimage"},"thumbnailUrl":"http:\/\/www.quersaberpolitica.com.br\/2016\/wp-content\/uploads\/2015\/06\/blogqsp-suzanaramos-300x227.jpg","datePublished":"2015-06-17T13:43:24+00:00","breadcrumb":{"@id":"https:\/\/blogdofarnesio.com.br\/?p=125299#breadcrumb"},"inLanguage":"pt-BR","potentialAction":[{"@type":"ReadAction","target":["https:\/\/blogdofarnesio.com.br\/?p=125299"]}]},{"@type":"ImageObject","inLanguage":"pt-BR","@id":"https:\/\/blogdofarnesio.com.br\/?p=125299#primaryimage","url":"http:\/\/www.quersaberpolitica.com.br\/2016\/wp-content\/uploads\/2015\/06\/blogqsp-suzanaramos-300x227.jpg","contentUrl":"http:\/\/www.quersaberpolitica.com.br\/2016\/wp-content\/uploads\/2015\/06\/blogqsp-suzanaramos-300x227.jpg"},{"@type":"BreadcrumbList","@id":"https:\/\/blogdofarnesio.com.br\/?p=125299#breadcrumb","itemListElement":[{"@type":"ListItem","position":1,"name":"In\u00edcio","item":"https:\/\/blogdofarnesio.com.br\/"},{"@type":"ListItem","position":2,"name":"VEREADORA SUZANA RAMOS COBRA APOIO A FESTEJOS E MELHORIAS PARA JUREMAL"}]},{"@type":"WebSite","@id":"https:\/\/blogdofarnesio.com.br\/#website","url":"https:\/\/blogdofarnesio.com.br\/","name":"Blog do Farn\u00e9sio","description":"Quer Saber Pol\u00edtica?","publisher":{"@id":"https:\/\/blogdofarnesio.com.br\/#organization"},"potentialAction":[{"@type":"SearchAction","target":{"@type":"EntryPoint","urlTemplate":"https:\/\/blogdofarnesio.com.br\/?s={search_term_string}"},"query-input":{"@type":"PropertyValueSpecification","valueRequired":true,"valueName":"search_term_string"}}],"inLanguage":"pt-BR"},{"@type":"Organization","@id":"https:\/\/blogdofarnesio.com.br\/#organization","name":"Blog do Farn\u00e9sio","url":"https:\/\/blogdofarnesio.com.br\/","logo":{"@type":"ImageObject","inLanguage":"pt-BR","@id":"https:\/\/blogdofarnesio.com.br\/#\/schema\/logo\/image\/","url":"https:\/\/blogdofarnesio.com.br\/wp-content\/uploads\/2026\/03\/cropped-logo_new-1.png","contentUrl":"https:\/\/blogdofarnesio.com.br\/wp-content\/uploads\/2026\/03\/cropped-logo_new-1.png","width":881,"height":685,"caption":"Blog do Farn\u00e9sio"},"image":{"@id":"https:\/\/blogdofarnesio.com.br\/#\/schema\/logo\/image\/"},"sameAs":["https:\/\/www.facebook.com\/BlogQuerSaberPolitica\/"]},{"@type":"Person","@id":"","url":"https:\/\/blogdofarnesio.com.br\/?author=7"}]}},"_links":{"self":[{"href":"https:\/\/blogdofarnesio.com.br\/index.php?rest_route=\/wp\/v2\/posts\/125299","targetHints":{"allow":["GET"]}}],"collection":[{"href":"https:\/\/blogdofarnesio.com.br\/index.php?rest_route=\/wp\/v2\/posts"}],"about":[{"href":"https:\/\/blogdofarnesio.com.br\/index.php?rest_route=\/wp\/v2\/types\/post"}],"author":[{"embeddable":true,"href":"https:\/\/blogdofarnesio.com.br\/index.php?rest_route=\/wp\/v2\/users\/7"}],"replies":[{"embeddable":true,"href":"https:\/\/blogdofarnesio.com.br\/index.php?rest_route=%2Fwp%2Fv2%2Fcomments&post=125299"}],"version-history":[{"count":0,"href":"https:\/\/blogdofarnesio.com.br\/index.php?rest_route=\/wp\/v2\/posts\/125299\/revisions"}],"wp:attachment":[{"href":"https:\/\/blogdofarnesio.com.br\/index.php?rest_route=%2Fwp%2Fv2%2Fmedia&parent=125299"}],"wp:term":[{"taxonomy":"category","embeddable":true,"href":"https:\/\/blogdofarnesio.com.br\/index.php?rest_route=%2Fwp%2Fv2%2Fcategories&post=125299"},{"taxonomy":"post_tag","embeddable":true,"href":"https:\/\/blogdofarnesio.com.br\/index.php?rest_route=%2Fwp%2Fv2%2Ftags&post=125299"}],"curies":[{"name":"wp","href":"https:\/\/api.w.org\/{rel}","templated":true}]}}