{"id":125292,"date":"2015-06-17T07:00:00","date_gmt":"2015-06-17T10:00:00","guid":{"rendered":"http:\/\/www.quersaberpolitica.com.br\/?p=125292"},"modified":"2015-06-16T19:33:19","modified_gmt":"2015-06-16T22:33:19","slug":"prefeitura-segue-com-tapa-buraco-na-ba-210","status":"publish","type":"post","link":"https:\/\/blogdofarnesio.com.br\/?p=125292","title":{"rendered":"PREFEITURA RETOMA A\u00c7\u00c3O DE TAPA BURACO NA BA-210"},"content":{"rendered":"<p style=\"text-align: justify\"><a href=\"http:\/\/www.quersaberpolitica.com.br\/2016\/wp-content\/uploads\/2015\/06\/blogqsp.isaac_.tapa-buraco-ba2101.jpg\"><img loading=\"lazy\" decoding=\"async\" class=\"  wp-image-125004 aligncenter\" src=\"http:\/\/www.quersaberpolitica.com.br\/2016\/wp-content\/uploads\/2015\/06\/blogqsp.isaac_.tapa-buraco-ba2101-300x200.jpg\" alt=\"blogqsp.isaac.tapa buraco ba210(1)\" width=\"394\" height=\"268\" \/><\/a><\/p>\n<p style=\"text-align: justify\">A Prefeitura de Juazeiro, atrav\u00e9s da Secretaria de Servi\u00e7os P\u00fablicos (SESP), retomou nesta ter\u00e7a-feira (16) a opera\u00e7\u00e3o Tapa Buraco na BA-210. Uma parceria com o Governo do Estado da Bahia. Na \u00faltima semana, os servi\u00e7os atenderam ao trecho compreendido entre o Mercado do Produtor e a empresa Arcelor Mittal, bem como foi feito o cascalhamento e a imprima\u00e7\u00e3o do restante da pista at\u00e9 o contorno de acesso ao munic\u00edpio de Sobradinho.<\/p>\n<p style=\"text-align: justify\">De acordo com Bartolomeu Cardoso (Bertinho da Carna\u00edba), gerente de Manuten\u00e7\u00e3o Vi\u00e1ria da SESP ser\u00e3o utilizadas 21 toneladas de massa asf\u00e1ltica. \u201cEstamos aplicando agora a massa asf\u00e1ltica. A media que fazemos com esse montante \u00e9 de 700 a 800 metros\u201d, informou Bartolomeu.<\/p>\n<p style=\"text-align: justify\">O servi\u00e7o de tapa buraco tamb\u00e9m atende a Avenida Gaspar de Lemos, situada entre os bairros da Penha e a Pedra do Lord.<\/p>\n","protected":false},"excerpt":{"rendered":"<p>A Prefeitura de Juazeiro, atrav\u00e9s da Secretaria de Servi\u00e7os P\u00fablicos (SESP), retomou nesta ter\u00e7a-feira (16) a opera\u00e7\u00e3o Tapa Buraco na BA-210. Uma parceria com o Governo do Estado da Bahia. Na \u00faltima semana, os servi\u00e7os atenderam ao trecho compreendido entre o Mercado do Produtor e a empresa Arcelor Mittal, bem como foi feito o cascalhamento e a imprima\u00e7\u00e3o do restante da pista at\u00e9 o contorno de acesso ao munic\u00edpio de Sobradinho. De acordo com Bartolomeu Cardoso (Bertinho da Carna\u00edba), gerente de Manuten\u00e7\u00e3o Vi\u00e1ria da SESP ser\u00e3o utilizadas 21 toneladas de massa asf\u00e1ltica. \u201cEstamos aplicando agora a massa asf\u00e1ltica. A media que fazemos com esse montante \u00e9 de 700 a 800 metros\u201d, informou Bartolomeu. O servi\u00e7o de tapa buraco tamb\u00e9m atende&hellip; <\/p>\n","protected":false},"author":7,"featured_media":0,"comment_status":"open","ping_status":"open","sticky":false,"template":"","format":"standard","meta":{"_acf_changed":false,"footnotes":""},"categories":[17],"tags":[],"class_list":["post-125292","post","type-post","status-publish","format-standard","hentry","category-estradas"],"acf":[],"yoast_head":"<!-- This site is optimized with the Yoast SEO plugin v27.4 - https:\/\/yoast.com\/product\/yoast-seo-wordpress\/ -->\n<title>PREFEITURA RETOMA A\u00c7\u00c3O DE TAPA BURACO NA BA-210 - Blog do Farn\u00e9sio<\/title>\n<meta name=\"robots\" content=\"index, follow, max-snippet:-1, max-image-preview:large, max-video-preview:-1\" \/>\n<link rel=\"canonical\" href=\"https:\/\/blogdofarnesio.com.br\/?p=125292\" \/>\n<meta property=\"og:locale\" content=\"pt_BR\" \/>\n<meta property=\"og:type\" content=\"article\" \/>\n<meta property=\"og:title\" content=\"PREFEITURA RETOMA A\u00c7\u00c3O DE TAPA BURACO NA BA-210 - Blog do Farn\u00e9sio\" \/>\n<meta property=\"og:description\" content=\"A Prefeitura de Juazeiro, atrav\u00e9s da Secretaria de Servi\u00e7os P\u00fablicos (SESP), retomou nesta ter\u00e7a-feira (16) a opera\u00e7\u00e3o Tapa Buraco na BA-210. Uma parceria com o Governo do Estado da Bahia. Na \u00faltima semana, os servi\u00e7os atenderam ao trecho compreendido entre o Mercado do Produtor e a empresa Arcelor Mittal, bem como foi feito o cascalhamento e a imprima\u00e7\u00e3o do restante da pista at\u00e9 o contorno de acesso ao munic\u00edpio de Sobradinho. De acordo com Bartolomeu Cardoso (Bertinho da Carna\u00edba), gerente de Manuten\u00e7\u00e3o Vi\u00e1ria da SESP ser\u00e3o utilizadas 21 toneladas de massa asf\u00e1ltica. \u201cEstamos aplicando agora a massa asf\u00e1ltica. A media que fazemos com esse montante \u00e9 de 700 a 800 metros\u201d, informou Bartolomeu. O servi\u00e7o de tapa buraco tamb\u00e9m atende&hellip;\" \/>\n<meta property=\"og:url\" content=\"https:\/\/blogdofarnesio.com.br\/?p=125292\" \/>\n<meta property=\"og:site_name\" content=\"Blog do Farn\u00e9sio\" \/>\n<meta property=\"article:publisher\" content=\"https:\/\/www.facebook.com\/BlogQuerSaberPolitica\/\" \/>\n<meta property=\"article:published_time\" content=\"2015-06-17T10:00:00+00:00\" \/>\n<meta property=\"og:image\" content=\"http:\/\/www.quersaberpolitica.com.br\/2016\/wp-content\/uploads\/2015\/06\/blogqsp.isaac_.tapa-buraco-ba2101-300x200.jpg\" \/>\n<meta name=\"twitter:card\" content=\"summary_large_image\" \/>\n<meta name=\"twitter:label1\" content=\"Escrito por\" \/>\n\t<meta name=\"twitter:data1\" content=\"\" \/>\n\t<meta name=\"twitter:label2\" content=\"Est. tempo de leitura\" \/>\n\t<meta name=\"twitter:data2\" content=\"1 minuto\" \/>\n<script type=\"application\/ld+json\" class=\"yoast-schema-graph\">{\"@context\":\"https:\\\/\\\/schema.org\",\"@graph\":[{\"@type\":\"Article\",\"@id\":\"https:\\\/\\\/blogdofarnesio.com.br\\\/?p=125292#article\",\"isPartOf\":{\"@id\":\"https:\\\/\\\/blogdofarnesio.com.br\\\/?p=125292\"},\"author\":{\"name\":\"\",\"@id\":\"\"},\"headline\":\"PREFEITURA RETOMA A\u00c7\u00c3O DE TAPA BURACO NA BA-210\",\"datePublished\":\"2015-06-17T10:00:00+00:00\",\"mainEntityOfPage\":{\"@id\":\"https:\\\/\\\/blogdofarnesio.com.br\\\/?p=125292\"},\"wordCount\":156,\"commentCount\":0,\"publisher\":{\"@id\":\"https:\\\/\\\/blogdofarnesio.com.br\\\/#organization\"},\"image\":{\"@id\":\"https:\\\/\\\/blogdofarnesio.com.br\\\/?p=125292#primaryimage\"},\"thumbnailUrl\":\"http:\\\/\\\/www.quersaberpolitica.com.br\\\/2016\\\/wp-content\\\/uploads\\\/2015\\\/06\\\/blogqsp.isaac_.tapa-buraco-ba2101-300x200.jpg\",\"articleSection\":[\"Estradas\"],\"inLanguage\":\"pt-BR\",\"potentialAction\":[{\"@type\":\"CommentAction\",\"name\":\"Comment\",\"target\":[\"https:\\\/\\\/blogdofarnesio.com.br\\\/?p=125292#respond\"]}]},{\"@type\":\"WebPage\",\"@id\":\"https:\\\/\\\/blogdofarnesio.com.br\\\/?p=125292\",\"url\":\"https:\\\/\\\/blogdofarnesio.com.br\\\/?p=125292\",\"name\":\"PREFEITURA RETOMA A\u00c7\u00c3O DE TAPA BURACO NA BA-210 - Blog do Farn\u00e9sio\",\"isPartOf\":{\"@id\":\"https:\\\/\\\/blogdofarnesio.com.br\\\/#website\"},\"primaryImageOfPage\":{\"@id\":\"https:\\\/\\\/blogdofarnesio.com.br\\\/?p=125292#primaryimage\"},\"image\":{\"@id\":\"https:\\\/\\\/blogdofarnesio.com.br\\\/?p=125292#primaryimage\"},\"thumbnailUrl\":\"http:\\\/\\\/www.quersaberpolitica.com.br\\\/2016\\\/wp-content\\\/uploads\\\/2015\\\/06\\\/blogqsp.isaac_.tapa-buraco-ba2101-300x200.jpg\",\"datePublished\":\"2015-06-17T10:00:00+00:00\",\"breadcrumb\":{\"@id\":\"https:\\\/\\\/blogdofarnesio.com.br\\\/?p=125292#breadcrumb\"},\"inLanguage\":\"pt-BR\",\"potentialAction\":[{\"@type\":\"ReadAction\",\"target\":[\"https:\\\/\\\/blogdofarnesio.com.br\\\/?p=125292\"]}]},{\"@type\":\"ImageObject\",\"inLanguage\":\"pt-BR\",\"@id\":\"https:\\\/\\\/blogdofarnesio.com.br\\\/?p=125292#primaryimage\",\"url\":\"http:\\\/\\\/www.quersaberpolitica.com.br\\\/2016\\\/wp-content\\\/uploads\\\/2015\\\/06\\\/blogqsp.isaac_.tapa-buraco-ba2101-300x200.jpg\",\"contentUrl\":\"http:\\\/\\\/www.quersaberpolitica.com.br\\\/2016\\\/wp-content\\\/uploads\\\/2015\\\/06\\\/blogqsp.isaac_.tapa-buraco-ba2101-300x200.jpg\"},{\"@type\":\"BreadcrumbList\",\"@id\":\"https:\\\/\\\/blogdofarnesio.com.br\\\/?p=125292#breadcrumb\",\"itemListElement\":[{\"@type\":\"ListItem\",\"position\":1,\"name\":\"In\u00edcio\",\"item\":\"https:\\\/\\\/blogdofarnesio.com.br\\\/\"},{\"@type\":\"ListItem\",\"position\":2,\"name\":\"PREFEITURA RETOMA A\u00c7\u00c3O DE TAPA BURACO NA BA-210\"}]},{\"@type\":\"WebSite\",\"@id\":\"https:\\\/\\\/blogdofarnesio.com.br\\\/#website\",\"url\":\"https:\\\/\\\/blogdofarnesio.com.br\\\/\",\"name\":\"Blog do Farn\u00e9sio\",\"description\":\"Quer Saber Pol\u00edtica?\",\"publisher\":{\"@id\":\"https:\\\/\\\/blogdofarnesio.com.br\\\/#organization\"},\"potentialAction\":[{\"@type\":\"SearchAction\",\"target\":{\"@type\":\"EntryPoint\",\"urlTemplate\":\"https:\\\/\\\/blogdofarnesio.com.br\\\/?s={search_term_string}\"},\"query-input\":{\"@type\":\"PropertyValueSpecification\",\"valueRequired\":true,\"valueName\":\"search_term_string\"}}],\"inLanguage\":\"pt-BR\"},{\"@type\":\"Organization\",\"@id\":\"https:\\\/\\\/blogdofarnesio.com.br\\\/#organization\",\"name\":\"Blog do Farn\u00e9sio\",\"url\":\"https:\\\/\\\/blogdofarnesio.com.br\\\/\",\"logo\":{\"@type\":\"ImageObject\",\"inLanguage\":\"pt-BR\",\"@id\":\"https:\\\/\\\/blogdofarnesio.com.br\\\/#\\\/schema\\\/logo\\\/image\\\/\",\"url\":\"https:\\\/\\\/blogdofarnesio.com.br\\\/wp-content\\\/uploads\\\/2026\\\/03\\\/cropped-logo_new-1.png\",\"contentUrl\":\"https:\\\/\\\/blogdofarnesio.com.br\\\/wp-content\\\/uploads\\\/2026\\\/03\\\/cropped-logo_new-1.png\",\"width\":881,\"height\":685,\"caption\":\"Blog do Farn\u00e9sio\"},\"image\":{\"@id\":\"https:\\\/\\\/blogdofarnesio.com.br\\\/#\\\/schema\\\/logo\\\/image\\\/\"},\"sameAs\":[\"https:\\\/\\\/www.facebook.com\\\/BlogQuerSaberPolitica\\\/\"]},{\"@type\":\"Person\",\"@id\":\"\",\"url\":\"https:\\\/\\\/blogdofarnesio.com.br\\\/?author=7\"}]}<\/script>\n<!-- \/ Yoast SEO plugin. -->","yoast_head_json":{"title":"PREFEITURA RETOMA A\u00c7\u00c3O DE TAPA BURACO NA BA-210 - Blog do Farn\u00e9sio","robots":{"index":"index","follow":"follow","max-snippet":"max-snippet:-1","max-image-preview":"max-image-preview:large","max-video-preview":"max-video-preview:-1"},"canonical":"https:\/\/blogdofarnesio.com.br\/?p=125292","og_locale":"pt_BR","og_type":"article","og_title":"PREFEITURA RETOMA A\u00c7\u00c3O DE TAPA BURACO NA BA-210 - Blog do Farn\u00e9sio","og_description":"A Prefeitura de Juazeiro, atrav\u00e9s da Secretaria de Servi\u00e7os P\u00fablicos (SESP), retomou nesta ter\u00e7a-feira (16) a opera\u00e7\u00e3o Tapa Buraco na BA-210. Uma parceria com o Governo do Estado da Bahia. Na \u00faltima semana, os servi\u00e7os atenderam ao trecho compreendido entre o Mercado do Produtor e a empresa Arcelor Mittal, bem como foi feito o cascalhamento e a imprima\u00e7\u00e3o do restante da pista at\u00e9 o contorno de acesso ao munic\u00edpio de Sobradinho. De acordo com Bartolomeu Cardoso (Bertinho da Carna\u00edba), gerente de Manuten\u00e7\u00e3o Vi\u00e1ria da SESP ser\u00e3o utilizadas 21 toneladas de massa asf\u00e1ltica. \u201cEstamos aplicando agora a massa asf\u00e1ltica. A media que fazemos com esse montante \u00e9 de 700 a 800 metros\u201d, informou Bartolomeu. O servi\u00e7o de tapa buraco tamb\u00e9m atende&hellip;","og_url":"https:\/\/blogdofarnesio.com.br\/?p=125292","og_site_name":"Blog do Farn\u00e9sio","article_publisher":"https:\/\/www.facebook.com\/BlogQuerSaberPolitica\/","article_published_time":"2015-06-17T10:00:00+00:00","og_image":[{"url":"http:\/\/www.quersaberpolitica.com.br\/2016\/wp-content\/uploads\/2015\/06\/blogqsp.isaac_.tapa-buraco-ba2101-300x200.jpg","type":"","width":"","height":""}],"twitter_card":"summary_large_image","twitter_misc":{"Escrito por":"","Est. tempo de leitura":"1 minuto"},"schema":{"@context":"https:\/\/schema.org","@graph":[{"@type":"Article","@id":"https:\/\/blogdofarnesio.com.br\/?p=125292#article","isPartOf":{"@id":"https:\/\/blogdofarnesio.com.br\/?p=125292"},"author":{"name":"","@id":""},"headline":"PREFEITURA RETOMA A\u00c7\u00c3O DE TAPA BURACO NA BA-210","datePublished":"2015-06-17T10:00:00+00:00","mainEntityOfPage":{"@id":"https:\/\/blogdofarnesio.com.br\/?p=125292"},"wordCount":156,"commentCount":0,"publisher":{"@id":"https:\/\/blogdofarnesio.com.br\/#organization"},"image":{"@id":"https:\/\/blogdofarnesio.com.br\/?p=125292#primaryimage"},"thumbnailUrl":"http:\/\/www.quersaberpolitica.com.br\/2016\/wp-content\/uploads\/2015\/06\/blogqsp.isaac_.tapa-buraco-ba2101-300x200.jpg","articleSection":["Estradas"],"inLanguage":"pt-BR","potentialAction":[{"@type":"CommentAction","name":"Comment","target":["https:\/\/blogdofarnesio.com.br\/?p=125292#respond"]}]},{"@type":"WebPage","@id":"https:\/\/blogdofarnesio.com.br\/?p=125292","url":"https:\/\/blogdofarnesio.com.br\/?p=125292","name":"PREFEITURA RETOMA A\u00c7\u00c3O DE TAPA BURACO NA BA-210 - Blog do Farn\u00e9sio","isPartOf":{"@id":"https:\/\/blogdofarnesio.com.br\/#website"},"primaryImageOfPage":{"@id":"https:\/\/blogdofarnesio.com.br\/?p=125292#primaryimage"},"image":{"@id":"https:\/\/blogdofarnesio.com.br\/?p=125292#primaryimage"},"thumbnailUrl":"http:\/\/www.quersaberpolitica.com.br\/2016\/wp-content\/uploads\/2015\/06\/blogqsp.isaac_.tapa-buraco-ba2101-300x200.jpg","datePublished":"2015-06-17T10:00:00+00:00","breadcrumb":{"@id":"https:\/\/blogdofarnesio.com.br\/?p=125292#breadcrumb"},"inLanguage":"pt-BR","potentialAction":[{"@type":"ReadAction","target":["https:\/\/blogdofarnesio.com.br\/?p=125292"]}]},{"@type":"ImageObject","inLanguage":"pt-BR","@id":"https:\/\/blogdofarnesio.com.br\/?p=125292#primaryimage","url":"http:\/\/www.quersaberpolitica.com.br\/2016\/wp-content\/uploads\/2015\/06\/blogqsp.isaac_.tapa-buraco-ba2101-300x200.jpg","contentUrl":"http:\/\/www.quersaberpolitica.com.br\/2016\/wp-content\/uploads\/2015\/06\/blogqsp.isaac_.tapa-buraco-ba2101-300x200.jpg"},{"@type":"BreadcrumbList","@id":"https:\/\/blogdofarnesio.com.br\/?p=125292#breadcrumb","itemListElement":[{"@type":"ListItem","position":1,"name":"In\u00edcio","item":"https:\/\/blogdofarnesio.com.br\/"},{"@type":"ListItem","position":2,"name":"PREFEITURA RETOMA A\u00c7\u00c3O DE TAPA BURACO NA BA-210"}]},{"@type":"WebSite","@id":"https:\/\/blogdofarnesio.com.br\/#website","url":"https:\/\/blogdofarnesio.com.br\/","name":"Blog do Farn\u00e9sio","description":"Quer Saber Pol\u00edtica?","publisher":{"@id":"https:\/\/blogdofarnesio.com.br\/#organization"},"potentialAction":[{"@type":"SearchAction","target":{"@type":"EntryPoint","urlTemplate":"https:\/\/blogdofarnesio.com.br\/?s={search_term_string}"},"query-input":{"@type":"PropertyValueSpecification","valueRequired":true,"valueName":"search_term_string"}}],"inLanguage":"pt-BR"},{"@type":"Organization","@id":"https:\/\/blogdofarnesio.com.br\/#organization","name":"Blog do Farn\u00e9sio","url":"https:\/\/blogdofarnesio.com.br\/","logo":{"@type":"ImageObject","inLanguage":"pt-BR","@id":"https:\/\/blogdofarnesio.com.br\/#\/schema\/logo\/image\/","url":"https:\/\/blogdofarnesio.com.br\/wp-content\/uploads\/2026\/03\/cropped-logo_new-1.png","contentUrl":"https:\/\/blogdofarnesio.com.br\/wp-content\/uploads\/2026\/03\/cropped-logo_new-1.png","width":881,"height":685,"caption":"Blog do Farn\u00e9sio"},"image":{"@id":"https:\/\/blogdofarnesio.com.br\/#\/schema\/logo\/image\/"},"sameAs":["https:\/\/www.facebook.com\/BlogQuerSaberPolitica\/"]},{"@type":"Person","@id":"","url":"https:\/\/blogdofarnesio.com.br\/?author=7"}]}},"_links":{"self":[{"href":"https:\/\/blogdofarnesio.com.br\/index.php?rest_route=\/wp\/v2\/posts\/125292","targetHints":{"allow":["GET"]}}],"collection":[{"href":"https:\/\/blogdofarnesio.com.br\/index.php?rest_route=\/wp\/v2\/posts"}],"about":[{"href":"https:\/\/blogdofarnesio.com.br\/index.php?rest_route=\/wp\/v2\/types\/post"}],"author":[{"embeddable":true,"href":"https:\/\/blogdofarnesio.com.br\/index.php?rest_route=\/wp\/v2\/users\/7"}],"replies":[{"embeddable":true,"href":"https:\/\/blogdofarnesio.com.br\/index.php?rest_route=%2Fwp%2Fv2%2Fcomments&post=125292"}],"version-history":[{"count":0,"href":"https:\/\/blogdofarnesio.com.br\/index.php?rest_route=\/wp\/v2\/posts\/125292\/revisions"}],"wp:attachment":[{"href":"https:\/\/blogdofarnesio.com.br\/index.php?rest_route=%2Fwp%2Fv2%2Fmedia&parent=125292"}],"wp:term":[{"taxonomy":"category","embeddable":true,"href":"https:\/\/blogdofarnesio.com.br\/index.php?rest_route=%2Fwp%2Fv2%2Fcategories&post=125292"},{"taxonomy":"post_tag","embeddable":true,"href":"https:\/\/blogdofarnesio.com.br\/index.php?rest_route=%2Fwp%2Fv2%2Ftags&post=125292"}],"curies":[{"name":"wp","href":"https:\/\/api.w.org\/{rel}","templated":true}]}}