{"id":125272,"date":"2015-06-17T08:04:56","date_gmt":"2015-06-17T11:04:56","guid":{"rendered":"http:\/\/www.quersaberpolitica.com.br\/?p=125272"},"modified":"2015-06-16T19:09:59","modified_gmt":"2015-06-16T22:09:59","slug":"atraso-no-repasse-de-verbas-pela-codevasf-leva-agricultores-denunciarem-iminente-colapso-nos-perimetros-irrigados","status":"publish","type":"post","link":"https:\/\/blogdofarnesio.com.br\/?p=125272","title":{"rendered":"ATRASO NO REPASSE DE VERBAS PELA CODEVASF, LEVA AGRICULTORES DENUNCIAREM IMINENTE COLAPSO NOS PER\u00cdMETROS IRRIGADOS."},"content":{"rendered":"<p style=\"text-align: justify\"><a href=\"http:\/\/www.quersaberpolitica.com.br\/2016\/wp-content\/uploads\/2013\/01\/blogqsp.irriga\u00e7\u00e3o.jpg\"><img loading=\"lazy\" decoding=\"async\" class=\"aligncenter size-full wp-image-23620\" src=\"http:\/\/www.quersaberpolitica.com.br\/2016\/wp-content\/uploads\/2013\/01\/blogqsp.irriga\u00e7\u00e3o.jpg\" alt=\"blogqsp.irriga\u00e7\u00e3o\" width=\"448\" height=\"319\" srcset=\"https:\/\/blogdofarnesio.com.br\/wp-content\/uploads\/2013\/01\/blogqsp.irriga\u00e7\u00e3o.jpg 448w, https:\/\/blogdofarnesio.com.br\/wp-content\/uploads\/2013\/01\/blogqsp.irriga\u00e7\u00e3o-300x213.jpg 300w, https:\/\/blogdofarnesio.com.br\/wp-content\/uploads\/2013\/01\/blogqsp.irriga\u00e7\u00e3o-421x300.jpg 421w\" sizes=\"auto, (max-width: 448px) 100vw, 448px\" \/><\/a>Ap\u00f3s preocupantes atrasos de verbas pela Codevasf, agricultores dos per\u00edmetros irrigados do Vale do S\u00e3o Francisco denunciam a grave situa\u00e7\u00e3o que est\u00e3o enfrentando em virtude da falta de repasse \u00e0s empresas prestadoras de servi\u00e7os e fornecedores.<\/p>\n<p style=\"text-align: justify\">A falta de pagamento, que j\u00e1 dura meses, compromete inclusive o fornecimento de energia dos per\u00edmetros, que j\u00e1 chegou a ser interrompido por diversas vezes e est\u00e1 em vias de novo corte. Segundo os agricultores a situa\u00e7\u00e3o \u00e9 t\u00e3o comprometedora, que em alguns projetos irrigados sob a responsabilidade da Codevasf, as dificuldades s\u00e3o tantas que a sobreviv\u00eancia dos que dependem da agricultura familiar est\u00e1 seriamente amea\u00e7ada.<\/p>\n<p style=\"text-align: justify\">De acordo com as informa\u00e7\u00f5es, a falta de cumprimento das obriga\u00e7\u00f5es contratuais por parte da Codevasf, que j\u00e1 compromete o funcionamento de alguns projetos, pode trazer graves consequ\u00eancias para a agricultura na regi\u00e3o e o colapso completo dos per\u00edmetros irrigados.<\/p>\n","protected":false},"excerpt":{"rendered":"<p>Ap\u00f3s preocupantes atrasos de verbas pela Codevasf, agricultores dos per\u00edmetros irrigados do Vale do S\u00e3o Francisco denunciam a grave situa\u00e7\u00e3o que est\u00e3o enfrentando em virtude da falta de repasse \u00e0s empresas prestadoras de servi\u00e7os e fornecedores. A falta de pagamento, que j\u00e1 dura meses, compromete inclusive o fornecimento de energia dos per\u00edmetros, que j\u00e1 chegou a ser interrompido por diversas vezes e est\u00e1 em vias de novo corte. Segundo os agricultores a situa\u00e7\u00e3o \u00e9 t\u00e3o comprometedora, que em alguns projetos irrigados sob a responsabilidade da Codevasf, as dificuldades s\u00e3o tantas que a sobreviv\u00eancia dos que dependem da agricultura familiar est\u00e1 seriamente amea\u00e7ada. De acordo com as informa\u00e7\u00f5es, a falta de cumprimento das obriga\u00e7\u00f5es contratuais por parte da Codevasf, que j\u00e1&hellip; <\/p>\n","protected":false},"author":7,"featured_media":0,"comment_status":"open","ping_status":"open","sticky":false,"template":"","format":"standard","meta":{"_acf_changed":false,"footnotes":""},"categories":[13],"tags":[],"class_list":["post-125272","post","type-post","status-publish","format-standard","hentry","category-fruticultura"],"acf":[],"yoast_head":"<!-- This site is optimized with the Yoast SEO plugin v27.4 - https:\/\/yoast.com\/product\/yoast-seo-wordpress\/ -->\n<title>ATRASO NO REPASSE DE VERBAS PELA CODEVASF, LEVA AGRICULTORES DENUNCIAREM IMINENTE COLAPSO NOS PER\u00cdMETROS IRRIGADOS. - Blog do Farn\u00e9sio<\/title>\n<meta name=\"robots\" content=\"index, follow, max-snippet:-1, max-image-preview:large, max-video-preview:-1\" \/>\n<link rel=\"canonical\" href=\"https:\/\/blogdofarnesio.com.br\/?p=125272\" \/>\n<meta property=\"og:locale\" content=\"pt_BR\" \/>\n<meta property=\"og:type\" content=\"article\" \/>\n<meta property=\"og:title\" content=\"ATRASO NO REPASSE DE VERBAS PELA CODEVASF, LEVA AGRICULTORES DENUNCIAREM IMINENTE COLAPSO NOS PER\u00cdMETROS IRRIGADOS. - Blog do Farn\u00e9sio\" \/>\n<meta property=\"og:description\" content=\"Ap\u00f3s preocupantes atrasos de verbas pela Codevasf, agricultores dos per\u00edmetros irrigados do Vale do S\u00e3o Francisco denunciam a grave situa\u00e7\u00e3o que est\u00e3o enfrentando em virtude da falta de repasse \u00e0s empresas prestadoras de servi\u00e7os e fornecedores. A falta de pagamento, que j\u00e1 dura meses, compromete inclusive o fornecimento de energia dos per\u00edmetros, que j\u00e1 chegou a ser interrompido por diversas vezes e est\u00e1 em vias de novo corte. Segundo os agricultores a situa\u00e7\u00e3o \u00e9 t\u00e3o comprometedora, que em alguns projetos irrigados sob a responsabilidade da Codevasf, as dificuldades s\u00e3o tantas que a sobreviv\u00eancia dos que dependem da agricultura familiar est\u00e1 seriamente amea\u00e7ada. De acordo com as informa\u00e7\u00f5es, a falta de cumprimento das obriga\u00e7\u00f5es contratuais por parte da Codevasf, que j\u00e1&hellip;\" \/>\n<meta property=\"og:url\" content=\"https:\/\/blogdofarnesio.com.br\/?p=125272\" \/>\n<meta property=\"og:site_name\" content=\"Blog do Farn\u00e9sio\" \/>\n<meta property=\"article:publisher\" content=\"https:\/\/www.facebook.com\/BlogQuerSaberPolitica\/\" \/>\n<meta property=\"article:published_time\" content=\"2015-06-17T11:04:56+00:00\" \/>\n<meta name=\"twitter:card\" content=\"summary_large_image\" \/>\n<meta name=\"twitter:label1\" content=\"Escrito por\" \/>\n\t<meta name=\"twitter:data1\" content=\"\" \/>\n\t<meta name=\"twitter:label2\" content=\"Est. tempo de leitura\" \/>\n\t<meta name=\"twitter:data2\" content=\"1 minuto\" \/>\n<script type=\"application\/ld+json\" class=\"yoast-schema-graph\">{\"@context\":\"https:\\\/\\\/schema.org\",\"@graph\":[{\"@type\":\"Article\",\"@id\":\"https:\\\/\\\/blogdofarnesio.com.br\\\/?p=125272#article\",\"isPartOf\":{\"@id\":\"https:\\\/\\\/blogdofarnesio.com.br\\\/?p=125272\"},\"author\":{\"name\":\"\",\"@id\":\"\"},\"headline\":\"ATRASO NO REPASSE DE VERBAS PELA CODEVASF, LEVA AGRICULTORES DENUNCIAREM IMINENTE COLAPSO NOS PER\u00cdMETROS IRRIGADOS.\",\"datePublished\":\"2015-06-17T11:04:56+00:00\",\"mainEntityOfPage\":{\"@id\":\"https:\\\/\\\/blogdofarnesio.com.br\\\/?p=125272\"},\"wordCount\":174,\"commentCount\":0,\"publisher\":{\"@id\":\"https:\\\/\\\/blogdofarnesio.com.br\\\/#organization\"},\"articleSection\":[\"Fruticultura\"],\"inLanguage\":\"pt-BR\",\"potentialAction\":[{\"@type\":\"CommentAction\",\"name\":\"Comment\",\"target\":[\"https:\\\/\\\/blogdofarnesio.com.br\\\/?p=125272#respond\"]}]},{\"@type\":\"WebPage\",\"@id\":\"https:\\\/\\\/blogdofarnesio.com.br\\\/?p=125272\",\"url\":\"https:\\\/\\\/blogdofarnesio.com.br\\\/?p=125272\",\"name\":\"ATRASO NO REPASSE DE VERBAS PELA CODEVASF, LEVA AGRICULTORES DENUNCIAREM IMINENTE COLAPSO NOS PER\u00cdMETROS IRRIGADOS. - Blog do Farn\u00e9sio\",\"isPartOf\":{\"@id\":\"https:\\\/\\\/blogdofarnesio.com.br\\\/#website\"},\"datePublished\":\"2015-06-17T11:04:56+00:00\",\"breadcrumb\":{\"@id\":\"https:\\\/\\\/blogdofarnesio.com.br\\\/?p=125272#breadcrumb\"},\"inLanguage\":\"pt-BR\",\"potentialAction\":[{\"@type\":\"ReadAction\",\"target\":[\"https:\\\/\\\/blogdofarnesio.com.br\\\/?p=125272\"]}]},{\"@type\":\"BreadcrumbList\",\"@id\":\"https:\\\/\\\/blogdofarnesio.com.br\\\/?p=125272#breadcrumb\",\"itemListElement\":[{\"@type\":\"ListItem\",\"position\":1,\"name\":\"In\u00edcio\",\"item\":\"https:\\\/\\\/blogdofarnesio.com.br\\\/\"},{\"@type\":\"ListItem\",\"position\":2,\"name\":\"ATRASO NO REPASSE DE VERBAS PELA CODEVASF, LEVA AGRICULTORES DENUNCIAREM IMINENTE COLAPSO NOS PER\u00cdMETROS IRRIGADOS.\"}]},{\"@type\":\"WebSite\",\"@id\":\"https:\\\/\\\/blogdofarnesio.com.br\\\/#website\",\"url\":\"https:\\\/\\\/blogdofarnesio.com.br\\\/\",\"name\":\"Blog do Farn\u00e9sio\",\"description\":\"Quer Saber Pol\u00edtica?\",\"publisher\":{\"@id\":\"https:\\\/\\\/blogdofarnesio.com.br\\\/#organization\"},\"potentialAction\":[{\"@type\":\"SearchAction\",\"target\":{\"@type\":\"EntryPoint\",\"urlTemplate\":\"https:\\\/\\\/blogdofarnesio.com.br\\\/?s={search_term_string}\"},\"query-input\":{\"@type\":\"PropertyValueSpecification\",\"valueRequired\":true,\"valueName\":\"search_term_string\"}}],\"inLanguage\":\"pt-BR\"},{\"@type\":\"Organization\",\"@id\":\"https:\\\/\\\/blogdofarnesio.com.br\\\/#organization\",\"name\":\"Blog do Farn\u00e9sio\",\"url\":\"https:\\\/\\\/blogdofarnesio.com.br\\\/\",\"logo\":{\"@type\":\"ImageObject\",\"inLanguage\":\"pt-BR\",\"@id\":\"https:\\\/\\\/blogdofarnesio.com.br\\\/#\\\/schema\\\/logo\\\/image\\\/\",\"url\":\"https:\\\/\\\/blogdofarnesio.com.br\\\/wp-content\\\/uploads\\\/2026\\\/03\\\/cropped-logo_new-1.png\",\"contentUrl\":\"https:\\\/\\\/blogdofarnesio.com.br\\\/wp-content\\\/uploads\\\/2026\\\/03\\\/cropped-logo_new-1.png\",\"width\":881,\"height\":685,\"caption\":\"Blog do Farn\u00e9sio\"},\"image\":{\"@id\":\"https:\\\/\\\/blogdofarnesio.com.br\\\/#\\\/schema\\\/logo\\\/image\\\/\"},\"sameAs\":[\"https:\\\/\\\/www.facebook.com\\\/BlogQuerSaberPolitica\\\/\"]},{\"@type\":\"Person\",\"@id\":\"\",\"url\":\"https:\\\/\\\/blogdofarnesio.com.br\\\/?author=7\"}]}<\/script>\n<!-- \/ Yoast SEO plugin. -->","yoast_head_json":{"title":"ATRASO NO REPASSE DE VERBAS PELA CODEVASF, LEVA AGRICULTORES DENUNCIAREM IMINENTE COLAPSO NOS PER\u00cdMETROS IRRIGADOS. - Blog do Farn\u00e9sio","robots":{"index":"index","follow":"follow","max-snippet":"max-snippet:-1","max-image-preview":"max-image-preview:large","max-video-preview":"max-video-preview:-1"},"canonical":"https:\/\/blogdofarnesio.com.br\/?p=125272","og_locale":"pt_BR","og_type":"article","og_title":"ATRASO NO REPASSE DE VERBAS PELA CODEVASF, LEVA AGRICULTORES DENUNCIAREM IMINENTE COLAPSO NOS PER\u00cdMETROS IRRIGADOS. - Blog do Farn\u00e9sio","og_description":"Ap\u00f3s preocupantes atrasos de verbas pela Codevasf, agricultores dos per\u00edmetros irrigados do Vale do S\u00e3o Francisco denunciam a grave situa\u00e7\u00e3o que est\u00e3o enfrentando em virtude da falta de repasse \u00e0s empresas prestadoras de servi\u00e7os e fornecedores. A falta de pagamento, que j\u00e1 dura meses, compromete inclusive o fornecimento de energia dos per\u00edmetros, que j\u00e1 chegou a ser interrompido por diversas vezes e est\u00e1 em vias de novo corte. Segundo os agricultores a situa\u00e7\u00e3o \u00e9 t\u00e3o comprometedora, que em alguns projetos irrigados sob a responsabilidade da Codevasf, as dificuldades s\u00e3o tantas que a sobreviv\u00eancia dos que dependem da agricultura familiar est\u00e1 seriamente amea\u00e7ada. De acordo com as informa\u00e7\u00f5es, a falta de cumprimento das obriga\u00e7\u00f5es contratuais por parte da Codevasf, que j\u00e1&hellip;","og_url":"https:\/\/blogdofarnesio.com.br\/?p=125272","og_site_name":"Blog do Farn\u00e9sio","article_publisher":"https:\/\/www.facebook.com\/BlogQuerSaberPolitica\/","article_published_time":"2015-06-17T11:04:56+00:00","twitter_card":"summary_large_image","twitter_misc":{"Escrito por":"","Est. tempo de leitura":"1 minuto"},"schema":{"@context":"https:\/\/schema.org","@graph":[{"@type":"Article","@id":"https:\/\/blogdofarnesio.com.br\/?p=125272#article","isPartOf":{"@id":"https:\/\/blogdofarnesio.com.br\/?p=125272"},"author":{"name":"","@id":""},"headline":"ATRASO NO REPASSE DE VERBAS PELA CODEVASF, LEVA AGRICULTORES DENUNCIAREM IMINENTE COLAPSO NOS PER\u00cdMETROS IRRIGADOS.","datePublished":"2015-06-17T11:04:56+00:00","mainEntityOfPage":{"@id":"https:\/\/blogdofarnesio.com.br\/?p=125272"},"wordCount":174,"commentCount":0,"publisher":{"@id":"https:\/\/blogdofarnesio.com.br\/#organization"},"articleSection":["Fruticultura"],"inLanguage":"pt-BR","potentialAction":[{"@type":"CommentAction","name":"Comment","target":["https:\/\/blogdofarnesio.com.br\/?p=125272#respond"]}]},{"@type":"WebPage","@id":"https:\/\/blogdofarnesio.com.br\/?p=125272","url":"https:\/\/blogdofarnesio.com.br\/?p=125272","name":"ATRASO NO REPASSE DE VERBAS PELA CODEVASF, LEVA AGRICULTORES DENUNCIAREM IMINENTE COLAPSO NOS PER\u00cdMETROS IRRIGADOS. - Blog do Farn\u00e9sio","isPartOf":{"@id":"https:\/\/blogdofarnesio.com.br\/#website"},"datePublished":"2015-06-17T11:04:56+00:00","breadcrumb":{"@id":"https:\/\/blogdofarnesio.com.br\/?p=125272#breadcrumb"},"inLanguage":"pt-BR","potentialAction":[{"@type":"ReadAction","target":["https:\/\/blogdofarnesio.com.br\/?p=125272"]}]},{"@type":"BreadcrumbList","@id":"https:\/\/blogdofarnesio.com.br\/?p=125272#breadcrumb","itemListElement":[{"@type":"ListItem","position":1,"name":"In\u00edcio","item":"https:\/\/blogdofarnesio.com.br\/"},{"@type":"ListItem","position":2,"name":"ATRASO NO REPASSE DE VERBAS PELA CODEVASF, LEVA AGRICULTORES DENUNCIAREM IMINENTE COLAPSO NOS PER\u00cdMETROS IRRIGADOS."}]},{"@type":"WebSite","@id":"https:\/\/blogdofarnesio.com.br\/#website","url":"https:\/\/blogdofarnesio.com.br\/","name":"Blog do Farn\u00e9sio","description":"Quer Saber Pol\u00edtica?","publisher":{"@id":"https:\/\/blogdofarnesio.com.br\/#organization"},"potentialAction":[{"@type":"SearchAction","target":{"@type":"EntryPoint","urlTemplate":"https:\/\/blogdofarnesio.com.br\/?s={search_term_string}"},"query-input":{"@type":"PropertyValueSpecification","valueRequired":true,"valueName":"search_term_string"}}],"inLanguage":"pt-BR"},{"@type":"Organization","@id":"https:\/\/blogdofarnesio.com.br\/#organization","name":"Blog do Farn\u00e9sio","url":"https:\/\/blogdofarnesio.com.br\/","logo":{"@type":"ImageObject","inLanguage":"pt-BR","@id":"https:\/\/blogdofarnesio.com.br\/#\/schema\/logo\/image\/","url":"https:\/\/blogdofarnesio.com.br\/wp-content\/uploads\/2026\/03\/cropped-logo_new-1.png","contentUrl":"https:\/\/blogdofarnesio.com.br\/wp-content\/uploads\/2026\/03\/cropped-logo_new-1.png","width":881,"height":685,"caption":"Blog do Farn\u00e9sio"},"image":{"@id":"https:\/\/blogdofarnesio.com.br\/#\/schema\/logo\/image\/"},"sameAs":["https:\/\/www.facebook.com\/BlogQuerSaberPolitica\/"]},{"@type":"Person","@id":"","url":"https:\/\/blogdofarnesio.com.br\/?author=7"}]}},"_links":{"self":[{"href":"https:\/\/blogdofarnesio.com.br\/index.php?rest_route=\/wp\/v2\/posts\/125272","targetHints":{"allow":["GET"]}}],"collection":[{"href":"https:\/\/blogdofarnesio.com.br\/index.php?rest_route=\/wp\/v2\/posts"}],"about":[{"href":"https:\/\/blogdofarnesio.com.br\/index.php?rest_route=\/wp\/v2\/types\/post"}],"author":[{"embeddable":true,"href":"https:\/\/blogdofarnesio.com.br\/index.php?rest_route=\/wp\/v2\/users\/7"}],"replies":[{"embeddable":true,"href":"https:\/\/blogdofarnesio.com.br\/index.php?rest_route=%2Fwp%2Fv2%2Fcomments&post=125272"}],"version-history":[{"count":0,"href":"https:\/\/blogdofarnesio.com.br\/index.php?rest_route=\/wp\/v2\/posts\/125272\/revisions"}],"wp:attachment":[{"href":"https:\/\/blogdofarnesio.com.br\/index.php?rest_route=%2Fwp%2Fv2%2Fmedia&parent=125272"}],"wp:term":[{"taxonomy":"category","embeddable":true,"href":"https:\/\/blogdofarnesio.com.br\/index.php?rest_route=%2Fwp%2Fv2%2Fcategories&post=125272"},{"taxonomy":"post_tag","embeddable":true,"href":"https:\/\/blogdofarnesio.com.br\/index.php?rest_route=%2Fwp%2Fv2%2Ftags&post=125272"}],"curies":[{"name":"wp","href":"https:\/\/api.w.org\/{rel}","templated":true}]}}