{"id":12521,"date":"2012-03-28T21:00:09","date_gmt":"2012-03-28T21:00:09","guid":{"rendered":"http:\/\/www.quersaberpolitica.com.br?p=12521"},"modified":"-0001-11-30T00:00:00","modified_gmt":"-0001-11-30T03:00:00","slug":"principal-avenida-do-quide-sera-totalmente-recuperada","status":"publish","type":"post","link":"https:\/\/blogdofarnesio.com.br\/?p=12521","title":{"rendered":"Principal Avenida do Quid\u00e9 ser\u00e1 totalmente recuperada"},"content":{"rendered":"<p style=\"text-align: justify;\"><span style=\"font-size: small;\"><a rel=\"lightbox\" href=\"http:\/\/www.quersaberpolitica.com.br\/2016\/wp-content\/uploads\/2012\/12\/blogqspreuniaoquide1.jpg\"><img loading=\"lazy\" decoding=\"async\" style=\"float: right; margin-top: 5px; margin-bottom: 5px; margin-left: 10px; margin-right: 10px;\" title=\"Imagem Divulga&ccedil;&atilde;o\" src=\"http:\/\/www.quersaberpolitica.com.br\/2016\/wp-content\/uploads\/2012\/12\/blogqspreuniaoquide1.jpg\" alt=\"\" width=\"200\" height=\"113\" \/><\/a>Em reuni&atilde;o realizada nesta segunda-feira (26), com os moradores do bairro Quid&eacute; em Juazeiro, a secret&aacute;ria de Desenvolvimento Urbano &#8211; SEDUR, C&eacute;lia Regina Carvalho e equipe t&eacute;cnica explicaram a popula&ccedil;&atilde;o como ser&aacute; feita a recupera&ccedil;&atilde;o asf&aacute;ltica da Avenida Nossa Senhora de Nazar&eacute;.<\/span><\/p>\n<p style=\"text-align: justify;\"><span style=\"font-size: small;\">&#8220;Antes do inicio desta importante obra, precis&aacute;vamos explicar a popula&ccedil;&atilde;o quais as interven&ccedil;&otilde;es que ser&atilde;o executadas na avenida, al&eacute;m dos poss&iacute;veis transtornos que poder&atilde;o ocorrer durante a obra&#8221;, ressaltou a secret&aacute;ria. C&eacute;lia Regina informou aos moradores, que a Prefeitura tamb&eacute;m ir&aacute; recuperar os principais corredores de &ocirc;nibus, n&atilde;o s&oacute; do bairro Quid&eacute;, como de todos os bairros do munic&iacute;pio. Al&eacute;m de tirar todas as d&uacute;vidas sobre a obra, os moradores tiveram a oportunidade de reivindicar alguns problemas enfrentados no bairro.<\/span><\/p>\n<p style=\"text-align: justify;\"><span style=\"font-size: small;\">A equipe t&eacute;cnica da SEDUR explicou que na primeira etapa ser&aacute; realizada a drenagem de &aacute;guas pluviais em toda a avenida, o que ir&aacute; possibilitar maior durabilidade da pavimenta&ccedil;&atilde;o. A drenagem ser&aacute; iniciada nos pr&oacute;ximos dias pelo SAAE, um custo para o Governo Municipal de R$ 380.000,00. Depois de conclu&iacute;da esta etapa, a pavimenta&ccedil;&atilde;o, que compreende a recupera&ccedil;&atilde;o de mais de 1600 metros de asfalto, interligando as Avenidas Salitre com a Gaspar de Lemos ser&aacute; executada pela empresa ganhadora. A previs&atilde;o dos t&eacute;cnicos &eacute; que a obra seja conclu&iacute;da em quatro meses.<\/span><\/p>\n<p style=\"text-align: justify;\"><span style=\"font-size: small;\">O conv&ecirc;nio da pavimenta&ccedil;&atilde;o da Avenida Nossa Senhora de Nazar&eacute; foi assinado no m&ecirc;s de janeiro, entre a Prefeitura de Juazeiro e a 6&ordf; Codevasf, no valor de R$ 1.482.543,15, durante a posse do superintendente, Emanuel Lima, sendo este o primeiro ato da gest&atilde;o do &oacute;rg&atilde;o.<\/span><\/p>\n<p style=\"text-align: justify;\"><span style=\"font-size: small;\">(Ascom PMJ)<\/span><\/p>\n","protected":false},"excerpt":{"rendered":"<p>Em reuni&atilde;o realizada nesta segunda-feira (26), com os moradores do bairro Quid&eacute; em Juazeiro, a secret&aacute;ria de Desenvolvimento Urbano &#8211; SEDUR, C&eacute;lia Regina Carvalho e equipe t&eacute;cnica explicaram a popula&ccedil;&atilde;o como ser&aacute; feita a recupera&ccedil;&atilde;o asf&aacute;ltica da Avenida Nossa Senhora de Nazar&eacute;. &#8220;Antes do inicio desta importante obra, precis&aacute;vamos explicar a popula&ccedil;&atilde;o quais as interven&ccedil;&otilde;es que ser&atilde;o executadas na avenida, al&eacute;m dos poss&iacute;veis transtornos que poder&atilde;o ocorrer durante a obra&#8221;, ressaltou a secret&aacute;ria. C&eacute;lia Regina informou aos moradores, que a Prefeitura tamb&eacute;m ir&aacute; recuperar os principais corredores de &ocirc;nibus, n&atilde;o s&oacute; do bairro Quid&eacute;, como de todos os bairros do munic&iacute;pio. Al&eacute;m de tirar todas as d&uacute;vidas sobre a obra, os moradores tiveram a oportunidade de reivindicar alguns problemas enfrentados&hellip; <\/p>\n","protected":false},"author":0,"featured_media":0,"comment_status":"open","ping_status":"open","sticky":false,"template":"","format":"standard","meta":{"_acf_changed":false,"footnotes":""},"categories":[43],"tags":[],"class_list":["post-12521","post","type-post","status-publish","format-standard","hentry","category-sem-categoria"],"acf":[],"yoast_head":"<!-- This site is optimized with the Yoast SEO plugin v27.4 - https:\/\/yoast.com\/product\/yoast-seo-wordpress\/ -->\n<title>Principal Avenida do Quid\u00e9 ser\u00e1 totalmente recuperada - Blog do Farn\u00e9sio<\/title>\n<meta name=\"robots\" content=\"index, follow, max-snippet:-1, max-image-preview:large, max-video-preview:-1\" \/>\n<link rel=\"canonical\" href=\"https:\/\/blogdofarnesio.com.br\/?p=12521\" \/>\n<meta property=\"og:locale\" content=\"pt_BR\" \/>\n<meta property=\"og:type\" content=\"article\" \/>\n<meta property=\"og:title\" content=\"Principal Avenida do Quid\u00e9 ser\u00e1 totalmente recuperada - Blog do Farn\u00e9sio\" \/>\n<meta property=\"og:description\" content=\"Em reuni&atilde;o realizada nesta segunda-feira (26), com os moradores do bairro Quid&eacute; em Juazeiro, a secret&aacute;ria de Desenvolvimento Urbano &#8211; SEDUR, C&eacute;lia Regina Carvalho e equipe t&eacute;cnica explicaram a popula&ccedil;&atilde;o como ser&aacute; feita a recupera&ccedil;&atilde;o asf&aacute;ltica da Avenida Nossa Senhora de Nazar&eacute;. &#8220;Antes do inicio desta importante obra, precis&aacute;vamos explicar a popula&ccedil;&atilde;o quais as interven&ccedil;&otilde;es que ser&atilde;o executadas na avenida, al&eacute;m dos poss&iacute;veis transtornos que poder&atilde;o ocorrer durante a obra&#8221;, ressaltou a secret&aacute;ria. C&eacute;lia Regina informou aos moradores, que a Prefeitura tamb&eacute;m ir&aacute; recuperar os principais corredores de &ocirc;nibus, n&atilde;o s&oacute; do bairro Quid&eacute;, como de todos os bairros do munic&iacute;pio. Al&eacute;m de tirar todas as d&uacute;vidas sobre a obra, os moradores tiveram a oportunidade de reivindicar alguns problemas enfrentados&hellip;\" \/>\n<meta property=\"og:url\" content=\"https:\/\/blogdofarnesio.com.br\/?p=12521\" \/>\n<meta property=\"og:site_name\" content=\"Blog do Farn\u00e9sio\" \/>\n<meta property=\"article:publisher\" content=\"https:\/\/www.facebook.com\/BlogQuerSaberPolitica\/\" \/>\n<meta property=\"article:published_time\" content=\"2012-03-28T21:00:09+00:00\" \/>\n<meta property=\"og:image\" content=\"http:\/\/www.quersaberpolitica.com.br\/2016\/wp-content\/uploads\/2012\/12\/blogqspreuniaoquide1.jpg\" \/>\n<meta name=\"twitter:card\" content=\"summary_large_image\" \/>\n<meta name=\"twitter:label1\" content=\"Est. tempo de leitura\" \/>\n\t<meta name=\"twitter:data1\" content=\"2 minutos\" \/>\n<script type=\"application\/ld+json\" class=\"yoast-schema-graph\">{\"@context\":\"https:\\\/\\\/schema.org\",\"@graph\":[{\"@type\":\"Article\",\"@id\":\"https:\\\/\\\/blogdofarnesio.com.br\\\/?p=12521#article\",\"isPartOf\":{\"@id\":\"https:\\\/\\\/blogdofarnesio.com.br\\\/?p=12521\"},\"author\":{\"name\":\"\",\"@id\":\"\"},\"headline\":\"Principal Avenida do Quid\u00e9 ser\u00e1 totalmente recuperada\",\"datePublished\":\"2012-03-28T21:00:09+00:00\",\"mainEntityOfPage\":{\"@id\":\"https:\\\/\\\/blogdofarnesio.com.br\\\/?p=12521\"},\"wordCount\":357,\"commentCount\":0,\"publisher\":{\"@id\":\"https:\\\/\\\/blogdofarnesio.com.br\\\/#organization\"},\"image\":{\"@id\":\"https:\\\/\\\/blogdofarnesio.com.br\\\/?p=12521#primaryimage\"},\"thumbnailUrl\":\"http:\\\/\\\/www.quersaberpolitica.com.br\\\/2016\\\/wp-content\\\/uploads\\\/2012\\\/12\\\/blogqspreuniaoquide1.jpg\",\"inLanguage\":\"pt-BR\",\"potentialAction\":[{\"@type\":\"CommentAction\",\"name\":\"Comment\",\"target\":[\"https:\\\/\\\/blogdofarnesio.com.br\\\/?p=12521#respond\"]}]},{\"@type\":\"WebPage\",\"@id\":\"https:\\\/\\\/blogdofarnesio.com.br\\\/?p=12521\",\"url\":\"https:\\\/\\\/blogdofarnesio.com.br\\\/?p=12521\",\"name\":\"Principal Avenida do Quid\u00e9 ser\u00e1 totalmente recuperada - Blog do Farn\u00e9sio\",\"isPartOf\":{\"@id\":\"https:\\\/\\\/blogdofarnesio.com.br\\\/#website\"},\"primaryImageOfPage\":{\"@id\":\"https:\\\/\\\/blogdofarnesio.com.br\\\/?p=12521#primaryimage\"},\"image\":{\"@id\":\"https:\\\/\\\/blogdofarnesio.com.br\\\/?p=12521#primaryimage\"},\"thumbnailUrl\":\"http:\\\/\\\/www.quersaberpolitica.com.br\\\/2016\\\/wp-content\\\/uploads\\\/2012\\\/12\\\/blogqspreuniaoquide1.jpg\",\"datePublished\":\"2012-03-28T21:00:09+00:00\",\"breadcrumb\":{\"@id\":\"https:\\\/\\\/blogdofarnesio.com.br\\\/?p=12521#breadcrumb\"},\"inLanguage\":\"pt-BR\",\"potentialAction\":[{\"@type\":\"ReadAction\",\"target\":[\"https:\\\/\\\/blogdofarnesio.com.br\\\/?p=12521\"]}]},{\"@type\":\"ImageObject\",\"inLanguage\":\"pt-BR\",\"@id\":\"https:\\\/\\\/blogdofarnesio.com.br\\\/?p=12521#primaryimage\",\"url\":\"http:\\\/\\\/www.quersaberpolitica.com.br\\\/2016\\\/wp-content\\\/uploads\\\/2012\\\/12\\\/blogqspreuniaoquide1.jpg\",\"contentUrl\":\"http:\\\/\\\/www.quersaberpolitica.com.br\\\/2016\\\/wp-content\\\/uploads\\\/2012\\\/12\\\/blogqspreuniaoquide1.jpg\"},{\"@type\":\"BreadcrumbList\",\"@id\":\"https:\\\/\\\/blogdofarnesio.com.br\\\/?p=12521#breadcrumb\",\"itemListElement\":[{\"@type\":\"ListItem\",\"position\":1,\"name\":\"In\u00edcio\",\"item\":\"https:\\\/\\\/blogdofarnesio.com.br\\\/\"},{\"@type\":\"ListItem\",\"position\":2,\"name\":\"Principal Avenida do Quid\u00e9 ser\u00e1 totalmente recuperada\"}]},{\"@type\":\"WebSite\",\"@id\":\"https:\\\/\\\/blogdofarnesio.com.br\\\/#website\",\"url\":\"https:\\\/\\\/blogdofarnesio.com.br\\\/\",\"name\":\"Blog do Farn\u00e9sio\",\"description\":\"Quer Saber Pol\u00edtica?\",\"publisher\":{\"@id\":\"https:\\\/\\\/blogdofarnesio.com.br\\\/#organization\"},\"potentialAction\":[{\"@type\":\"SearchAction\",\"target\":{\"@type\":\"EntryPoint\",\"urlTemplate\":\"https:\\\/\\\/blogdofarnesio.com.br\\\/?s={search_term_string}\"},\"query-input\":{\"@type\":\"PropertyValueSpecification\",\"valueRequired\":true,\"valueName\":\"search_term_string\"}}],\"inLanguage\":\"pt-BR\"},{\"@type\":\"Organization\",\"@id\":\"https:\\\/\\\/blogdofarnesio.com.br\\\/#organization\",\"name\":\"Blog do Farn\u00e9sio\",\"url\":\"https:\\\/\\\/blogdofarnesio.com.br\\\/\",\"logo\":{\"@type\":\"ImageObject\",\"inLanguage\":\"pt-BR\",\"@id\":\"https:\\\/\\\/blogdofarnesio.com.br\\\/#\\\/schema\\\/logo\\\/image\\\/\",\"url\":\"https:\\\/\\\/blogdofarnesio.com.br\\\/wp-content\\\/uploads\\\/2026\\\/03\\\/cropped-logo_new-1.png\",\"contentUrl\":\"https:\\\/\\\/blogdofarnesio.com.br\\\/wp-content\\\/uploads\\\/2026\\\/03\\\/cropped-logo_new-1.png\",\"width\":881,\"height\":685,\"caption\":\"Blog do Farn\u00e9sio\"},\"image\":{\"@id\":\"https:\\\/\\\/blogdofarnesio.com.br\\\/#\\\/schema\\\/logo\\\/image\\\/\"},\"sameAs\":[\"https:\\\/\\\/www.facebook.com\\\/BlogQuerSaberPolitica\\\/\"]}]}<\/script>\n<!-- \/ Yoast SEO plugin. -->","yoast_head_json":{"title":"Principal Avenida do Quid\u00e9 ser\u00e1 totalmente recuperada - Blog do Farn\u00e9sio","robots":{"index":"index","follow":"follow","max-snippet":"max-snippet:-1","max-image-preview":"max-image-preview:large","max-video-preview":"max-video-preview:-1"},"canonical":"https:\/\/blogdofarnesio.com.br\/?p=12521","og_locale":"pt_BR","og_type":"article","og_title":"Principal Avenida do Quid\u00e9 ser\u00e1 totalmente recuperada - Blog do Farn\u00e9sio","og_description":"Em reuni&atilde;o realizada nesta segunda-feira (26), com os moradores do bairro Quid&eacute; em Juazeiro, a secret&aacute;ria de Desenvolvimento Urbano &#8211; SEDUR, C&eacute;lia Regina Carvalho e equipe t&eacute;cnica explicaram a popula&ccedil;&atilde;o como ser&aacute; feita a recupera&ccedil;&atilde;o asf&aacute;ltica da Avenida Nossa Senhora de Nazar&eacute;. &#8220;Antes do inicio desta importante obra, precis&aacute;vamos explicar a popula&ccedil;&atilde;o quais as interven&ccedil;&otilde;es que ser&atilde;o executadas na avenida, al&eacute;m dos poss&iacute;veis transtornos que poder&atilde;o ocorrer durante a obra&#8221;, ressaltou a secret&aacute;ria. C&eacute;lia Regina informou aos moradores, que a Prefeitura tamb&eacute;m ir&aacute; recuperar os principais corredores de &ocirc;nibus, n&atilde;o s&oacute; do bairro Quid&eacute;, como de todos os bairros do munic&iacute;pio. Al&eacute;m de tirar todas as d&uacute;vidas sobre a obra, os moradores tiveram a oportunidade de reivindicar alguns problemas enfrentados&hellip;","og_url":"https:\/\/blogdofarnesio.com.br\/?p=12521","og_site_name":"Blog do Farn\u00e9sio","article_publisher":"https:\/\/www.facebook.com\/BlogQuerSaberPolitica\/","article_published_time":"2012-03-28T21:00:09+00:00","og_image":[{"url":"http:\/\/www.quersaberpolitica.com.br\/2016\/wp-content\/uploads\/2012\/12\/blogqspreuniaoquide1.jpg","type":"","width":"","height":""}],"twitter_card":"summary_large_image","twitter_misc":{"Est. tempo de leitura":"2 minutos"},"schema":{"@context":"https:\/\/schema.org","@graph":[{"@type":"Article","@id":"https:\/\/blogdofarnesio.com.br\/?p=12521#article","isPartOf":{"@id":"https:\/\/blogdofarnesio.com.br\/?p=12521"},"author":{"name":"","@id":""},"headline":"Principal Avenida do Quid\u00e9 ser\u00e1 totalmente recuperada","datePublished":"2012-03-28T21:00:09+00:00","mainEntityOfPage":{"@id":"https:\/\/blogdofarnesio.com.br\/?p=12521"},"wordCount":357,"commentCount":0,"publisher":{"@id":"https:\/\/blogdofarnesio.com.br\/#organization"},"image":{"@id":"https:\/\/blogdofarnesio.com.br\/?p=12521#primaryimage"},"thumbnailUrl":"http:\/\/www.quersaberpolitica.com.br\/2016\/wp-content\/uploads\/2012\/12\/blogqspreuniaoquide1.jpg","inLanguage":"pt-BR","potentialAction":[{"@type":"CommentAction","name":"Comment","target":["https:\/\/blogdofarnesio.com.br\/?p=12521#respond"]}]},{"@type":"WebPage","@id":"https:\/\/blogdofarnesio.com.br\/?p=12521","url":"https:\/\/blogdofarnesio.com.br\/?p=12521","name":"Principal Avenida do Quid\u00e9 ser\u00e1 totalmente recuperada - Blog do Farn\u00e9sio","isPartOf":{"@id":"https:\/\/blogdofarnesio.com.br\/#website"},"primaryImageOfPage":{"@id":"https:\/\/blogdofarnesio.com.br\/?p=12521#primaryimage"},"image":{"@id":"https:\/\/blogdofarnesio.com.br\/?p=12521#primaryimage"},"thumbnailUrl":"http:\/\/www.quersaberpolitica.com.br\/2016\/wp-content\/uploads\/2012\/12\/blogqspreuniaoquide1.jpg","datePublished":"2012-03-28T21:00:09+00:00","breadcrumb":{"@id":"https:\/\/blogdofarnesio.com.br\/?p=12521#breadcrumb"},"inLanguage":"pt-BR","potentialAction":[{"@type":"ReadAction","target":["https:\/\/blogdofarnesio.com.br\/?p=12521"]}]},{"@type":"ImageObject","inLanguage":"pt-BR","@id":"https:\/\/blogdofarnesio.com.br\/?p=12521#primaryimage","url":"http:\/\/www.quersaberpolitica.com.br\/2016\/wp-content\/uploads\/2012\/12\/blogqspreuniaoquide1.jpg","contentUrl":"http:\/\/www.quersaberpolitica.com.br\/2016\/wp-content\/uploads\/2012\/12\/blogqspreuniaoquide1.jpg"},{"@type":"BreadcrumbList","@id":"https:\/\/blogdofarnesio.com.br\/?p=12521#breadcrumb","itemListElement":[{"@type":"ListItem","position":1,"name":"In\u00edcio","item":"https:\/\/blogdofarnesio.com.br\/"},{"@type":"ListItem","position":2,"name":"Principal Avenida do Quid\u00e9 ser\u00e1 totalmente recuperada"}]},{"@type":"WebSite","@id":"https:\/\/blogdofarnesio.com.br\/#website","url":"https:\/\/blogdofarnesio.com.br\/","name":"Blog do Farn\u00e9sio","description":"Quer Saber Pol\u00edtica?","publisher":{"@id":"https:\/\/blogdofarnesio.com.br\/#organization"},"potentialAction":[{"@type":"SearchAction","target":{"@type":"EntryPoint","urlTemplate":"https:\/\/blogdofarnesio.com.br\/?s={search_term_string}"},"query-input":{"@type":"PropertyValueSpecification","valueRequired":true,"valueName":"search_term_string"}}],"inLanguage":"pt-BR"},{"@type":"Organization","@id":"https:\/\/blogdofarnesio.com.br\/#organization","name":"Blog do Farn\u00e9sio","url":"https:\/\/blogdofarnesio.com.br\/","logo":{"@type":"ImageObject","inLanguage":"pt-BR","@id":"https:\/\/blogdofarnesio.com.br\/#\/schema\/logo\/image\/","url":"https:\/\/blogdofarnesio.com.br\/wp-content\/uploads\/2026\/03\/cropped-logo_new-1.png","contentUrl":"https:\/\/blogdofarnesio.com.br\/wp-content\/uploads\/2026\/03\/cropped-logo_new-1.png","width":881,"height":685,"caption":"Blog do Farn\u00e9sio"},"image":{"@id":"https:\/\/blogdofarnesio.com.br\/#\/schema\/logo\/image\/"},"sameAs":["https:\/\/www.facebook.com\/BlogQuerSaberPolitica\/"]}]}},"_links":{"self":[{"href":"https:\/\/blogdofarnesio.com.br\/index.php?rest_route=\/wp\/v2\/posts\/12521","targetHints":{"allow":["GET"]}}],"collection":[{"href":"https:\/\/blogdofarnesio.com.br\/index.php?rest_route=\/wp\/v2\/posts"}],"about":[{"href":"https:\/\/blogdofarnesio.com.br\/index.php?rest_route=\/wp\/v2\/types\/post"}],"replies":[{"embeddable":true,"href":"https:\/\/blogdofarnesio.com.br\/index.php?rest_route=%2Fwp%2Fv2%2Fcomments&post=12521"}],"version-history":[{"count":0,"href":"https:\/\/blogdofarnesio.com.br\/index.php?rest_route=\/wp\/v2\/posts\/12521\/revisions"}],"wp:attachment":[{"href":"https:\/\/blogdofarnesio.com.br\/index.php?rest_route=%2Fwp%2Fv2%2Fmedia&parent=12521"}],"wp:term":[{"taxonomy":"category","embeddable":true,"href":"https:\/\/blogdofarnesio.com.br\/index.php?rest_route=%2Fwp%2Fv2%2Fcategories&post=12521"},{"taxonomy":"post_tag","embeddable":true,"href":"https:\/\/blogdofarnesio.com.br\/index.php?rest_route=%2Fwp%2Fv2%2Ftags&post=12521"}],"curies":[{"name":"wp","href":"https:\/\/api.w.org\/{rel}","templated":true}]}}