{"id":125162,"date":"2015-06-15T10:43:25","date_gmt":"2015-06-15T13:43:25","guid":{"rendered":"http:\/\/www.quersaberpolitica.com.br\/?p=125162"},"modified":"2015-06-15T10:16:09","modified_gmt":"2015-06-15T13:16:09","slug":"estao-abertas-as-inscricoes-para-projovem-campo-saberes-da-terra-em-poco-de-fora","status":"publish","type":"post","link":"https:\/\/blogdofarnesio.com.br\/?p=125162","title":{"rendered":"EST\u00c3O ABERTAS AS INSCRI\u00c7\u00d5ES PARA PROJOVEM CAMPO \u2013 SABERES DA TERRA EM PO\u00c7O DE FORA"},"content":{"rendered":"<p style=\"text-align: justify\"><a href=\"http:\/\/www.quersaberpolitica.com.br\/2016\/wp-content\/uploads\/2015\/03\/blogqspvaldir.jpg\"><img loading=\"lazy\" decoding=\"async\" class=\" size-full wp-image-118269 aligncenter\" src=\"http:\/\/www.quersaberpolitica.com.br\/2016\/wp-content\/uploads\/2015\/03\/blogqspvaldir.jpg\" alt=\"blogqspvaldir\" width=\"448\" height=\"212\" srcset=\"https:\/\/blogdofarnesio.com.br\/wp-content\/uploads\/2015\/03\/blogqspvaldir.jpg 448w, https:\/\/blogdofarnesio.com.br\/wp-content\/uploads\/2015\/03\/blogqspvaldir-300x141.jpg 300w\" sizes=\"auto, (max-width: 448px) 100vw, 448px\" \/><\/a>Est\u00e3o abertas no distrito de Po\u00e7o de Fora\/Cura\u00e7\u00e1 as inscri\u00e7\u00f5es para o programa ProJovem Campo &#8211; Saberes da Terra. O curso oferece qualifica\u00e7\u00e3o profissional e escolariza\u00e7\u00e3o aos\u00a0 jovens agricultores familiares de 18 a 28 anos que n\u00e3o conclu\u00edram o ensino fundamental. As inscri\u00e7\u00f5es podem ser realizadas no Col\u00e9gio Getulio Vargas at\u00e9 o dia 20 de junho e os interessados devem levar c\u00f3pias e originais da identidade, CPF, comprovante de resid\u00eancia e hist\u00f3rico escolar.<\/p>\n<p style=\"text-align: justify\">De acordo com o Professor Valdir Santos, o programa\u00a0visa ampliar o acesso e a qualidade da educa\u00e7\u00e3o a essa parcela da popula\u00e7\u00e3o historicamente exclu\u00eddas do processo educacional,\u00a0respeitando as caracter\u00edsticas, necessidades e pluralidade de g\u00eanero, \u00e9tnico-racial, cultural, geracional, pol\u00edtica, econ\u00f4mica, territorial e produtivas dos povos do campo.<\/p>\n<p style=\"text-align: justify\">Valdir diz ainda que os estudantes devidamente matriculados receber\u00e3o uma bolsa de R$ 100 reais a cada dois meses. \u201cAl\u00e9m disso, haver\u00e1 transporte escolar para os alunos que residem em outra comunidade e estamos disponibilizamos tamb\u00e9m uma sala de acolhimento para as jovens que tem filhos\u201d.<\/p>\n<p style=\"text-align: justify\">O curso, com dura\u00e7\u00e3o de dois anos, \u00e9 oferecido em sistema de altern\u00e2ncia \u2014 intercalando tempo-escola e tempo-comunidade. \u201c\u00c9 totalmente gratuito e esperamos preencher as 30 vagas\u201d, concluiu o professor.<\/p>\n","protected":false},"excerpt":{"rendered":"<p>Est\u00e3o abertas no distrito de Po\u00e7o de Fora\/Cura\u00e7\u00e1 as inscri\u00e7\u00f5es para o programa ProJovem Campo &#8211; Saberes da Terra. O curso oferece qualifica\u00e7\u00e3o profissional e escolariza\u00e7\u00e3o aos\u00a0 jovens agricultores familiares de 18 a 28 anos que n\u00e3o conclu\u00edram o ensino fundamental. As inscri\u00e7\u00f5es podem ser realizadas no Col\u00e9gio Getulio Vargas at\u00e9 o dia 20 de junho e os interessados devem levar c\u00f3pias e originais da identidade, CPF, comprovante de resid\u00eancia e hist\u00f3rico escolar. De acordo com o Professor Valdir Santos, o programa\u00a0visa ampliar o acesso e a qualidade da educa\u00e7\u00e3o a essa parcela da popula\u00e7\u00e3o historicamente exclu\u00eddas do processo educacional,\u00a0respeitando as caracter\u00edsticas, necessidades e pluralidade de g\u00eanero, \u00e9tnico-racial, cultural, geracional, pol\u00edtica, econ\u00f4mica, territorial e produtivas dos povos do campo. Valdir&hellip; <\/p>\n","protected":false},"author":7,"featured_media":0,"comment_status":"open","ping_status":"open","sticky":false,"template":"","format":"standard","meta":{"_acf_changed":false,"footnotes":""},"categories":[27,6],"tags":[],"class_list":["post-125162","post","type-post","status-publish","format-standard","hentry","category-cidades","category-educacao"],"acf":[],"yoast_head":"<!-- This site is optimized with the Yoast SEO plugin v27.4 - https:\/\/yoast.com\/product\/yoast-seo-wordpress\/ -->\n<title>EST\u00c3O ABERTAS AS INSCRI\u00c7\u00d5ES PARA PROJOVEM CAMPO \u2013 SABERES DA TERRA EM PO\u00c7O DE FORA - Blog do Farn\u00e9sio<\/title>\n<meta name=\"robots\" content=\"index, follow, max-snippet:-1, max-image-preview:large, max-video-preview:-1\" \/>\n<link rel=\"canonical\" href=\"https:\/\/blogdofarnesio.com.br\/?p=125162\" \/>\n<meta property=\"og:locale\" content=\"pt_BR\" \/>\n<meta property=\"og:type\" content=\"article\" \/>\n<meta property=\"og:title\" content=\"EST\u00c3O ABERTAS AS INSCRI\u00c7\u00d5ES PARA PROJOVEM CAMPO \u2013 SABERES DA TERRA EM PO\u00c7O DE FORA - Blog do Farn\u00e9sio\" \/>\n<meta property=\"og:description\" content=\"Est\u00e3o abertas no distrito de Po\u00e7o de Fora\/Cura\u00e7\u00e1 as inscri\u00e7\u00f5es para o programa ProJovem Campo &#8211; Saberes da Terra. O curso oferece qualifica\u00e7\u00e3o profissional e escolariza\u00e7\u00e3o aos\u00a0 jovens agricultores familiares de 18 a 28 anos que n\u00e3o conclu\u00edram o ensino fundamental. As inscri\u00e7\u00f5es podem ser realizadas no Col\u00e9gio Getulio Vargas at\u00e9 o dia 20 de junho e os interessados devem levar c\u00f3pias e originais da identidade, CPF, comprovante de resid\u00eancia e hist\u00f3rico escolar. De acordo com o Professor Valdir Santos, o programa\u00a0visa ampliar o acesso e a qualidade da educa\u00e7\u00e3o a essa parcela da popula\u00e7\u00e3o historicamente exclu\u00eddas do processo educacional,\u00a0respeitando as caracter\u00edsticas, necessidades e pluralidade de g\u00eanero, \u00e9tnico-racial, cultural, geracional, pol\u00edtica, econ\u00f4mica, territorial e produtivas dos povos do campo. Valdir&hellip;\" \/>\n<meta property=\"og:url\" content=\"https:\/\/blogdofarnesio.com.br\/?p=125162\" \/>\n<meta property=\"og:site_name\" content=\"Blog do Farn\u00e9sio\" \/>\n<meta property=\"article:publisher\" content=\"https:\/\/www.facebook.com\/BlogQuerSaberPolitica\/\" \/>\n<meta property=\"article:published_time\" content=\"2015-06-15T13:43:25+00:00\" \/>\n<meta property=\"og:image\" content=\"http:\/\/www.quersaberpolitica.com.br\/2016\/wp-content\/uploads\/2015\/03\/blogqspvaldir.jpg\" \/>\n<meta name=\"twitter:card\" content=\"summary_large_image\" \/>\n<meta name=\"twitter:label1\" content=\"Escrito por\" \/>\n\t<meta name=\"twitter:data1\" content=\"\" \/>\n\t<meta name=\"twitter:label2\" content=\"Est. tempo de leitura\" \/>\n\t<meta name=\"twitter:data2\" content=\"1 minuto\" \/>\n<script type=\"application\/ld+json\" class=\"yoast-schema-graph\">{\"@context\":\"https:\\\/\\\/schema.org\",\"@graph\":[{\"@type\":\"Article\",\"@id\":\"https:\\\/\\\/blogdofarnesio.com.br\\\/?p=125162#article\",\"isPartOf\":{\"@id\":\"https:\\\/\\\/blogdofarnesio.com.br\\\/?p=125162\"},\"author\":{\"name\":\"\",\"@id\":\"\"},\"headline\":\"EST\u00c3O ABERTAS AS INSCRI\u00c7\u00d5ES PARA PROJOVEM CAMPO \u2013 SABERES DA TERRA EM PO\u00c7O DE FORA\",\"datePublished\":\"2015-06-15T13:43:25+00:00\",\"mainEntityOfPage\":{\"@id\":\"https:\\\/\\\/blogdofarnesio.com.br\\\/?p=125162\"},\"wordCount\":231,\"commentCount\":0,\"publisher\":{\"@id\":\"https:\\\/\\\/blogdofarnesio.com.br\\\/#organization\"},\"image\":{\"@id\":\"https:\\\/\\\/blogdofarnesio.com.br\\\/?p=125162#primaryimage\"},\"thumbnailUrl\":\"http:\\\/\\\/www.quersaberpolitica.com.br\\\/2016\\\/wp-content\\\/uploads\\\/2015\\\/03\\\/blogqspvaldir.jpg\",\"articleSection\":[\"Cidades\",\"Educa\u00e7\u00e3o\"],\"inLanguage\":\"pt-BR\",\"potentialAction\":[{\"@type\":\"CommentAction\",\"name\":\"Comment\",\"target\":[\"https:\\\/\\\/blogdofarnesio.com.br\\\/?p=125162#respond\"]}]},{\"@type\":\"WebPage\",\"@id\":\"https:\\\/\\\/blogdofarnesio.com.br\\\/?p=125162\",\"url\":\"https:\\\/\\\/blogdofarnesio.com.br\\\/?p=125162\",\"name\":\"EST\u00c3O ABERTAS AS INSCRI\u00c7\u00d5ES PARA PROJOVEM CAMPO \u2013 SABERES DA TERRA EM PO\u00c7O DE FORA - Blog do Farn\u00e9sio\",\"isPartOf\":{\"@id\":\"https:\\\/\\\/blogdofarnesio.com.br\\\/#website\"},\"primaryImageOfPage\":{\"@id\":\"https:\\\/\\\/blogdofarnesio.com.br\\\/?p=125162#primaryimage\"},\"image\":{\"@id\":\"https:\\\/\\\/blogdofarnesio.com.br\\\/?p=125162#primaryimage\"},\"thumbnailUrl\":\"http:\\\/\\\/www.quersaberpolitica.com.br\\\/2016\\\/wp-content\\\/uploads\\\/2015\\\/03\\\/blogqspvaldir.jpg\",\"datePublished\":\"2015-06-15T13:43:25+00:00\",\"breadcrumb\":{\"@id\":\"https:\\\/\\\/blogdofarnesio.com.br\\\/?p=125162#breadcrumb\"},\"inLanguage\":\"pt-BR\",\"potentialAction\":[{\"@type\":\"ReadAction\",\"target\":[\"https:\\\/\\\/blogdofarnesio.com.br\\\/?p=125162\"]}]},{\"@type\":\"ImageObject\",\"inLanguage\":\"pt-BR\",\"@id\":\"https:\\\/\\\/blogdofarnesio.com.br\\\/?p=125162#primaryimage\",\"url\":\"http:\\\/\\\/www.quersaberpolitica.com.br\\\/2016\\\/wp-content\\\/uploads\\\/2015\\\/03\\\/blogqspvaldir.jpg\",\"contentUrl\":\"http:\\\/\\\/www.quersaberpolitica.com.br\\\/2016\\\/wp-content\\\/uploads\\\/2015\\\/03\\\/blogqspvaldir.jpg\"},{\"@type\":\"BreadcrumbList\",\"@id\":\"https:\\\/\\\/blogdofarnesio.com.br\\\/?p=125162#breadcrumb\",\"itemListElement\":[{\"@type\":\"ListItem\",\"position\":1,\"name\":\"In\u00edcio\",\"item\":\"https:\\\/\\\/blogdofarnesio.com.br\\\/\"},{\"@type\":\"ListItem\",\"position\":2,\"name\":\"EST\u00c3O ABERTAS AS INSCRI\u00c7\u00d5ES PARA PROJOVEM CAMPO \u2013 SABERES DA TERRA EM PO\u00c7O DE FORA\"}]},{\"@type\":\"WebSite\",\"@id\":\"https:\\\/\\\/blogdofarnesio.com.br\\\/#website\",\"url\":\"https:\\\/\\\/blogdofarnesio.com.br\\\/\",\"name\":\"Blog do Farn\u00e9sio\",\"description\":\"Quer Saber Pol\u00edtica?\",\"publisher\":{\"@id\":\"https:\\\/\\\/blogdofarnesio.com.br\\\/#organization\"},\"potentialAction\":[{\"@type\":\"SearchAction\",\"target\":{\"@type\":\"EntryPoint\",\"urlTemplate\":\"https:\\\/\\\/blogdofarnesio.com.br\\\/?s={search_term_string}\"},\"query-input\":{\"@type\":\"PropertyValueSpecification\",\"valueRequired\":true,\"valueName\":\"search_term_string\"}}],\"inLanguage\":\"pt-BR\"},{\"@type\":\"Organization\",\"@id\":\"https:\\\/\\\/blogdofarnesio.com.br\\\/#organization\",\"name\":\"Blog do Farn\u00e9sio\",\"url\":\"https:\\\/\\\/blogdofarnesio.com.br\\\/\",\"logo\":{\"@type\":\"ImageObject\",\"inLanguage\":\"pt-BR\",\"@id\":\"https:\\\/\\\/blogdofarnesio.com.br\\\/#\\\/schema\\\/logo\\\/image\\\/\",\"url\":\"https:\\\/\\\/blogdofarnesio.com.br\\\/wp-content\\\/uploads\\\/2026\\\/03\\\/cropped-logo_new-1.png\",\"contentUrl\":\"https:\\\/\\\/blogdofarnesio.com.br\\\/wp-content\\\/uploads\\\/2026\\\/03\\\/cropped-logo_new-1.png\",\"width\":881,\"height\":685,\"caption\":\"Blog do Farn\u00e9sio\"},\"image\":{\"@id\":\"https:\\\/\\\/blogdofarnesio.com.br\\\/#\\\/schema\\\/logo\\\/image\\\/\"},\"sameAs\":[\"https:\\\/\\\/www.facebook.com\\\/BlogQuerSaberPolitica\\\/\"]},{\"@type\":\"Person\",\"@id\":\"\",\"url\":\"https:\\\/\\\/blogdofarnesio.com.br\\\/?author=7\"}]}<\/script>\n<!-- \/ Yoast SEO plugin. -->","yoast_head_json":{"title":"EST\u00c3O ABERTAS AS INSCRI\u00c7\u00d5ES PARA PROJOVEM CAMPO \u2013 SABERES DA TERRA EM PO\u00c7O DE FORA - Blog do Farn\u00e9sio","robots":{"index":"index","follow":"follow","max-snippet":"max-snippet:-1","max-image-preview":"max-image-preview:large","max-video-preview":"max-video-preview:-1"},"canonical":"https:\/\/blogdofarnesio.com.br\/?p=125162","og_locale":"pt_BR","og_type":"article","og_title":"EST\u00c3O ABERTAS AS INSCRI\u00c7\u00d5ES PARA PROJOVEM CAMPO \u2013 SABERES DA TERRA EM PO\u00c7O DE FORA - Blog do Farn\u00e9sio","og_description":"Est\u00e3o abertas no distrito de Po\u00e7o de Fora\/Cura\u00e7\u00e1 as inscri\u00e7\u00f5es para o programa ProJovem Campo &#8211; Saberes da Terra. O curso oferece qualifica\u00e7\u00e3o profissional e escolariza\u00e7\u00e3o aos\u00a0 jovens agricultores familiares de 18 a 28 anos que n\u00e3o conclu\u00edram o ensino fundamental. As inscri\u00e7\u00f5es podem ser realizadas no Col\u00e9gio Getulio Vargas at\u00e9 o dia 20 de junho e os interessados devem levar c\u00f3pias e originais da identidade, CPF, comprovante de resid\u00eancia e hist\u00f3rico escolar. De acordo com o Professor Valdir Santos, o programa\u00a0visa ampliar o acesso e a qualidade da educa\u00e7\u00e3o a essa parcela da popula\u00e7\u00e3o historicamente exclu\u00eddas do processo educacional,\u00a0respeitando as caracter\u00edsticas, necessidades e pluralidade de g\u00eanero, \u00e9tnico-racial, cultural, geracional, pol\u00edtica, econ\u00f4mica, territorial e produtivas dos povos do campo. Valdir&hellip;","og_url":"https:\/\/blogdofarnesio.com.br\/?p=125162","og_site_name":"Blog do Farn\u00e9sio","article_publisher":"https:\/\/www.facebook.com\/BlogQuerSaberPolitica\/","article_published_time":"2015-06-15T13:43:25+00:00","og_image":[{"url":"http:\/\/www.quersaberpolitica.com.br\/2016\/wp-content\/uploads\/2015\/03\/blogqspvaldir.jpg","type":"","width":"","height":""}],"twitter_card":"summary_large_image","twitter_misc":{"Escrito por":"","Est. tempo de leitura":"1 minuto"},"schema":{"@context":"https:\/\/schema.org","@graph":[{"@type":"Article","@id":"https:\/\/blogdofarnesio.com.br\/?p=125162#article","isPartOf":{"@id":"https:\/\/blogdofarnesio.com.br\/?p=125162"},"author":{"name":"","@id":""},"headline":"EST\u00c3O ABERTAS AS INSCRI\u00c7\u00d5ES PARA PROJOVEM CAMPO \u2013 SABERES DA TERRA EM PO\u00c7O DE FORA","datePublished":"2015-06-15T13:43:25+00:00","mainEntityOfPage":{"@id":"https:\/\/blogdofarnesio.com.br\/?p=125162"},"wordCount":231,"commentCount":0,"publisher":{"@id":"https:\/\/blogdofarnesio.com.br\/#organization"},"image":{"@id":"https:\/\/blogdofarnesio.com.br\/?p=125162#primaryimage"},"thumbnailUrl":"http:\/\/www.quersaberpolitica.com.br\/2016\/wp-content\/uploads\/2015\/03\/blogqspvaldir.jpg","articleSection":["Cidades","Educa\u00e7\u00e3o"],"inLanguage":"pt-BR","potentialAction":[{"@type":"CommentAction","name":"Comment","target":["https:\/\/blogdofarnesio.com.br\/?p=125162#respond"]}]},{"@type":"WebPage","@id":"https:\/\/blogdofarnesio.com.br\/?p=125162","url":"https:\/\/blogdofarnesio.com.br\/?p=125162","name":"EST\u00c3O ABERTAS AS INSCRI\u00c7\u00d5ES PARA PROJOVEM CAMPO \u2013 SABERES DA TERRA EM PO\u00c7O DE FORA - Blog do Farn\u00e9sio","isPartOf":{"@id":"https:\/\/blogdofarnesio.com.br\/#website"},"primaryImageOfPage":{"@id":"https:\/\/blogdofarnesio.com.br\/?p=125162#primaryimage"},"image":{"@id":"https:\/\/blogdofarnesio.com.br\/?p=125162#primaryimage"},"thumbnailUrl":"http:\/\/www.quersaberpolitica.com.br\/2016\/wp-content\/uploads\/2015\/03\/blogqspvaldir.jpg","datePublished":"2015-06-15T13:43:25+00:00","breadcrumb":{"@id":"https:\/\/blogdofarnesio.com.br\/?p=125162#breadcrumb"},"inLanguage":"pt-BR","potentialAction":[{"@type":"ReadAction","target":["https:\/\/blogdofarnesio.com.br\/?p=125162"]}]},{"@type":"ImageObject","inLanguage":"pt-BR","@id":"https:\/\/blogdofarnesio.com.br\/?p=125162#primaryimage","url":"http:\/\/www.quersaberpolitica.com.br\/2016\/wp-content\/uploads\/2015\/03\/blogqspvaldir.jpg","contentUrl":"http:\/\/www.quersaberpolitica.com.br\/2016\/wp-content\/uploads\/2015\/03\/blogqspvaldir.jpg"},{"@type":"BreadcrumbList","@id":"https:\/\/blogdofarnesio.com.br\/?p=125162#breadcrumb","itemListElement":[{"@type":"ListItem","position":1,"name":"In\u00edcio","item":"https:\/\/blogdofarnesio.com.br\/"},{"@type":"ListItem","position":2,"name":"EST\u00c3O ABERTAS AS INSCRI\u00c7\u00d5ES PARA PROJOVEM CAMPO \u2013 SABERES DA TERRA EM PO\u00c7O DE FORA"}]},{"@type":"WebSite","@id":"https:\/\/blogdofarnesio.com.br\/#website","url":"https:\/\/blogdofarnesio.com.br\/","name":"Blog do Farn\u00e9sio","description":"Quer Saber Pol\u00edtica?","publisher":{"@id":"https:\/\/blogdofarnesio.com.br\/#organization"},"potentialAction":[{"@type":"SearchAction","target":{"@type":"EntryPoint","urlTemplate":"https:\/\/blogdofarnesio.com.br\/?s={search_term_string}"},"query-input":{"@type":"PropertyValueSpecification","valueRequired":true,"valueName":"search_term_string"}}],"inLanguage":"pt-BR"},{"@type":"Organization","@id":"https:\/\/blogdofarnesio.com.br\/#organization","name":"Blog do Farn\u00e9sio","url":"https:\/\/blogdofarnesio.com.br\/","logo":{"@type":"ImageObject","inLanguage":"pt-BR","@id":"https:\/\/blogdofarnesio.com.br\/#\/schema\/logo\/image\/","url":"https:\/\/blogdofarnesio.com.br\/wp-content\/uploads\/2026\/03\/cropped-logo_new-1.png","contentUrl":"https:\/\/blogdofarnesio.com.br\/wp-content\/uploads\/2026\/03\/cropped-logo_new-1.png","width":881,"height":685,"caption":"Blog do Farn\u00e9sio"},"image":{"@id":"https:\/\/blogdofarnesio.com.br\/#\/schema\/logo\/image\/"},"sameAs":["https:\/\/www.facebook.com\/BlogQuerSaberPolitica\/"]},{"@type":"Person","@id":"","url":"https:\/\/blogdofarnesio.com.br\/?author=7"}]}},"_links":{"self":[{"href":"https:\/\/blogdofarnesio.com.br\/index.php?rest_route=\/wp\/v2\/posts\/125162","targetHints":{"allow":["GET"]}}],"collection":[{"href":"https:\/\/blogdofarnesio.com.br\/index.php?rest_route=\/wp\/v2\/posts"}],"about":[{"href":"https:\/\/blogdofarnesio.com.br\/index.php?rest_route=\/wp\/v2\/types\/post"}],"author":[{"embeddable":true,"href":"https:\/\/blogdofarnesio.com.br\/index.php?rest_route=\/wp\/v2\/users\/7"}],"replies":[{"embeddable":true,"href":"https:\/\/blogdofarnesio.com.br\/index.php?rest_route=%2Fwp%2Fv2%2Fcomments&post=125162"}],"version-history":[{"count":0,"href":"https:\/\/blogdofarnesio.com.br\/index.php?rest_route=\/wp\/v2\/posts\/125162\/revisions"}],"wp:attachment":[{"href":"https:\/\/blogdofarnesio.com.br\/index.php?rest_route=%2Fwp%2Fv2%2Fmedia&parent=125162"}],"wp:term":[{"taxonomy":"category","embeddable":true,"href":"https:\/\/blogdofarnesio.com.br\/index.php?rest_route=%2Fwp%2Fv2%2Fcategories&post=125162"},{"taxonomy":"post_tag","embeddable":true,"href":"https:\/\/blogdofarnesio.com.br\/index.php?rest_route=%2Fwp%2Fv2%2Ftags&post=125162"}],"curies":[{"name":"wp","href":"https:\/\/api.w.org\/{rel}","templated":true}]}}