{"id":125133,"date":"2015-06-14T13:00:43","date_gmt":"2015-06-14T16:00:43","guid":{"rendered":"http:\/\/www.quersaberpolitica.com.br\/?p=125133"},"modified":"2015-06-14T10:08:27","modified_gmt":"2015-06-14T13:08:27","slug":"fabricio-verdum-finaliza-velasques-e-fica-com-o-cinturao-dos-pesados-do-ufc","status":"publish","type":"post","link":"https:\/\/blogdofarnesio.com.br\/?p=125133","title":{"rendered":"FABR\u00cdCIO VERDUM FINALIZA VELASQUES E FICA COM O CINTUR\u00c3O DOS PESADOS DO UFC"},"content":{"rendered":"<div class=\"box-title\">\n<h2>por Felipe Santana<\/h2>\n<\/div>\n<div class=\"box-body\">\n<div class=\"text-center\">\n<div class=\"box-img\"><img decoding=\"async\" class=\"img-center img-responsive aligncenter\" src=\"http:\/\/www.bahianoticias.com.br\/fotos\/esportes_noticias\/36394\/xIMAGEM_NOTICIA_5.jpg.pagespeed.ic.YLsAt1gS9P.jpg\" alt=\"UFC: Fabr\u00edcio Werdum finaliza Cain Valasquez e fica com cintur\u00e3o dos pesados\" \/><\/p>\n<div class=\"img-legenda\">Foto: Getty Images<\/div>\n<\/div>\n<\/div>\n<div class=\"text-descricao\" style=\"text-align: justify\">O cintur\u00e3o dos pesos pesados \u00e9 do Brasil. No in\u00edcio da manh\u00e3 deste domingo (14), na Cidade do M\u00e9xico, na luta principal do UFC 188, o brasileiro Fabr\u00edcio Werdum colocou o temido norte-americano Cain Velasquez no ch\u00e3o do oct\u00f3gono e finalizou o advers\u00e1rio com uma bela guilhotina, no terceiro roundo da luta, aos 2 minutos e 13 segundos.<\/div>\n<div class=\"text-descricao\" style=\"text-align: justify\"><\/div>\n<div class=\"text-descricao\" style=\"text-align: justify\">Aos 37 anos, o ga\u00facho conquistou o sexto triunfo consecutivo e o 20\u00ba na carreira dentro do UFC. &#8220;Quero agradecer a todos. Todos devem respeitar o Cain, assim como eu respeito. Quero agradecer ao meu pa\u00eds, e principalmente a minha equipe. Uma luta aguerrida que, com certeza, vai ter revanche&#8221;, comentou ap\u00f3s o triunfo.<\/div>\n<div class=\"text-descricao\" style=\"text-align: justify\"><\/div>\n<div class=\"text-descricao\" style=\"text-align: justify\">Este combate representou o retorno de Cain Velasquz ao oct\u00f3gono ap\u00f3s um longo per\u00edodo. A \u00faltima apresenta\u00e7\u00e3o havia acontecido em outubro de 2013, quando o norte-americano venceu pela segunda vez J\u00fanior Cigano. Por outro lado, para o Brasil, a conquista de Werdum significa o terceiro cintur\u00e3o em solo brasileiro.. Al\u00e9m dele o pa\u00eds \u00e9 representado por\u00a0Rafael dos Anjos (leve) e Jos\u00e9 Aldo (pena).<\/div>\n<\/div>\n","protected":false},"excerpt":{"rendered":"<p>por Felipe Santana Foto: Getty Images O cintur\u00e3o dos pesos pesados \u00e9 do Brasil. No in\u00edcio da manh\u00e3 deste domingo (14), na Cidade do M\u00e9xico, na luta principal do UFC 188, o brasileiro Fabr\u00edcio Werdum colocou o temido norte-americano Cain Velasquez no ch\u00e3o do oct\u00f3gono e finalizou o advers\u00e1rio com uma bela guilhotina, no terceiro roundo da luta, aos 2 minutos e 13 segundos. Aos 37 anos, o ga\u00facho conquistou o sexto triunfo consecutivo e o 20\u00ba na carreira dentro do UFC. &#8220;Quero agradecer a todos. Todos devem respeitar o Cain, assim como eu respeito. Quero agradecer ao meu pa\u00eds, e principalmente a minha equipe. Uma luta aguerrida que, com certeza, vai ter revanche&#8221;, comentou ap\u00f3s o triunfo. Este combate&hellip; <\/p>\n","protected":false},"author":3,"featured_media":0,"comment_status":"open","ping_status":"open","sticky":false,"template":"","format":"standard","meta":{"_acf_changed":false,"footnotes":""},"categories":[8],"tags":[],"class_list":["post-125133","post","type-post","status-publish","format-standard","hentry","category-esportes"],"acf":[],"yoast_head":"<!-- This site is optimized with the Yoast SEO plugin v27.4 - https:\/\/yoast.com\/product\/yoast-seo-wordpress\/ -->\n<title>FABR\u00cdCIO VERDUM FINALIZA VELASQUES E FICA COM O CINTUR\u00c3O DOS PESADOS DO UFC - Blog do Farn\u00e9sio<\/title>\n<meta name=\"robots\" content=\"index, follow, max-snippet:-1, max-image-preview:large, max-video-preview:-1\" \/>\n<link rel=\"canonical\" href=\"https:\/\/blogdofarnesio.com.br\/?p=125133\" \/>\n<meta property=\"og:locale\" content=\"pt_BR\" \/>\n<meta property=\"og:type\" content=\"article\" \/>\n<meta property=\"og:title\" content=\"FABR\u00cdCIO VERDUM FINALIZA VELASQUES E FICA COM O CINTUR\u00c3O DOS PESADOS DO UFC - Blog do Farn\u00e9sio\" \/>\n<meta property=\"og:description\" content=\"por Felipe Santana Foto: Getty Images O cintur\u00e3o dos pesos pesados \u00e9 do Brasil. No in\u00edcio da manh\u00e3 deste domingo (14), na Cidade do M\u00e9xico, na luta principal do UFC 188, o brasileiro Fabr\u00edcio Werdum colocou o temido norte-americano Cain Velasquez no ch\u00e3o do oct\u00f3gono e finalizou o advers\u00e1rio com uma bela guilhotina, no terceiro roundo da luta, aos 2 minutos e 13 segundos. Aos 37 anos, o ga\u00facho conquistou o sexto triunfo consecutivo e o 20\u00ba na carreira dentro do UFC. &#8220;Quero agradecer a todos. Todos devem respeitar o Cain, assim como eu respeito. Quero agradecer ao meu pa\u00eds, e principalmente a minha equipe. Uma luta aguerrida que, com certeza, vai ter revanche&#8221;, comentou ap\u00f3s o triunfo. Este combate&hellip;\" \/>\n<meta property=\"og:url\" content=\"https:\/\/blogdofarnesio.com.br\/?p=125133\" \/>\n<meta property=\"og:site_name\" content=\"Blog do Farn\u00e9sio\" \/>\n<meta property=\"article:publisher\" content=\"https:\/\/www.facebook.com\/BlogQuerSaberPolitica\/\" \/>\n<meta property=\"article:published_time\" content=\"2015-06-14T16:00:43+00:00\" \/>\n<meta property=\"og:image\" content=\"http:\/\/www.bahianoticias.com.br\/fotos\/esportes_noticias\/36394\/xIMAGEM_NOTICIA_5.jpg.pagespeed.ic.YLsAt1gS9P.jpg\" \/>\n<meta name=\"author\" content=\"teste\" \/>\n<meta name=\"twitter:card\" content=\"summary_large_image\" \/>\n<meta name=\"twitter:label1\" content=\"Escrito por\" \/>\n\t<meta name=\"twitter:data1\" content=\"teste\" \/>\n\t<meta name=\"twitter:label2\" content=\"Est. tempo de leitura\" \/>\n\t<meta name=\"twitter:data2\" content=\"1 minuto\" \/>\n<script type=\"application\/ld+json\" class=\"yoast-schema-graph\">{\"@context\":\"https:\\\/\\\/schema.org\",\"@graph\":[{\"@type\":\"Article\",\"@id\":\"https:\\\/\\\/blogdofarnesio.com.br\\\/?p=125133#article\",\"isPartOf\":{\"@id\":\"https:\\\/\\\/blogdofarnesio.com.br\\\/?p=125133\"},\"author\":{\"name\":\"teste\",\"@id\":\"https:\\\/\\\/blogdofarnesio.com.br\\\/#\\\/schema\\\/person\\\/dd1bf5eba40b687199ba45ca6b97dff9\"},\"headline\":\"FABR\u00cdCIO VERDUM FINALIZA VELASQUES E FICA COM O CINTUR\u00c3O DOS PESADOS DO UFC\",\"datePublished\":\"2015-06-14T16:00:43+00:00\",\"mainEntityOfPage\":{\"@id\":\"https:\\\/\\\/blogdofarnesio.com.br\\\/?p=125133\"},\"wordCount\":206,\"commentCount\":0,\"publisher\":{\"@id\":\"https:\\\/\\\/blogdofarnesio.com.br\\\/#organization\"},\"image\":{\"@id\":\"https:\\\/\\\/blogdofarnesio.com.br\\\/?p=125133#primaryimage\"},\"thumbnailUrl\":\"http:\\\/\\\/www.bahianoticias.com.br\\\/fotos\\\/esportes_noticias\\\/36394\\\/xIMAGEM_NOTICIA_5.jpg.pagespeed.ic.YLsAt1gS9P.jpg\",\"articleSection\":[\"Esportes\"],\"inLanguage\":\"pt-BR\",\"potentialAction\":[{\"@type\":\"CommentAction\",\"name\":\"Comment\",\"target\":[\"https:\\\/\\\/blogdofarnesio.com.br\\\/?p=125133#respond\"]}]},{\"@type\":\"WebPage\",\"@id\":\"https:\\\/\\\/blogdofarnesio.com.br\\\/?p=125133\",\"url\":\"https:\\\/\\\/blogdofarnesio.com.br\\\/?p=125133\",\"name\":\"FABR\u00cdCIO VERDUM FINALIZA VELASQUES E FICA COM O CINTUR\u00c3O DOS PESADOS DO UFC - Blog do Farn\u00e9sio\",\"isPartOf\":{\"@id\":\"https:\\\/\\\/blogdofarnesio.com.br\\\/#website\"},\"primaryImageOfPage\":{\"@id\":\"https:\\\/\\\/blogdofarnesio.com.br\\\/?p=125133#primaryimage\"},\"image\":{\"@id\":\"https:\\\/\\\/blogdofarnesio.com.br\\\/?p=125133#primaryimage\"},\"thumbnailUrl\":\"http:\\\/\\\/www.bahianoticias.com.br\\\/fotos\\\/esportes_noticias\\\/36394\\\/xIMAGEM_NOTICIA_5.jpg.pagespeed.ic.YLsAt1gS9P.jpg\",\"datePublished\":\"2015-06-14T16:00:43+00:00\",\"breadcrumb\":{\"@id\":\"https:\\\/\\\/blogdofarnesio.com.br\\\/?p=125133#breadcrumb\"},\"inLanguage\":\"pt-BR\",\"potentialAction\":[{\"@type\":\"ReadAction\",\"target\":[\"https:\\\/\\\/blogdofarnesio.com.br\\\/?p=125133\"]}]},{\"@type\":\"ImageObject\",\"inLanguage\":\"pt-BR\",\"@id\":\"https:\\\/\\\/blogdofarnesio.com.br\\\/?p=125133#primaryimage\",\"url\":\"http:\\\/\\\/www.bahianoticias.com.br\\\/fotos\\\/esportes_noticias\\\/36394\\\/xIMAGEM_NOTICIA_5.jpg.pagespeed.ic.YLsAt1gS9P.jpg\",\"contentUrl\":\"http:\\\/\\\/www.bahianoticias.com.br\\\/fotos\\\/esportes_noticias\\\/36394\\\/xIMAGEM_NOTICIA_5.jpg.pagespeed.ic.YLsAt1gS9P.jpg\"},{\"@type\":\"BreadcrumbList\",\"@id\":\"https:\\\/\\\/blogdofarnesio.com.br\\\/?p=125133#breadcrumb\",\"itemListElement\":[{\"@type\":\"ListItem\",\"position\":1,\"name\":\"In\u00edcio\",\"item\":\"https:\\\/\\\/blogdofarnesio.com.br\\\/\"},{\"@type\":\"ListItem\",\"position\":2,\"name\":\"FABR\u00cdCIO VERDUM FINALIZA VELASQUES E FICA COM O CINTUR\u00c3O DOS PESADOS DO UFC\"}]},{\"@type\":\"WebSite\",\"@id\":\"https:\\\/\\\/blogdofarnesio.com.br\\\/#website\",\"url\":\"https:\\\/\\\/blogdofarnesio.com.br\\\/\",\"name\":\"Blog do Farn\u00e9sio\",\"description\":\"Quer Saber Pol\u00edtica?\",\"publisher\":{\"@id\":\"https:\\\/\\\/blogdofarnesio.com.br\\\/#organization\"},\"potentialAction\":[{\"@type\":\"SearchAction\",\"target\":{\"@type\":\"EntryPoint\",\"urlTemplate\":\"https:\\\/\\\/blogdofarnesio.com.br\\\/?s={search_term_string}\"},\"query-input\":{\"@type\":\"PropertyValueSpecification\",\"valueRequired\":true,\"valueName\":\"search_term_string\"}}],\"inLanguage\":\"pt-BR\"},{\"@type\":\"Organization\",\"@id\":\"https:\\\/\\\/blogdofarnesio.com.br\\\/#organization\",\"name\":\"Blog do Farn\u00e9sio\",\"url\":\"https:\\\/\\\/blogdofarnesio.com.br\\\/\",\"logo\":{\"@type\":\"ImageObject\",\"inLanguage\":\"pt-BR\",\"@id\":\"https:\\\/\\\/blogdofarnesio.com.br\\\/#\\\/schema\\\/logo\\\/image\\\/\",\"url\":\"https:\\\/\\\/blogdofarnesio.com.br\\\/wp-content\\\/uploads\\\/2026\\\/03\\\/cropped-logo_new-1.png\",\"contentUrl\":\"https:\\\/\\\/blogdofarnesio.com.br\\\/wp-content\\\/uploads\\\/2026\\\/03\\\/cropped-logo_new-1.png\",\"width\":881,\"height\":685,\"caption\":\"Blog do Farn\u00e9sio\"},\"image\":{\"@id\":\"https:\\\/\\\/blogdofarnesio.com.br\\\/#\\\/schema\\\/logo\\\/image\\\/\"},\"sameAs\":[\"https:\\\/\\\/www.facebook.com\\\/BlogQuerSaberPolitica\\\/\"]},{\"@type\":\"Person\",\"@id\":\"https:\\\/\\\/blogdofarnesio.com.br\\\/#\\\/schema\\\/person\\\/dd1bf5eba40b687199ba45ca6b97dff9\",\"name\":\"teste\",\"image\":{\"@type\":\"ImageObject\",\"inLanguage\":\"pt-BR\",\"@id\":\"https:\\\/\\\/secure.gravatar.com\\\/avatar\\\/2172498d4914b51e1d89a0f97957b035ac4938723a5cac208135d389b6972a6d?s=96&d=mm&r=g\",\"url\":\"https:\\\/\\\/secure.gravatar.com\\\/avatar\\\/2172498d4914b51e1d89a0f97957b035ac4938723a5cac208135d389b6972a6d?s=96&d=mm&r=g\",\"contentUrl\":\"https:\\\/\\\/secure.gravatar.com\\\/avatar\\\/2172498d4914b51e1d89a0f97957b035ac4938723a5cac208135d389b6972a6d?s=96&d=mm&r=g\",\"caption\":\"teste\"},\"url\":\"https:\\\/\\\/blogdofarnesio.com.br\\\/?author=3\"}]}<\/script>\n<!-- \/ Yoast SEO plugin. -->","yoast_head_json":{"title":"FABR\u00cdCIO VERDUM FINALIZA VELASQUES E FICA COM O CINTUR\u00c3O DOS PESADOS DO UFC - Blog do Farn\u00e9sio","robots":{"index":"index","follow":"follow","max-snippet":"max-snippet:-1","max-image-preview":"max-image-preview:large","max-video-preview":"max-video-preview:-1"},"canonical":"https:\/\/blogdofarnesio.com.br\/?p=125133","og_locale":"pt_BR","og_type":"article","og_title":"FABR\u00cdCIO VERDUM FINALIZA VELASQUES E FICA COM O CINTUR\u00c3O DOS PESADOS DO UFC - Blog do Farn\u00e9sio","og_description":"por Felipe Santana Foto: Getty Images O cintur\u00e3o dos pesos pesados \u00e9 do Brasil. No in\u00edcio da manh\u00e3 deste domingo (14), na Cidade do M\u00e9xico, na luta principal do UFC 188, o brasileiro Fabr\u00edcio Werdum colocou o temido norte-americano Cain Velasquez no ch\u00e3o do oct\u00f3gono e finalizou o advers\u00e1rio com uma bela guilhotina, no terceiro roundo da luta, aos 2 minutos e 13 segundos. Aos 37 anos, o ga\u00facho conquistou o sexto triunfo consecutivo e o 20\u00ba na carreira dentro do UFC. &#8220;Quero agradecer a todos. Todos devem respeitar o Cain, assim como eu respeito. Quero agradecer ao meu pa\u00eds, e principalmente a minha equipe. Uma luta aguerrida que, com certeza, vai ter revanche&#8221;, comentou ap\u00f3s o triunfo. Este combate&hellip;","og_url":"https:\/\/blogdofarnesio.com.br\/?p=125133","og_site_name":"Blog do Farn\u00e9sio","article_publisher":"https:\/\/www.facebook.com\/BlogQuerSaberPolitica\/","article_published_time":"2015-06-14T16:00:43+00:00","og_image":[{"url":"http:\/\/www.bahianoticias.com.br\/fotos\/esportes_noticias\/36394\/xIMAGEM_NOTICIA_5.jpg.pagespeed.ic.YLsAt1gS9P.jpg","type":"","width":"","height":""}],"author":"teste","twitter_card":"summary_large_image","twitter_misc":{"Escrito por":"teste","Est. tempo de leitura":"1 minuto"},"schema":{"@context":"https:\/\/schema.org","@graph":[{"@type":"Article","@id":"https:\/\/blogdofarnesio.com.br\/?p=125133#article","isPartOf":{"@id":"https:\/\/blogdofarnesio.com.br\/?p=125133"},"author":{"name":"teste","@id":"https:\/\/blogdofarnesio.com.br\/#\/schema\/person\/dd1bf5eba40b687199ba45ca6b97dff9"},"headline":"FABR\u00cdCIO VERDUM FINALIZA VELASQUES E FICA COM O CINTUR\u00c3O DOS PESADOS DO UFC","datePublished":"2015-06-14T16:00:43+00:00","mainEntityOfPage":{"@id":"https:\/\/blogdofarnesio.com.br\/?p=125133"},"wordCount":206,"commentCount":0,"publisher":{"@id":"https:\/\/blogdofarnesio.com.br\/#organization"},"image":{"@id":"https:\/\/blogdofarnesio.com.br\/?p=125133#primaryimage"},"thumbnailUrl":"http:\/\/www.bahianoticias.com.br\/fotos\/esportes_noticias\/36394\/xIMAGEM_NOTICIA_5.jpg.pagespeed.ic.YLsAt1gS9P.jpg","articleSection":["Esportes"],"inLanguage":"pt-BR","potentialAction":[{"@type":"CommentAction","name":"Comment","target":["https:\/\/blogdofarnesio.com.br\/?p=125133#respond"]}]},{"@type":"WebPage","@id":"https:\/\/blogdofarnesio.com.br\/?p=125133","url":"https:\/\/blogdofarnesio.com.br\/?p=125133","name":"FABR\u00cdCIO VERDUM FINALIZA VELASQUES E FICA COM O CINTUR\u00c3O DOS PESADOS DO UFC - Blog do Farn\u00e9sio","isPartOf":{"@id":"https:\/\/blogdofarnesio.com.br\/#website"},"primaryImageOfPage":{"@id":"https:\/\/blogdofarnesio.com.br\/?p=125133#primaryimage"},"image":{"@id":"https:\/\/blogdofarnesio.com.br\/?p=125133#primaryimage"},"thumbnailUrl":"http:\/\/www.bahianoticias.com.br\/fotos\/esportes_noticias\/36394\/xIMAGEM_NOTICIA_5.jpg.pagespeed.ic.YLsAt1gS9P.jpg","datePublished":"2015-06-14T16:00:43+00:00","breadcrumb":{"@id":"https:\/\/blogdofarnesio.com.br\/?p=125133#breadcrumb"},"inLanguage":"pt-BR","potentialAction":[{"@type":"ReadAction","target":["https:\/\/blogdofarnesio.com.br\/?p=125133"]}]},{"@type":"ImageObject","inLanguage":"pt-BR","@id":"https:\/\/blogdofarnesio.com.br\/?p=125133#primaryimage","url":"http:\/\/www.bahianoticias.com.br\/fotos\/esportes_noticias\/36394\/xIMAGEM_NOTICIA_5.jpg.pagespeed.ic.YLsAt1gS9P.jpg","contentUrl":"http:\/\/www.bahianoticias.com.br\/fotos\/esportes_noticias\/36394\/xIMAGEM_NOTICIA_5.jpg.pagespeed.ic.YLsAt1gS9P.jpg"},{"@type":"BreadcrumbList","@id":"https:\/\/blogdofarnesio.com.br\/?p=125133#breadcrumb","itemListElement":[{"@type":"ListItem","position":1,"name":"In\u00edcio","item":"https:\/\/blogdofarnesio.com.br\/"},{"@type":"ListItem","position":2,"name":"FABR\u00cdCIO VERDUM FINALIZA VELASQUES E FICA COM O CINTUR\u00c3O DOS PESADOS DO UFC"}]},{"@type":"WebSite","@id":"https:\/\/blogdofarnesio.com.br\/#website","url":"https:\/\/blogdofarnesio.com.br\/","name":"Blog do Farn\u00e9sio","description":"Quer Saber Pol\u00edtica?","publisher":{"@id":"https:\/\/blogdofarnesio.com.br\/#organization"},"potentialAction":[{"@type":"SearchAction","target":{"@type":"EntryPoint","urlTemplate":"https:\/\/blogdofarnesio.com.br\/?s={search_term_string}"},"query-input":{"@type":"PropertyValueSpecification","valueRequired":true,"valueName":"search_term_string"}}],"inLanguage":"pt-BR"},{"@type":"Organization","@id":"https:\/\/blogdofarnesio.com.br\/#organization","name":"Blog do Farn\u00e9sio","url":"https:\/\/blogdofarnesio.com.br\/","logo":{"@type":"ImageObject","inLanguage":"pt-BR","@id":"https:\/\/blogdofarnesio.com.br\/#\/schema\/logo\/image\/","url":"https:\/\/blogdofarnesio.com.br\/wp-content\/uploads\/2026\/03\/cropped-logo_new-1.png","contentUrl":"https:\/\/blogdofarnesio.com.br\/wp-content\/uploads\/2026\/03\/cropped-logo_new-1.png","width":881,"height":685,"caption":"Blog do Farn\u00e9sio"},"image":{"@id":"https:\/\/blogdofarnesio.com.br\/#\/schema\/logo\/image\/"},"sameAs":["https:\/\/www.facebook.com\/BlogQuerSaberPolitica\/"]},{"@type":"Person","@id":"https:\/\/blogdofarnesio.com.br\/#\/schema\/person\/dd1bf5eba40b687199ba45ca6b97dff9","name":"teste","image":{"@type":"ImageObject","inLanguage":"pt-BR","@id":"https:\/\/secure.gravatar.com\/avatar\/2172498d4914b51e1d89a0f97957b035ac4938723a5cac208135d389b6972a6d?s=96&d=mm&r=g","url":"https:\/\/secure.gravatar.com\/avatar\/2172498d4914b51e1d89a0f97957b035ac4938723a5cac208135d389b6972a6d?s=96&d=mm&r=g","contentUrl":"https:\/\/secure.gravatar.com\/avatar\/2172498d4914b51e1d89a0f97957b035ac4938723a5cac208135d389b6972a6d?s=96&d=mm&r=g","caption":"teste"},"url":"https:\/\/blogdofarnesio.com.br\/?author=3"}]}},"_links":{"self":[{"href":"https:\/\/blogdofarnesio.com.br\/index.php?rest_route=\/wp\/v2\/posts\/125133","targetHints":{"allow":["GET"]}}],"collection":[{"href":"https:\/\/blogdofarnesio.com.br\/index.php?rest_route=\/wp\/v2\/posts"}],"about":[{"href":"https:\/\/blogdofarnesio.com.br\/index.php?rest_route=\/wp\/v2\/types\/post"}],"author":[{"embeddable":true,"href":"https:\/\/blogdofarnesio.com.br\/index.php?rest_route=\/wp\/v2\/users\/3"}],"replies":[{"embeddable":true,"href":"https:\/\/blogdofarnesio.com.br\/index.php?rest_route=%2Fwp%2Fv2%2Fcomments&post=125133"}],"version-history":[{"count":0,"href":"https:\/\/blogdofarnesio.com.br\/index.php?rest_route=\/wp\/v2\/posts\/125133\/revisions"}],"wp:attachment":[{"href":"https:\/\/blogdofarnesio.com.br\/index.php?rest_route=%2Fwp%2Fv2%2Fmedia&parent=125133"}],"wp:term":[{"taxonomy":"category","embeddable":true,"href":"https:\/\/blogdofarnesio.com.br\/index.php?rest_route=%2Fwp%2Fv2%2Fcategories&post=125133"},{"taxonomy":"post_tag","embeddable":true,"href":"https:\/\/blogdofarnesio.com.br\/index.php?rest_route=%2Fwp%2Fv2%2Ftags&post=125133"}],"curies":[{"name":"wp","href":"https:\/\/api.w.org\/{rel}","templated":true}]}}