{"id":125072,"date":"2015-06-14T12:00:00","date_gmt":"2015-06-14T15:00:00","guid":{"rendered":"http:\/\/www.quersaberpolitica.com.br\/?p=125072"},"modified":"2015-06-14T10:23:23","modified_gmt":"2015-06-14T13:23:23","slug":"equipe-do-telessaude-rit-vale-se-reune-com-profissionais-de-saude-de-lagoa-grande","status":"publish","type":"post","link":"https:\/\/blogdofarnesio.com.br\/?p=125072","title":{"rendered":"EQUIPE DO TELESSA\u00daDE RIT VALE SE RE\u00daNE COM PROFISSIONAIS DE SA\u00daDE DE LAGOA GRANDE"},"content":{"rendered":"<p style=\"text-align: justify\"><a href=\"http:\/\/www.quersaberpolitica.com.br\/2016\/wp-content\/uploads\/2015\/06\/blogqsp-Programa-Telessa\u00fade-RIT-VALE-petrolina.jpg\"><img loading=\"lazy\" decoding=\"async\" class=\" size-medium wp-image-125073 aligncenter\" src=\"http:\/\/www.quersaberpolitica.com.br\/2016\/wp-content\/uploads\/2015\/06\/blogqsp-Programa-Telessa\u00fade-RIT-VALE-petrolina-300x169.jpg\" alt=\"blogqsp-Programa Telessa\u00fade RIT-VALE-petrolina\" width=\"300\" height=\"169\" srcset=\"https:\/\/blogdofarnesio.com.br\/wp-content\/uploads\/2015\/06\/blogqsp-Programa-Telessa\u00fade-RIT-VALE-petrolina-300x169.jpg 300w, https:\/\/blogdofarnesio.com.br\/wp-content\/uploads\/2015\/06\/blogqsp-Programa-Telessa\u00fade-RIT-VALE-petrolina.jpg 448w\" sizes=\"auto, (max-width: 300px) 100vw, 300px\" \/><\/a><\/p>\n<p style=\"text-align: justify\">O\u00a0Programa Telessa\u00fade RIT-VALE, concebido pelo Minist\u00e9rio da Sa\u00fade (MS) e desenvolvido pela Secretaria Municipal de Sa\u00fade de Petrolina, realizou nesta quarta-feira, 10, a forma\u00e7\u00e3o de oito Equipes de Sa\u00fade da Fam\u00edlia do munic\u00edpio de Lagoa Grande com m\u00e9dicos e enfermeiros.<\/p>\n<p style=\"text-align: justify\">\u201cRealizamos um encontro de atualiza\u00e7\u00e3o e integra\u00e7\u00e3o dos instrumentos de teleconsultorias e segunda opini\u00e3o formativa aos profissionais de sa\u00fade, com o objetivo de melhorar a forma de consultar a popula\u00e7\u00e3o e, principalmente, aumentar a efic\u00e1cia dos tratamentos\u201d, explicou o coordenador do programa Silvoney Junior.<\/p>\n<p style=\"text-align: justify\">A incorpora\u00e7\u00e3o do\u00a0Telessa\u00fade na Aten\u00e7\u00e3o B\u00e1sica possibilita a redu\u00e7\u00e3o de encaminhamentos aos especialistas, melhora as informa\u00e7\u00f5es dos profissionais de sa\u00fade sobre as diversas doen\u00e7as, aumenta a capacidade dos profissionais em realizar diferentes formas de tratamentos e d\u00e1 uma resposta mais r\u00e1pida e eficiente \u00e0 popula\u00e7\u00e3o.<\/p>\n<p style=\"text-align: justify\"><!--more--><\/p>\n<p style=\"text-align: justify\">\u201cEste programa tem sido muito exitoso em abril registramos 95,7% das quest\u00f5es resolvidas com 100% de usu\u00e1rios satisfeitos e\/ou muito satisfeitos, dados bastante significativos e positivos para o munic\u00edpio, pois mostra que o Telessa\u00fade tem dado resolutividade as demandas dos profissionais e, consequentemente, do usu\u00e1rio\u201d, disse a secret\u00e1ria de Sa\u00fade Lucia Giesta.<\/p>\n<p style=\"text-align: justify\">Atualmente, o Telessa\u00fade Rit Vale conta com 224 pontos em 23 munic\u00edpios e mais de 800 profissionais vinculados ao programa\u00a0que visa melhorar a qualidade do atendimento e da aten\u00e7\u00e3o b\u00e1sica no Sistema \u00danico da Sa\u00fade (SUS), por meio de ferramentas de tecnologias da informa\u00e7\u00e3o.<\/p>\n<p><em><strong>Gabriella Moura<\/strong><\/em><\/p>\n","protected":false},"excerpt":{"rendered":"<p>O\u00a0Programa Telessa\u00fade RIT-VALE, concebido pelo Minist\u00e9rio da Sa\u00fade (MS) e desenvolvido pela Secretaria Municipal de Sa\u00fade de Petrolina, realizou nesta quarta-feira, 10, a forma\u00e7\u00e3o de oito Equipes de Sa\u00fade da Fam\u00edlia do munic\u00edpio de Lagoa Grande com m\u00e9dicos e enfermeiros. \u201cRealizamos um encontro de atualiza\u00e7\u00e3o e integra\u00e7\u00e3o dos instrumentos de teleconsultorias e segunda opini\u00e3o formativa aos profissionais de sa\u00fade, com o objetivo de melhorar a forma de consultar a popula\u00e7\u00e3o e, principalmente, aumentar a efic\u00e1cia dos tratamentos\u201d, explicou o coordenador do programa Silvoney Junior. A incorpora\u00e7\u00e3o do\u00a0Telessa\u00fade na Aten\u00e7\u00e3o B\u00e1sica possibilita a redu\u00e7\u00e3o de encaminhamentos aos especialistas, melhora as informa\u00e7\u00f5es dos profissionais de sa\u00fade sobre as diversas doen\u00e7as, aumenta a capacidade dos profissionais em realizar diferentes formas de tratamentos e&hellip; <\/p>\n","protected":false},"author":7,"featured_media":0,"comment_status":"open","ping_status":"open","sticky":false,"template":"","format":"standard","meta":{"_acf_changed":false,"footnotes":""},"categories":[4],"tags":[],"class_list":["post-125072","post","type-post","status-publish","format-standard","hentry","category-saude"],"acf":[],"yoast_head":"<!-- This site is optimized with the Yoast SEO plugin v27.4 - https:\/\/yoast.com\/product\/yoast-seo-wordpress\/ -->\n<title>EQUIPE DO TELESSA\u00daDE RIT VALE SE RE\u00daNE COM PROFISSIONAIS DE SA\u00daDE DE LAGOA GRANDE - Blog do Farn\u00e9sio<\/title>\n<meta name=\"robots\" content=\"index, follow, max-snippet:-1, max-image-preview:large, max-video-preview:-1\" \/>\n<link rel=\"canonical\" href=\"https:\/\/blogdofarnesio.com.br\/?p=125072\" \/>\n<meta property=\"og:locale\" content=\"pt_BR\" \/>\n<meta property=\"og:type\" content=\"article\" \/>\n<meta property=\"og:title\" content=\"EQUIPE DO TELESSA\u00daDE RIT VALE SE RE\u00daNE COM PROFISSIONAIS DE SA\u00daDE DE LAGOA GRANDE - Blog do Farn\u00e9sio\" \/>\n<meta property=\"og:description\" content=\"O\u00a0Programa Telessa\u00fade RIT-VALE, concebido pelo Minist\u00e9rio da Sa\u00fade (MS) e desenvolvido pela Secretaria Municipal de Sa\u00fade de Petrolina, realizou nesta quarta-feira, 10, a forma\u00e7\u00e3o de oito Equipes de Sa\u00fade da Fam\u00edlia do munic\u00edpio de Lagoa Grande com m\u00e9dicos e enfermeiros. \u201cRealizamos um encontro de atualiza\u00e7\u00e3o e integra\u00e7\u00e3o dos instrumentos de teleconsultorias e segunda opini\u00e3o formativa aos profissionais de sa\u00fade, com o objetivo de melhorar a forma de consultar a popula\u00e7\u00e3o e, principalmente, aumentar a efic\u00e1cia dos tratamentos\u201d, explicou o coordenador do programa Silvoney Junior. A incorpora\u00e7\u00e3o do\u00a0Telessa\u00fade na Aten\u00e7\u00e3o B\u00e1sica possibilita a redu\u00e7\u00e3o de encaminhamentos aos especialistas, melhora as informa\u00e7\u00f5es dos profissionais de sa\u00fade sobre as diversas doen\u00e7as, aumenta a capacidade dos profissionais em realizar diferentes formas de tratamentos e&hellip;\" \/>\n<meta property=\"og:url\" content=\"https:\/\/blogdofarnesio.com.br\/?p=125072\" \/>\n<meta property=\"og:site_name\" content=\"Blog do Farn\u00e9sio\" \/>\n<meta property=\"article:publisher\" content=\"https:\/\/www.facebook.com\/BlogQuerSaberPolitica\/\" \/>\n<meta property=\"article:published_time\" content=\"2015-06-14T15:00:00+00:00\" \/>\n<meta name=\"twitter:card\" content=\"summary_large_image\" \/>\n<meta name=\"twitter:label1\" content=\"Escrito por\" \/>\n\t<meta name=\"twitter:data1\" content=\"\" \/>\n\t<meta name=\"twitter:label2\" content=\"Est. tempo de leitura\" \/>\n\t<meta name=\"twitter:data2\" content=\"1 minuto\" \/>\n<script type=\"application\/ld+json\" class=\"yoast-schema-graph\">{\"@context\":\"https:\\\/\\\/schema.org\",\"@graph\":[{\"@type\":\"Article\",\"@id\":\"https:\\\/\\\/blogdofarnesio.com.br\\\/?p=125072#article\",\"isPartOf\":{\"@id\":\"https:\\\/\\\/blogdofarnesio.com.br\\\/?p=125072\"},\"author\":{\"name\":\"\",\"@id\":\"\"},\"headline\":\"EQUIPE DO TELESSA\u00daDE RIT VALE SE RE\u00daNE COM PROFISSIONAIS DE SA\u00daDE DE LAGOA GRANDE\",\"datePublished\":\"2015-06-14T15:00:00+00:00\",\"mainEntityOfPage\":{\"@id\":\"https:\\\/\\\/blogdofarnesio.com.br\\\/?p=125072\"},\"wordCount\":279,\"commentCount\":0,\"publisher\":{\"@id\":\"https:\\\/\\\/blogdofarnesio.com.br\\\/#organization\"},\"articleSection\":[\"Sa\u00fade\"],\"inLanguage\":\"pt-BR\",\"potentialAction\":[{\"@type\":\"CommentAction\",\"name\":\"Comment\",\"target\":[\"https:\\\/\\\/blogdofarnesio.com.br\\\/?p=125072#respond\"]}]},{\"@type\":\"WebPage\",\"@id\":\"https:\\\/\\\/blogdofarnesio.com.br\\\/?p=125072\",\"url\":\"https:\\\/\\\/blogdofarnesio.com.br\\\/?p=125072\",\"name\":\"EQUIPE DO TELESSA\u00daDE RIT VALE SE RE\u00daNE COM PROFISSIONAIS DE SA\u00daDE DE LAGOA GRANDE - Blog do Farn\u00e9sio\",\"isPartOf\":{\"@id\":\"https:\\\/\\\/blogdofarnesio.com.br\\\/#website\"},\"datePublished\":\"2015-06-14T15:00:00+00:00\",\"breadcrumb\":{\"@id\":\"https:\\\/\\\/blogdofarnesio.com.br\\\/?p=125072#breadcrumb\"},\"inLanguage\":\"pt-BR\",\"potentialAction\":[{\"@type\":\"ReadAction\",\"target\":[\"https:\\\/\\\/blogdofarnesio.com.br\\\/?p=125072\"]}]},{\"@type\":\"BreadcrumbList\",\"@id\":\"https:\\\/\\\/blogdofarnesio.com.br\\\/?p=125072#breadcrumb\",\"itemListElement\":[{\"@type\":\"ListItem\",\"position\":1,\"name\":\"In\u00edcio\",\"item\":\"https:\\\/\\\/blogdofarnesio.com.br\\\/\"},{\"@type\":\"ListItem\",\"position\":2,\"name\":\"EQUIPE DO TELESSA\u00daDE RIT VALE SE RE\u00daNE COM PROFISSIONAIS DE SA\u00daDE DE LAGOA GRANDE\"}]},{\"@type\":\"WebSite\",\"@id\":\"https:\\\/\\\/blogdofarnesio.com.br\\\/#website\",\"url\":\"https:\\\/\\\/blogdofarnesio.com.br\\\/\",\"name\":\"Blog do Farn\u00e9sio\",\"description\":\"Quer Saber Pol\u00edtica?\",\"publisher\":{\"@id\":\"https:\\\/\\\/blogdofarnesio.com.br\\\/#organization\"},\"potentialAction\":[{\"@type\":\"SearchAction\",\"target\":{\"@type\":\"EntryPoint\",\"urlTemplate\":\"https:\\\/\\\/blogdofarnesio.com.br\\\/?s={search_term_string}\"},\"query-input\":{\"@type\":\"PropertyValueSpecification\",\"valueRequired\":true,\"valueName\":\"search_term_string\"}}],\"inLanguage\":\"pt-BR\"},{\"@type\":\"Organization\",\"@id\":\"https:\\\/\\\/blogdofarnesio.com.br\\\/#organization\",\"name\":\"Blog do Farn\u00e9sio\",\"url\":\"https:\\\/\\\/blogdofarnesio.com.br\\\/\",\"logo\":{\"@type\":\"ImageObject\",\"inLanguage\":\"pt-BR\",\"@id\":\"https:\\\/\\\/blogdofarnesio.com.br\\\/#\\\/schema\\\/logo\\\/image\\\/\",\"url\":\"https:\\\/\\\/blogdofarnesio.com.br\\\/wp-content\\\/uploads\\\/2026\\\/03\\\/cropped-logo_new-1.png\",\"contentUrl\":\"https:\\\/\\\/blogdofarnesio.com.br\\\/wp-content\\\/uploads\\\/2026\\\/03\\\/cropped-logo_new-1.png\",\"width\":881,\"height\":685,\"caption\":\"Blog do Farn\u00e9sio\"},\"image\":{\"@id\":\"https:\\\/\\\/blogdofarnesio.com.br\\\/#\\\/schema\\\/logo\\\/image\\\/\"},\"sameAs\":[\"https:\\\/\\\/www.facebook.com\\\/BlogQuerSaberPolitica\\\/\"]},{\"@type\":\"Person\",\"@id\":\"\",\"url\":\"https:\\\/\\\/blogdofarnesio.com.br\\\/?author=7\"}]}<\/script>\n<!-- \/ Yoast SEO plugin. -->","yoast_head_json":{"title":"EQUIPE DO TELESSA\u00daDE RIT VALE SE RE\u00daNE COM PROFISSIONAIS DE SA\u00daDE DE LAGOA GRANDE - Blog do Farn\u00e9sio","robots":{"index":"index","follow":"follow","max-snippet":"max-snippet:-1","max-image-preview":"max-image-preview:large","max-video-preview":"max-video-preview:-1"},"canonical":"https:\/\/blogdofarnesio.com.br\/?p=125072","og_locale":"pt_BR","og_type":"article","og_title":"EQUIPE DO TELESSA\u00daDE RIT VALE SE RE\u00daNE COM PROFISSIONAIS DE SA\u00daDE DE LAGOA GRANDE - Blog do Farn\u00e9sio","og_description":"O\u00a0Programa Telessa\u00fade RIT-VALE, concebido pelo Minist\u00e9rio da Sa\u00fade (MS) e desenvolvido pela Secretaria Municipal de Sa\u00fade de Petrolina, realizou nesta quarta-feira, 10, a forma\u00e7\u00e3o de oito Equipes de Sa\u00fade da Fam\u00edlia do munic\u00edpio de Lagoa Grande com m\u00e9dicos e enfermeiros. \u201cRealizamos um encontro de atualiza\u00e7\u00e3o e integra\u00e7\u00e3o dos instrumentos de teleconsultorias e segunda opini\u00e3o formativa aos profissionais de sa\u00fade, com o objetivo de melhorar a forma de consultar a popula\u00e7\u00e3o e, principalmente, aumentar a efic\u00e1cia dos tratamentos\u201d, explicou o coordenador do programa Silvoney Junior. A incorpora\u00e7\u00e3o do\u00a0Telessa\u00fade na Aten\u00e7\u00e3o B\u00e1sica possibilita a redu\u00e7\u00e3o de encaminhamentos aos especialistas, melhora as informa\u00e7\u00f5es dos profissionais de sa\u00fade sobre as diversas doen\u00e7as, aumenta a capacidade dos profissionais em realizar diferentes formas de tratamentos e&hellip;","og_url":"https:\/\/blogdofarnesio.com.br\/?p=125072","og_site_name":"Blog do Farn\u00e9sio","article_publisher":"https:\/\/www.facebook.com\/BlogQuerSaberPolitica\/","article_published_time":"2015-06-14T15:00:00+00:00","twitter_card":"summary_large_image","twitter_misc":{"Escrito por":"","Est. tempo de leitura":"1 minuto"},"schema":{"@context":"https:\/\/schema.org","@graph":[{"@type":"Article","@id":"https:\/\/blogdofarnesio.com.br\/?p=125072#article","isPartOf":{"@id":"https:\/\/blogdofarnesio.com.br\/?p=125072"},"author":{"name":"","@id":""},"headline":"EQUIPE DO TELESSA\u00daDE RIT VALE SE RE\u00daNE COM PROFISSIONAIS DE SA\u00daDE DE LAGOA GRANDE","datePublished":"2015-06-14T15:00:00+00:00","mainEntityOfPage":{"@id":"https:\/\/blogdofarnesio.com.br\/?p=125072"},"wordCount":279,"commentCount":0,"publisher":{"@id":"https:\/\/blogdofarnesio.com.br\/#organization"},"articleSection":["Sa\u00fade"],"inLanguage":"pt-BR","potentialAction":[{"@type":"CommentAction","name":"Comment","target":["https:\/\/blogdofarnesio.com.br\/?p=125072#respond"]}]},{"@type":"WebPage","@id":"https:\/\/blogdofarnesio.com.br\/?p=125072","url":"https:\/\/blogdofarnesio.com.br\/?p=125072","name":"EQUIPE DO TELESSA\u00daDE RIT VALE SE RE\u00daNE COM PROFISSIONAIS DE SA\u00daDE DE LAGOA GRANDE - Blog do Farn\u00e9sio","isPartOf":{"@id":"https:\/\/blogdofarnesio.com.br\/#website"},"datePublished":"2015-06-14T15:00:00+00:00","breadcrumb":{"@id":"https:\/\/blogdofarnesio.com.br\/?p=125072#breadcrumb"},"inLanguage":"pt-BR","potentialAction":[{"@type":"ReadAction","target":["https:\/\/blogdofarnesio.com.br\/?p=125072"]}]},{"@type":"BreadcrumbList","@id":"https:\/\/blogdofarnesio.com.br\/?p=125072#breadcrumb","itemListElement":[{"@type":"ListItem","position":1,"name":"In\u00edcio","item":"https:\/\/blogdofarnesio.com.br\/"},{"@type":"ListItem","position":2,"name":"EQUIPE DO TELESSA\u00daDE RIT VALE SE RE\u00daNE COM PROFISSIONAIS DE SA\u00daDE DE LAGOA GRANDE"}]},{"@type":"WebSite","@id":"https:\/\/blogdofarnesio.com.br\/#website","url":"https:\/\/blogdofarnesio.com.br\/","name":"Blog do Farn\u00e9sio","description":"Quer Saber Pol\u00edtica?","publisher":{"@id":"https:\/\/blogdofarnesio.com.br\/#organization"},"potentialAction":[{"@type":"SearchAction","target":{"@type":"EntryPoint","urlTemplate":"https:\/\/blogdofarnesio.com.br\/?s={search_term_string}"},"query-input":{"@type":"PropertyValueSpecification","valueRequired":true,"valueName":"search_term_string"}}],"inLanguage":"pt-BR"},{"@type":"Organization","@id":"https:\/\/blogdofarnesio.com.br\/#organization","name":"Blog do Farn\u00e9sio","url":"https:\/\/blogdofarnesio.com.br\/","logo":{"@type":"ImageObject","inLanguage":"pt-BR","@id":"https:\/\/blogdofarnesio.com.br\/#\/schema\/logo\/image\/","url":"https:\/\/blogdofarnesio.com.br\/wp-content\/uploads\/2026\/03\/cropped-logo_new-1.png","contentUrl":"https:\/\/blogdofarnesio.com.br\/wp-content\/uploads\/2026\/03\/cropped-logo_new-1.png","width":881,"height":685,"caption":"Blog do Farn\u00e9sio"},"image":{"@id":"https:\/\/blogdofarnesio.com.br\/#\/schema\/logo\/image\/"},"sameAs":["https:\/\/www.facebook.com\/BlogQuerSaberPolitica\/"]},{"@type":"Person","@id":"","url":"https:\/\/blogdofarnesio.com.br\/?author=7"}]}},"_links":{"self":[{"href":"https:\/\/blogdofarnesio.com.br\/index.php?rest_route=\/wp\/v2\/posts\/125072","targetHints":{"allow":["GET"]}}],"collection":[{"href":"https:\/\/blogdofarnesio.com.br\/index.php?rest_route=\/wp\/v2\/posts"}],"about":[{"href":"https:\/\/blogdofarnesio.com.br\/index.php?rest_route=\/wp\/v2\/types\/post"}],"author":[{"embeddable":true,"href":"https:\/\/blogdofarnesio.com.br\/index.php?rest_route=\/wp\/v2\/users\/7"}],"replies":[{"embeddable":true,"href":"https:\/\/blogdofarnesio.com.br\/index.php?rest_route=%2Fwp%2Fv2%2Fcomments&post=125072"}],"version-history":[{"count":0,"href":"https:\/\/blogdofarnesio.com.br\/index.php?rest_route=\/wp\/v2\/posts\/125072\/revisions"}],"wp:attachment":[{"href":"https:\/\/blogdofarnesio.com.br\/index.php?rest_route=%2Fwp%2Fv2%2Fmedia&parent=125072"}],"wp:term":[{"taxonomy":"category","embeddable":true,"href":"https:\/\/blogdofarnesio.com.br\/index.php?rest_route=%2Fwp%2Fv2%2Fcategories&post=125072"},{"taxonomy":"post_tag","embeddable":true,"href":"https:\/\/blogdofarnesio.com.br\/index.php?rest_route=%2Fwp%2Fv2%2Ftags&post=125072"}],"curies":[{"name":"wp","href":"https:\/\/api.w.org\/{rel}","templated":true}]}}