{"id":124858,"date":"2015-06-09T08:33:00","date_gmt":"2015-06-09T11:33:00","guid":{"rendered":"http:\/\/www.quersaberpolitica.com.br\/?p=124858"},"modified":"2015-06-08T20:37:52","modified_gmt":"2015-06-08T23:37:52","slug":"stf-julgara-fim-de-pensao-vitalicia-de-ex-governadores-da-bahia","status":"publish","type":"post","link":"https:\/\/blogdofarnesio.com.br\/?p=124858","title":{"rendered":"STF JULGAR\u00c1 FIM DE PENS\u00c3O VITAL\u00cdCIA DE EX-GOVERNADORES DA BAHIA"},"content":{"rendered":"<p style=\"text-align: justify\"><strong>Andr\u00e9 Richter &#8211; Rep\u00f3rter da Ag\u00eancia Brasil<\/strong><\/p>\n<p style=\"text-align: justify\"><img loading=\"lazy\" decoding=\"async\" class=\" aligncenter\" src=\"http:\/\/www.brasil247.com\/images\/cache\/320x182\/crop\/images%7Ccms-image-000438865.jpg\" alt=\": \" width=\"404\" height=\"236\" \/>A Procuradoria-Geral da Rep\u00fablica (PGR) entrou com uma a\u00e7\u00e3o no Supremo Tribunal Federal (STF) contra o pagamento de pens\u00e3o vital\u00edcia a ex-governadores da Bahia. A concess\u00e3o do benef\u00edcio \u00e9 garantida por um artigo da Constitui\u00e7\u00e3o do Estado. No entendimento da procuradoria, a norma confere tratamento privilegiado a ex-governadores.<\/p>\n<p style=\"text-align: justify\">De acordo com o Artigo 104-A, ap\u00f3s o fim do mandato, os governadores ter\u00e3o direito ao pagamento de subs\u00eddio integral e vital\u00edcio, desde que tenham contribu\u00eddo para previd\u00eancia oficial por 30 anos. Na A\u00e7\u00e3o Direta de Inconstitucionalidade (Adin), o procurador-geral da Rep\u00fablica, Rodrigo Janot, considera que o pagamento n\u00e3o tem fundamento leg\u00edtimo e ofende o princ\u00edpio constitucional da isonomia, por configurar tratamento privilegiado sem fundamento leg\u00edtimo.<\/p>\n<p style=\"text-align: justify\">&#8220;O diploma normativo impugnado, ao criar pens\u00e3o especial, de natureza vital\u00edcia, paga sob forma de subs\u00eddio pelos cofres estaduais, em benef\u00edcio de ex-governadores do estado da Bahia, ofende frontalmente os princ\u00edpios republicanos, da igualdade, da moralidade, da razoabilidade e da impessoalidade&#8221;, argumenta Janot.<!--more--><\/p>\n<p style=\"text-align: justify\">Em abril, o STF considerou inconstitucional o pagamento de pens\u00e3o vital\u00edcia a ex-governadores do Par\u00e1. A legalidade dos pagamentos tamb\u00e9m \u00e9 questionada pela Ordem dos Advogados do Brasil (OAB) nos estados do Acre, Mato Grosso, da Para\u00edba, Paran\u00e1, Piau\u00ed, Rio de Janeiro, Rio Grande do Sul, de Rond\u00f4nia e Sergipe.<\/p>\n","protected":false},"excerpt":{"rendered":"<p>Andr\u00e9 Richter &#8211; Rep\u00f3rter da Ag\u00eancia Brasil A Procuradoria-Geral da Rep\u00fablica (PGR) entrou com uma a\u00e7\u00e3o no Supremo Tribunal Federal (STF) contra o pagamento de pens\u00e3o vital\u00edcia a ex-governadores da Bahia. A concess\u00e3o do benef\u00edcio \u00e9 garantida por um artigo da Constitui\u00e7\u00e3o do Estado. No entendimento da procuradoria, a norma confere tratamento privilegiado a ex-governadores. De acordo com o Artigo 104-A, ap\u00f3s o fim do mandato, os governadores ter\u00e3o direito ao pagamento de subs\u00eddio integral e vital\u00edcio, desde que tenham contribu\u00eddo para previd\u00eancia oficial por 30 anos. Na A\u00e7\u00e3o Direta de Inconstitucionalidade (Adin), o procurador-geral da Rep\u00fablica, Rodrigo Janot, considera que o pagamento n\u00e3o tem fundamento leg\u00edtimo e ofende o princ\u00edpio constitucional da isonomia, por configurar tratamento privilegiado sem fundamento&hellip; <\/p>\n","protected":false},"author":3,"featured_media":0,"comment_status":"open","ping_status":"open","sticky":false,"template":"","format":"standard","meta":{"_acf_changed":false,"footnotes":""},"categories":[1],"tags":[],"class_list":["post-124858","post","type-post","status-publish","format-standard","hentry","category-politica"],"acf":[],"yoast_head":"<!-- This site is optimized with the Yoast SEO plugin v27.4 - https:\/\/yoast.com\/product\/yoast-seo-wordpress\/ -->\n<title>STF JULGAR\u00c1 FIM DE PENS\u00c3O VITAL\u00cdCIA DE EX-GOVERNADORES DA BAHIA - Blog do Farn\u00e9sio<\/title>\n<meta name=\"robots\" content=\"index, follow, max-snippet:-1, max-image-preview:large, max-video-preview:-1\" \/>\n<link rel=\"canonical\" href=\"https:\/\/blogdofarnesio.com.br\/?p=124858\" \/>\n<meta property=\"og:locale\" content=\"pt_BR\" \/>\n<meta property=\"og:type\" content=\"article\" \/>\n<meta property=\"og:title\" content=\"STF JULGAR\u00c1 FIM DE PENS\u00c3O VITAL\u00cdCIA DE EX-GOVERNADORES DA BAHIA - Blog do Farn\u00e9sio\" \/>\n<meta property=\"og:description\" content=\"Andr\u00e9 Richter &#8211; Rep\u00f3rter da Ag\u00eancia Brasil A Procuradoria-Geral da Rep\u00fablica (PGR) entrou com uma a\u00e7\u00e3o no Supremo Tribunal Federal (STF) contra o pagamento de pens\u00e3o vital\u00edcia a ex-governadores da Bahia. A concess\u00e3o do benef\u00edcio \u00e9 garantida por um artigo da Constitui\u00e7\u00e3o do Estado. No entendimento da procuradoria, a norma confere tratamento privilegiado a ex-governadores. De acordo com o Artigo 104-A, ap\u00f3s o fim do mandato, os governadores ter\u00e3o direito ao pagamento de subs\u00eddio integral e vital\u00edcio, desde que tenham contribu\u00eddo para previd\u00eancia oficial por 30 anos. Na A\u00e7\u00e3o Direta de Inconstitucionalidade (Adin), o procurador-geral da Rep\u00fablica, Rodrigo Janot, considera que o pagamento n\u00e3o tem fundamento leg\u00edtimo e ofende o princ\u00edpio constitucional da isonomia, por configurar tratamento privilegiado sem fundamento&hellip;\" \/>\n<meta property=\"og:url\" content=\"https:\/\/blogdofarnesio.com.br\/?p=124858\" \/>\n<meta property=\"og:site_name\" content=\"Blog do Farn\u00e9sio\" \/>\n<meta property=\"article:publisher\" content=\"https:\/\/www.facebook.com\/BlogQuerSaberPolitica\/\" \/>\n<meta property=\"article:published_time\" content=\"2015-06-09T11:33:00+00:00\" \/>\n<meta property=\"og:image\" content=\"http:\/\/www.brasil247.com\/images\/cache\/320x182\/crop\/images%7Ccms-image-000438865.jpg\" \/>\n<meta name=\"author\" content=\"teste\" \/>\n<meta name=\"twitter:card\" content=\"summary_large_image\" \/>\n<meta name=\"twitter:label1\" content=\"Escrito por\" \/>\n\t<meta name=\"twitter:data1\" content=\"teste\" \/>\n\t<meta name=\"twitter:label2\" content=\"Est. tempo de leitura\" \/>\n\t<meta name=\"twitter:data2\" content=\"1 minuto\" \/>\n<script type=\"application\/ld+json\" class=\"yoast-schema-graph\">{\"@context\":\"https:\\\/\\\/schema.org\",\"@graph\":[{\"@type\":\"Article\",\"@id\":\"https:\\\/\\\/blogdofarnesio.com.br\\\/?p=124858#article\",\"isPartOf\":{\"@id\":\"https:\\\/\\\/blogdofarnesio.com.br\\\/?p=124858\"},\"author\":{\"name\":\"teste\",\"@id\":\"https:\\\/\\\/blogdofarnesio.com.br\\\/#\\\/schema\\\/person\\\/dd1bf5eba40b687199ba45ca6b97dff9\"},\"headline\":\"STF JULGAR\u00c1 FIM DE PENS\u00c3O VITAL\u00cdCIA DE EX-GOVERNADORES DA BAHIA\",\"datePublished\":\"2015-06-09T11:33:00+00:00\",\"mainEntityOfPage\":{\"@id\":\"https:\\\/\\\/blogdofarnesio.com.br\\\/?p=124858\"},\"wordCount\":254,\"commentCount\":0,\"publisher\":{\"@id\":\"https:\\\/\\\/blogdofarnesio.com.br\\\/#organization\"},\"image\":{\"@id\":\"https:\\\/\\\/blogdofarnesio.com.br\\\/?p=124858#primaryimage\"},\"thumbnailUrl\":\"http:\\\/\\\/www.brasil247.com\\\/images\\\/cache\\\/320x182\\\/crop\\\/images%7Ccms-image-000438865.jpg\",\"articleSection\":[\"Pol\u00edtica\"],\"inLanguage\":\"pt-BR\",\"potentialAction\":[{\"@type\":\"CommentAction\",\"name\":\"Comment\",\"target\":[\"https:\\\/\\\/blogdofarnesio.com.br\\\/?p=124858#respond\"]}]},{\"@type\":\"WebPage\",\"@id\":\"https:\\\/\\\/blogdofarnesio.com.br\\\/?p=124858\",\"url\":\"https:\\\/\\\/blogdofarnesio.com.br\\\/?p=124858\",\"name\":\"STF JULGAR\u00c1 FIM DE PENS\u00c3O VITAL\u00cdCIA DE EX-GOVERNADORES DA BAHIA - Blog do Farn\u00e9sio\",\"isPartOf\":{\"@id\":\"https:\\\/\\\/blogdofarnesio.com.br\\\/#website\"},\"primaryImageOfPage\":{\"@id\":\"https:\\\/\\\/blogdofarnesio.com.br\\\/?p=124858#primaryimage\"},\"image\":{\"@id\":\"https:\\\/\\\/blogdofarnesio.com.br\\\/?p=124858#primaryimage\"},\"thumbnailUrl\":\"http:\\\/\\\/www.brasil247.com\\\/images\\\/cache\\\/320x182\\\/crop\\\/images%7Ccms-image-000438865.jpg\",\"datePublished\":\"2015-06-09T11:33:00+00:00\",\"breadcrumb\":{\"@id\":\"https:\\\/\\\/blogdofarnesio.com.br\\\/?p=124858#breadcrumb\"},\"inLanguage\":\"pt-BR\",\"potentialAction\":[{\"@type\":\"ReadAction\",\"target\":[\"https:\\\/\\\/blogdofarnesio.com.br\\\/?p=124858\"]}]},{\"@type\":\"ImageObject\",\"inLanguage\":\"pt-BR\",\"@id\":\"https:\\\/\\\/blogdofarnesio.com.br\\\/?p=124858#primaryimage\",\"url\":\"http:\\\/\\\/www.brasil247.com\\\/images\\\/cache\\\/320x182\\\/crop\\\/images%7Ccms-image-000438865.jpg\",\"contentUrl\":\"http:\\\/\\\/www.brasil247.com\\\/images\\\/cache\\\/320x182\\\/crop\\\/images%7Ccms-image-000438865.jpg\"},{\"@type\":\"BreadcrumbList\",\"@id\":\"https:\\\/\\\/blogdofarnesio.com.br\\\/?p=124858#breadcrumb\",\"itemListElement\":[{\"@type\":\"ListItem\",\"position\":1,\"name\":\"In\u00edcio\",\"item\":\"https:\\\/\\\/blogdofarnesio.com.br\\\/\"},{\"@type\":\"ListItem\",\"position\":2,\"name\":\"STF JULGAR\u00c1 FIM DE PENS\u00c3O VITAL\u00cdCIA DE EX-GOVERNADORES DA BAHIA\"}]},{\"@type\":\"WebSite\",\"@id\":\"https:\\\/\\\/blogdofarnesio.com.br\\\/#website\",\"url\":\"https:\\\/\\\/blogdofarnesio.com.br\\\/\",\"name\":\"Blog do Farn\u00e9sio\",\"description\":\"Quer Saber Pol\u00edtica?\",\"publisher\":{\"@id\":\"https:\\\/\\\/blogdofarnesio.com.br\\\/#organization\"},\"potentialAction\":[{\"@type\":\"SearchAction\",\"target\":{\"@type\":\"EntryPoint\",\"urlTemplate\":\"https:\\\/\\\/blogdofarnesio.com.br\\\/?s={search_term_string}\"},\"query-input\":{\"@type\":\"PropertyValueSpecification\",\"valueRequired\":true,\"valueName\":\"search_term_string\"}}],\"inLanguage\":\"pt-BR\"},{\"@type\":\"Organization\",\"@id\":\"https:\\\/\\\/blogdofarnesio.com.br\\\/#organization\",\"name\":\"Blog do Farn\u00e9sio\",\"url\":\"https:\\\/\\\/blogdofarnesio.com.br\\\/\",\"logo\":{\"@type\":\"ImageObject\",\"inLanguage\":\"pt-BR\",\"@id\":\"https:\\\/\\\/blogdofarnesio.com.br\\\/#\\\/schema\\\/logo\\\/image\\\/\",\"url\":\"https:\\\/\\\/blogdofarnesio.com.br\\\/wp-content\\\/uploads\\\/2026\\\/03\\\/cropped-logo_new-1.png\",\"contentUrl\":\"https:\\\/\\\/blogdofarnesio.com.br\\\/wp-content\\\/uploads\\\/2026\\\/03\\\/cropped-logo_new-1.png\",\"width\":881,\"height\":685,\"caption\":\"Blog do Farn\u00e9sio\"},\"image\":{\"@id\":\"https:\\\/\\\/blogdofarnesio.com.br\\\/#\\\/schema\\\/logo\\\/image\\\/\"},\"sameAs\":[\"https:\\\/\\\/www.facebook.com\\\/BlogQuerSaberPolitica\\\/\"]},{\"@type\":\"Person\",\"@id\":\"https:\\\/\\\/blogdofarnesio.com.br\\\/#\\\/schema\\\/person\\\/dd1bf5eba40b687199ba45ca6b97dff9\",\"name\":\"teste\",\"image\":{\"@type\":\"ImageObject\",\"inLanguage\":\"pt-BR\",\"@id\":\"https:\\\/\\\/secure.gravatar.com\\\/avatar\\\/2172498d4914b51e1d89a0f97957b035ac4938723a5cac208135d389b6972a6d?s=96&d=mm&r=g\",\"url\":\"https:\\\/\\\/secure.gravatar.com\\\/avatar\\\/2172498d4914b51e1d89a0f97957b035ac4938723a5cac208135d389b6972a6d?s=96&d=mm&r=g\",\"contentUrl\":\"https:\\\/\\\/secure.gravatar.com\\\/avatar\\\/2172498d4914b51e1d89a0f97957b035ac4938723a5cac208135d389b6972a6d?s=96&d=mm&r=g\",\"caption\":\"teste\"},\"url\":\"https:\\\/\\\/blogdofarnesio.com.br\\\/?author=3\"}]}<\/script>\n<!-- \/ Yoast SEO plugin. -->","yoast_head_json":{"title":"STF JULGAR\u00c1 FIM DE PENS\u00c3O VITAL\u00cdCIA DE EX-GOVERNADORES DA BAHIA - Blog do Farn\u00e9sio","robots":{"index":"index","follow":"follow","max-snippet":"max-snippet:-1","max-image-preview":"max-image-preview:large","max-video-preview":"max-video-preview:-1"},"canonical":"https:\/\/blogdofarnesio.com.br\/?p=124858","og_locale":"pt_BR","og_type":"article","og_title":"STF JULGAR\u00c1 FIM DE PENS\u00c3O VITAL\u00cdCIA DE EX-GOVERNADORES DA BAHIA - Blog do Farn\u00e9sio","og_description":"Andr\u00e9 Richter &#8211; Rep\u00f3rter da Ag\u00eancia Brasil A Procuradoria-Geral da Rep\u00fablica (PGR) entrou com uma a\u00e7\u00e3o no Supremo Tribunal Federal (STF) contra o pagamento de pens\u00e3o vital\u00edcia a ex-governadores da Bahia. A concess\u00e3o do benef\u00edcio \u00e9 garantida por um artigo da Constitui\u00e7\u00e3o do Estado. No entendimento da procuradoria, a norma confere tratamento privilegiado a ex-governadores. De acordo com o Artigo 104-A, ap\u00f3s o fim do mandato, os governadores ter\u00e3o direito ao pagamento de subs\u00eddio integral e vital\u00edcio, desde que tenham contribu\u00eddo para previd\u00eancia oficial por 30 anos. Na A\u00e7\u00e3o Direta de Inconstitucionalidade (Adin), o procurador-geral da Rep\u00fablica, Rodrigo Janot, considera que o pagamento n\u00e3o tem fundamento leg\u00edtimo e ofende o princ\u00edpio constitucional da isonomia, por configurar tratamento privilegiado sem fundamento&hellip;","og_url":"https:\/\/blogdofarnesio.com.br\/?p=124858","og_site_name":"Blog do Farn\u00e9sio","article_publisher":"https:\/\/www.facebook.com\/BlogQuerSaberPolitica\/","article_published_time":"2015-06-09T11:33:00+00:00","og_image":[{"url":"http:\/\/www.brasil247.com\/images\/cache\/320x182\/crop\/images%7Ccms-image-000438865.jpg","type":"","width":"","height":""}],"author":"teste","twitter_card":"summary_large_image","twitter_misc":{"Escrito por":"teste","Est. tempo de leitura":"1 minuto"},"schema":{"@context":"https:\/\/schema.org","@graph":[{"@type":"Article","@id":"https:\/\/blogdofarnesio.com.br\/?p=124858#article","isPartOf":{"@id":"https:\/\/blogdofarnesio.com.br\/?p=124858"},"author":{"name":"teste","@id":"https:\/\/blogdofarnesio.com.br\/#\/schema\/person\/dd1bf5eba40b687199ba45ca6b97dff9"},"headline":"STF JULGAR\u00c1 FIM DE PENS\u00c3O VITAL\u00cdCIA DE EX-GOVERNADORES DA BAHIA","datePublished":"2015-06-09T11:33:00+00:00","mainEntityOfPage":{"@id":"https:\/\/blogdofarnesio.com.br\/?p=124858"},"wordCount":254,"commentCount":0,"publisher":{"@id":"https:\/\/blogdofarnesio.com.br\/#organization"},"image":{"@id":"https:\/\/blogdofarnesio.com.br\/?p=124858#primaryimage"},"thumbnailUrl":"http:\/\/www.brasil247.com\/images\/cache\/320x182\/crop\/images%7Ccms-image-000438865.jpg","articleSection":["Pol\u00edtica"],"inLanguage":"pt-BR","potentialAction":[{"@type":"CommentAction","name":"Comment","target":["https:\/\/blogdofarnesio.com.br\/?p=124858#respond"]}]},{"@type":"WebPage","@id":"https:\/\/blogdofarnesio.com.br\/?p=124858","url":"https:\/\/blogdofarnesio.com.br\/?p=124858","name":"STF JULGAR\u00c1 FIM DE PENS\u00c3O VITAL\u00cdCIA DE EX-GOVERNADORES DA BAHIA - Blog do Farn\u00e9sio","isPartOf":{"@id":"https:\/\/blogdofarnesio.com.br\/#website"},"primaryImageOfPage":{"@id":"https:\/\/blogdofarnesio.com.br\/?p=124858#primaryimage"},"image":{"@id":"https:\/\/blogdofarnesio.com.br\/?p=124858#primaryimage"},"thumbnailUrl":"http:\/\/www.brasil247.com\/images\/cache\/320x182\/crop\/images%7Ccms-image-000438865.jpg","datePublished":"2015-06-09T11:33:00+00:00","breadcrumb":{"@id":"https:\/\/blogdofarnesio.com.br\/?p=124858#breadcrumb"},"inLanguage":"pt-BR","potentialAction":[{"@type":"ReadAction","target":["https:\/\/blogdofarnesio.com.br\/?p=124858"]}]},{"@type":"ImageObject","inLanguage":"pt-BR","@id":"https:\/\/blogdofarnesio.com.br\/?p=124858#primaryimage","url":"http:\/\/www.brasil247.com\/images\/cache\/320x182\/crop\/images%7Ccms-image-000438865.jpg","contentUrl":"http:\/\/www.brasil247.com\/images\/cache\/320x182\/crop\/images%7Ccms-image-000438865.jpg"},{"@type":"BreadcrumbList","@id":"https:\/\/blogdofarnesio.com.br\/?p=124858#breadcrumb","itemListElement":[{"@type":"ListItem","position":1,"name":"In\u00edcio","item":"https:\/\/blogdofarnesio.com.br\/"},{"@type":"ListItem","position":2,"name":"STF JULGAR\u00c1 FIM DE PENS\u00c3O VITAL\u00cdCIA DE EX-GOVERNADORES DA BAHIA"}]},{"@type":"WebSite","@id":"https:\/\/blogdofarnesio.com.br\/#website","url":"https:\/\/blogdofarnesio.com.br\/","name":"Blog do Farn\u00e9sio","description":"Quer Saber Pol\u00edtica?","publisher":{"@id":"https:\/\/blogdofarnesio.com.br\/#organization"},"potentialAction":[{"@type":"SearchAction","target":{"@type":"EntryPoint","urlTemplate":"https:\/\/blogdofarnesio.com.br\/?s={search_term_string}"},"query-input":{"@type":"PropertyValueSpecification","valueRequired":true,"valueName":"search_term_string"}}],"inLanguage":"pt-BR"},{"@type":"Organization","@id":"https:\/\/blogdofarnesio.com.br\/#organization","name":"Blog do Farn\u00e9sio","url":"https:\/\/blogdofarnesio.com.br\/","logo":{"@type":"ImageObject","inLanguage":"pt-BR","@id":"https:\/\/blogdofarnesio.com.br\/#\/schema\/logo\/image\/","url":"https:\/\/blogdofarnesio.com.br\/wp-content\/uploads\/2026\/03\/cropped-logo_new-1.png","contentUrl":"https:\/\/blogdofarnesio.com.br\/wp-content\/uploads\/2026\/03\/cropped-logo_new-1.png","width":881,"height":685,"caption":"Blog do Farn\u00e9sio"},"image":{"@id":"https:\/\/blogdofarnesio.com.br\/#\/schema\/logo\/image\/"},"sameAs":["https:\/\/www.facebook.com\/BlogQuerSaberPolitica\/"]},{"@type":"Person","@id":"https:\/\/blogdofarnesio.com.br\/#\/schema\/person\/dd1bf5eba40b687199ba45ca6b97dff9","name":"teste","image":{"@type":"ImageObject","inLanguage":"pt-BR","@id":"https:\/\/secure.gravatar.com\/avatar\/2172498d4914b51e1d89a0f97957b035ac4938723a5cac208135d389b6972a6d?s=96&d=mm&r=g","url":"https:\/\/secure.gravatar.com\/avatar\/2172498d4914b51e1d89a0f97957b035ac4938723a5cac208135d389b6972a6d?s=96&d=mm&r=g","contentUrl":"https:\/\/secure.gravatar.com\/avatar\/2172498d4914b51e1d89a0f97957b035ac4938723a5cac208135d389b6972a6d?s=96&d=mm&r=g","caption":"teste"},"url":"https:\/\/blogdofarnesio.com.br\/?author=3"}]}},"_links":{"self":[{"href":"https:\/\/blogdofarnesio.com.br\/index.php?rest_route=\/wp\/v2\/posts\/124858","targetHints":{"allow":["GET"]}}],"collection":[{"href":"https:\/\/blogdofarnesio.com.br\/index.php?rest_route=\/wp\/v2\/posts"}],"about":[{"href":"https:\/\/blogdofarnesio.com.br\/index.php?rest_route=\/wp\/v2\/types\/post"}],"author":[{"embeddable":true,"href":"https:\/\/blogdofarnesio.com.br\/index.php?rest_route=\/wp\/v2\/users\/3"}],"replies":[{"embeddable":true,"href":"https:\/\/blogdofarnesio.com.br\/index.php?rest_route=%2Fwp%2Fv2%2Fcomments&post=124858"}],"version-history":[{"count":0,"href":"https:\/\/blogdofarnesio.com.br\/index.php?rest_route=\/wp\/v2\/posts\/124858\/revisions"}],"wp:attachment":[{"href":"https:\/\/blogdofarnesio.com.br\/index.php?rest_route=%2Fwp%2Fv2%2Fmedia&parent=124858"}],"wp:term":[{"taxonomy":"category","embeddable":true,"href":"https:\/\/blogdofarnesio.com.br\/index.php?rest_route=%2Fwp%2Fv2%2Fcategories&post=124858"},{"taxonomy":"post_tag","embeddable":true,"href":"https:\/\/blogdofarnesio.com.br\/index.php?rest_route=%2Fwp%2Fv2%2Ftags&post=124858"}],"curies":[{"name":"wp","href":"https:\/\/api.w.org\/{rel}","templated":true}]}}