{"id":124759,"date":"2015-06-06T11:30:05","date_gmt":"2015-06-06T14:30:05","guid":{"rendered":"http:\/\/www.quersaberpolitica.com.br\/?p=124759"},"modified":"2015-06-06T08:34:10","modified_gmt":"2015-06-06T11:34:10","slug":"operacao-da-policia-suica-em-a-selecao-brasileira-como-alvo","status":"publish","type":"post","link":"https:\/\/blogdofarnesio.com.br\/?p=124759","title":{"rendered":"OPERA\u00c7\u00c3O DA POL\u00cdCIA SU\u00cd\u00c7A TEM A SELE\u00c7\u00c3O BRASILEIRA COMO ALVO"},"content":{"rendered":"<div class=\"entry-content\"><img loading=\"lazy\" decoding=\"async\" class=\" aligncenter\" src=\"http:\/\/www.politicalivre.com.br\/wp-content\/thumbgen_cache\/af82671645fd4ab932da05fa53b05d82.jpg\" alt=\"\" width=\"441\" height=\"243\" \/><\/p>\n<p class=\"legenda_imagem\"><em>A suspeita \u00e9 de que o Catar pagou propina para Ricardo Teixeira para garantir o mundial de 2022<\/em><\/p>\n<p style=\"text-align: justify\">A pol\u00edcia su\u00ed\u00e7a fez uma opera\u00e7\u00e3o para confiscar documentos na sede da Kentaro, empresa que entre 2006 e 2012 organizou os jogos da sele\u00e7\u00e3o brasileira em nome de investidores sauditas. A suspeita \u00e9 de que um dos jogos entre Brasil e Argentina, no Catar, foi a forma pela qual o Catar pagou propinas para Ricardo Teixeira e Julio Grondona para garantir o Mundial de 2022.<\/p>\n<p style=\"text-align: justify\">A alta c\u00fapula da Kentaro confirmou \u00e0 reportagem a opera\u00e7\u00e3o da pol\u00edcia, que ocorreu no mesmo dia em que Jos\u00e9 Maria Marin foi preso em Zurique. Mas garantiu que a empresa est\u00e1 colaborando e que foram eles mesmos que entregaram para o investigador independente da Fifa, Michael Garcia, provas em rela\u00e7\u00e3o ao jogo. A suspeita do Minist\u00e9rio P\u00fablico da Su\u00ed\u00e7a \u00e9 de que, em novembro de 2010, o jogo entre Brasil e Argentina no Catar foi realizado como forma de transferir dinheiro para dirigentes.<\/p>\n<p style=\"text-align: justify\">As investiga\u00e7\u00f5es sobre o Catar confirmam a reportagem do jornal O Estado de S. Paulo que, em 2013, revelou com exclusividade como os amistosos da sele\u00e7\u00e3o eram usados por dirigentes para o enriquecimento de dirigentes e troca de favores. Os recursos passavam ainda por para\u00edsos fiscais e contas em Andorra. Para a Fifa, por\u00e9m, o dinheiro daquela partida n\u00e3o estaria \u201cconectado\u201d com a compra de votos para que o Catar recebesse a Copa de 2022.<\/p>\n<p style=\"text-align: justify\">A reportagem apurou que cada federa\u00e7\u00e3o recebeu tr\u00eas vezes o valor de uma partida normal. Dois contratos separados foram assinados.<\/p>\n<\/div>\n<p><!--more--><\/p>\n<p style=\"text-align: justify\">Um deles trazia o valor oficial. O outro seria para o dinheiro que beneficiaria cartolas. Oficialmente, o Catar indicou que gastou 4 milh\u00f5es de euros no jogo e, naquele momento, o discurso de seus cartolas era de que a partida era uma forma de mostrar que o pa\u00eds estava \u201cpronto para receber o Mundial\u201d.<\/p>\n<p style=\"text-align: justify\">Tr\u00eas semanas depois, tanto o Brasil como a Argentina votaram pelos \u00e1rabes na escolha da sede da Copa. Mesmo negando a rela\u00e7\u00e3o entre o jogo e o voto, a Fifa sugere que, a partir de agora, amistosos em pa\u00edses que concorrem a um evento sejam \u201cmais transparentes\u201d.<\/p>\n<p style=\"text-align: justify\">A entidade tamb\u00e9m quer que qualquer acordo assinado no mesmo evento, inclusive de transmiss\u00e3o e comerciais, sejam anunciados. O alerta n\u00e3o ocorre por acaso. Naquele mesmo dia do jogo, ex-presidente da CBF, Ricardo Teixeira, assinaria uma extens\u00e3o do contrato com uma empresa \u00e1rabe, a ISE, prolongando os direitos da companhia at\u00e9 2022 para organizar os amistosos da sele\u00e7\u00e3o brasileira.<\/p>\n<p style=\"text-align: justify\">Teixeira declarou ainda que votou pelo Catar e era um aliado de Mohamed Bin Hammam, do Catar. O informe da Fifa aponta que uma empresa que pertencia a um conglomerado do Catar \u201cfinanciou o evento\u201d. \u201cUm rico s\u00f3cio da entidade do Catar organizou o apoio, supostamente para fazer lobby por um investimento no setor do esporte\u201d, indicou o informe, sem dar detalhes.<\/p>\n<p style=\"text-align: justify\">Segundo os organizadores da Copa de 2002, a entidade que pagou pelo evento n\u00e3o tem rela\u00e7\u00e3o com o torneio da Fifa e nem com a Associa\u00e7\u00e3o de Futebol do Catar. De acordo com esses dirigentes, \u201cos fundos para organizar o jogo n\u00e3o veio do Catar 2022 e nem da Associa\u00e7\u00e3o e o total pago para financiar o jogo era compar\u00e1vel \u00e0s taxas que se pagam por outros jogos envolvendo times de elite\u201d.<\/p>\n<p style=\"text-align: justify\">Apesar da vers\u00e3o dos dirigentes, a investiga\u00e7\u00e3o indicou que os contratos para o jogo podem ser viola\u00e7\u00f5es do C\u00f3digo de \u00c9tica da Fifa. \u201cO financiamento do evento e sua estrutura contratual levantam, em parte, preocupa\u00e7\u00f5es em particular em rela\u00e7\u00e3o a certos arranjos relacionados com pagamentos para a Associa\u00e7\u00e3o de Futebol da Argentina\u201d.<\/p>\n<p class=\"assinatura_exclusiva\">Estad\u00e3o Conte\u00fado<\/p>\n","protected":false},"excerpt":{"rendered":"<p>A suspeita \u00e9 de que o Catar pagou propina para Ricardo Teixeira para garantir o mundial de 2022 A pol\u00edcia su\u00ed\u00e7a fez uma opera\u00e7\u00e3o para confiscar documentos na sede da Kentaro, empresa que entre 2006 e 2012 organizou os jogos da sele\u00e7\u00e3o brasileira em nome de investidores sauditas. A suspeita \u00e9 de que um dos jogos entre Brasil e Argentina, no Catar, foi a forma pela qual o Catar pagou propinas para Ricardo Teixeira e Julio Grondona para garantir o Mundial de 2022. A alta c\u00fapula da Kentaro confirmou \u00e0 reportagem a opera\u00e7\u00e3o da pol\u00edcia, que ocorreu no mesmo dia em que Jos\u00e9 Maria Marin foi preso em Zurique. Mas garantiu que a empresa est\u00e1 colaborando e que foram eles&hellip; <\/p>\n","protected":false},"author":3,"featured_media":0,"comment_status":"open","ping_status":"open","sticky":false,"template":"","format":"standard","meta":{"_acf_changed":false,"footnotes":""},"categories":[8,23],"tags":[],"class_list":["post-124759","post","type-post","status-publish","format-standard","hentry","category-esportes","category-justica"],"acf":[],"yoast_head":"<!-- This site is optimized with the Yoast SEO plugin v27.4 - https:\/\/yoast.com\/product\/yoast-seo-wordpress\/ -->\n<title>OPERA\u00c7\u00c3O DA POL\u00cdCIA SU\u00cd\u00c7A TEM A SELE\u00c7\u00c3O BRASILEIRA COMO ALVO - Blog do Farn\u00e9sio<\/title>\n<meta name=\"robots\" content=\"index, follow, max-snippet:-1, max-image-preview:large, max-video-preview:-1\" \/>\n<link rel=\"canonical\" href=\"https:\/\/blogdofarnesio.com.br\/?p=124759\" \/>\n<meta property=\"og:locale\" content=\"pt_BR\" \/>\n<meta property=\"og:type\" content=\"article\" \/>\n<meta property=\"og:title\" content=\"OPERA\u00c7\u00c3O DA POL\u00cdCIA SU\u00cd\u00c7A TEM A SELE\u00c7\u00c3O BRASILEIRA COMO ALVO - Blog do Farn\u00e9sio\" \/>\n<meta property=\"og:description\" content=\"A suspeita \u00e9 de que o Catar pagou propina para Ricardo Teixeira para garantir o mundial de 2022 A pol\u00edcia su\u00ed\u00e7a fez uma opera\u00e7\u00e3o para confiscar documentos na sede da Kentaro, empresa que entre 2006 e 2012 organizou os jogos da sele\u00e7\u00e3o brasileira em nome de investidores sauditas. A suspeita \u00e9 de que um dos jogos entre Brasil e Argentina, no Catar, foi a forma pela qual o Catar pagou propinas para Ricardo Teixeira e Julio Grondona para garantir o Mundial de 2022. A alta c\u00fapula da Kentaro confirmou \u00e0 reportagem a opera\u00e7\u00e3o da pol\u00edcia, que ocorreu no mesmo dia em que Jos\u00e9 Maria Marin foi preso em Zurique. Mas garantiu que a empresa est\u00e1 colaborando e que foram eles&hellip;\" \/>\n<meta property=\"og:url\" content=\"https:\/\/blogdofarnesio.com.br\/?p=124759\" \/>\n<meta property=\"og:site_name\" content=\"Blog do Farn\u00e9sio\" \/>\n<meta property=\"article:publisher\" content=\"https:\/\/www.facebook.com\/BlogQuerSaberPolitica\/\" \/>\n<meta property=\"article:published_time\" content=\"2015-06-06T14:30:05+00:00\" \/>\n<meta property=\"og:image\" content=\"http:\/\/www.politicalivre.com.br\/wp-content\/thumbgen_cache\/af82671645fd4ab932da05fa53b05d82.jpg\" \/>\n<meta name=\"author\" content=\"teste\" \/>\n<meta name=\"twitter:card\" content=\"summary_large_image\" \/>\n<meta name=\"twitter:label1\" content=\"Escrito por\" \/>\n\t<meta name=\"twitter:data1\" content=\"teste\" \/>\n\t<meta name=\"twitter:label2\" content=\"Est. tempo de leitura\" \/>\n\t<meta name=\"twitter:data2\" content=\"3 minutos\" \/>\n<script type=\"application\/ld+json\" class=\"yoast-schema-graph\">{\"@context\":\"https:\\\/\\\/schema.org\",\"@graph\":[{\"@type\":\"Article\",\"@id\":\"https:\\\/\\\/blogdofarnesio.com.br\\\/?p=124759#article\",\"isPartOf\":{\"@id\":\"https:\\\/\\\/blogdofarnesio.com.br\\\/?p=124759\"},\"author\":{\"name\":\"teste\",\"@id\":\"https:\\\/\\\/blogdofarnesio.com.br\\\/#\\\/schema\\\/person\\\/dd1bf5eba40b687199ba45ca6b97dff9\"},\"headline\":\"OPERA\u00c7\u00c3O DA POL\u00cdCIA SU\u00cd\u00c7A TEM A SELE\u00c7\u00c3O BRASILEIRA COMO ALVO\",\"datePublished\":\"2015-06-06T14:30:05+00:00\",\"mainEntityOfPage\":{\"@id\":\"https:\\\/\\\/blogdofarnesio.com.br\\\/?p=124759\"},\"wordCount\":653,\"commentCount\":0,\"publisher\":{\"@id\":\"https:\\\/\\\/blogdofarnesio.com.br\\\/#organization\"},\"image\":{\"@id\":\"https:\\\/\\\/blogdofarnesio.com.br\\\/?p=124759#primaryimage\"},\"thumbnailUrl\":\"http:\\\/\\\/www.politicalivre.com.br\\\/wp-content\\\/thumbgen_cache\\\/af82671645fd4ab932da05fa53b05d82.jpg\",\"articleSection\":[\"Esportes\",\"Justi\u00e7a\"],\"inLanguage\":\"pt-BR\",\"potentialAction\":[{\"@type\":\"CommentAction\",\"name\":\"Comment\",\"target\":[\"https:\\\/\\\/blogdofarnesio.com.br\\\/?p=124759#respond\"]}]},{\"@type\":\"WebPage\",\"@id\":\"https:\\\/\\\/blogdofarnesio.com.br\\\/?p=124759\",\"url\":\"https:\\\/\\\/blogdofarnesio.com.br\\\/?p=124759\",\"name\":\"OPERA\u00c7\u00c3O DA POL\u00cdCIA SU\u00cd\u00c7A TEM A SELE\u00c7\u00c3O BRASILEIRA COMO ALVO - Blog do Farn\u00e9sio\",\"isPartOf\":{\"@id\":\"https:\\\/\\\/blogdofarnesio.com.br\\\/#website\"},\"primaryImageOfPage\":{\"@id\":\"https:\\\/\\\/blogdofarnesio.com.br\\\/?p=124759#primaryimage\"},\"image\":{\"@id\":\"https:\\\/\\\/blogdofarnesio.com.br\\\/?p=124759#primaryimage\"},\"thumbnailUrl\":\"http:\\\/\\\/www.politicalivre.com.br\\\/wp-content\\\/thumbgen_cache\\\/af82671645fd4ab932da05fa53b05d82.jpg\",\"datePublished\":\"2015-06-06T14:30:05+00:00\",\"breadcrumb\":{\"@id\":\"https:\\\/\\\/blogdofarnesio.com.br\\\/?p=124759#breadcrumb\"},\"inLanguage\":\"pt-BR\",\"potentialAction\":[{\"@type\":\"ReadAction\",\"target\":[\"https:\\\/\\\/blogdofarnesio.com.br\\\/?p=124759\"]}]},{\"@type\":\"ImageObject\",\"inLanguage\":\"pt-BR\",\"@id\":\"https:\\\/\\\/blogdofarnesio.com.br\\\/?p=124759#primaryimage\",\"url\":\"http:\\\/\\\/www.politicalivre.com.br\\\/wp-content\\\/thumbgen_cache\\\/af82671645fd4ab932da05fa53b05d82.jpg\",\"contentUrl\":\"http:\\\/\\\/www.politicalivre.com.br\\\/wp-content\\\/thumbgen_cache\\\/af82671645fd4ab932da05fa53b05d82.jpg\"},{\"@type\":\"BreadcrumbList\",\"@id\":\"https:\\\/\\\/blogdofarnesio.com.br\\\/?p=124759#breadcrumb\",\"itemListElement\":[{\"@type\":\"ListItem\",\"position\":1,\"name\":\"In\u00edcio\",\"item\":\"https:\\\/\\\/blogdofarnesio.com.br\\\/\"},{\"@type\":\"ListItem\",\"position\":2,\"name\":\"OPERA\u00c7\u00c3O DA POL\u00cdCIA SU\u00cd\u00c7A TEM A SELE\u00c7\u00c3O BRASILEIRA COMO ALVO\"}]},{\"@type\":\"WebSite\",\"@id\":\"https:\\\/\\\/blogdofarnesio.com.br\\\/#website\",\"url\":\"https:\\\/\\\/blogdofarnesio.com.br\\\/\",\"name\":\"Blog do Farn\u00e9sio\",\"description\":\"Quer Saber Pol\u00edtica?\",\"publisher\":{\"@id\":\"https:\\\/\\\/blogdofarnesio.com.br\\\/#organization\"},\"potentialAction\":[{\"@type\":\"SearchAction\",\"target\":{\"@type\":\"EntryPoint\",\"urlTemplate\":\"https:\\\/\\\/blogdofarnesio.com.br\\\/?s={search_term_string}\"},\"query-input\":{\"@type\":\"PropertyValueSpecification\",\"valueRequired\":true,\"valueName\":\"search_term_string\"}}],\"inLanguage\":\"pt-BR\"},{\"@type\":\"Organization\",\"@id\":\"https:\\\/\\\/blogdofarnesio.com.br\\\/#organization\",\"name\":\"Blog do Farn\u00e9sio\",\"url\":\"https:\\\/\\\/blogdofarnesio.com.br\\\/\",\"logo\":{\"@type\":\"ImageObject\",\"inLanguage\":\"pt-BR\",\"@id\":\"https:\\\/\\\/blogdofarnesio.com.br\\\/#\\\/schema\\\/logo\\\/image\\\/\",\"url\":\"https:\\\/\\\/blogdofarnesio.com.br\\\/wp-content\\\/uploads\\\/2026\\\/03\\\/cropped-logo_new-1.png\",\"contentUrl\":\"https:\\\/\\\/blogdofarnesio.com.br\\\/wp-content\\\/uploads\\\/2026\\\/03\\\/cropped-logo_new-1.png\",\"width\":881,\"height\":685,\"caption\":\"Blog do Farn\u00e9sio\"},\"image\":{\"@id\":\"https:\\\/\\\/blogdofarnesio.com.br\\\/#\\\/schema\\\/logo\\\/image\\\/\"},\"sameAs\":[\"https:\\\/\\\/www.facebook.com\\\/BlogQuerSaberPolitica\\\/\"]},{\"@type\":\"Person\",\"@id\":\"https:\\\/\\\/blogdofarnesio.com.br\\\/#\\\/schema\\\/person\\\/dd1bf5eba40b687199ba45ca6b97dff9\",\"name\":\"teste\",\"image\":{\"@type\":\"ImageObject\",\"inLanguage\":\"pt-BR\",\"@id\":\"https:\\\/\\\/secure.gravatar.com\\\/avatar\\\/2172498d4914b51e1d89a0f97957b035ac4938723a5cac208135d389b6972a6d?s=96&d=mm&r=g\",\"url\":\"https:\\\/\\\/secure.gravatar.com\\\/avatar\\\/2172498d4914b51e1d89a0f97957b035ac4938723a5cac208135d389b6972a6d?s=96&d=mm&r=g\",\"contentUrl\":\"https:\\\/\\\/secure.gravatar.com\\\/avatar\\\/2172498d4914b51e1d89a0f97957b035ac4938723a5cac208135d389b6972a6d?s=96&d=mm&r=g\",\"caption\":\"teste\"},\"url\":\"https:\\\/\\\/blogdofarnesio.com.br\\\/?author=3\"}]}<\/script>\n<!-- \/ Yoast SEO plugin. -->","yoast_head_json":{"title":"OPERA\u00c7\u00c3O DA POL\u00cdCIA SU\u00cd\u00c7A TEM A SELE\u00c7\u00c3O BRASILEIRA COMO ALVO - Blog do Farn\u00e9sio","robots":{"index":"index","follow":"follow","max-snippet":"max-snippet:-1","max-image-preview":"max-image-preview:large","max-video-preview":"max-video-preview:-1"},"canonical":"https:\/\/blogdofarnesio.com.br\/?p=124759","og_locale":"pt_BR","og_type":"article","og_title":"OPERA\u00c7\u00c3O DA POL\u00cdCIA SU\u00cd\u00c7A TEM A SELE\u00c7\u00c3O BRASILEIRA COMO ALVO - Blog do Farn\u00e9sio","og_description":"A suspeita \u00e9 de que o Catar pagou propina para Ricardo Teixeira para garantir o mundial de 2022 A pol\u00edcia su\u00ed\u00e7a fez uma opera\u00e7\u00e3o para confiscar documentos na sede da Kentaro, empresa que entre 2006 e 2012 organizou os jogos da sele\u00e7\u00e3o brasileira em nome de investidores sauditas. A suspeita \u00e9 de que um dos jogos entre Brasil e Argentina, no Catar, foi a forma pela qual o Catar pagou propinas para Ricardo Teixeira e Julio Grondona para garantir o Mundial de 2022. A alta c\u00fapula da Kentaro confirmou \u00e0 reportagem a opera\u00e7\u00e3o da pol\u00edcia, que ocorreu no mesmo dia em que Jos\u00e9 Maria Marin foi preso em Zurique. Mas garantiu que a empresa est\u00e1 colaborando e que foram eles&hellip;","og_url":"https:\/\/blogdofarnesio.com.br\/?p=124759","og_site_name":"Blog do Farn\u00e9sio","article_publisher":"https:\/\/www.facebook.com\/BlogQuerSaberPolitica\/","article_published_time":"2015-06-06T14:30:05+00:00","og_image":[{"url":"http:\/\/www.politicalivre.com.br\/wp-content\/thumbgen_cache\/af82671645fd4ab932da05fa53b05d82.jpg","type":"","width":"","height":""}],"author":"teste","twitter_card":"summary_large_image","twitter_misc":{"Escrito por":"teste","Est. tempo de leitura":"3 minutos"},"schema":{"@context":"https:\/\/schema.org","@graph":[{"@type":"Article","@id":"https:\/\/blogdofarnesio.com.br\/?p=124759#article","isPartOf":{"@id":"https:\/\/blogdofarnesio.com.br\/?p=124759"},"author":{"name":"teste","@id":"https:\/\/blogdofarnesio.com.br\/#\/schema\/person\/dd1bf5eba40b687199ba45ca6b97dff9"},"headline":"OPERA\u00c7\u00c3O DA POL\u00cdCIA SU\u00cd\u00c7A TEM A SELE\u00c7\u00c3O BRASILEIRA COMO ALVO","datePublished":"2015-06-06T14:30:05+00:00","mainEntityOfPage":{"@id":"https:\/\/blogdofarnesio.com.br\/?p=124759"},"wordCount":653,"commentCount":0,"publisher":{"@id":"https:\/\/blogdofarnesio.com.br\/#organization"},"image":{"@id":"https:\/\/blogdofarnesio.com.br\/?p=124759#primaryimage"},"thumbnailUrl":"http:\/\/www.politicalivre.com.br\/wp-content\/thumbgen_cache\/af82671645fd4ab932da05fa53b05d82.jpg","articleSection":["Esportes","Justi\u00e7a"],"inLanguage":"pt-BR","potentialAction":[{"@type":"CommentAction","name":"Comment","target":["https:\/\/blogdofarnesio.com.br\/?p=124759#respond"]}]},{"@type":"WebPage","@id":"https:\/\/blogdofarnesio.com.br\/?p=124759","url":"https:\/\/blogdofarnesio.com.br\/?p=124759","name":"OPERA\u00c7\u00c3O DA POL\u00cdCIA SU\u00cd\u00c7A TEM A SELE\u00c7\u00c3O BRASILEIRA COMO ALVO - Blog do Farn\u00e9sio","isPartOf":{"@id":"https:\/\/blogdofarnesio.com.br\/#website"},"primaryImageOfPage":{"@id":"https:\/\/blogdofarnesio.com.br\/?p=124759#primaryimage"},"image":{"@id":"https:\/\/blogdofarnesio.com.br\/?p=124759#primaryimage"},"thumbnailUrl":"http:\/\/www.politicalivre.com.br\/wp-content\/thumbgen_cache\/af82671645fd4ab932da05fa53b05d82.jpg","datePublished":"2015-06-06T14:30:05+00:00","breadcrumb":{"@id":"https:\/\/blogdofarnesio.com.br\/?p=124759#breadcrumb"},"inLanguage":"pt-BR","potentialAction":[{"@type":"ReadAction","target":["https:\/\/blogdofarnesio.com.br\/?p=124759"]}]},{"@type":"ImageObject","inLanguage":"pt-BR","@id":"https:\/\/blogdofarnesio.com.br\/?p=124759#primaryimage","url":"http:\/\/www.politicalivre.com.br\/wp-content\/thumbgen_cache\/af82671645fd4ab932da05fa53b05d82.jpg","contentUrl":"http:\/\/www.politicalivre.com.br\/wp-content\/thumbgen_cache\/af82671645fd4ab932da05fa53b05d82.jpg"},{"@type":"BreadcrumbList","@id":"https:\/\/blogdofarnesio.com.br\/?p=124759#breadcrumb","itemListElement":[{"@type":"ListItem","position":1,"name":"In\u00edcio","item":"https:\/\/blogdofarnesio.com.br\/"},{"@type":"ListItem","position":2,"name":"OPERA\u00c7\u00c3O DA POL\u00cdCIA SU\u00cd\u00c7A TEM A SELE\u00c7\u00c3O BRASILEIRA COMO ALVO"}]},{"@type":"WebSite","@id":"https:\/\/blogdofarnesio.com.br\/#website","url":"https:\/\/blogdofarnesio.com.br\/","name":"Blog do Farn\u00e9sio","description":"Quer Saber Pol\u00edtica?","publisher":{"@id":"https:\/\/blogdofarnesio.com.br\/#organization"},"potentialAction":[{"@type":"SearchAction","target":{"@type":"EntryPoint","urlTemplate":"https:\/\/blogdofarnesio.com.br\/?s={search_term_string}"},"query-input":{"@type":"PropertyValueSpecification","valueRequired":true,"valueName":"search_term_string"}}],"inLanguage":"pt-BR"},{"@type":"Organization","@id":"https:\/\/blogdofarnesio.com.br\/#organization","name":"Blog do Farn\u00e9sio","url":"https:\/\/blogdofarnesio.com.br\/","logo":{"@type":"ImageObject","inLanguage":"pt-BR","@id":"https:\/\/blogdofarnesio.com.br\/#\/schema\/logo\/image\/","url":"https:\/\/blogdofarnesio.com.br\/wp-content\/uploads\/2026\/03\/cropped-logo_new-1.png","contentUrl":"https:\/\/blogdofarnesio.com.br\/wp-content\/uploads\/2026\/03\/cropped-logo_new-1.png","width":881,"height":685,"caption":"Blog do Farn\u00e9sio"},"image":{"@id":"https:\/\/blogdofarnesio.com.br\/#\/schema\/logo\/image\/"},"sameAs":["https:\/\/www.facebook.com\/BlogQuerSaberPolitica\/"]},{"@type":"Person","@id":"https:\/\/blogdofarnesio.com.br\/#\/schema\/person\/dd1bf5eba40b687199ba45ca6b97dff9","name":"teste","image":{"@type":"ImageObject","inLanguage":"pt-BR","@id":"https:\/\/secure.gravatar.com\/avatar\/2172498d4914b51e1d89a0f97957b035ac4938723a5cac208135d389b6972a6d?s=96&d=mm&r=g","url":"https:\/\/secure.gravatar.com\/avatar\/2172498d4914b51e1d89a0f97957b035ac4938723a5cac208135d389b6972a6d?s=96&d=mm&r=g","contentUrl":"https:\/\/secure.gravatar.com\/avatar\/2172498d4914b51e1d89a0f97957b035ac4938723a5cac208135d389b6972a6d?s=96&d=mm&r=g","caption":"teste"},"url":"https:\/\/blogdofarnesio.com.br\/?author=3"}]}},"_links":{"self":[{"href":"https:\/\/blogdofarnesio.com.br\/index.php?rest_route=\/wp\/v2\/posts\/124759","targetHints":{"allow":["GET"]}}],"collection":[{"href":"https:\/\/blogdofarnesio.com.br\/index.php?rest_route=\/wp\/v2\/posts"}],"about":[{"href":"https:\/\/blogdofarnesio.com.br\/index.php?rest_route=\/wp\/v2\/types\/post"}],"author":[{"embeddable":true,"href":"https:\/\/blogdofarnesio.com.br\/index.php?rest_route=\/wp\/v2\/users\/3"}],"replies":[{"embeddable":true,"href":"https:\/\/blogdofarnesio.com.br\/index.php?rest_route=%2Fwp%2Fv2%2Fcomments&post=124759"}],"version-history":[{"count":0,"href":"https:\/\/blogdofarnesio.com.br\/index.php?rest_route=\/wp\/v2\/posts\/124759\/revisions"}],"wp:attachment":[{"href":"https:\/\/blogdofarnesio.com.br\/index.php?rest_route=%2Fwp%2Fv2%2Fmedia&parent=124759"}],"wp:term":[{"taxonomy":"category","embeddable":true,"href":"https:\/\/blogdofarnesio.com.br\/index.php?rest_route=%2Fwp%2Fv2%2Fcategories&post=124759"},{"taxonomy":"post_tag","embeddable":true,"href":"https:\/\/blogdofarnesio.com.br\/index.php?rest_route=%2Fwp%2Fv2%2Ftags&post=124759"}],"curies":[{"name":"wp","href":"https:\/\/api.w.org\/{rel}","templated":true}]}}