{"id":124756,"date":"2015-06-05T21:37:51","date_gmt":"2015-06-06T00:37:51","guid":{"rendered":"http:\/\/www.quersaberpolitica.com.br\/?p=124756"},"modified":"2015-06-05T21:42:50","modified_gmt":"2015-06-06T00:42:50","slug":"encontrado-o-corpo-de-jovem-sequestrado-em-juazeiro","status":"publish","type":"post","link":"https:\/\/blogdofarnesio.com.br\/?p=124756","title":{"rendered":"ENCONTRADO O CORPO DE JOVEM SEQUESTRADO EM JUAZEIRO"},"content":{"rendered":"<h1 class=\"post-title entry-title\"><\/h1>\n<h3 class=\"date-header\" style=\"text-align: justify\"><img loading=\"lazy\" decoding=\"async\" class=\" alignleft\" src=\"http:\/\/carlosbritto.ne10.uol.com.br\/wp-content\/uploads\/2015\/06\/osmar-japinha.jpg\" alt=\"\" width=\"292\" height=\"240\" \/>na tarde desta sexta-feira (05) foi encontrado O corpo \u00a0carbonizadoem estado de DEcomposi\u00e7\u00e3o\u00a0DE\u00a0Osmar Carvalho (Japinha). CONFORME INFORMA\u00c7\u00d5ES ELE teria sido sequestrado na noite da \u00faltima segunda (01), na Rua Zero do Alto da Maravilha.O\u00a0Corpo de japinha foi encontrado no bairro Jo\u00e3o Paulo II. Levado ao IML os familiares identificaram o corpo.<\/h3>\n<p><!--more--><\/p>\n<div id=\"post-body-6065668595181464124\" class=\"post-body entry-content\">\n<div dir=\"ltr\" style=\"text-align: justify\"><a href=\"http:\/\/2.bp.blogspot.com\/-ayXJUjrzhXE\/VXINUAzHZxI\/AAAAAAAACzI\/NsPkPN50Smo\/s1600\/iml1.jpg\"><img loading=\"lazy\" decoding=\"async\" class=\" aligncenter\" src=\"http:\/\/2.bp.blogspot.com\/-ayXJUjrzhXE\/VXINUAzHZxI\/AAAAAAAACzI\/NsPkPN50Smo\/s1600\/iml1.jpg\" alt=\"\" width=\"506\" height=\"292\" border=\"0\" \/><\/a><\/div>\n<\/div>\n","protected":false},"excerpt":{"rendered":"<p>na tarde desta sexta-feira (05) foi encontrado O corpo \u00a0carbonizadoem estado de DEcomposi\u00e7\u00e3o\u00a0DE\u00a0Osmar Carvalho (Japinha). CONFORME INFORMA\u00c7\u00d5ES ELE teria sido sequestrado na noite da \u00faltima segunda (01), na Rua Zero do Alto da Maravilha.O\u00a0Corpo de japinha foi encontrado no bairro Jo\u00e3o Paulo II. Levado ao IML os familiares identificaram o corpo.<\/p>\n","protected":false},"author":3,"featured_media":0,"comment_status":"open","ping_status":"open","sticky":false,"template":"","format":"standard","meta":{"_acf_changed":false,"footnotes":""},"categories":[9],"tags":[],"class_list":["post-124756","post","type-post","status-publish","format-standard","hentry","category-policia"],"acf":[],"yoast_head":"<!-- This site is optimized with the Yoast SEO plugin v27.4 - https:\/\/yoast.com\/product\/yoast-seo-wordpress\/ -->\n<title>ENCONTRADO O CORPO DE JOVEM SEQUESTRADO EM JUAZEIRO - Blog do Farn\u00e9sio<\/title>\n<meta name=\"robots\" content=\"index, follow, max-snippet:-1, max-image-preview:large, max-video-preview:-1\" \/>\n<link rel=\"canonical\" href=\"https:\/\/blogdofarnesio.com.br\/?p=124756\" \/>\n<meta property=\"og:locale\" content=\"pt_BR\" \/>\n<meta property=\"og:type\" content=\"article\" \/>\n<meta property=\"og:title\" content=\"ENCONTRADO O CORPO DE JOVEM SEQUESTRADO EM JUAZEIRO - Blog do Farn\u00e9sio\" \/>\n<meta property=\"og:description\" content=\"na tarde desta sexta-feira (05) foi encontrado O corpo \u00a0carbonizadoem estado de DEcomposi\u00e7\u00e3o\u00a0DE\u00a0Osmar Carvalho (Japinha). CONFORME INFORMA\u00c7\u00d5ES ELE teria sido sequestrado na noite da \u00faltima segunda (01), na Rua Zero do Alto da Maravilha.O\u00a0Corpo de japinha foi encontrado no bairro Jo\u00e3o Paulo II. Levado ao IML os familiares identificaram o corpo.\" \/>\n<meta property=\"og:url\" content=\"https:\/\/blogdofarnesio.com.br\/?p=124756\" \/>\n<meta property=\"og:site_name\" content=\"Blog do Farn\u00e9sio\" \/>\n<meta property=\"article:publisher\" content=\"https:\/\/www.facebook.com\/BlogQuerSaberPolitica\/\" \/>\n<meta property=\"article:published_time\" content=\"2015-06-06T00:37:51+00:00\" \/>\n<meta property=\"article:modified_time\" content=\"2015-06-06T00:42:50+00:00\" \/>\n<meta property=\"og:image\" content=\"http:\/\/carlosbritto.ne10.uol.com.br\/wp-content\/uploads\/2015\/06\/osmar-japinha.jpg\" \/>\n<meta name=\"author\" content=\"teste\" \/>\n<meta name=\"twitter:card\" content=\"summary_large_image\" \/>\n<meta name=\"twitter:label1\" content=\"Escrito por\" \/>\n\t<meta name=\"twitter:data1\" content=\"teste\" \/>\n<script type=\"application\/ld+json\" class=\"yoast-schema-graph\">{\"@context\":\"https:\\\/\\\/schema.org\",\"@graph\":[{\"@type\":\"Article\",\"@id\":\"https:\\\/\\\/blogdofarnesio.com.br\\\/?p=124756#article\",\"isPartOf\":{\"@id\":\"https:\\\/\\\/blogdofarnesio.com.br\\\/?p=124756\"},\"author\":{\"name\":\"teste\",\"@id\":\"https:\\\/\\\/blogdofarnesio.com.br\\\/#\\\/schema\\\/person\\\/dd1bf5eba40b687199ba45ca6b97dff9\"},\"headline\":\"ENCONTRADO O CORPO DE JOVEM SEQUESTRADO EM JUAZEIRO\",\"datePublished\":\"2015-06-06T00:37:51+00:00\",\"dateModified\":\"2015-06-06T00:42:50+00:00\",\"mainEntityOfPage\":{\"@id\":\"https:\\\/\\\/blogdofarnesio.com.br\\\/?p=124756\"},\"wordCount\":64,\"commentCount\":0,\"publisher\":{\"@id\":\"https:\\\/\\\/blogdofarnesio.com.br\\\/#organization\"},\"image\":{\"@id\":\"https:\\\/\\\/blogdofarnesio.com.br\\\/?p=124756#primaryimage\"},\"thumbnailUrl\":\"http:\\\/\\\/carlosbritto.ne10.uol.com.br\\\/wp-content\\\/uploads\\\/2015\\\/06\\\/osmar-japinha.jpg\",\"articleSection\":[\"Pol\u00edcia\"],\"inLanguage\":\"pt-BR\",\"potentialAction\":[{\"@type\":\"CommentAction\",\"name\":\"Comment\",\"target\":[\"https:\\\/\\\/blogdofarnesio.com.br\\\/?p=124756#respond\"]}]},{\"@type\":\"WebPage\",\"@id\":\"https:\\\/\\\/blogdofarnesio.com.br\\\/?p=124756\",\"url\":\"https:\\\/\\\/blogdofarnesio.com.br\\\/?p=124756\",\"name\":\"ENCONTRADO O CORPO DE JOVEM SEQUESTRADO EM JUAZEIRO - Blog do Farn\u00e9sio\",\"isPartOf\":{\"@id\":\"https:\\\/\\\/blogdofarnesio.com.br\\\/#website\"},\"primaryImageOfPage\":{\"@id\":\"https:\\\/\\\/blogdofarnesio.com.br\\\/?p=124756#primaryimage\"},\"image\":{\"@id\":\"https:\\\/\\\/blogdofarnesio.com.br\\\/?p=124756#primaryimage\"},\"thumbnailUrl\":\"http:\\\/\\\/carlosbritto.ne10.uol.com.br\\\/wp-content\\\/uploads\\\/2015\\\/06\\\/osmar-japinha.jpg\",\"datePublished\":\"2015-06-06T00:37:51+00:00\",\"dateModified\":\"2015-06-06T00:42:50+00:00\",\"breadcrumb\":{\"@id\":\"https:\\\/\\\/blogdofarnesio.com.br\\\/?p=124756#breadcrumb\"},\"inLanguage\":\"pt-BR\",\"potentialAction\":[{\"@type\":\"ReadAction\",\"target\":[\"https:\\\/\\\/blogdofarnesio.com.br\\\/?p=124756\"]}]},{\"@type\":\"ImageObject\",\"inLanguage\":\"pt-BR\",\"@id\":\"https:\\\/\\\/blogdofarnesio.com.br\\\/?p=124756#primaryimage\",\"url\":\"http:\\\/\\\/carlosbritto.ne10.uol.com.br\\\/wp-content\\\/uploads\\\/2015\\\/06\\\/osmar-japinha.jpg\",\"contentUrl\":\"http:\\\/\\\/carlosbritto.ne10.uol.com.br\\\/wp-content\\\/uploads\\\/2015\\\/06\\\/osmar-japinha.jpg\"},{\"@type\":\"BreadcrumbList\",\"@id\":\"https:\\\/\\\/blogdofarnesio.com.br\\\/?p=124756#breadcrumb\",\"itemListElement\":[{\"@type\":\"ListItem\",\"position\":1,\"name\":\"In\u00edcio\",\"item\":\"https:\\\/\\\/blogdofarnesio.com.br\\\/\"},{\"@type\":\"ListItem\",\"position\":2,\"name\":\"ENCONTRADO O CORPO DE JOVEM SEQUESTRADO EM JUAZEIRO\"}]},{\"@type\":\"WebSite\",\"@id\":\"https:\\\/\\\/blogdofarnesio.com.br\\\/#website\",\"url\":\"https:\\\/\\\/blogdofarnesio.com.br\\\/\",\"name\":\"Blog do Farn\u00e9sio\",\"description\":\"Quer Saber Pol\u00edtica?\",\"publisher\":{\"@id\":\"https:\\\/\\\/blogdofarnesio.com.br\\\/#organization\"},\"potentialAction\":[{\"@type\":\"SearchAction\",\"target\":{\"@type\":\"EntryPoint\",\"urlTemplate\":\"https:\\\/\\\/blogdofarnesio.com.br\\\/?s={search_term_string}\"},\"query-input\":{\"@type\":\"PropertyValueSpecification\",\"valueRequired\":true,\"valueName\":\"search_term_string\"}}],\"inLanguage\":\"pt-BR\"},{\"@type\":\"Organization\",\"@id\":\"https:\\\/\\\/blogdofarnesio.com.br\\\/#organization\",\"name\":\"Blog do Farn\u00e9sio\",\"url\":\"https:\\\/\\\/blogdofarnesio.com.br\\\/\",\"logo\":{\"@type\":\"ImageObject\",\"inLanguage\":\"pt-BR\",\"@id\":\"https:\\\/\\\/blogdofarnesio.com.br\\\/#\\\/schema\\\/logo\\\/image\\\/\",\"url\":\"https:\\\/\\\/blogdofarnesio.com.br\\\/wp-content\\\/uploads\\\/2026\\\/03\\\/cropped-logo_new-1.png\",\"contentUrl\":\"https:\\\/\\\/blogdofarnesio.com.br\\\/wp-content\\\/uploads\\\/2026\\\/03\\\/cropped-logo_new-1.png\",\"width\":881,\"height\":685,\"caption\":\"Blog do Farn\u00e9sio\"},\"image\":{\"@id\":\"https:\\\/\\\/blogdofarnesio.com.br\\\/#\\\/schema\\\/logo\\\/image\\\/\"},\"sameAs\":[\"https:\\\/\\\/www.facebook.com\\\/BlogQuerSaberPolitica\\\/\"]},{\"@type\":\"Person\",\"@id\":\"https:\\\/\\\/blogdofarnesio.com.br\\\/#\\\/schema\\\/person\\\/dd1bf5eba40b687199ba45ca6b97dff9\",\"name\":\"teste\",\"image\":{\"@type\":\"ImageObject\",\"inLanguage\":\"pt-BR\",\"@id\":\"https:\\\/\\\/secure.gravatar.com\\\/avatar\\\/2172498d4914b51e1d89a0f97957b035ac4938723a5cac208135d389b6972a6d?s=96&d=mm&r=g\",\"url\":\"https:\\\/\\\/secure.gravatar.com\\\/avatar\\\/2172498d4914b51e1d89a0f97957b035ac4938723a5cac208135d389b6972a6d?s=96&d=mm&r=g\",\"contentUrl\":\"https:\\\/\\\/secure.gravatar.com\\\/avatar\\\/2172498d4914b51e1d89a0f97957b035ac4938723a5cac208135d389b6972a6d?s=96&d=mm&r=g\",\"caption\":\"teste\"},\"url\":\"https:\\\/\\\/blogdofarnesio.com.br\\\/?author=3\"}]}<\/script>\n<!-- \/ Yoast SEO plugin. -->","yoast_head_json":{"title":"ENCONTRADO O CORPO DE JOVEM SEQUESTRADO EM JUAZEIRO - Blog do Farn\u00e9sio","robots":{"index":"index","follow":"follow","max-snippet":"max-snippet:-1","max-image-preview":"max-image-preview:large","max-video-preview":"max-video-preview:-1"},"canonical":"https:\/\/blogdofarnesio.com.br\/?p=124756","og_locale":"pt_BR","og_type":"article","og_title":"ENCONTRADO O CORPO DE JOVEM SEQUESTRADO EM JUAZEIRO - Blog do Farn\u00e9sio","og_description":"na tarde desta sexta-feira (05) foi encontrado O corpo \u00a0carbonizadoem estado de DEcomposi\u00e7\u00e3o\u00a0DE\u00a0Osmar Carvalho (Japinha). CONFORME INFORMA\u00c7\u00d5ES ELE teria sido sequestrado na noite da \u00faltima segunda (01), na Rua Zero do Alto da Maravilha.O\u00a0Corpo de japinha foi encontrado no bairro Jo\u00e3o Paulo II. Levado ao IML os familiares identificaram o corpo.","og_url":"https:\/\/blogdofarnesio.com.br\/?p=124756","og_site_name":"Blog do Farn\u00e9sio","article_publisher":"https:\/\/www.facebook.com\/BlogQuerSaberPolitica\/","article_published_time":"2015-06-06T00:37:51+00:00","article_modified_time":"2015-06-06T00:42:50+00:00","og_image":[{"url":"http:\/\/carlosbritto.ne10.uol.com.br\/wp-content\/uploads\/2015\/06\/osmar-japinha.jpg","type":"","width":"","height":""}],"author":"teste","twitter_card":"summary_large_image","twitter_misc":{"Escrito por":"teste"},"schema":{"@context":"https:\/\/schema.org","@graph":[{"@type":"Article","@id":"https:\/\/blogdofarnesio.com.br\/?p=124756#article","isPartOf":{"@id":"https:\/\/blogdofarnesio.com.br\/?p=124756"},"author":{"name":"teste","@id":"https:\/\/blogdofarnesio.com.br\/#\/schema\/person\/dd1bf5eba40b687199ba45ca6b97dff9"},"headline":"ENCONTRADO O CORPO DE JOVEM SEQUESTRADO EM JUAZEIRO","datePublished":"2015-06-06T00:37:51+00:00","dateModified":"2015-06-06T00:42:50+00:00","mainEntityOfPage":{"@id":"https:\/\/blogdofarnesio.com.br\/?p=124756"},"wordCount":64,"commentCount":0,"publisher":{"@id":"https:\/\/blogdofarnesio.com.br\/#organization"},"image":{"@id":"https:\/\/blogdofarnesio.com.br\/?p=124756#primaryimage"},"thumbnailUrl":"http:\/\/carlosbritto.ne10.uol.com.br\/wp-content\/uploads\/2015\/06\/osmar-japinha.jpg","articleSection":["Pol\u00edcia"],"inLanguage":"pt-BR","potentialAction":[{"@type":"CommentAction","name":"Comment","target":["https:\/\/blogdofarnesio.com.br\/?p=124756#respond"]}]},{"@type":"WebPage","@id":"https:\/\/blogdofarnesio.com.br\/?p=124756","url":"https:\/\/blogdofarnesio.com.br\/?p=124756","name":"ENCONTRADO O CORPO DE JOVEM SEQUESTRADO EM JUAZEIRO - Blog do Farn\u00e9sio","isPartOf":{"@id":"https:\/\/blogdofarnesio.com.br\/#website"},"primaryImageOfPage":{"@id":"https:\/\/blogdofarnesio.com.br\/?p=124756#primaryimage"},"image":{"@id":"https:\/\/blogdofarnesio.com.br\/?p=124756#primaryimage"},"thumbnailUrl":"http:\/\/carlosbritto.ne10.uol.com.br\/wp-content\/uploads\/2015\/06\/osmar-japinha.jpg","datePublished":"2015-06-06T00:37:51+00:00","dateModified":"2015-06-06T00:42:50+00:00","breadcrumb":{"@id":"https:\/\/blogdofarnesio.com.br\/?p=124756#breadcrumb"},"inLanguage":"pt-BR","potentialAction":[{"@type":"ReadAction","target":["https:\/\/blogdofarnesio.com.br\/?p=124756"]}]},{"@type":"ImageObject","inLanguage":"pt-BR","@id":"https:\/\/blogdofarnesio.com.br\/?p=124756#primaryimage","url":"http:\/\/carlosbritto.ne10.uol.com.br\/wp-content\/uploads\/2015\/06\/osmar-japinha.jpg","contentUrl":"http:\/\/carlosbritto.ne10.uol.com.br\/wp-content\/uploads\/2015\/06\/osmar-japinha.jpg"},{"@type":"BreadcrumbList","@id":"https:\/\/blogdofarnesio.com.br\/?p=124756#breadcrumb","itemListElement":[{"@type":"ListItem","position":1,"name":"In\u00edcio","item":"https:\/\/blogdofarnesio.com.br\/"},{"@type":"ListItem","position":2,"name":"ENCONTRADO O CORPO DE JOVEM SEQUESTRADO EM JUAZEIRO"}]},{"@type":"WebSite","@id":"https:\/\/blogdofarnesio.com.br\/#website","url":"https:\/\/blogdofarnesio.com.br\/","name":"Blog do Farn\u00e9sio","description":"Quer Saber Pol\u00edtica?","publisher":{"@id":"https:\/\/blogdofarnesio.com.br\/#organization"},"potentialAction":[{"@type":"SearchAction","target":{"@type":"EntryPoint","urlTemplate":"https:\/\/blogdofarnesio.com.br\/?s={search_term_string}"},"query-input":{"@type":"PropertyValueSpecification","valueRequired":true,"valueName":"search_term_string"}}],"inLanguage":"pt-BR"},{"@type":"Organization","@id":"https:\/\/blogdofarnesio.com.br\/#organization","name":"Blog do Farn\u00e9sio","url":"https:\/\/blogdofarnesio.com.br\/","logo":{"@type":"ImageObject","inLanguage":"pt-BR","@id":"https:\/\/blogdofarnesio.com.br\/#\/schema\/logo\/image\/","url":"https:\/\/blogdofarnesio.com.br\/wp-content\/uploads\/2026\/03\/cropped-logo_new-1.png","contentUrl":"https:\/\/blogdofarnesio.com.br\/wp-content\/uploads\/2026\/03\/cropped-logo_new-1.png","width":881,"height":685,"caption":"Blog do Farn\u00e9sio"},"image":{"@id":"https:\/\/blogdofarnesio.com.br\/#\/schema\/logo\/image\/"},"sameAs":["https:\/\/www.facebook.com\/BlogQuerSaberPolitica\/"]},{"@type":"Person","@id":"https:\/\/blogdofarnesio.com.br\/#\/schema\/person\/dd1bf5eba40b687199ba45ca6b97dff9","name":"teste","image":{"@type":"ImageObject","inLanguage":"pt-BR","@id":"https:\/\/secure.gravatar.com\/avatar\/2172498d4914b51e1d89a0f97957b035ac4938723a5cac208135d389b6972a6d?s=96&d=mm&r=g","url":"https:\/\/secure.gravatar.com\/avatar\/2172498d4914b51e1d89a0f97957b035ac4938723a5cac208135d389b6972a6d?s=96&d=mm&r=g","contentUrl":"https:\/\/secure.gravatar.com\/avatar\/2172498d4914b51e1d89a0f97957b035ac4938723a5cac208135d389b6972a6d?s=96&d=mm&r=g","caption":"teste"},"url":"https:\/\/blogdofarnesio.com.br\/?author=3"}]}},"_links":{"self":[{"href":"https:\/\/blogdofarnesio.com.br\/index.php?rest_route=\/wp\/v2\/posts\/124756","targetHints":{"allow":["GET"]}}],"collection":[{"href":"https:\/\/blogdofarnesio.com.br\/index.php?rest_route=\/wp\/v2\/posts"}],"about":[{"href":"https:\/\/blogdofarnesio.com.br\/index.php?rest_route=\/wp\/v2\/types\/post"}],"author":[{"embeddable":true,"href":"https:\/\/blogdofarnesio.com.br\/index.php?rest_route=\/wp\/v2\/users\/3"}],"replies":[{"embeddable":true,"href":"https:\/\/blogdofarnesio.com.br\/index.php?rest_route=%2Fwp%2Fv2%2Fcomments&post=124756"}],"version-history":[{"count":0,"href":"https:\/\/blogdofarnesio.com.br\/index.php?rest_route=\/wp\/v2\/posts\/124756\/revisions"}],"wp:attachment":[{"href":"https:\/\/blogdofarnesio.com.br\/index.php?rest_route=%2Fwp%2Fv2%2Fmedia&parent=124756"}],"wp:term":[{"taxonomy":"category","embeddable":true,"href":"https:\/\/blogdofarnesio.com.br\/index.php?rest_route=%2Fwp%2Fv2%2Fcategories&post=124756"},{"taxonomy":"post_tag","embeddable":true,"href":"https:\/\/blogdofarnesio.com.br\/index.php?rest_route=%2Fwp%2Fv2%2Ftags&post=124756"}],"curies":[{"name":"wp","href":"https:\/\/api.w.org\/{rel}","templated":true}]}}