{"id":124747,"date":"2015-06-05T17:33:17","date_gmt":"2015-06-05T20:33:17","guid":{"rendered":"http:\/\/www.quersaberpolitica.com.br\/?p=124747"},"modified":"2015-06-05T17:21:23","modified_gmt":"2015-06-05T20:21:23","slug":"e-preciso-reagir-aos-nazistas","status":"publish","type":"post","link":"https:\/\/blogdofarnesio.com.br\/?p=124747","title":{"rendered":"\u201c\u00c9 PRECISO REAGIR AOS NAZISTAS\u201d"},"content":{"rendered":"<p><a href=\"http:\/\/tijolaco.com.br\/blog\/?p=27288\" target=\"_blank\">Por Fernando Brito, do Tijola\u00e7o<\/a><\/p>\n<p><a href=\"http:\/\/www.quersaberpolitica.com.br\/2016\/wp-content\/uploads\/2014\/06\/blogqspracismo.jpg\"><img loading=\"lazy\" decoding=\"async\" class=\"aligncenter  wp-image-87242\" src=\"http:\/\/www.quersaberpolitica.com.br\/2016\/wp-content\/uploads\/2014\/06\/blogqspracismo.jpg\" alt=\"blogqspracismo\" width=\"395\" height=\"395\" \/><\/a>Comecei muito mal o dia, lendo o<em><a href=\"http:\/\/www.diariodocentrodomundo.com.br\/quem-e-o-bocal-que-atacou-um-imigrante-haitiano-e-por-que-ele-nao-esta-na-cadeia\/\" target=\"_blank\">\u00a0Di\u00e1rio do Centro do Mundo<\/a><\/em>. N\u00e3o pelo site, obvio, que \u00e9 muito bom, mas pela mat\u00e9ria \u2013 com o v\u00eddeo que reproduzo ao final com um imbecil que, estupidamente, vai provocar e humilhar um frentista de posto de gasolina que abastece um carro, em Porto Alegre.<\/p>\n<p><strong>A raz\u00e3o?<\/strong> O trabalhador \u00e9 haitiano. \u00c9 de embrulhar o est\u00f4mago, mesmo sabendo que a not\u00edcia j\u00e1 circula h\u00e1 dois dias.<\/p>\n<p>Danem-se os que me acharem \u201cpol\u00edticamente incorreto\u201d, mas este sujeito, al\u00e9m do devido processo judicial, deveria ser posto a correr, depois de ouvir uns desaforos daqueles bem \u201cincorretos\u201d.<\/p>\n<p>O av\u00f4 ou bisav\u00f4 deste personagem que maltrata quem vem trabalhar aqui veio de onde? As centenas de\u00a0\u00a0milhares de ga\u00fachos \u00a0filhos, netos e bisnetos de imigrantes por acaso n\u00e3o vieram para c\u00e1 , como dizia a minha av\u00f3 (ela pr\u00f3pria filha de um imigrante portugu\u00eas), com \u201cuma \u00a0m\u00e3o atr\u00e1s, outra na frente\u201d?<\/p>\n<p>Porque, tirando os poucos ind\u00edgenas que restam neste pa\u00eds, quem \u00e9 que n\u00e3o veio de algum lugar para trabalhar e viver aqui?<\/p>\n<p>Diz o \u00a0fac\u00ednora que n\u00e3o \u00e9 por ele ser estrangeiro, mas por ser, supostamente um perigoso militar treinado a servi\u00e7o do comunismo.<\/p>\n<p>Olhem para o pobre coitado, um magrelo, quase um fiapo, humilde, intimidado e para \u00a0o agressor que vai provoca-lo e vejam quem parece um paramilitar, ali\u00e1s com um broche de caveira bem significativo.<\/p>\n<p>S\u00f3 de uma cavalgadura destas usar um uniforme militar, covarde fantasiado de valente, \u00a0j\u00e1 \u00e9 uma ofensa \u00e0s nossa For\u00e7as Armadas que, com todos os defeitos que possa ter tido, sempre foi democr\u00e1tica em seu acesso e, at\u00e9, durante muito tempo, a \u00fanica forma de garotos de origem humilde terem um ensino e uma carreira digna.<!--more--><\/p>\n<p>\u00c9 pior que isso, ainda: chega a ser um ultraje vestir-se como se fosse do Ex\u00e9rcito Brasileiro, que tem como seu ber\u00e7o e exemplo a Batalha dos Guararapes, onde o sangue de brancos, \u00edndios e negros come\u00e7ou a se misturar num campo de batalha para formar o pa\u00eds que somos!<\/p>\n<p>Na verdade, o canalha que faz isso faz porque o rapaz \u00e9 negro e pobre.<\/p>\n<p>Porque, se este microc\u00e9falo n\u00e3o sabe,<a href=\"http:\/\/internacional.elpais.com\/internacional\/2015\/06\/04\/actualidad\/1433434554_572544.html\" target=\"_blank\">\u00a0hoje est\u00e1 sendo divulgado, na\u00a0Su\u00ed\u00e7a<\/a>, um estudo mostra que, pelo sexto ano consecutivo, mais migrantes est\u00e3o vindo da Europa para a Am\u00e9rica Latina que, como antes, latino-americanos indo para l\u00e1, em busca de trabalho.<\/p>\n<p>S\u00f3 da Espanha\u00a0sa\u00edram, em 2012, \u00a0181.166 cidad\u00e3os com destino a pa\u00edses da Am\u00e9rica do Sul.<\/p>\n<p>E<a href=\"http:\/\/internacional.elpais.com\/internacional\/2013\/01\/22\/actualidad\/1358883206_977179.html\" target=\"_blank\">\u00a0diminui o n\u00famero de brasileiros (e latino-americanos, em geral)\u00a0<\/a>que emigram para conseguir o trabalho que aqui faltava.<\/p>\n<p>Ali\u00e1s, o que este palerma covarde\u00a0acharia se um brasileiro que fosse tentar a sorte como entregador de pizza nos Estados Unidos fosse tratado como ele tratou o rapaz?<\/p>\n<p>Se o Minist\u00e9rio da Justi\u00e7a do Brasil servisse para alguma coisa, este camarada \u00a0estaria sentado agora numa delegacia de\u00a0pol\u00edcia, prestando declara\u00e7\u00f5es e respondendo, no m\u00ednimo, por ass\u00e9dio.<\/p>\n<p>Mas estamos permitindo que este comportamento fascista se espalhe, sem rea\u00e7\u00e3o.<\/p>\n<p>Nem que seja a de algu\u00e9m\u00a0\u2013\u00a0de prefer\u00eancia um pequena mulher, para que se veja\u00a0\u00a0que\u00a0\u00a0a pancada \u00e9 mais moral do que f\u00edsica \u2013 que lhe d\u00ea o tapa na cara que merece.<\/p>\n<p>Depois que<em>\u00a0desinventaram<\/em>\u00a0o tapa na cara os canalhas ficaram mais selvagens.<\/p>\n<p><strong>BR-247<\/strong><\/p>\n","protected":false},"excerpt":{"rendered":"<p>Por Fernando Brito, do Tijola\u00e7o Comecei muito mal o dia, lendo o\u00a0Di\u00e1rio do Centro do Mundo. N\u00e3o pelo site, obvio, que \u00e9 muito bom, mas pela mat\u00e9ria \u2013 com o v\u00eddeo que reproduzo ao final com um imbecil que, estupidamente, vai provocar e humilhar um frentista de posto de gasolina que abastece um carro, em Porto Alegre. A raz\u00e3o? O trabalhador \u00e9 haitiano. \u00c9 de embrulhar o est\u00f4mago, mesmo sabendo que a not\u00edcia j\u00e1 circula h\u00e1 dois dias. Danem-se os que me acharem \u201cpol\u00edticamente incorreto\u201d, mas este sujeito, al\u00e9m do devido processo judicial, deveria ser posto a correr, depois de ouvir uns desaforos daqueles bem \u201cincorretos\u201d. O av\u00f4 ou bisav\u00f4 deste personagem que maltrata quem vem trabalhar aqui veio de&hellip; <\/p>\n","protected":false},"author":3,"featured_media":0,"comment_status":"open","ping_status":"open","sticky":false,"template":"","format":"standard","meta":{"_acf_changed":false,"footnotes":""},"categories":[30],"tags":[],"class_list":["post-124747","post","type-post","status-publish","format-standard","hentry","category-artigo"],"acf":[],"yoast_head":"<!-- This site is optimized with the Yoast SEO plugin v27.4 - https:\/\/yoast.com\/product\/yoast-seo-wordpress\/ -->\n<title>\u201c\u00c9 PRECISO REAGIR AOS NAZISTAS\u201d - Blog do Farn\u00e9sio<\/title>\n<meta name=\"robots\" content=\"index, follow, max-snippet:-1, max-image-preview:large, max-video-preview:-1\" \/>\n<link rel=\"canonical\" href=\"https:\/\/blogdofarnesio.com.br\/?p=124747\" \/>\n<meta property=\"og:locale\" content=\"pt_BR\" \/>\n<meta property=\"og:type\" content=\"article\" \/>\n<meta property=\"og:title\" content=\"\u201c\u00c9 PRECISO REAGIR AOS NAZISTAS\u201d - Blog do Farn\u00e9sio\" \/>\n<meta property=\"og:description\" content=\"Por Fernando Brito, do Tijola\u00e7o Comecei muito mal o dia, lendo o\u00a0Di\u00e1rio do Centro do Mundo. N\u00e3o pelo site, obvio, que \u00e9 muito bom, mas pela mat\u00e9ria \u2013 com o v\u00eddeo que reproduzo ao final com um imbecil que, estupidamente, vai provocar e humilhar um frentista de posto de gasolina que abastece um carro, em Porto Alegre. A raz\u00e3o? O trabalhador \u00e9 haitiano. \u00c9 de embrulhar o est\u00f4mago, mesmo sabendo que a not\u00edcia j\u00e1 circula h\u00e1 dois dias. Danem-se os que me acharem \u201cpol\u00edticamente incorreto\u201d, mas este sujeito, al\u00e9m do devido processo judicial, deveria ser posto a correr, depois de ouvir uns desaforos daqueles bem \u201cincorretos\u201d. O av\u00f4 ou bisav\u00f4 deste personagem que maltrata quem vem trabalhar aqui veio de&hellip;\" \/>\n<meta property=\"og:url\" content=\"https:\/\/blogdofarnesio.com.br\/?p=124747\" \/>\n<meta property=\"og:site_name\" content=\"Blog do Farn\u00e9sio\" \/>\n<meta property=\"article:publisher\" content=\"https:\/\/www.facebook.com\/BlogQuerSaberPolitica\/\" \/>\n<meta property=\"article:published_time\" content=\"2015-06-05T20:33:17+00:00\" \/>\n<meta property=\"og:image\" content=\"http:\/\/www.quersaberpolitica.com.br\/2016\/wp-content\/uploads\/2014\/06\/blogqspracismo.jpg\" \/>\n<meta name=\"author\" content=\"teste\" \/>\n<meta name=\"twitter:card\" content=\"summary_large_image\" \/>\n<meta name=\"twitter:label1\" content=\"Escrito por\" \/>\n\t<meta name=\"twitter:data1\" content=\"teste\" \/>\n\t<meta name=\"twitter:label2\" content=\"Est. tempo de leitura\" \/>\n\t<meta name=\"twitter:data2\" content=\"3 minutos\" \/>\n<script type=\"application\/ld+json\" class=\"yoast-schema-graph\">{\"@context\":\"https:\\\/\\\/schema.org\",\"@graph\":[{\"@type\":\"Article\",\"@id\":\"https:\\\/\\\/blogdofarnesio.com.br\\\/?p=124747#article\",\"isPartOf\":{\"@id\":\"https:\\\/\\\/blogdofarnesio.com.br\\\/?p=124747\"},\"author\":{\"name\":\"teste\",\"@id\":\"https:\\\/\\\/blogdofarnesio.com.br\\\/#\\\/schema\\\/person\\\/dd1bf5eba40b687199ba45ca6b97dff9\"},\"headline\":\"\u201c\u00c9 PRECISO REAGIR AOS NAZISTAS\u201d\",\"datePublished\":\"2015-06-05T20:33:17+00:00\",\"mainEntityOfPage\":{\"@id\":\"https:\\\/\\\/blogdofarnesio.com.br\\\/?p=124747\"},\"wordCount\":589,\"commentCount\":0,\"publisher\":{\"@id\":\"https:\\\/\\\/blogdofarnesio.com.br\\\/#organization\"},\"image\":{\"@id\":\"https:\\\/\\\/blogdofarnesio.com.br\\\/?p=124747#primaryimage\"},\"thumbnailUrl\":\"http:\\\/\\\/www.quersaberpolitica.com.br\\\/2016\\\/wp-content\\\/uploads\\\/2014\\\/06\\\/blogqspracismo.jpg\",\"articleSection\":[\"Artigo\"],\"inLanguage\":\"pt-BR\",\"potentialAction\":[{\"@type\":\"CommentAction\",\"name\":\"Comment\",\"target\":[\"https:\\\/\\\/blogdofarnesio.com.br\\\/?p=124747#respond\"]}]},{\"@type\":\"WebPage\",\"@id\":\"https:\\\/\\\/blogdofarnesio.com.br\\\/?p=124747\",\"url\":\"https:\\\/\\\/blogdofarnesio.com.br\\\/?p=124747\",\"name\":\"\u201c\u00c9 PRECISO REAGIR AOS NAZISTAS\u201d - Blog do Farn\u00e9sio\",\"isPartOf\":{\"@id\":\"https:\\\/\\\/blogdofarnesio.com.br\\\/#website\"},\"primaryImageOfPage\":{\"@id\":\"https:\\\/\\\/blogdofarnesio.com.br\\\/?p=124747#primaryimage\"},\"image\":{\"@id\":\"https:\\\/\\\/blogdofarnesio.com.br\\\/?p=124747#primaryimage\"},\"thumbnailUrl\":\"http:\\\/\\\/www.quersaberpolitica.com.br\\\/2016\\\/wp-content\\\/uploads\\\/2014\\\/06\\\/blogqspracismo.jpg\",\"datePublished\":\"2015-06-05T20:33:17+00:00\",\"breadcrumb\":{\"@id\":\"https:\\\/\\\/blogdofarnesio.com.br\\\/?p=124747#breadcrumb\"},\"inLanguage\":\"pt-BR\",\"potentialAction\":[{\"@type\":\"ReadAction\",\"target\":[\"https:\\\/\\\/blogdofarnesio.com.br\\\/?p=124747\"]}]},{\"@type\":\"ImageObject\",\"inLanguage\":\"pt-BR\",\"@id\":\"https:\\\/\\\/blogdofarnesio.com.br\\\/?p=124747#primaryimage\",\"url\":\"http:\\\/\\\/www.quersaberpolitica.com.br\\\/2016\\\/wp-content\\\/uploads\\\/2014\\\/06\\\/blogqspracismo.jpg\",\"contentUrl\":\"http:\\\/\\\/www.quersaberpolitica.com.br\\\/2016\\\/wp-content\\\/uploads\\\/2014\\\/06\\\/blogqspracismo.jpg\"},{\"@type\":\"BreadcrumbList\",\"@id\":\"https:\\\/\\\/blogdofarnesio.com.br\\\/?p=124747#breadcrumb\",\"itemListElement\":[{\"@type\":\"ListItem\",\"position\":1,\"name\":\"In\u00edcio\",\"item\":\"https:\\\/\\\/blogdofarnesio.com.br\\\/\"},{\"@type\":\"ListItem\",\"position\":2,\"name\":\"\u201c\u00c9 PRECISO REAGIR AOS NAZISTAS\u201d\"}]},{\"@type\":\"WebSite\",\"@id\":\"https:\\\/\\\/blogdofarnesio.com.br\\\/#website\",\"url\":\"https:\\\/\\\/blogdofarnesio.com.br\\\/\",\"name\":\"Blog do Farn\u00e9sio\",\"description\":\"Quer Saber Pol\u00edtica?\",\"publisher\":{\"@id\":\"https:\\\/\\\/blogdofarnesio.com.br\\\/#organization\"},\"potentialAction\":[{\"@type\":\"SearchAction\",\"target\":{\"@type\":\"EntryPoint\",\"urlTemplate\":\"https:\\\/\\\/blogdofarnesio.com.br\\\/?s={search_term_string}\"},\"query-input\":{\"@type\":\"PropertyValueSpecification\",\"valueRequired\":true,\"valueName\":\"search_term_string\"}}],\"inLanguage\":\"pt-BR\"},{\"@type\":\"Organization\",\"@id\":\"https:\\\/\\\/blogdofarnesio.com.br\\\/#organization\",\"name\":\"Blog do Farn\u00e9sio\",\"url\":\"https:\\\/\\\/blogdofarnesio.com.br\\\/\",\"logo\":{\"@type\":\"ImageObject\",\"inLanguage\":\"pt-BR\",\"@id\":\"https:\\\/\\\/blogdofarnesio.com.br\\\/#\\\/schema\\\/logo\\\/image\\\/\",\"url\":\"https:\\\/\\\/blogdofarnesio.com.br\\\/wp-content\\\/uploads\\\/2026\\\/03\\\/cropped-logo_new-1.png\",\"contentUrl\":\"https:\\\/\\\/blogdofarnesio.com.br\\\/wp-content\\\/uploads\\\/2026\\\/03\\\/cropped-logo_new-1.png\",\"width\":881,\"height\":685,\"caption\":\"Blog do Farn\u00e9sio\"},\"image\":{\"@id\":\"https:\\\/\\\/blogdofarnesio.com.br\\\/#\\\/schema\\\/logo\\\/image\\\/\"},\"sameAs\":[\"https:\\\/\\\/www.facebook.com\\\/BlogQuerSaberPolitica\\\/\"]},{\"@type\":\"Person\",\"@id\":\"https:\\\/\\\/blogdofarnesio.com.br\\\/#\\\/schema\\\/person\\\/dd1bf5eba40b687199ba45ca6b97dff9\",\"name\":\"teste\",\"image\":{\"@type\":\"ImageObject\",\"inLanguage\":\"pt-BR\",\"@id\":\"https:\\\/\\\/secure.gravatar.com\\\/avatar\\\/2172498d4914b51e1d89a0f97957b035ac4938723a5cac208135d389b6972a6d?s=96&d=mm&r=g\",\"url\":\"https:\\\/\\\/secure.gravatar.com\\\/avatar\\\/2172498d4914b51e1d89a0f97957b035ac4938723a5cac208135d389b6972a6d?s=96&d=mm&r=g\",\"contentUrl\":\"https:\\\/\\\/secure.gravatar.com\\\/avatar\\\/2172498d4914b51e1d89a0f97957b035ac4938723a5cac208135d389b6972a6d?s=96&d=mm&r=g\",\"caption\":\"teste\"},\"url\":\"https:\\\/\\\/blogdofarnesio.com.br\\\/?author=3\"}]}<\/script>\n<!-- \/ Yoast SEO plugin. -->","yoast_head_json":{"title":"\u201c\u00c9 PRECISO REAGIR AOS NAZISTAS\u201d - Blog do Farn\u00e9sio","robots":{"index":"index","follow":"follow","max-snippet":"max-snippet:-1","max-image-preview":"max-image-preview:large","max-video-preview":"max-video-preview:-1"},"canonical":"https:\/\/blogdofarnesio.com.br\/?p=124747","og_locale":"pt_BR","og_type":"article","og_title":"\u201c\u00c9 PRECISO REAGIR AOS NAZISTAS\u201d - Blog do Farn\u00e9sio","og_description":"Por Fernando Brito, do Tijola\u00e7o Comecei muito mal o dia, lendo o\u00a0Di\u00e1rio do Centro do Mundo. N\u00e3o pelo site, obvio, que \u00e9 muito bom, mas pela mat\u00e9ria \u2013 com o v\u00eddeo que reproduzo ao final com um imbecil que, estupidamente, vai provocar e humilhar um frentista de posto de gasolina que abastece um carro, em Porto Alegre. A raz\u00e3o? O trabalhador \u00e9 haitiano. \u00c9 de embrulhar o est\u00f4mago, mesmo sabendo que a not\u00edcia j\u00e1 circula h\u00e1 dois dias. Danem-se os que me acharem \u201cpol\u00edticamente incorreto\u201d, mas este sujeito, al\u00e9m do devido processo judicial, deveria ser posto a correr, depois de ouvir uns desaforos daqueles bem \u201cincorretos\u201d. O av\u00f4 ou bisav\u00f4 deste personagem que maltrata quem vem trabalhar aqui veio de&hellip;","og_url":"https:\/\/blogdofarnesio.com.br\/?p=124747","og_site_name":"Blog do Farn\u00e9sio","article_publisher":"https:\/\/www.facebook.com\/BlogQuerSaberPolitica\/","article_published_time":"2015-06-05T20:33:17+00:00","og_image":[{"url":"http:\/\/www.quersaberpolitica.com.br\/2016\/wp-content\/uploads\/2014\/06\/blogqspracismo.jpg","type":"","width":"","height":""}],"author":"teste","twitter_card":"summary_large_image","twitter_misc":{"Escrito por":"teste","Est. tempo de leitura":"3 minutos"},"schema":{"@context":"https:\/\/schema.org","@graph":[{"@type":"Article","@id":"https:\/\/blogdofarnesio.com.br\/?p=124747#article","isPartOf":{"@id":"https:\/\/blogdofarnesio.com.br\/?p=124747"},"author":{"name":"teste","@id":"https:\/\/blogdofarnesio.com.br\/#\/schema\/person\/dd1bf5eba40b687199ba45ca6b97dff9"},"headline":"\u201c\u00c9 PRECISO REAGIR AOS NAZISTAS\u201d","datePublished":"2015-06-05T20:33:17+00:00","mainEntityOfPage":{"@id":"https:\/\/blogdofarnesio.com.br\/?p=124747"},"wordCount":589,"commentCount":0,"publisher":{"@id":"https:\/\/blogdofarnesio.com.br\/#organization"},"image":{"@id":"https:\/\/blogdofarnesio.com.br\/?p=124747#primaryimage"},"thumbnailUrl":"http:\/\/www.quersaberpolitica.com.br\/2016\/wp-content\/uploads\/2014\/06\/blogqspracismo.jpg","articleSection":["Artigo"],"inLanguage":"pt-BR","potentialAction":[{"@type":"CommentAction","name":"Comment","target":["https:\/\/blogdofarnesio.com.br\/?p=124747#respond"]}]},{"@type":"WebPage","@id":"https:\/\/blogdofarnesio.com.br\/?p=124747","url":"https:\/\/blogdofarnesio.com.br\/?p=124747","name":"\u201c\u00c9 PRECISO REAGIR AOS NAZISTAS\u201d - Blog do Farn\u00e9sio","isPartOf":{"@id":"https:\/\/blogdofarnesio.com.br\/#website"},"primaryImageOfPage":{"@id":"https:\/\/blogdofarnesio.com.br\/?p=124747#primaryimage"},"image":{"@id":"https:\/\/blogdofarnesio.com.br\/?p=124747#primaryimage"},"thumbnailUrl":"http:\/\/www.quersaberpolitica.com.br\/2016\/wp-content\/uploads\/2014\/06\/blogqspracismo.jpg","datePublished":"2015-06-05T20:33:17+00:00","breadcrumb":{"@id":"https:\/\/blogdofarnesio.com.br\/?p=124747#breadcrumb"},"inLanguage":"pt-BR","potentialAction":[{"@type":"ReadAction","target":["https:\/\/blogdofarnesio.com.br\/?p=124747"]}]},{"@type":"ImageObject","inLanguage":"pt-BR","@id":"https:\/\/blogdofarnesio.com.br\/?p=124747#primaryimage","url":"http:\/\/www.quersaberpolitica.com.br\/2016\/wp-content\/uploads\/2014\/06\/blogqspracismo.jpg","contentUrl":"http:\/\/www.quersaberpolitica.com.br\/2016\/wp-content\/uploads\/2014\/06\/blogqspracismo.jpg"},{"@type":"BreadcrumbList","@id":"https:\/\/blogdofarnesio.com.br\/?p=124747#breadcrumb","itemListElement":[{"@type":"ListItem","position":1,"name":"In\u00edcio","item":"https:\/\/blogdofarnesio.com.br\/"},{"@type":"ListItem","position":2,"name":"\u201c\u00c9 PRECISO REAGIR AOS NAZISTAS\u201d"}]},{"@type":"WebSite","@id":"https:\/\/blogdofarnesio.com.br\/#website","url":"https:\/\/blogdofarnesio.com.br\/","name":"Blog do Farn\u00e9sio","description":"Quer Saber Pol\u00edtica?","publisher":{"@id":"https:\/\/blogdofarnesio.com.br\/#organization"},"potentialAction":[{"@type":"SearchAction","target":{"@type":"EntryPoint","urlTemplate":"https:\/\/blogdofarnesio.com.br\/?s={search_term_string}"},"query-input":{"@type":"PropertyValueSpecification","valueRequired":true,"valueName":"search_term_string"}}],"inLanguage":"pt-BR"},{"@type":"Organization","@id":"https:\/\/blogdofarnesio.com.br\/#organization","name":"Blog do Farn\u00e9sio","url":"https:\/\/blogdofarnesio.com.br\/","logo":{"@type":"ImageObject","inLanguage":"pt-BR","@id":"https:\/\/blogdofarnesio.com.br\/#\/schema\/logo\/image\/","url":"https:\/\/blogdofarnesio.com.br\/wp-content\/uploads\/2026\/03\/cropped-logo_new-1.png","contentUrl":"https:\/\/blogdofarnesio.com.br\/wp-content\/uploads\/2026\/03\/cropped-logo_new-1.png","width":881,"height":685,"caption":"Blog do Farn\u00e9sio"},"image":{"@id":"https:\/\/blogdofarnesio.com.br\/#\/schema\/logo\/image\/"},"sameAs":["https:\/\/www.facebook.com\/BlogQuerSaberPolitica\/"]},{"@type":"Person","@id":"https:\/\/blogdofarnesio.com.br\/#\/schema\/person\/dd1bf5eba40b687199ba45ca6b97dff9","name":"teste","image":{"@type":"ImageObject","inLanguage":"pt-BR","@id":"https:\/\/secure.gravatar.com\/avatar\/2172498d4914b51e1d89a0f97957b035ac4938723a5cac208135d389b6972a6d?s=96&d=mm&r=g","url":"https:\/\/secure.gravatar.com\/avatar\/2172498d4914b51e1d89a0f97957b035ac4938723a5cac208135d389b6972a6d?s=96&d=mm&r=g","contentUrl":"https:\/\/secure.gravatar.com\/avatar\/2172498d4914b51e1d89a0f97957b035ac4938723a5cac208135d389b6972a6d?s=96&d=mm&r=g","caption":"teste"},"url":"https:\/\/blogdofarnesio.com.br\/?author=3"}]}},"_links":{"self":[{"href":"https:\/\/blogdofarnesio.com.br\/index.php?rest_route=\/wp\/v2\/posts\/124747","targetHints":{"allow":["GET"]}}],"collection":[{"href":"https:\/\/blogdofarnesio.com.br\/index.php?rest_route=\/wp\/v2\/posts"}],"about":[{"href":"https:\/\/blogdofarnesio.com.br\/index.php?rest_route=\/wp\/v2\/types\/post"}],"author":[{"embeddable":true,"href":"https:\/\/blogdofarnesio.com.br\/index.php?rest_route=\/wp\/v2\/users\/3"}],"replies":[{"embeddable":true,"href":"https:\/\/blogdofarnesio.com.br\/index.php?rest_route=%2Fwp%2Fv2%2Fcomments&post=124747"}],"version-history":[{"count":0,"href":"https:\/\/blogdofarnesio.com.br\/index.php?rest_route=\/wp\/v2\/posts\/124747\/revisions"}],"wp:attachment":[{"href":"https:\/\/blogdofarnesio.com.br\/index.php?rest_route=%2Fwp%2Fv2%2Fmedia&parent=124747"}],"wp:term":[{"taxonomy":"category","embeddable":true,"href":"https:\/\/blogdofarnesio.com.br\/index.php?rest_route=%2Fwp%2Fv2%2Fcategories&post=124747"},{"taxonomy":"post_tag","embeddable":true,"href":"https:\/\/blogdofarnesio.com.br\/index.php?rest_route=%2Fwp%2Fv2%2Ftags&post=124747"}],"curies":[{"name":"wp","href":"https:\/\/api.w.org\/{rel}","templated":true}]}}