{"id":124743,"date":"2015-06-06T11:00:08","date_gmt":"2015-06-06T14:00:08","guid":{"rendered":"http:\/\/www.quersaberpolitica.com.br\/?p=124743"},"modified":"2015-06-06T08:42:54","modified_gmt":"2015-06-06T11:42:54","slug":"mudancas-climaticas-senador-fernando-bezerra-coelho-representa-brasil-na-alemanha","status":"publish","type":"post","link":"https:\/\/blogdofarnesio.com.br\/?p=124743","title":{"rendered":"MUDAN\u00c7AS CLIM\u00c1TICAS: SENADOR FERNANDO BEZERRA COELHO REPRESENTA BRASIL NA ALEMANHA"},"content":{"rendered":"<p><a href=\"http:\/\/www.quersaberpolitica.com.br\/2016\/wp-content\/uploads\/2014\/10\/blogqspfbc-Foto-Farn\u00e9sio-Silva12.jpg\"><img loading=\"lazy\" decoding=\"async\" class=\" wp-image-103463 aligncenter\" src=\"http:\/\/www.quersaberpolitica.com.br\/2016\/wp-content\/uploads\/2014\/10\/blogqspfbc-Foto-Farn\u00e9sio-Silva12.jpg\" alt=\"Senador Fernando bezerra (PSB) Foto Farn\u00e9sio Silva\" width=\"367\" height=\"206\" srcset=\"https:\/\/blogdofarnesio.com.br\/wp-content\/uploads\/2014\/10\/blogqspfbc-Foto-Farn\u00e9sio-Silva12.jpg 448w, https:\/\/blogdofarnesio.com.br\/wp-content\/uploads\/2014\/10\/blogqspfbc-Foto-Farn\u00e9sio-Silva12-300x168.jpg 300w\" sizes=\"auto, (max-width: 367px) 100vw, 367px\" \/><\/a><\/p>\n<p>Senador Fernando bezerra (PSB) Foto Farn\u00e9sio Silva<\/p>\n<p style=\"text-align: justify\">Convidado pela Apex-Brasil (Ag\u00eancia Brasileira de Promo\u00e7\u00e3o de Exporta\u00e7\u00f5es e Investimentos) para ser um dos representantes do parlamento brasileiro\u00a0na &#8220;Confer\u00eancia Intersolar Europe 2015&#8221;, em Munique, o senador Fernando Bezerra Coelho (PSB) come\u00e7ou, nesta sexta-feira (5), uma agenda de compromissos com autoridades alem\u00e3s. Pela manh\u00e3, em Berlim, o senador encontrou-se com a professora\u00a0Gesine Schawn, membro do Partido Social-Democrata Alem\u00e3o (SPD) e presidente da Escola de Governo Humboldt Viadrina. Tamb\u00e9m na capital alem\u00e3, Fernando Bezerra almo\u00e7ou com a embaixadora do Brasil em Berlim, Maria Luiza Ribeiro Viotti.<\/p>\n<p style=\"text-align: justify\">Durante o encontro de mais de uma hora com Gesine Schawn, o senador tratou de temas relacionados \u00e0 atua\u00e7\u00e3o dele como presidente da Comiss\u00e3o Mista de Mudan\u00e7as Clim\u00e1ticas (CMMC) do Congresso Nacional \u2013 como sustentabilidade \u2013 e tamb\u00e9m sobre quest\u00f5es governamentais, como transpar\u00eancia na gest\u00e3o e permanente debate com a sociedade civil organizada. &#8220;Importantes\u00a0valores para a constru\u00e7\u00e3o de pol\u00edticas p\u00fablicas eficientes&#8221;, destaca Fernando Bezerra.<\/p>\n<p style=\"text-align: justify\"><!--more--><\/p>\n<p style=\"text-align: justify\">Gesine Schawn foi fundadora e atualmente preside a escola de Governo Humboldt Viadrina,\u00a0renomada institui\u00e7\u00e3o alem\u00e3 na forma\u00e7\u00e3o de indiv\u00edduos e de uma sociedade mais democr\u00e1tica, justa e sustent\u00e1vel. Em 2004 e 2008, Schawn foi candidata \u00e0 presid\u00eancia da\u00a0Alemanha. E, em outubro de 2013,\u00a0quando visitou o Brasil, encontrou-se com\u00a0o ent\u00e3o governador de Pernambuco, Eduardo Campos.<\/p>\n<p style=\"text-align: justify\"><strong>INVESTIMENTOS<\/strong>\u00a0\u2013\u00a0Na \u00faltima ter\u00e7a-feira (2), em Bras\u00edlia, o\u00a0senador reuniu-se com o presidente Apex, David Barioni, para tratar de investimentos internacionais em tecnologia e desenvolvimento de energias renov\u00e1veis para o Brasil.\u00a0Durante o encontro, Fernando Bezerra \u2013 que tamb\u00e9m \u00e9 membro titular da Comiss\u00e3o de Assuntos Econ\u00f4micos (CAE) do Senado \u2013, consultou Barioni sobre as parcerias internacionais conduzidas pela Apex-Brasil, tecnologias nas \u00e1reas de energias renov\u00e1veis ( especialmente, e\u00f3lica e solar) e sobre acordos de transfer\u00eancias tecnol\u00f3gicas.<\/p>\n<p style=\"text-align: justify\">Fernando Bezerra\u00a0observou a David Barioni que\u00a0a ind\u00fastria nacional\u00a0de\u00a0pain\u00e9is fotovolta\u00edcos (captadores e armazenadores de energia solar) \u00e9 um dos temas priorit\u00e1rios\u00a0da CAE. Por conta disso, o senador defender\u00e1 a participa\u00e7\u00e3o da Apex-Brasil em audi\u00eancia da comiss\u00e3o para que a Ag\u00eancia\u00a0apresente, aos senadores, as a\u00e7\u00f5es que desenvolve para incentivar e estruturar o ambiente\u00a0de neg\u00f3cios relacionados a essas alternativas para a gera\u00e7\u00e3o de energia.<\/p>\n<p style=\"text-align: justify\">\n","protected":false},"excerpt":{"rendered":"<p>Senador Fernando bezerra (PSB) Foto Farn\u00e9sio Silva Convidado pela Apex-Brasil (Ag\u00eancia Brasileira de Promo\u00e7\u00e3o de Exporta\u00e7\u00f5es e Investimentos) para ser um dos representantes do parlamento brasileiro\u00a0na &#8220;Confer\u00eancia Intersolar Europe 2015&#8221;, em Munique, o senador Fernando Bezerra Coelho (PSB) come\u00e7ou, nesta sexta-feira (5), uma agenda de compromissos com autoridades alem\u00e3s. Pela manh\u00e3, em Berlim, o senador encontrou-se com a professora\u00a0Gesine Schawn, membro do Partido Social-Democrata Alem\u00e3o (SPD) e presidente da Escola de Governo Humboldt Viadrina. Tamb\u00e9m na capital alem\u00e3, Fernando Bezerra almo\u00e7ou com a embaixadora do Brasil em Berlim, Maria Luiza Ribeiro Viotti. Durante o encontro de mais de uma hora com Gesine Schawn, o senador tratou de temas relacionados \u00e0 atua\u00e7\u00e3o dele como presidente da Comiss\u00e3o Mista de Mudan\u00e7as Clim\u00e1ticas&hellip; <\/p>\n","protected":false},"author":7,"featured_media":0,"comment_status":"open","ping_status":"open","sticky":false,"template":"","format":"standard","meta":{"_acf_changed":false,"footnotes":""},"categories":[29,1],"tags":[],"class_list":["post-124743","post","type-post","status-publish","format-standard","hentry","category-meio-ambiente","category-politica"],"acf":[],"yoast_head":"<!-- This site is optimized with the Yoast SEO plugin v27.4 - https:\/\/yoast.com\/product\/yoast-seo-wordpress\/ -->\n<title>MUDAN\u00c7AS CLIM\u00c1TICAS: SENADOR FERNANDO BEZERRA COELHO REPRESENTA BRASIL NA ALEMANHA - Blog do Farn\u00e9sio<\/title>\n<meta name=\"robots\" content=\"index, follow, max-snippet:-1, max-image-preview:large, max-video-preview:-1\" \/>\n<link rel=\"canonical\" href=\"https:\/\/blogdofarnesio.com.br\/?p=124743\" \/>\n<meta property=\"og:locale\" content=\"pt_BR\" \/>\n<meta property=\"og:type\" content=\"article\" \/>\n<meta property=\"og:title\" content=\"MUDAN\u00c7AS CLIM\u00c1TICAS: SENADOR FERNANDO BEZERRA COELHO REPRESENTA BRASIL NA ALEMANHA - Blog do Farn\u00e9sio\" \/>\n<meta property=\"og:description\" content=\"Senador Fernando bezerra (PSB) Foto Farn\u00e9sio Silva Convidado pela Apex-Brasil (Ag\u00eancia Brasileira de Promo\u00e7\u00e3o de Exporta\u00e7\u00f5es e Investimentos) para ser um dos representantes do parlamento brasileiro\u00a0na &#8220;Confer\u00eancia Intersolar Europe 2015&#8221;, em Munique, o senador Fernando Bezerra Coelho (PSB) come\u00e7ou, nesta sexta-feira (5), uma agenda de compromissos com autoridades alem\u00e3s. Pela manh\u00e3, em Berlim, o senador encontrou-se com a professora\u00a0Gesine Schawn, membro do Partido Social-Democrata Alem\u00e3o (SPD) e presidente da Escola de Governo Humboldt Viadrina. Tamb\u00e9m na capital alem\u00e3, Fernando Bezerra almo\u00e7ou com a embaixadora do Brasil em Berlim, Maria Luiza Ribeiro Viotti. Durante o encontro de mais de uma hora com Gesine Schawn, o senador tratou de temas relacionados \u00e0 atua\u00e7\u00e3o dele como presidente da Comiss\u00e3o Mista de Mudan\u00e7as Clim\u00e1ticas&hellip;\" \/>\n<meta property=\"og:url\" content=\"https:\/\/blogdofarnesio.com.br\/?p=124743\" \/>\n<meta property=\"og:site_name\" content=\"Blog do Farn\u00e9sio\" \/>\n<meta property=\"article:publisher\" content=\"https:\/\/www.facebook.com\/BlogQuerSaberPolitica\/\" \/>\n<meta property=\"article:published_time\" content=\"2015-06-06T14:00:08+00:00\" \/>\n<meta name=\"twitter:card\" content=\"summary_large_image\" \/>\n<meta name=\"twitter:label1\" content=\"Escrito por\" \/>\n\t<meta name=\"twitter:data1\" content=\"\" \/>\n\t<meta name=\"twitter:label2\" content=\"Est. tempo de leitura\" \/>\n\t<meta name=\"twitter:data2\" content=\"2 minutos\" \/>\n<script type=\"application\/ld+json\" class=\"yoast-schema-graph\">{\"@context\":\"https:\\\/\\\/schema.org\",\"@graph\":[{\"@type\":\"Article\",\"@id\":\"https:\\\/\\\/blogdofarnesio.com.br\\\/?p=124743#article\",\"isPartOf\":{\"@id\":\"https:\\\/\\\/blogdofarnesio.com.br\\\/?p=124743\"},\"author\":{\"name\":\"\",\"@id\":\"\"},\"headline\":\"MUDAN\u00c7AS CLIM\u00c1TICAS: SENADOR FERNANDO BEZERRA COELHO REPRESENTA BRASIL NA ALEMANHA\",\"datePublished\":\"2015-06-06T14:00:08+00:00\",\"mainEntityOfPage\":{\"@id\":\"https:\\\/\\\/blogdofarnesio.com.br\\\/?p=124743\"},\"wordCount\":408,\"commentCount\":0,\"publisher\":{\"@id\":\"https:\\\/\\\/blogdofarnesio.com.br\\\/#organization\"},\"articleSection\":[\"Meio Ambiente\",\"Pol\u00edtica\"],\"inLanguage\":\"pt-BR\",\"potentialAction\":[{\"@type\":\"CommentAction\",\"name\":\"Comment\",\"target\":[\"https:\\\/\\\/blogdofarnesio.com.br\\\/?p=124743#respond\"]}]},{\"@type\":\"WebPage\",\"@id\":\"https:\\\/\\\/blogdofarnesio.com.br\\\/?p=124743\",\"url\":\"https:\\\/\\\/blogdofarnesio.com.br\\\/?p=124743\",\"name\":\"MUDAN\u00c7AS CLIM\u00c1TICAS: SENADOR FERNANDO BEZERRA COELHO REPRESENTA BRASIL NA ALEMANHA - Blog do Farn\u00e9sio\",\"isPartOf\":{\"@id\":\"https:\\\/\\\/blogdofarnesio.com.br\\\/#website\"},\"datePublished\":\"2015-06-06T14:00:08+00:00\",\"breadcrumb\":{\"@id\":\"https:\\\/\\\/blogdofarnesio.com.br\\\/?p=124743#breadcrumb\"},\"inLanguage\":\"pt-BR\",\"potentialAction\":[{\"@type\":\"ReadAction\",\"target\":[\"https:\\\/\\\/blogdofarnesio.com.br\\\/?p=124743\"]}]},{\"@type\":\"BreadcrumbList\",\"@id\":\"https:\\\/\\\/blogdofarnesio.com.br\\\/?p=124743#breadcrumb\",\"itemListElement\":[{\"@type\":\"ListItem\",\"position\":1,\"name\":\"In\u00edcio\",\"item\":\"https:\\\/\\\/blogdofarnesio.com.br\\\/\"},{\"@type\":\"ListItem\",\"position\":2,\"name\":\"MUDAN\u00c7AS CLIM\u00c1TICAS: SENADOR FERNANDO BEZERRA COELHO REPRESENTA BRASIL NA ALEMANHA\"}]},{\"@type\":\"WebSite\",\"@id\":\"https:\\\/\\\/blogdofarnesio.com.br\\\/#website\",\"url\":\"https:\\\/\\\/blogdofarnesio.com.br\\\/\",\"name\":\"Blog do Farn\u00e9sio\",\"description\":\"Quer Saber Pol\u00edtica?\",\"publisher\":{\"@id\":\"https:\\\/\\\/blogdofarnesio.com.br\\\/#organization\"},\"potentialAction\":[{\"@type\":\"SearchAction\",\"target\":{\"@type\":\"EntryPoint\",\"urlTemplate\":\"https:\\\/\\\/blogdofarnesio.com.br\\\/?s={search_term_string}\"},\"query-input\":{\"@type\":\"PropertyValueSpecification\",\"valueRequired\":true,\"valueName\":\"search_term_string\"}}],\"inLanguage\":\"pt-BR\"},{\"@type\":\"Organization\",\"@id\":\"https:\\\/\\\/blogdofarnesio.com.br\\\/#organization\",\"name\":\"Blog do Farn\u00e9sio\",\"url\":\"https:\\\/\\\/blogdofarnesio.com.br\\\/\",\"logo\":{\"@type\":\"ImageObject\",\"inLanguage\":\"pt-BR\",\"@id\":\"https:\\\/\\\/blogdofarnesio.com.br\\\/#\\\/schema\\\/logo\\\/image\\\/\",\"url\":\"https:\\\/\\\/blogdofarnesio.com.br\\\/wp-content\\\/uploads\\\/2026\\\/03\\\/cropped-logo_new-1.png\",\"contentUrl\":\"https:\\\/\\\/blogdofarnesio.com.br\\\/wp-content\\\/uploads\\\/2026\\\/03\\\/cropped-logo_new-1.png\",\"width\":881,\"height\":685,\"caption\":\"Blog do Farn\u00e9sio\"},\"image\":{\"@id\":\"https:\\\/\\\/blogdofarnesio.com.br\\\/#\\\/schema\\\/logo\\\/image\\\/\"},\"sameAs\":[\"https:\\\/\\\/www.facebook.com\\\/BlogQuerSaberPolitica\\\/\"]},{\"@type\":\"Person\",\"@id\":\"\",\"url\":\"https:\\\/\\\/blogdofarnesio.com.br\\\/?author=7\"}]}<\/script>\n<!-- \/ Yoast SEO plugin. -->","yoast_head_json":{"title":"MUDAN\u00c7AS CLIM\u00c1TICAS: SENADOR FERNANDO BEZERRA COELHO REPRESENTA BRASIL NA ALEMANHA - Blog do Farn\u00e9sio","robots":{"index":"index","follow":"follow","max-snippet":"max-snippet:-1","max-image-preview":"max-image-preview:large","max-video-preview":"max-video-preview:-1"},"canonical":"https:\/\/blogdofarnesio.com.br\/?p=124743","og_locale":"pt_BR","og_type":"article","og_title":"MUDAN\u00c7AS CLIM\u00c1TICAS: SENADOR FERNANDO BEZERRA COELHO REPRESENTA BRASIL NA ALEMANHA - Blog do Farn\u00e9sio","og_description":"Senador Fernando bezerra (PSB) Foto Farn\u00e9sio Silva Convidado pela Apex-Brasil (Ag\u00eancia Brasileira de Promo\u00e7\u00e3o de Exporta\u00e7\u00f5es e Investimentos) para ser um dos representantes do parlamento brasileiro\u00a0na &#8220;Confer\u00eancia Intersolar Europe 2015&#8221;, em Munique, o senador Fernando Bezerra Coelho (PSB) come\u00e7ou, nesta sexta-feira (5), uma agenda de compromissos com autoridades alem\u00e3s. Pela manh\u00e3, em Berlim, o senador encontrou-se com a professora\u00a0Gesine Schawn, membro do Partido Social-Democrata Alem\u00e3o (SPD) e presidente da Escola de Governo Humboldt Viadrina. Tamb\u00e9m na capital alem\u00e3, Fernando Bezerra almo\u00e7ou com a embaixadora do Brasil em Berlim, Maria Luiza Ribeiro Viotti. Durante o encontro de mais de uma hora com Gesine Schawn, o senador tratou de temas relacionados \u00e0 atua\u00e7\u00e3o dele como presidente da Comiss\u00e3o Mista de Mudan\u00e7as Clim\u00e1ticas&hellip;","og_url":"https:\/\/blogdofarnesio.com.br\/?p=124743","og_site_name":"Blog do Farn\u00e9sio","article_publisher":"https:\/\/www.facebook.com\/BlogQuerSaberPolitica\/","article_published_time":"2015-06-06T14:00:08+00:00","twitter_card":"summary_large_image","twitter_misc":{"Escrito por":"","Est. tempo de leitura":"2 minutos"},"schema":{"@context":"https:\/\/schema.org","@graph":[{"@type":"Article","@id":"https:\/\/blogdofarnesio.com.br\/?p=124743#article","isPartOf":{"@id":"https:\/\/blogdofarnesio.com.br\/?p=124743"},"author":{"name":"","@id":""},"headline":"MUDAN\u00c7AS CLIM\u00c1TICAS: SENADOR FERNANDO BEZERRA COELHO REPRESENTA BRASIL NA ALEMANHA","datePublished":"2015-06-06T14:00:08+00:00","mainEntityOfPage":{"@id":"https:\/\/blogdofarnesio.com.br\/?p=124743"},"wordCount":408,"commentCount":0,"publisher":{"@id":"https:\/\/blogdofarnesio.com.br\/#organization"},"articleSection":["Meio Ambiente","Pol\u00edtica"],"inLanguage":"pt-BR","potentialAction":[{"@type":"CommentAction","name":"Comment","target":["https:\/\/blogdofarnesio.com.br\/?p=124743#respond"]}]},{"@type":"WebPage","@id":"https:\/\/blogdofarnesio.com.br\/?p=124743","url":"https:\/\/blogdofarnesio.com.br\/?p=124743","name":"MUDAN\u00c7AS CLIM\u00c1TICAS: SENADOR FERNANDO BEZERRA COELHO REPRESENTA BRASIL NA ALEMANHA - Blog do Farn\u00e9sio","isPartOf":{"@id":"https:\/\/blogdofarnesio.com.br\/#website"},"datePublished":"2015-06-06T14:00:08+00:00","breadcrumb":{"@id":"https:\/\/blogdofarnesio.com.br\/?p=124743#breadcrumb"},"inLanguage":"pt-BR","potentialAction":[{"@type":"ReadAction","target":["https:\/\/blogdofarnesio.com.br\/?p=124743"]}]},{"@type":"BreadcrumbList","@id":"https:\/\/blogdofarnesio.com.br\/?p=124743#breadcrumb","itemListElement":[{"@type":"ListItem","position":1,"name":"In\u00edcio","item":"https:\/\/blogdofarnesio.com.br\/"},{"@type":"ListItem","position":2,"name":"MUDAN\u00c7AS CLIM\u00c1TICAS: SENADOR FERNANDO BEZERRA COELHO REPRESENTA BRASIL NA ALEMANHA"}]},{"@type":"WebSite","@id":"https:\/\/blogdofarnesio.com.br\/#website","url":"https:\/\/blogdofarnesio.com.br\/","name":"Blog do Farn\u00e9sio","description":"Quer Saber Pol\u00edtica?","publisher":{"@id":"https:\/\/blogdofarnesio.com.br\/#organization"},"potentialAction":[{"@type":"SearchAction","target":{"@type":"EntryPoint","urlTemplate":"https:\/\/blogdofarnesio.com.br\/?s={search_term_string}"},"query-input":{"@type":"PropertyValueSpecification","valueRequired":true,"valueName":"search_term_string"}}],"inLanguage":"pt-BR"},{"@type":"Organization","@id":"https:\/\/blogdofarnesio.com.br\/#organization","name":"Blog do Farn\u00e9sio","url":"https:\/\/blogdofarnesio.com.br\/","logo":{"@type":"ImageObject","inLanguage":"pt-BR","@id":"https:\/\/blogdofarnesio.com.br\/#\/schema\/logo\/image\/","url":"https:\/\/blogdofarnesio.com.br\/wp-content\/uploads\/2026\/03\/cropped-logo_new-1.png","contentUrl":"https:\/\/blogdofarnesio.com.br\/wp-content\/uploads\/2026\/03\/cropped-logo_new-1.png","width":881,"height":685,"caption":"Blog do Farn\u00e9sio"},"image":{"@id":"https:\/\/blogdofarnesio.com.br\/#\/schema\/logo\/image\/"},"sameAs":["https:\/\/www.facebook.com\/BlogQuerSaberPolitica\/"]},{"@type":"Person","@id":"","url":"https:\/\/blogdofarnesio.com.br\/?author=7"}]}},"_links":{"self":[{"href":"https:\/\/blogdofarnesio.com.br\/index.php?rest_route=\/wp\/v2\/posts\/124743","targetHints":{"allow":["GET"]}}],"collection":[{"href":"https:\/\/blogdofarnesio.com.br\/index.php?rest_route=\/wp\/v2\/posts"}],"about":[{"href":"https:\/\/blogdofarnesio.com.br\/index.php?rest_route=\/wp\/v2\/types\/post"}],"author":[{"embeddable":true,"href":"https:\/\/blogdofarnesio.com.br\/index.php?rest_route=\/wp\/v2\/users\/7"}],"replies":[{"embeddable":true,"href":"https:\/\/blogdofarnesio.com.br\/index.php?rest_route=%2Fwp%2Fv2%2Fcomments&post=124743"}],"version-history":[{"count":0,"href":"https:\/\/blogdofarnesio.com.br\/index.php?rest_route=\/wp\/v2\/posts\/124743\/revisions"}],"wp:attachment":[{"href":"https:\/\/blogdofarnesio.com.br\/index.php?rest_route=%2Fwp%2Fv2%2Fmedia&parent=124743"}],"wp:term":[{"taxonomy":"category","embeddable":true,"href":"https:\/\/blogdofarnesio.com.br\/index.php?rest_route=%2Fwp%2Fv2%2Fcategories&post=124743"},{"taxonomy":"post_tag","embeddable":true,"href":"https:\/\/blogdofarnesio.com.br\/index.php?rest_route=%2Fwp%2Fv2%2Ftags&post=124743"}],"curies":[{"name":"wp","href":"https:\/\/api.w.org\/{rel}","templated":true}]}}