{"id":124719,"date":"2015-06-05T17:05:28","date_gmt":"2015-06-05T20:05:28","guid":{"rendered":"http:\/\/www.quersaberpolitica.com.br\/?p=124719"},"modified":"2015-06-05T16:27:04","modified_gmt":"2015-06-05T19:27:04","slug":"polemica-na-construcao-do-plano-estadual-de-educacao-de-pernambuco","status":"publish","type":"post","link":"https:\/\/blogdofarnesio.com.br\/?p=124719","title":{"rendered":"POL\u00caMICA NA CONSTRU\u00c7\u00c3O DO PLANO ESTADUAL DE EDUCA\u00c7\u00c3O DE PERNAMBUCO"},"content":{"rendered":"<p dir=\"ltr\" style=\"text-align: justify\"><a href=\"http:\/\/www.quersaberpolitica.com.br\/2016\/wp-content\/uploads\/2013\/03\/blogqsplivros.jpg\"><img loading=\"lazy\" decoding=\"async\" class=\" size-full wp-image-33148 alignleft\" src=\"http:\/\/www.quersaberpolitica.com.br\/2016\/wp-content\/uploads\/2013\/03\/blogqsplivros.jpg\" alt=\"blogqsplivros\" width=\"223\" height=\"226\" \/><\/a>O PLANO NACIONAL DE EDUCA\u00c7\u00c3O &#8211; PNE 2014\/2024 foi sancionado, sem vetos, pela Presidenta da Rep\u00fablica, Dilma Rousseff, no dia 25 de junho de 2014, atrav\u00e9s da Lei N 13.005 de 25\/06\/2014\u00a0 e ap\u00f3s um longo processo de tramita\u00e7\u00e3o dessa mat\u00e9ria no Conselho Nacional de Educa\u00e7\u00e3o, C\u00e2mara dos Deputados e Senado Federal.<\/p>\n<p dir=\"ltr\" style=\"text-align: justify\">As metas e estrat\u00e9gias estabelecidas no PNE foram resultantes de um esfor\u00e7o coletivo que envolveu, al\u00e9m dos Poderes Executivo e Legislativo Federal, todos os principais segmentos educacionais\u00a0 da sociedade brasileira, que lutam e reivindicam melhorias na educa\u00e7\u00e3o brasileira, incluindo a Campanha Nacional pelo Direito \u00e0 Educa\u00e7\u00e3o, atrav\u00e9s\u00a0 do Movimento PNE pra Valer!<\/p>\n<p dir=\"ltr\" style=\"text-align: justify\">No seu Art. 8\u00ba, a Lei N 13.005 estabelece que os\u00a0 estados, o Distrito Federal e os munic\u00edpios dever\u00e3o elaborar seus correspondentes planos de educa\u00e7\u00e3o, ou adequar os planos j\u00e1 aprovados em lei, em conson\u00e2ncia com as diretrizes, metas e estrat\u00e9gias previstas no PNE, no prazo de um ano contado da publica\u00e7\u00e3o desta lei, ou seja, at\u00e9 25 de junho de 2015.<\/p>\n<p dir=\"ltr\" style=\"text-align: justify\"><!--more--><\/p>\n<p dir=\"ltr\" style=\"text-align: justify\">O segundo par\u00e1grafo desse mesmo artigo determina que os processos de elabora\u00e7\u00e3o e adequa\u00e7\u00e3o dos planos de educa\u00e7\u00e3o dos estados, do Distrito Federal e dos munic\u00edpios, dever\u00e3o ser realizados com ampla participa\u00e7\u00e3o de representantes da comunidade educacional e da sociedade civil.<\/p>\n<p dir=\"ltr\" style=\"text-align: justify\">Diante do previsto em Lei, o Comit\u00ea Pernambuco da Campanha Nacional pelo Direito \u00e0 Educa\u00e7\u00e3o, que tamb\u00e9m integra o F\u00f3rum Estadual de Educa\u00e7\u00e3o vem alertando, atrav\u00e9s das instancias de participa\u00e7\u00e3o, audi\u00eancias p\u00fablicas e notas para a imprensa, sobre a morosidade do Governo Estadual de Pernambuco, especialmente da Secretaria Estadual de Educa\u00e7\u00e3o, na condu\u00e7\u00e3o do tr\u00e2mite do novo Plano Estadual de Educa\u00e7\u00e3o de forma a atender as prerrogativas estabelecidas no PNE, especialmente no que diz respeito a garantir um amplo processo de consulta e participa\u00e7\u00e3o da sociedade civil e da comunidade organizacional.<\/p>\n<p dir=\"ltr\" style=\"text-align: justify\">Em decorr\u00eancia dessa morosidade, a tramita\u00e7\u00e3o do Plano Estadual de Educa\u00e7\u00e3o de Pernambuco est\u00e1 atrasada, dificultando assim uma constru\u00e7\u00e3o coletiva e participativa de todas as organiza\u00e7\u00f5es interessadas que fazem parte do F\u00f3rum Estadual de Educa\u00e7\u00e3o, que n\u00e3o teve o tempo m\u00ednimo\u00a0 necess\u00e1rio (pelo menos uma semana) para apreciar\u00a0 a vers\u00e3o do Plano que foi protocolado no Conselho Estadual de Educa\u00e7\u00e3o, no dia 01 de junho de 2015.<\/p>\n<p dir=\"ltr\" style=\"text-align: justify\">Esse procedimento praticamente rompe acordos e compromissos estabelecidos entre o Governo Estadual e o F\u00f3rum Estadual de Educa\u00e7\u00e3o, podendo comprometer o resultado de todo esse esfor\u00e7o coletivo que vem sendo realizado pelas organiza\u00e7\u00f5es da sociedade civil para a constru\u00e7\u00e3o de um Plano Estadual que atenda \u00e0s necessidades de promo\u00e7\u00e3o de uma Educa\u00e7\u00e3o p\u00fablica de qualidade para todas\/os cidad\u00e3s\/os pernambucanas\/as.<\/p>\n<p dir=\"ltr\" style=\"text-align: justify\">Diante do exposto, o Comit\u00ea Pernambuco da Campanha pelo Direito \u00e0 Educa\u00e7\u00e3o vem a p\u00fablico:<\/p>\n<ul>\n<li style=\"text-align: justify\">Reivindicar que o Governo do Estado de Pernambuco, atrav\u00e9s da Secretaria de Educa\u00e7\u00e3o, garanta a participa\u00e7\u00e3o do F\u00f3rum Estadual de Educa\u00e7\u00e3o na tramita\u00e7\u00e3o final do Plano Estadual de Educa\u00e7\u00e3o, inclusive no que diz a respeito a garantir tempo h\u00e1bil para uma an\u00e1lise do texto do plano proposto no sentido de identificar se o mesmo contempla as proposi\u00e7\u00f5es debatidas e apresentadas a partir das atividades realizadas pelo F\u00f3rum Estadual de Educa\u00e7\u00e3o;<\/li>\n<li style=\"text-align: justify\">Propor que o Conselho Estadual de Educa\u00e7\u00e3o contemple as contribui\u00e7\u00f5es do F\u00f3rum Estadual de Educa\u00e7\u00e3o no seu processo de an\u00e1lise do documento do Plano protocolado pelo Governo do Estado.<\/li>\n<li style=\"text-align: justify\">Reivindicar que o Poder Legislativo Estadual, atrav\u00e9s da Assembleia Legislativa de Pernambuco, no processo de tramita\u00e7\u00e3o da Lei que vai aprovar o novo Plano Estadual de Educa\u00e7\u00e3o, estabele\u00e7a canais de consulta e participa\u00e7\u00e3o no sentido de suprir as lacunas identificadas na proposta apresentada pelo Governo Estadual.<\/li>\n<li style=\"text-align: justify\">Cobrar do Governo Estadual, melhores condi\u00e7\u00f5es para o funcionamento do F\u00f3rum Estadual de Educa\u00e7\u00e3o, considerando que o mesmo deve ser contemplado, no Plano Estadual de Educa\u00e7\u00e3o, como uma das principais instancias para o monitoramento das metas e estrat\u00e9gias estabelecidas para o desenvolvimento e efetiva\u00e7\u00e3o do Direito \u00e0 Educa\u00e7\u00e3o P\u00fablica no Estado de Pernambuco.<\/li>\n<\/ul>\n<p><em>Comit\u00ea Pernambucano da Campanha Nacional pelo Direito \u00e0 Educa\u00e7\u00e3o<\/em><\/p>\n","protected":false},"excerpt":{"rendered":"<p>O PLANO NACIONAL DE EDUCA\u00c7\u00c3O &#8211; PNE 2014\/2024 foi sancionado, sem vetos, pela Presidenta da Rep\u00fablica, Dilma Rousseff, no dia 25 de junho de 2014, atrav\u00e9s da Lei N 13.005 de 25\/06\/2014\u00a0 e ap\u00f3s um longo processo de tramita\u00e7\u00e3o dessa mat\u00e9ria no Conselho Nacional de Educa\u00e7\u00e3o, C\u00e2mara dos Deputados e Senado Federal. As metas e estrat\u00e9gias estabelecidas no PNE foram resultantes de um esfor\u00e7o coletivo que envolveu, al\u00e9m dos Poderes Executivo e Legislativo Federal, todos os principais segmentos educacionais\u00a0 da sociedade brasileira, que lutam e reivindicam melhorias na educa\u00e7\u00e3o brasileira, incluindo a Campanha Nacional pelo Direito \u00e0 Educa\u00e7\u00e3o, atrav\u00e9s\u00a0 do Movimento PNE pra Valer! No seu Art. 8\u00ba, a Lei N 13.005 estabelece que os\u00a0 estados, o Distrito Federal e&hellip; <\/p>\n","protected":false},"author":7,"featured_media":0,"comment_status":"open","ping_status":"open","sticky":false,"template":"","format":"standard","meta":{"_acf_changed":false,"footnotes":""},"categories":[1],"tags":[],"class_list":["post-124719","post","type-post","status-publish","format-standard","hentry","category-politica"],"acf":[],"yoast_head":"<!-- This site is optimized with the Yoast SEO plugin v27.4 - https:\/\/yoast.com\/product\/yoast-seo-wordpress\/ -->\n<title>POL\u00caMICA NA CONSTRU\u00c7\u00c3O DO PLANO ESTADUAL DE EDUCA\u00c7\u00c3O DE PERNAMBUCO - Blog do Farn\u00e9sio<\/title>\n<meta name=\"robots\" content=\"index, follow, max-snippet:-1, max-image-preview:large, max-video-preview:-1\" \/>\n<link rel=\"canonical\" href=\"https:\/\/blogdofarnesio.com.br\/?p=124719\" \/>\n<meta property=\"og:locale\" content=\"pt_BR\" \/>\n<meta property=\"og:type\" content=\"article\" \/>\n<meta property=\"og:title\" content=\"POL\u00caMICA NA CONSTRU\u00c7\u00c3O DO PLANO ESTADUAL DE EDUCA\u00c7\u00c3O DE PERNAMBUCO - Blog do Farn\u00e9sio\" \/>\n<meta property=\"og:description\" content=\"O PLANO NACIONAL DE EDUCA\u00c7\u00c3O &#8211; PNE 2014\/2024 foi sancionado, sem vetos, pela Presidenta da Rep\u00fablica, Dilma Rousseff, no dia 25 de junho de 2014, atrav\u00e9s da Lei N 13.005 de 25\/06\/2014\u00a0 e ap\u00f3s um longo processo de tramita\u00e7\u00e3o dessa mat\u00e9ria no Conselho Nacional de Educa\u00e7\u00e3o, C\u00e2mara dos Deputados e Senado Federal. As metas e estrat\u00e9gias estabelecidas no PNE foram resultantes de um esfor\u00e7o coletivo que envolveu, al\u00e9m dos Poderes Executivo e Legislativo Federal, todos os principais segmentos educacionais\u00a0 da sociedade brasileira, que lutam e reivindicam melhorias na educa\u00e7\u00e3o brasileira, incluindo a Campanha Nacional pelo Direito \u00e0 Educa\u00e7\u00e3o, atrav\u00e9s\u00a0 do Movimento PNE pra Valer! No seu Art. 8\u00ba, a Lei N 13.005 estabelece que os\u00a0 estados, o Distrito Federal e&hellip;\" \/>\n<meta property=\"og:url\" content=\"https:\/\/blogdofarnesio.com.br\/?p=124719\" \/>\n<meta property=\"og:site_name\" content=\"Blog do Farn\u00e9sio\" \/>\n<meta property=\"article:publisher\" content=\"https:\/\/www.facebook.com\/BlogQuerSaberPolitica\/\" \/>\n<meta property=\"article:published_time\" content=\"2015-06-05T20:05:28+00:00\" \/>\n<meta property=\"og:image\" content=\"http:\/\/www.quersaberpolitica.com.br\/2016\/wp-content\/uploads\/2013\/03\/blogqsplivros.jpg\" \/>\n<meta name=\"twitter:card\" content=\"summary_large_image\" \/>\n<meta name=\"twitter:label1\" content=\"Escrito por\" \/>\n\t<meta name=\"twitter:data1\" content=\"\" \/>\n\t<meta name=\"twitter:label2\" content=\"Est. tempo de leitura\" \/>\n\t<meta name=\"twitter:data2\" content=\"4 minutos\" \/>\n<script type=\"application\/ld+json\" class=\"yoast-schema-graph\">{\"@context\":\"https:\\\/\\\/schema.org\",\"@graph\":[{\"@type\":\"Article\",\"@id\":\"https:\\\/\\\/blogdofarnesio.com.br\\\/?p=124719#article\",\"isPartOf\":{\"@id\":\"https:\\\/\\\/blogdofarnesio.com.br\\\/?p=124719\"},\"author\":{\"name\":\"\",\"@id\":\"\"},\"headline\":\"POL\u00caMICA NA CONSTRU\u00c7\u00c3O DO PLANO ESTADUAL DE EDUCA\u00c7\u00c3O DE PERNAMBUCO\",\"datePublished\":\"2015-06-05T20:05:28+00:00\",\"mainEntityOfPage\":{\"@id\":\"https:\\\/\\\/blogdofarnesio.com.br\\\/?p=124719\"},\"wordCount\":740,\"commentCount\":0,\"publisher\":{\"@id\":\"https:\\\/\\\/blogdofarnesio.com.br\\\/#organization\"},\"image\":{\"@id\":\"https:\\\/\\\/blogdofarnesio.com.br\\\/?p=124719#primaryimage\"},\"thumbnailUrl\":\"http:\\\/\\\/www.quersaberpolitica.com.br\\\/2016\\\/wp-content\\\/uploads\\\/2013\\\/03\\\/blogqsplivros.jpg\",\"articleSection\":[\"Pol\u00edtica\"],\"inLanguage\":\"pt-BR\",\"potentialAction\":[{\"@type\":\"CommentAction\",\"name\":\"Comment\",\"target\":[\"https:\\\/\\\/blogdofarnesio.com.br\\\/?p=124719#respond\"]}]},{\"@type\":\"WebPage\",\"@id\":\"https:\\\/\\\/blogdofarnesio.com.br\\\/?p=124719\",\"url\":\"https:\\\/\\\/blogdofarnesio.com.br\\\/?p=124719\",\"name\":\"POL\u00caMICA NA CONSTRU\u00c7\u00c3O DO PLANO ESTADUAL DE EDUCA\u00c7\u00c3O DE PERNAMBUCO - Blog do Farn\u00e9sio\",\"isPartOf\":{\"@id\":\"https:\\\/\\\/blogdofarnesio.com.br\\\/#website\"},\"primaryImageOfPage\":{\"@id\":\"https:\\\/\\\/blogdofarnesio.com.br\\\/?p=124719#primaryimage\"},\"image\":{\"@id\":\"https:\\\/\\\/blogdofarnesio.com.br\\\/?p=124719#primaryimage\"},\"thumbnailUrl\":\"http:\\\/\\\/www.quersaberpolitica.com.br\\\/2016\\\/wp-content\\\/uploads\\\/2013\\\/03\\\/blogqsplivros.jpg\",\"datePublished\":\"2015-06-05T20:05:28+00:00\",\"breadcrumb\":{\"@id\":\"https:\\\/\\\/blogdofarnesio.com.br\\\/?p=124719#breadcrumb\"},\"inLanguage\":\"pt-BR\",\"potentialAction\":[{\"@type\":\"ReadAction\",\"target\":[\"https:\\\/\\\/blogdofarnesio.com.br\\\/?p=124719\"]}]},{\"@type\":\"ImageObject\",\"inLanguage\":\"pt-BR\",\"@id\":\"https:\\\/\\\/blogdofarnesio.com.br\\\/?p=124719#primaryimage\",\"url\":\"http:\\\/\\\/www.quersaberpolitica.com.br\\\/2016\\\/wp-content\\\/uploads\\\/2013\\\/03\\\/blogqsplivros.jpg\",\"contentUrl\":\"http:\\\/\\\/www.quersaberpolitica.com.br\\\/2016\\\/wp-content\\\/uploads\\\/2013\\\/03\\\/blogqsplivros.jpg\"},{\"@type\":\"BreadcrumbList\",\"@id\":\"https:\\\/\\\/blogdofarnesio.com.br\\\/?p=124719#breadcrumb\",\"itemListElement\":[{\"@type\":\"ListItem\",\"position\":1,\"name\":\"In\u00edcio\",\"item\":\"https:\\\/\\\/blogdofarnesio.com.br\\\/\"},{\"@type\":\"ListItem\",\"position\":2,\"name\":\"POL\u00caMICA NA CONSTRU\u00c7\u00c3O DO PLANO ESTADUAL DE EDUCA\u00c7\u00c3O DE PERNAMBUCO\"}]},{\"@type\":\"WebSite\",\"@id\":\"https:\\\/\\\/blogdofarnesio.com.br\\\/#website\",\"url\":\"https:\\\/\\\/blogdofarnesio.com.br\\\/\",\"name\":\"Blog do Farn\u00e9sio\",\"description\":\"Quer Saber Pol\u00edtica?\",\"publisher\":{\"@id\":\"https:\\\/\\\/blogdofarnesio.com.br\\\/#organization\"},\"potentialAction\":[{\"@type\":\"SearchAction\",\"target\":{\"@type\":\"EntryPoint\",\"urlTemplate\":\"https:\\\/\\\/blogdofarnesio.com.br\\\/?s={search_term_string}\"},\"query-input\":{\"@type\":\"PropertyValueSpecification\",\"valueRequired\":true,\"valueName\":\"search_term_string\"}}],\"inLanguage\":\"pt-BR\"},{\"@type\":\"Organization\",\"@id\":\"https:\\\/\\\/blogdofarnesio.com.br\\\/#organization\",\"name\":\"Blog do Farn\u00e9sio\",\"url\":\"https:\\\/\\\/blogdofarnesio.com.br\\\/\",\"logo\":{\"@type\":\"ImageObject\",\"inLanguage\":\"pt-BR\",\"@id\":\"https:\\\/\\\/blogdofarnesio.com.br\\\/#\\\/schema\\\/logo\\\/image\\\/\",\"url\":\"https:\\\/\\\/blogdofarnesio.com.br\\\/wp-content\\\/uploads\\\/2026\\\/03\\\/cropped-logo_new-1.png\",\"contentUrl\":\"https:\\\/\\\/blogdofarnesio.com.br\\\/wp-content\\\/uploads\\\/2026\\\/03\\\/cropped-logo_new-1.png\",\"width\":881,\"height\":685,\"caption\":\"Blog do Farn\u00e9sio\"},\"image\":{\"@id\":\"https:\\\/\\\/blogdofarnesio.com.br\\\/#\\\/schema\\\/logo\\\/image\\\/\"},\"sameAs\":[\"https:\\\/\\\/www.facebook.com\\\/BlogQuerSaberPolitica\\\/\"]},{\"@type\":\"Person\",\"@id\":\"\",\"url\":\"https:\\\/\\\/blogdofarnesio.com.br\\\/?author=7\"}]}<\/script>\n<!-- \/ Yoast SEO plugin. -->","yoast_head_json":{"title":"POL\u00caMICA NA CONSTRU\u00c7\u00c3O DO PLANO ESTADUAL DE EDUCA\u00c7\u00c3O DE PERNAMBUCO - Blog do Farn\u00e9sio","robots":{"index":"index","follow":"follow","max-snippet":"max-snippet:-1","max-image-preview":"max-image-preview:large","max-video-preview":"max-video-preview:-1"},"canonical":"https:\/\/blogdofarnesio.com.br\/?p=124719","og_locale":"pt_BR","og_type":"article","og_title":"POL\u00caMICA NA CONSTRU\u00c7\u00c3O DO PLANO ESTADUAL DE EDUCA\u00c7\u00c3O DE PERNAMBUCO - Blog do Farn\u00e9sio","og_description":"O PLANO NACIONAL DE EDUCA\u00c7\u00c3O &#8211; PNE 2014\/2024 foi sancionado, sem vetos, pela Presidenta da Rep\u00fablica, Dilma Rousseff, no dia 25 de junho de 2014, atrav\u00e9s da Lei N 13.005 de 25\/06\/2014\u00a0 e ap\u00f3s um longo processo de tramita\u00e7\u00e3o dessa mat\u00e9ria no Conselho Nacional de Educa\u00e7\u00e3o, C\u00e2mara dos Deputados e Senado Federal. As metas e estrat\u00e9gias estabelecidas no PNE foram resultantes de um esfor\u00e7o coletivo que envolveu, al\u00e9m dos Poderes Executivo e Legislativo Federal, todos os principais segmentos educacionais\u00a0 da sociedade brasileira, que lutam e reivindicam melhorias na educa\u00e7\u00e3o brasileira, incluindo a Campanha Nacional pelo Direito \u00e0 Educa\u00e7\u00e3o, atrav\u00e9s\u00a0 do Movimento PNE pra Valer! No seu Art. 8\u00ba, a Lei N 13.005 estabelece que os\u00a0 estados, o Distrito Federal e&hellip;","og_url":"https:\/\/blogdofarnesio.com.br\/?p=124719","og_site_name":"Blog do Farn\u00e9sio","article_publisher":"https:\/\/www.facebook.com\/BlogQuerSaberPolitica\/","article_published_time":"2015-06-05T20:05:28+00:00","og_image":[{"url":"http:\/\/www.quersaberpolitica.com.br\/2016\/wp-content\/uploads\/2013\/03\/blogqsplivros.jpg","type":"","width":"","height":""}],"twitter_card":"summary_large_image","twitter_misc":{"Escrito por":"","Est. tempo de leitura":"4 minutos"},"schema":{"@context":"https:\/\/schema.org","@graph":[{"@type":"Article","@id":"https:\/\/blogdofarnesio.com.br\/?p=124719#article","isPartOf":{"@id":"https:\/\/blogdofarnesio.com.br\/?p=124719"},"author":{"name":"","@id":""},"headline":"POL\u00caMICA NA CONSTRU\u00c7\u00c3O DO PLANO ESTADUAL DE EDUCA\u00c7\u00c3O DE PERNAMBUCO","datePublished":"2015-06-05T20:05:28+00:00","mainEntityOfPage":{"@id":"https:\/\/blogdofarnesio.com.br\/?p=124719"},"wordCount":740,"commentCount":0,"publisher":{"@id":"https:\/\/blogdofarnesio.com.br\/#organization"},"image":{"@id":"https:\/\/blogdofarnesio.com.br\/?p=124719#primaryimage"},"thumbnailUrl":"http:\/\/www.quersaberpolitica.com.br\/2016\/wp-content\/uploads\/2013\/03\/blogqsplivros.jpg","articleSection":["Pol\u00edtica"],"inLanguage":"pt-BR","potentialAction":[{"@type":"CommentAction","name":"Comment","target":["https:\/\/blogdofarnesio.com.br\/?p=124719#respond"]}]},{"@type":"WebPage","@id":"https:\/\/blogdofarnesio.com.br\/?p=124719","url":"https:\/\/blogdofarnesio.com.br\/?p=124719","name":"POL\u00caMICA NA CONSTRU\u00c7\u00c3O DO PLANO ESTADUAL DE EDUCA\u00c7\u00c3O DE PERNAMBUCO - Blog do Farn\u00e9sio","isPartOf":{"@id":"https:\/\/blogdofarnesio.com.br\/#website"},"primaryImageOfPage":{"@id":"https:\/\/blogdofarnesio.com.br\/?p=124719#primaryimage"},"image":{"@id":"https:\/\/blogdofarnesio.com.br\/?p=124719#primaryimage"},"thumbnailUrl":"http:\/\/www.quersaberpolitica.com.br\/2016\/wp-content\/uploads\/2013\/03\/blogqsplivros.jpg","datePublished":"2015-06-05T20:05:28+00:00","breadcrumb":{"@id":"https:\/\/blogdofarnesio.com.br\/?p=124719#breadcrumb"},"inLanguage":"pt-BR","potentialAction":[{"@type":"ReadAction","target":["https:\/\/blogdofarnesio.com.br\/?p=124719"]}]},{"@type":"ImageObject","inLanguage":"pt-BR","@id":"https:\/\/blogdofarnesio.com.br\/?p=124719#primaryimage","url":"http:\/\/www.quersaberpolitica.com.br\/2016\/wp-content\/uploads\/2013\/03\/blogqsplivros.jpg","contentUrl":"http:\/\/www.quersaberpolitica.com.br\/2016\/wp-content\/uploads\/2013\/03\/blogqsplivros.jpg"},{"@type":"BreadcrumbList","@id":"https:\/\/blogdofarnesio.com.br\/?p=124719#breadcrumb","itemListElement":[{"@type":"ListItem","position":1,"name":"In\u00edcio","item":"https:\/\/blogdofarnesio.com.br\/"},{"@type":"ListItem","position":2,"name":"POL\u00caMICA NA CONSTRU\u00c7\u00c3O DO PLANO ESTADUAL DE EDUCA\u00c7\u00c3O DE PERNAMBUCO"}]},{"@type":"WebSite","@id":"https:\/\/blogdofarnesio.com.br\/#website","url":"https:\/\/blogdofarnesio.com.br\/","name":"Blog do Farn\u00e9sio","description":"Quer Saber Pol\u00edtica?","publisher":{"@id":"https:\/\/blogdofarnesio.com.br\/#organization"},"potentialAction":[{"@type":"SearchAction","target":{"@type":"EntryPoint","urlTemplate":"https:\/\/blogdofarnesio.com.br\/?s={search_term_string}"},"query-input":{"@type":"PropertyValueSpecification","valueRequired":true,"valueName":"search_term_string"}}],"inLanguage":"pt-BR"},{"@type":"Organization","@id":"https:\/\/blogdofarnesio.com.br\/#organization","name":"Blog do Farn\u00e9sio","url":"https:\/\/blogdofarnesio.com.br\/","logo":{"@type":"ImageObject","inLanguage":"pt-BR","@id":"https:\/\/blogdofarnesio.com.br\/#\/schema\/logo\/image\/","url":"https:\/\/blogdofarnesio.com.br\/wp-content\/uploads\/2026\/03\/cropped-logo_new-1.png","contentUrl":"https:\/\/blogdofarnesio.com.br\/wp-content\/uploads\/2026\/03\/cropped-logo_new-1.png","width":881,"height":685,"caption":"Blog do Farn\u00e9sio"},"image":{"@id":"https:\/\/blogdofarnesio.com.br\/#\/schema\/logo\/image\/"},"sameAs":["https:\/\/www.facebook.com\/BlogQuerSaberPolitica\/"]},{"@type":"Person","@id":"","url":"https:\/\/blogdofarnesio.com.br\/?author=7"}]}},"_links":{"self":[{"href":"https:\/\/blogdofarnesio.com.br\/index.php?rest_route=\/wp\/v2\/posts\/124719","targetHints":{"allow":["GET"]}}],"collection":[{"href":"https:\/\/blogdofarnesio.com.br\/index.php?rest_route=\/wp\/v2\/posts"}],"about":[{"href":"https:\/\/blogdofarnesio.com.br\/index.php?rest_route=\/wp\/v2\/types\/post"}],"author":[{"embeddable":true,"href":"https:\/\/blogdofarnesio.com.br\/index.php?rest_route=\/wp\/v2\/users\/7"}],"replies":[{"embeddable":true,"href":"https:\/\/blogdofarnesio.com.br\/index.php?rest_route=%2Fwp%2Fv2%2Fcomments&post=124719"}],"version-history":[{"count":0,"href":"https:\/\/blogdofarnesio.com.br\/index.php?rest_route=\/wp\/v2\/posts\/124719\/revisions"}],"wp:attachment":[{"href":"https:\/\/blogdofarnesio.com.br\/index.php?rest_route=%2Fwp%2Fv2%2Fmedia&parent=124719"}],"wp:term":[{"taxonomy":"category","embeddable":true,"href":"https:\/\/blogdofarnesio.com.br\/index.php?rest_route=%2Fwp%2Fv2%2Fcategories&post=124719"},{"taxonomy":"post_tag","embeddable":true,"href":"https:\/\/blogdofarnesio.com.br\/index.php?rest_route=%2Fwp%2Fv2%2Ftags&post=124719"}],"curies":[{"name":"wp","href":"https:\/\/api.w.org\/{rel}","templated":true}]}}