{"id":12468,"date":"2012-03-27T14:28:25","date_gmt":"2012-03-27T14:28:25","guid":{"rendered":"http:\/\/www.quersaberpolitica.com.br?p=12468"},"modified":"-0001-11-30T00:00:00","modified_gmt":"-0001-11-30T03:00:00","slug":"parceria-entre-a-prefeitura-de-petrolina-e-caixa-economica-garante-recursos-para-investimentos-no-municipio","status":"publish","type":"post","link":"https:\/\/blogdofarnesio.com.br\/?p=12468","title":{"rendered":"Parceria entre a prefeitura de Petrolina e Caixa Econ\u00f4mica garante recursos para investimentos no munic\u00edpio"},"content":{"rendered":"<p style=\"text-align: justify;\"><span style=\"font-size: small;\"><a rel=\"lightbox\" href=\"http:\/\/www.quersaberpolitica.com.br\/2016\/wp-content\/uploads\/2012\/12\/blogqspjlpmdb_(1).jpg\"><img loading=\"lazy\" decoding=\"async\" style=\"margin-top: 5px; margin-bottom: 5px; margin-left: 10px; margin-right: 10px; float: right;\" title=\"Imagem Ilustrativa\" src=\"http:\/\/www.quersaberpolitica.com.br\/2016\/wp-content\/uploads\/2012\/12\/blogqspjlpmdb_(1).jpg\" alt=\"\" width=\"200\" height=\"150\" \/><\/a>O prefeito Julio Lossio esteve reunido na sexta-feira (23) com a equipe de Representa&ccedil;&atilde;o de Desenvolvimento Urbano e Rural (REDUR) da Caixa Econ&ocirc;mica Federal para viabilizar a libera&ccedil;&atilde;o de recursos para investimentos no munic&iacute;pio de Petrolina. A REDUR &eacute; respons&aacute;vel pelos repasses de recursos da Uni&atilde;o aos 51 munic&iacute;pios vinculados &agrave;s microrregi&otilde;es do sert&atilde;o do S&atilde;o Francisco, Araripe, Central e Paje&uacute; e pelo acompanhamento de obras de infraestrutura do Programa de Acelera&ccedil;&atilde;o de Crescimento (PAC), entre outros.<\/span><\/p>\n<p style=\"text-align: justify;\"><span style=\"font-size: small;\">&#8220;A popula&ccedil;&atilde;o de Petrolina ser&aacute; a grande beneficiada com a libera&ccedil;&atilde;o destes recursos e os investimentos que ser&atilde;o feitos no munic&iacute;pio. Com a unidade REDUR Petrolina s&oacute; tem a se desenvolver ainda mais, pois os recursos do Governo Federal poder&atilde;o ser liberados sem burocracia e com mais agilidade&#8221;, afirmou o prefeito Julio Lossio.<\/span><\/p>\n<p style=\"text-align: justify;\"><span style=\"font-size: small;\">Os recursos j&aacute; est&atilde;o garantidos e ser&atilde;o aplicados em melhorias em v&aacute;rios bairros da cidade, a saber: Saneamento e Lagoa de estabiliza&ccedil;&atilde;o do bairro Antonio Cassimiro (R$ 4.722.361,62 milh&otilde;es); conclus&atilde;o do saneamento no Dom Avelar (R$ 11.717.462 milh&otilde;es); Inclus&atilde;o Digital (R$ 1.500.000 milh&atilde;o); Quadras dos per&iacute;metros Irrigados (R$ 1.362.500 milh&atilde;o); Pavimenta&ccedil;&atilde;o de ruas no Jo&atilde;o Deus (R$ 105.606,36 mil); conclus&atilde;o da Feira no S&atilde;o Gon&ccedil;alo (R$ 1.033.500 milh&atilde;o); Creas Jo&atilde;o Deus (R$ 458.457,09 mil); Requalifica&ccedil;&atilde;o das Orlas 1, 2 e 3 (R$ 2 milh&otilde;es); CREAS Jardim S&atilde;o Paulo (R$ 205 mil); Clube do Bairro Quati II (R$ 406 mil); Pavimenta&ccedil;&atilde;o Henrique Leite (R$ 394.200,00 mil); Pavimenta&ccedil;&atilde;o Pedro Raimundo (R$ 513.646,00 mil); aquisi&ccedil;&atilde;o de patrol (R$ 590 mil); Pra&ccedil;a PAC Rio Corrente (R$ 2.086.075,53 milh&otilde;es).<\/span><\/p>\n<p style=\"text-align: justify;\"><span style=\"font-size: small;\">(Ascom PMP)<\/span><\/p>\n","protected":false},"excerpt":{"rendered":"<p>O prefeito Julio Lossio esteve reunido na sexta-feira (23) com a equipe de Representa&ccedil;&atilde;o de Desenvolvimento Urbano e Rural (REDUR) da Caixa Econ&ocirc;mica Federal para viabilizar a libera&ccedil;&atilde;o de recursos para investimentos no munic&iacute;pio de Petrolina. A REDUR &eacute; respons&aacute;vel pelos repasses de recursos da Uni&atilde;o aos 51 munic&iacute;pios vinculados &agrave;s microrregi&otilde;es do sert&atilde;o do S&atilde;o Francisco, Araripe, Central e Paje&uacute; e pelo acompanhamento de obras de infraestrutura do Programa de Acelera&ccedil;&atilde;o de Crescimento (PAC), entre outros. &#8220;A popula&ccedil;&atilde;o de Petrolina ser&aacute; a grande beneficiada com a libera&ccedil;&atilde;o destes recursos e os investimentos que ser&atilde;o feitos no munic&iacute;pio. Com a unidade REDUR Petrolina s&oacute; tem a se desenvolver ainda mais, pois os recursos do Governo Federal poder&atilde;o ser liberados sem&hellip; <\/p>\n","protected":false},"author":0,"featured_media":0,"comment_status":"open","ping_status":"open","sticky":false,"template":"","format":"standard","meta":{"_acf_changed":false,"footnotes":""},"categories":[43],"tags":[],"class_list":["post-12468","post","type-post","status-publish","format-standard","hentry","category-sem-categoria"],"acf":[],"yoast_head":"<!-- This site is optimized with the Yoast SEO plugin v27.4 - https:\/\/yoast.com\/product\/yoast-seo-wordpress\/ -->\n<title>Parceria entre a prefeitura de Petrolina e Caixa Econ\u00f4mica garante recursos para investimentos no munic\u00edpio - Blog do Farn\u00e9sio<\/title>\n<meta name=\"robots\" content=\"index, follow, max-snippet:-1, max-image-preview:large, max-video-preview:-1\" \/>\n<link rel=\"canonical\" href=\"https:\/\/blogdofarnesio.com.br\/?p=12468\" \/>\n<meta property=\"og:locale\" content=\"pt_BR\" \/>\n<meta property=\"og:type\" content=\"article\" \/>\n<meta property=\"og:title\" content=\"Parceria entre a prefeitura de Petrolina e Caixa Econ\u00f4mica garante recursos para investimentos no munic\u00edpio - Blog do Farn\u00e9sio\" \/>\n<meta property=\"og:description\" content=\"O prefeito Julio Lossio esteve reunido na sexta-feira (23) com a equipe de Representa&ccedil;&atilde;o de Desenvolvimento Urbano e Rural (REDUR) da Caixa Econ&ocirc;mica Federal para viabilizar a libera&ccedil;&atilde;o de recursos para investimentos no munic&iacute;pio de Petrolina. A REDUR &eacute; respons&aacute;vel pelos repasses de recursos da Uni&atilde;o aos 51 munic&iacute;pios vinculados &agrave;s microrregi&otilde;es do sert&atilde;o do S&atilde;o Francisco, Araripe, Central e Paje&uacute; e pelo acompanhamento de obras de infraestrutura do Programa de Acelera&ccedil;&atilde;o de Crescimento (PAC), entre outros. &#8220;A popula&ccedil;&atilde;o de Petrolina ser&aacute; a grande beneficiada com a libera&ccedil;&atilde;o destes recursos e os investimentos que ser&atilde;o feitos no munic&iacute;pio. Com a unidade REDUR Petrolina s&oacute; tem a se desenvolver ainda mais, pois os recursos do Governo Federal poder&atilde;o ser liberados sem&hellip;\" \/>\n<meta property=\"og:url\" content=\"https:\/\/blogdofarnesio.com.br\/?p=12468\" \/>\n<meta property=\"og:site_name\" content=\"Blog do Farn\u00e9sio\" \/>\n<meta property=\"article:publisher\" content=\"https:\/\/www.facebook.com\/BlogQuerSaberPolitica\/\" \/>\n<meta property=\"article:published_time\" content=\"2012-03-27T14:28:25+00:00\" \/>\n<meta property=\"og:image\" content=\"http:\/\/www.quersaberpolitica.com.br\/2016\/wp-content\/uploads\/2012\/12\/blogqspjlpmdb_(1).jpg\" \/>\n<meta name=\"twitter:card\" content=\"summary_large_image\" \/>\n<meta name=\"twitter:label1\" content=\"Est. tempo de leitura\" \/>\n\t<meta name=\"twitter:data1\" content=\"2 minutos\" \/>\n<script type=\"application\/ld+json\" class=\"yoast-schema-graph\">{\"@context\":\"https:\\\/\\\/schema.org\",\"@graph\":[{\"@type\":\"Article\",\"@id\":\"https:\\\/\\\/blogdofarnesio.com.br\\\/?p=12468#article\",\"isPartOf\":{\"@id\":\"https:\\\/\\\/blogdofarnesio.com.br\\\/?p=12468\"},\"author\":{\"name\":\"\",\"@id\":\"\"},\"headline\":\"Parceria entre a prefeitura de Petrolina e Caixa Econ\u00f4mica garante recursos para investimentos no munic\u00edpio\",\"datePublished\":\"2012-03-27T14:28:25+00:00\",\"mainEntityOfPage\":{\"@id\":\"https:\\\/\\\/blogdofarnesio.com.br\\\/?p=12468\"},\"wordCount\":354,\"commentCount\":0,\"publisher\":{\"@id\":\"https:\\\/\\\/blogdofarnesio.com.br\\\/#organization\"},\"image\":{\"@id\":\"https:\\\/\\\/blogdofarnesio.com.br\\\/?p=12468#primaryimage\"},\"thumbnailUrl\":\"http:\\\/\\\/www.quersaberpolitica.com.br\\\/2016\\\/wp-content\\\/uploads\\\/2012\\\/12\\\/blogqspjlpmdb_(1).jpg\",\"inLanguage\":\"pt-BR\",\"potentialAction\":[{\"@type\":\"CommentAction\",\"name\":\"Comment\",\"target\":[\"https:\\\/\\\/blogdofarnesio.com.br\\\/?p=12468#respond\"]}]},{\"@type\":\"WebPage\",\"@id\":\"https:\\\/\\\/blogdofarnesio.com.br\\\/?p=12468\",\"url\":\"https:\\\/\\\/blogdofarnesio.com.br\\\/?p=12468\",\"name\":\"Parceria entre a prefeitura de Petrolina e Caixa Econ\u00f4mica garante recursos para investimentos no munic\u00edpio - Blog do Farn\u00e9sio\",\"isPartOf\":{\"@id\":\"https:\\\/\\\/blogdofarnesio.com.br\\\/#website\"},\"primaryImageOfPage\":{\"@id\":\"https:\\\/\\\/blogdofarnesio.com.br\\\/?p=12468#primaryimage\"},\"image\":{\"@id\":\"https:\\\/\\\/blogdofarnesio.com.br\\\/?p=12468#primaryimage\"},\"thumbnailUrl\":\"http:\\\/\\\/www.quersaberpolitica.com.br\\\/2016\\\/wp-content\\\/uploads\\\/2012\\\/12\\\/blogqspjlpmdb_(1).jpg\",\"datePublished\":\"2012-03-27T14:28:25+00:00\",\"breadcrumb\":{\"@id\":\"https:\\\/\\\/blogdofarnesio.com.br\\\/?p=12468#breadcrumb\"},\"inLanguage\":\"pt-BR\",\"potentialAction\":[{\"@type\":\"ReadAction\",\"target\":[\"https:\\\/\\\/blogdofarnesio.com.br\\\/?p=12468\"]}]},{\"@type\":\"ImageObject\",\"inLanguage\":\"pt-BR\",\"@id\":\"https:\\\/\\\/blogdofarnesio.com.br\\\/?p=12468#primaryimage\",\"url\":\"http:\\\/\\\/www.quersaberpolitica.com.br\\\/2016\\\/wp-content\\\/uploads\\\/2012\\\/12\\\/blogqspjlpmdb_(1).jpg\",\"contentUrl\":\"http:\\\/\\\/www.quersaberpolitica.com.br\\\/2016\\\/wp-content\\\/uploads\\\/2012\\\/12\\\/blogqspjlpmdb_(1).jpg\"},{\"@type\":\"BreadcrumbList\",\"@id\":\"https:\\\/\\\/blogdofarnesio.com.br\\\/?p=12468#breadcrumb\",\"itemListElement\":[{\"@type\":\"ListItem\",\"position\":1,\"name\":\"In\u00edcio\",\"item\":\"https:\\\/\\\/blogdofarnesio.com.br\\\/\"},{\"@type\":\"ListItem\",\"position\":2,\"name\":\"Parceria entre a prefeitura de Petrolina e Caixa Econ\u00f4mica garante recursos para investimentos no munic\u00edpio\"}]},{\"@type\":\"WebSite\",\"@id\":\"https:\\\/\\\/blogdofarnesio.com.br\\\/#website\",\"url\":\"https:\\\/\\\/blogdofarnesio.com.br\\\/\",\"name\":\"Blog do Farn\u00e9sio\",\"description\":\"Quer Saber Pol\u00edtica?\",\"publisher\":{\"@id\":\"https:\\\/\\\/blogdofarnesio.com.br\\\/#organization\"},\"potentialAction\":[{\"@type\":\"SearchAction\",\"target\":{\"@type\":\"EntryPoint\",\"urlTemplate\":\"https:\\\/\\\/blogdofarnesio.com.br\\\/?s={search_term_string}\"},\"query-input\":{\"@type\":\"PropertyValueSpecification\",\"valueRequired\":true,\"valueName\":\"search_term_string\"}}],\"inLanguage\":\"pt-BR\"},{\"@type\":\"Organization\",\"@id\":\"https:\\\/\\\/blogdofarnesio.com.br\\\/#organization\",\"name\":\"Blog do Farn\u00e9sio\",\"url\":\"https:\\\/\\\/blogdofarnesio.com.br\\\/\",\"logo\":{\"@type\":\"ImageObject\",\"inLanguage\":\"pt-BR\",\"@id\":\"https:\\\/\\\/blogdofarnesio.com.br\\\/#\\\/schema\\\/logo\\\/image\\\/\",\"url\":\"https:\\\/\\\/blogdofarnesio.com.br\\\/wp-content\\\/uploads\\\/2026\\\/03\\\/cropped-logo_new-1.png\",\"contentUrl\":\"https:\\\/\\\/blogdofarnesio.com.br\\\/wp-content\\\/uploads\\\/2026\\\/03\\\/cropped-logo_new-1.png\",\"width\":881,\"height\":685,\"caption\":\"Blog do Farn\u00e9sio\"},\"image\":{\"@id\":\"https:\\\/\\\/blogdofarnesio.com.br\\\/#\\\/schema\\\/logo\\\/image\\\/\"},\"sameAs\":[\"https:\\\/\\\/www.facebook.com\\\/BlogQuerSaberPolitica\\\/\"]}]}<\/script>\n<!-- \/ Yoast SEO plugin. -->","yoast_head_json":{"title":"Parceria entre a prefeitura de Petrolina e Caixa Econ\u00f4mica garante recursos para investimentos no munic\u00edpio - Blog do Farn\u00e9sio","robots":{"index":"index","follow":"follow","max-snippet":"max-snippet:-1","max-image-preview":"max-image-preview:large","max-video-preview":"max-video-preview:-1"},"canonical":"https:\/\/blogdofarnesio.com.br\/?p=12468","og_locale":"pt_BR","og_type":"article","og_title":"Parceria entre a prefeitura de Petrolina e Caixa Econ\u00f4mica garante recursos para investimentos no munic\u00edpio - Blog do Farn\u00e9sio","og_description":"O prefeito Julio Lossio esteve reunido na sexta-feira (23) com a equipe de Representa&ccedil;&atilde;o de Desenvolvimento Urbano e Rural (REDUR) da Caixa Econ&ocirc;mica Federal para viabilizar a libera&ccedil;&atilde;o de recursos para investimentos no munic&iacute;pio de Petrolina. A REDUR &eacute; respons&aacute;vel pelos repasses de recursos da Uni&atilde;o aos 51 munic&iacute;pios vinculados &agrave;s microrregi&otilde;es do sert&atilde;o do S&atilde;o Francisco, Araripe, Central e Paje&uacute; e pelo acompanhamento de obras de infraestrutura do Programa de Acelera&ccedil;&atilde;o de Crescimento (PAC), entre outros. &#8220;A popula&ccedil;&atilde;o de Petrolina ser&aacute; a grande beneficiada com a libera&ccedil;&atilde;o destes recursos e os investimentos que ser&atilde;o feitos no munic&iacute;pio. Com a unidade REDUR Petrolina s&oacute; tem a se desenvolver ainda mais, pois os recursos do Governo Federal poder&atilde;o ser liberados sem&hellip;","og_url":"https:\/\/blogdofarnesio.com.br\/?p=12468","og_site_name":"Blog do Farn\u00e9sio","article_publisher":"https:\/\/www.facebook.com\/BlogQuerSaberPolitica\/","article_published_time":"2012-03-27T14:28:25+00:00","og_image":[{"url":"http:\/\/www.quersaberpolitica.com.br\/2016\/wp-content\/uploads\/2012\/12\/blogqspjlpmdb_(1).jpg","type":"","width":"","height":""}],"twitter_card":"summary_large_image","twitter_misc":{"Est. tempo de leitura":"2 minutos"},"schema":{"@context":"https:\/\/schema.org","@graph":[{"@type":"Article","@id":"https:\/\/blogdofarnesio.com.br\/?p=12468#article","isPartOf":{"@id":"https:\/\/blogdofarnesio.com.br\/?p=12468"},"author":{"name":"","@id":""},"headline":"Parceria entre a prefeitura de Petrolina e Caixa Econ\u00f4mica garante recursos para investimentos no munic\u00edpio","datePublished":"2012-03-27T14:28:25+00:00","mainEntityOfPage":{"@id":"https:\/\/blogdofarnesio.com.br\/?p=12468"},"wordCount":354,"commentCount":0,"publisher":{"@id":"https:\/\/blogdofarnesio.com.br\/#organization"},"image":{"@id":"https:\/\/blogdofarnesio.com.br\/?p=12468#primaryimage"},"thumbnailUrl":"http:\/\/www.quersaberpolitica.com.br\/2016\/wp-content\/uploads\/2012\/12\/blogqspjlpmdb_(1).jpg","inLanguage":"pt-BR","potentialAction":[{"@type":"CommentAction","name":"Comment","target":["https:\/\/blogdofarnesio.com.br\/?p=12468#respond"]}]},{"@type":"WebPage","@id":"https:\/\/blogdofarnesio.com.br\/?p=12468","url":"https:\/\/blogdofarnesio.com.br\/?p=12468","name":"Parceria entre a prefeitura de Petrolina e Caixa Econ\u00f4mica garante recursos para investimentos no munic\u00edpio - Blog do Farn\u00e9sio","isPartOf":{"@id":"https:\/\/blogdofarnesio.com.br\/#website"},"primaryImageOfPage":{"@id":"https:\/\/blogdofarnesio.com.br\/?p=12468#primaryimage"},"image":{"@id":"https:\/\/blogdofarnesio.com.br\/?p=12468#primaryimage"},"thumbnailUrl":"http:\/\/www.quersaberpolitica.com.br\/2016\/wp-content\/uploads\/2012\/12\/blogqspjlpmdb_(1).jpg","datePublished":"2012-03-27T14:28:25+00:00","breadcrumb":{"@id":"https:\/\/blogdofarnesio.com.br\/?p=12468#breadcrumb"},"inLanguage":"pt-BR","potentialAction":[{"@type":"ReadAction","target":["https:\/\/blogdofarnesio.com.br\/?p=12468"]}]},{"@type":"ImageObject","inLanguage":"pt-BR","@id":"https:\/\/blogdofarnesio.com.br\/?p=12468#primaryimage","url":"http:\/\/www.quersaberpolitica.com.br\/2016\/wp-content\/uploads\/2012\/12\/blogqspjlpmdb_(1).jpg","contentUrl":"http:\/\/www.quersaberpolitica.com.br\/2016\/wp-content\/uploads\/2012\/12\/blogqspjlpmdb_(1).jpg"},{"@type":"BreadcrumbList","@id":"https:\/\/blogdofarnesio.com.br\/?p=12468#breadcrumb","itemListElement":[{"@type":"ListItem","position":1,"name":"In\u00edcio","item":"https:\/\/blogdofarnesio.com.br\/"},{"@type":"ListItem","position":2,"name":"Parceria entre a prefeitura de Petrolina e Caixa Econ\u00f4mica garante recursos para investimentos no munic\u00edpio"}]},{"@type":"WebSite","@id":"https:\/\/blogdofarnesio.com.br\/#website","url":"https:\/\/blogdofarnesio.com.br\/","name":"Blog do Farn\u00e9sio","description":"Quer Saber Pol\u00edtica?","publisher":{"@id":"https:\/\/blogdofarnesio.com.br\/#organization"},"potentialAction":[{"@type":"SearchAction","target":{"@type":"EntryPoint","urlTemplate":"https:\/\/blogdofarnesio.com.br\/?s={search_term_string}"},"query-input":{"@type":"PropertyValueSpecification","valueRequired":true,"valueName":"search_term_string"}}],"inLanguage":"pt-BR"},{"@type":"Organization","@id":"https:\/\/blogdofarnesio.com.br\/#organization","name":"Blog do Farn\u00e9sio","url":"https:\/\/blogdofarnesio.com.br\/","logo":{"@type":"ImageObject","inLanguage":"pt-BR","@id":"https:\/\/blogdofarnesio.com.br\/#\/schema\/logo\/image\/","url":"https:\/\/blogdofarnesio.com.br\/wp-content\/uploads\/2026\/03\/cropped-logo_new-1.png","contentUrl":"https:\/\/blogdofarnesio.com.br\/wp-content\/uploads\/2026\/03\/cropped-logo_new-1.png","width":881,"height":685,"caption":"Blog do Farn\u00e9sio"},"image":{"@id":"https:\/\/blogdofarnesio.com.br\/#\/schema\/logo\/image\/"},"sameAs":["https:\/\/www.facebook.com\/BlogQuerSaberPolitica\/"]}]}},"_links":{"self":[{"href":"https:\/\/blogdofarnesio.com.br\/index.php?rest_route=\/wp\/v2\/posts\/12468","targetHints":{"allow":["GET"]}}],"collection":[{"href":"https:\/\/blogdofarnesio.com.br\/index.php?rest_route=\/wp\/v2\/posts"}],"about":[{"href":"https:\/\/blogdofarnesio.com.br\/index.php?rest_route=\/wp\/v2\/types\/post"}],"replies":[{"embeddable":true,"href":"https:\/\/blogdofarnesio.com.br\/index.php?rest_route=%2Fwp%2Fv2%2Fcomments&post=12468"}],"version-history":[{"count":0,"href":"https:\/\/blogdofarnesio.com.br\/index.php?rest_route=\/wp\/v2\/posts\/12468\/revisions"}],"wp:attachment":[{"href":"https:\/\/blogdofarnesio.com.br\/index.php?rest_route=%2Fwp%2Fv2%2Fmedia&parent=12468"}],"wp:term":[{"taxonomy":"category","embeddable":true,"href":"https:\/\/blogdofarnesio.com.br\/index.php?rest_route=%2Fwp%2Fv2%2Fcategories&post=12468"},{"taxonomy":"post_tag","embeddable":true,"href":"https:\/\/blogdofarnesio.com.br\/index.php?rest_route=%2Fwp%2Fv2%2Ftags&post=12468"}],"curies":[{"name":"wp","href":"https:\/\/api.w.org\/{rel}","templated":true}]}}