{"id":124647,"date":"2015-06-03T10:24:41","date_gmt":"2015-06-03T13:24:41","guid":{"rendered":"http:\/\/www.quersaberpolitica.com.br\/?p=124647"},"modified":"2015-06-03T10:00:46","modified_gmt":"2015-06-03T13:00:46","slug":"crea-ba-participa-do-dia-nacional-em-defesa-do-velho-chico","status":"publish","type":"post","link":"https:\/\/blogdofarnesio.com.br\/?p=124647","title":{"rendered":"CREA-BA PARTICIPA DO DIA NACIONAL EM DEFESA DO VELHO CHICO"},"content":{"rendered":"<div style=\"text-align: justify\"><a href=\"http:\/\/www.quersaberpolitica.com.br\/2016\/wp-content\/uploads\/2014\/05\/Rio_S\u00e3o_Francisco_Petrolina-Juazeiro.jpg\"><img loading=\"lazy\" decoding=\"async\" class=\"aligncenter wp-image-85635 size-full\" src=\"http:\/\/www.quersaberpolitica.com.br\/2016\/wp-content\/uploads\/2014\/05\/Rio_S\u00e3o_Francisco_Petrolina-Juazeiro.jpg\" alt=\"Rio_S\u00e3o_Francisco_Petrolina-Juazeiro\" width=\"448\" height=\"336\" srcset=\"https:\/\/blogdofarnesio.com.br\/wp-content\/uploads\/2014\/05\/Rio_S\u00e3o_Francisco_Petrolina-Juazeiro.jpg 448w, https:\/\/blogdofarnesio.com.br\/wp-content\/uploads\/2014\/05\/Rio_S\u00e3o_Francisco_Petrolina-Juazeiro-300x224.jpg 300w, https:\/\/blogdofarnesio.com.br\/wp-content\/uploads\/2014\/05\/Rio_S\u00e3o_Francisco_Petrolina-Juazeiro-400x300.jpg 400w\" sizes=\"auto, (max-width: 448px) 100vw, 448px\" \/><\/a>Comemorada nesta quarta-feira, 3 de junho, a data ser\u00e1 marcada por atividades e mobiliza\u00e7\u00f5es para alertar sobre a import\u00e2ncia do rio<\/div>\n<div style=\"text-align: justify\"><\/div>\n<div style=\"text-align: justify\">Revitaliza\u00e7\u00e3o, disponibilidade h\u00eddrica e preserva\u00e7\u00e3o de um dos principais rios do Brasil ganham destaque nesta quarta-feira, 03, em todo o pa\u00eds pela comemora\u00e7\u00e3o do Dia Nacional em Defesa do Velho Chico. A data ser\u00e1 marcada por mobiliza\u00e7\u00f5es e uma s\u00e9rie de atividades em toda a extens\u00e3o da bacia do rio, alertando a sociedade para a import\u00e2ncia deste patrim\u00f4nio natural.<\/div>\n<div style=\"text-align: justify\"><\/div>\n<div style=\"text-align: justify\">A a\u00e7\u00e3o \u00e9 promovida pelo Comit\u00ea da Bacia Hidrogr\u00e1fica do Rio S\u00e3o Francisco (CBHSF) e conta com apoio do Conselho Regional de Engenharia e Agronomia da Bahia (Crea-BA), que h\u00e1 doze anos participa das Fiscaliza\u00e7\u00f5es Preventivas Integradas (FPI) para prote\u00e7\u00e3o do rio.<\/div>\n<div style=\"text-align: justify\"><\/div>\n<div style=\"text-align: justify\">Criada a partir de uma parceria entre o Crea e o Minist\u00e9rio P\u00fablico a Fiscaliza\u00e7\u00e3o Preventiva Integrada do Rio S\u00e3o Francisco \u00e9 \u00a0composta atualmente por 21 entidades, j\u00e1 passou por mais de 115 munic\u00edpios e visitou cerca de 2,5 mil empreendimentos. Ao longo deste tempo foram 35 edi\u00e7\u00f5es, envolvendo 120 t\u00e9cnicos. N\u00fameros que traduzem o apoio do Conselho em prol da defesa do rio e se tornaram hist\u00f3ria no livro \u201cVelho Chico: a experi\u00eancia da Fiscaliza\u00e7\u00e3o Preventiva Integrada na Bahia\u201d, lan\u00e7ado em dezembro de 2014 na sede do Minist\u00e9rio P\u00fablico da Bahia.<\/div>\n<p><!--more--><\/p>\n<div style=\"text-align: justify\"><\/div>\n<div style=\"text-align: justify\">Sobre a campanha &#8211; \u00a0pelo segundo ano consecutivo, o comit\u00ea da CBHSF realiza uma intensa campanha de mobiliza\u00e7\u00e3o nacional a fim de chamar aten\u00e7\u00e3o da sociedade para a necessidade de revitaliza\u00e7\u00e3o do rio S\u00e3o Francisco. Com o mote Vire carranca para defender o Velho Chico, est\u00e3o programadas em diferentes localidades comitivas de barcos, exposi\u00e7\u00f5es, debates e mobiliza\u00e7\u00f5es envolvendo comunidades, pescadores, pesquisadores, estudantes e gestores p\u00fablicos. A campanha pretende ainda dar destaque a discuss\u00f5es sobre a vaz\u00e3o ecol\u00f3gica, a disponibilidade h\u00eddrica e os usos m\u00faltiplos das \u00e1guas. Mais informa\u00e7\u00f5es sobre a campanha podem ser acessadas no endere\u00e7o<a href=\"http:\/\/cbhsaofrancisco.org.br\/virecarranca\/\" target=\"_blank\">http:\/\/cbhsaofrancisco.org.br\/virecarranca\/<\/a><\/div>\n<div style=\"text-align: justify\"><\/div>\n<div style=\"text-align: justify\">100% Brasileiro \u00a0&#8211; com uma extens\u00e3o de 2.700 quil\u00f4metros, o S\u00e3o Francisco \u00e9 o maior rio que nasce e des\u00e1gua no nosso pa\u00eds. Sua bacia integra o Nordeste e Sudeste, ligando sete estados e abrangendo mais de 500 munic\u00edpios. Presente na vida de 15 milh\u00f5es de pessoas, suas \u00e1guas s\u00e3o a principal fonte de abastecimento da regi\u00e3o semi-\u00e1rida e ocupam um papel importante na vida de uma popula\u00e7\u00e3o que carinhosamente o apelidou de Velho Chico.<\/div>\n<div style=\"text-align: justify\"><\/div>\n<div style=\"text-align: justify\">(Texto Fernando Barros)<\/div>\n<div style=\"text-align: justify\"><\/div>\n<div style=\"text-align: justify\">Ascom Crea-BA<\/div>\n<div style=\"text-align: justify\"><a href=\"tel:71%203453-8912\" target=\"_blank\">71 3453-8912<\/a><\/div>\n<div style=\"text-align: justify\">Chico Ara\u00fajo &#8211; <a href=\"tel:71%208856-6680\" target=\"_blank\">71 8856-6680<\/a><\/div>\n","protected":false},"excerpt":{"rendered":"<p>Comemorada nesta quarta-feira, 3 de junho, a data ser\u00e1 marcada por atividades e mobiliza\u00e7\u00f5es para alertar sobre a import\u00e2ncia do rio Revitaliza\u00e7\u00e3o, disponibilidade h\u00eddrica e preserva\u00e7\u00e3o de um dos principais rios do Brasil ganham destaque nesta quarta-feira, 03, em todo o pa\u00eds pela comemora\u00e7\u00e3o do Dia Nacional em Defesa do Velho Chico. A data ser\u00e1 marcada por mobiliza\u00e7\u00f5es e uma s\u00e9rie de atividades em toda a extens\u00e3o da bacia do rio, alertando a sociedade para a import\u00e2ncia deste patrim\u00f4nio natural. A a\u00e7\u00e3o \u00e9 promovida pelo Comit\u00ea da Bacia Hidrogr\u00e1fica do Rio S\u00e3o Francisco (CBHSF) e conta com apoio do Conselho Regional de Engenharia e Agronomia da Bahia (Crea-BA), que h\u00e1 doze anos participa das Fiscaliza\u00e7\u00f5es Preventivas Integradas (FPI) para prote\u00e7\u00e3o&hellip; <\/p>\n","protected":false},"author":3,"featured_media":0,"comment_status":"open","ping_status":"open","sticky":false,"template":"","format":"standard","meta":{"_acf_changed":false,"footnotes":""},"categories":[29],"tags":[],"class_list":["post-124647","post","type-post","status-publish","format-standard","hentry","category-meio-ambiente"],"acf":[],"yoast_head":"<!-- This site is optimized with the Yoast SEO plugin v27.4 - https:\/\/yoast.com\/product\/yoast-seo-wordpress\/ -->\n<title>CREA-BA PARTICIPA DO DIA NACIONAL EM DEFESA DO VELHO CHICO - Blog do Farn\u00e9sio<\/title>\n<meta name=\"robots\" content=\"index, follow, max-snippet:-1, max-image-preview:large, max-video-preview:-1\" \/>\n<link rel=\"canonical\" href=\"https:\/\/blogdofarnesio.com.br\/?p=124647\" \/>\n<meta property=\"og:locale\" content=\"pt_BR\" \/>\n<meta property=\"og:type\" content=\"article\" \/>\n<meta property=\"og:title\" content=\"CREA-BA PARTICIPA DO DIA NACIONAL EM DEFESA DO VELHO CHICO - Blog do Farn\u00e9sio\" \/>\n<meta property=\"og:description\" content=\"Comemorada nesta quarta-feira, 3 de junho, a data ser\u00e1 marcada por atividades e mobiliza\u00e7\u00f5es para alertar sobre a import\u00e2ncia do rio Revitaliza\u00e7\u00e3o, disponibilidade h\u00eddrica e preserva\u00e7\u00e3o de um dos principais rios do Brasil ganham destaque nesta quarta-feira, 03, em todo o pa\u00eds pela comemora\u00e7\u00e3o do Dia Nacional em Defesa do Velho Chico. A data ser\u00e1 marcada por mobiliza\u00e7\u00f5es e uma s\u00e9rie de atividades em toda a extens\u00e3o da bacia do rio, alertando a sociedade para a import\u00e2ncia deste patrim\u00f4nio natural. A a\u00e7\u00e3o \u00e9 promovida pelo Comit\u00ea da Bacia Hidrogr\u00e1fica do Rio S\u00e3o Francisco (CBHSF) e conta com apoio do Conselho Regional de Engenharia e Agronomia da Bahia (Crea-BA), que h\u00e1 doze anos participa das Fiscaliza\u00e7\u00f5es Preventivas Integradas (FPI) para prote\u00e7\u00e3o&hellip;\" \/>\n<meta property=\"og:url\" content=\"https:\/\/blogdofarnesio.com.br\/?p=124647\" \/>\n<meta property=\"og:site_name\" content=\"Blog do Farn\u00e9sio\" \/>\n<meta property=\"article:publisher\" content=\"https:\/\/www.facebook.com\/BlogQuerSaberPolitica\/\" \/>\n<meta property=\"article:published_time\" content=\"2015-06-03T13:24:41+00:00\" \/>\n<meta name=\"author\" content=\"teste\" \/>\n<meta name=\"twitter:card\" content=\"summary_large_image\" \/>\n<meta name=\"twitter:label1\" content=\"Escrito por\" \/>\n\t<meta name=\"twitter:data1\" content=\"teste\" \/>\n\t<meta name=\"twitter:label2\" content=\"Est. tempo de leitura\" \/>\n\t<meta name=\"twitter:data2\" content=\"2 minutos\" \/>\n<script type=\"application\/ld+json\" class=\"yoast-schema-graph\">{\"@context\":\"https:\\\/\\\/schema.org\",\"@graph\":[{\"@type\":\"Article\",\"@id\":\"https:\\\/\\\/blogdofarnesio.com.br\\\/?p=124647#article\",\"isPartOf\":{\"@id\":\"https:\\\/\\\/blogdofarnesio.com.br\\\/?p=124647\"},\"author\":{\"name\":\"teste\",\"@id\":\"https:\\\/\\\/blogdofarnesio.com.br\\\/#\\\/schema\\\/person\\\/dd1bf5eba40b687199ba45ca6b97dff9\"},\"headline\":\"CREA-BA PARTICIPA DO DIA NACIONAL EM DEFESA DO VELHO CHICO\",\"datePublished\":\"2015-06-03T13:24:41+00:00\",\"mainEntityOfPage\":{\"@id\":\"https:\\\/\\\/blogdofarnesio.com.br\\\/?p=124647\"},\"wordCount\":452,\"commentCount\":0,\"publisher\":{\"@id\":\"https:\\\/\\\/blogdofarnesio.com.br\\\/#organization\"},\"articleSection\":[\"Meio Ambiente\"],\"inLanguage\":\"pt-BR\",\"potentialAction\":[{\"@type\":\"CommentAction\",\"name\":\"Comment\",\"target\":[\"https:\\\/\\\/blogdofarnesio.com.br\\\/?p=124647#respond\"]}]},{\"@type\":\"WebPage\",\"@id\":\"https:\\\/\\\/blogdofarnesio.com.br\\\/?p=124647\",\"url\":\"https:\\\/\\\/blogdofarnesio.com.br\\\/?p=124647\",\"name\":\"CREA-BA PARTICIPA DO DIA NACIONAL EM DEFESA DO VELHO CHICO - Blog do Farn\u00e9sio\",\"isPartOf\":{\"@id\":\"https:\\\/\\\/blogdofarnesio.com.br\\\/#website\"},\"datePublished\":\"2015-06-03T13:24:41+00:00\",\"breadcrumb\":{\"@id\":\"https:\\\/\\\/blogdofarnesio.com.br\\\/?p=124647#breadcrumb\"},\"inLanguage\":\"pt-BR\",\"potentialAction\":[{\"@type\":\"ReadAction\",\"target\":[\"https:\\\/\\\/blogdofarnesio.com.br\\\/?p=124647\"]}]},{\"@type\":\"BreadcrumbList\",\"@id\":\"https:\\\/\\\/blogdofarnesio.com.br\\\/?p=124647#breadcrumb\",\"itemListElement\":[{\"@type\":\"ListItem\",\"position\":1,\"name\":\"In\u00edcio\",\"item\":\"https:\\\/\\\/blogdofarnesio.com.br\\\/\"},{\"@type\":\"ListItem\",\"position\":2,\"name\":\"CREA-BA PARTICIPA DO DIA NACIONAL EM DEFESA DO VELHO CHICO\"}]},{\"@type\":\"WebSite\",\"@id\":\"https:\\\/\\\/blogdofarnesio.com.br\\\/#website\",\"url\":\"https:\\\/\\\/blogdofarnesio.com.br\\\/\",\"name\":\"Blog do Farn\u00e9sio\",\"description\":\"Quer Saber Pol\u00edtica?\",\"publisher\":{\"@id\":\"https:\\\/\\\/blogdofarnesio.com.br\\\/#organization\"},\"potentialAction\":[{\"@type\":\"SearchAction\",\"target\":{\"@type\":\"EntryPoint\",\"urlTemplate\":\"https:\\\/\\\/blogdofarnesio.com.br\\\/?s={search_term_string}\"},\"query-input\":{\"@type\":\"PropertyValueSpecification\",\"valueRequired\":true,\"valueName\":\"search_term_string\"}}],\"inLanguage\":\"pt-BR\"},{\"@type\":\"Organization\",\"@id\":\"https:\\\/\\\/blogdofarnesio.com.br\\\/#organization\",\"name\":\"Blog do Farn\u00e9sio\",\"url\":\"https:\\\/\\\/blogdofarnesio.com.br\\\/\",\"logo\":{\"@type\":\"ImageObject\",\"inLanguage\":\"pt-BR\",\"@id\":\"https:\\\/\\\/blogdofarnesio.com.br\\\/#\\\/schema\\\/logo\\\/image\\\/\",\"url\":\"https:\\\/\\\/blogdofarnesio.com.br\\\/wp-content\\\/uploads\\\/2026\\\/03\\\/cropped-logo_new-1.png\",\"contentUrl\":\"https:\\\/\\\/blogdofarnesio.com.br\\\/wp-content\\\/uploads\\\/2026\\\/03\\\/cropped-logo_new-1.png\",\"width\":881,\"height\":685,\"caption\":\"Blog do Farn\u00e9sio\"},\"image\":{\"@id\":\"https:\\\/\\\/blogdofarnesio.com.br\\\/#\\\/schema\\\/logo\\\/image\\\/\"},\"sameAs\":[\"https:\\\/\\\/www.facebook.com\\\/BlogQuerSaberPolitica\\\/\"]},{\"@type\":\"Person\",\"@id\":\"https:\\\/\\\/blogdofarnesio.com.br\\\/#\\\/schema\\\/person\\\/dd1bf5eba40b687199ba45ca6b97dff9\",\"name\":\"teste\",\"image\":{\"@type\":\"ImageObject\",\"inLanguage\":\"pt-BR\",\"@id\":\"https:\\\/\\\/secure.gravatar.com\\\/avatar\\\/2172498d4914b51e1d89a0f97957b035ac4938723a5cac208135d389b6972a6d?s=96&d=mm&r=g\",\"url\":\"https:\\\/\\\/secure.gravatar.com\\\/avatar\\\/2172498d4914b51e1d89a0f97957b035ac4938723a5cac208135d389b6972a6d?s=96&d=mm&r=g\",\"contentUrl\":\"https:\\\/\\\/secure.gravatar.com\\\/avatar\\\/2172498d4914b51e1d89a0f97957b035ac4938723a5cac208135d389b6972a6d?s=96&d=mm&r=g\",\"caption\":\"teste\"},\"url\":\"https:\\\/\\\/blogdofarnesio.com.br\\\/?author=3\"}]}<\/script>\n<!-- \/ Yoast SEO plugin. -->","yoast_head_json":{"title":"CREA-BA PARTICIPA DO DIA NACIONAL EM DEFESA DO VELHO CHICO - Blog do Farn\u00e9sio","robots":{"index":"index","follow":"follow","max-snippet":"max-snippet:-1","max-image-preview":"max-image-preview:large","max-video-preview":"max-video-preview:-1"},"canonical":"https:\/\/blogdofarnesio.com.br\/?p=124647","og_locale":"pt_BR","og_type":"article","og_title":"CREA-BA PARTICIPA DO DIA NACIONAL EM DEFESA DO VELHO CHICO - Blog do Farn\u00e9sio","og_description":"Comemorada nesta quarta-feira, 3 de junho, a data ser\u00e1 marcada por atividades e mobiliza\u00e7\u00f5es para alertar sobre a import\u00e2ncia do rio Revitaliza\u00e7\u00e3o, disponibilidade h\u00eddrica e preserva\u00e7\u00e3o de um dos principais rios do Brasil ganham destaque nesta quarta-feira, 03, em todo o pa\u00eds pela comemora\u00e7\u00e3o do Dia Nacional em Defesa do Velho Chico. A data ser\u00e1 marcada por mobiliza\u00e7\u00f5es e uma s\u00e9rie de atividades em toda a extens\u00e3o da bacia do rio, alertando a sociedade para a import\u00e2ncia deste patrim\u00f4nio natural. A a\u00e7\u00e3o \u00e9 promovida pelo Comit\u00ea da Bacia Hidrogr\u00e1fica do Rio S\u00e3o Francisco (CBHSF) e conta com apoio do Conselho Regional de Engenharia e Agronomia da Bahia (Crea-BA), que h\u00e1 doze anos participa das Fiscaliza\u00e7\u00f5es Preventivas Integradas (FPI) para prote\u00e7\u00e3o&hellip;","og_url":"https:\/\/blogdofarnesio.com.br\/?p=124647","og_site_name":"Blog do Farn\u00e9sio","article_publisher":"https:\/\/www.facebook.com\/BlogQuerSaberPolitica\/","article_published_time":"2015-06-03T13:24:41+00:00","author":"teste","twitter_card":"summary_large_image","twitter_misc":{"Escrito por":"teste","Est. tempo de leitura":"2 minutos"},"schema":{"@context":"https:\/\/schema.org","@graph":[{"@type":"Article","@id":"https:\/\/blogdofarnesio.com.br\/?p=124647#article","isPartOf":{"@id":"https:\/\/blogdofarnesio.com.br\/?p=124647"},"author":{"name":"teste","@id":"https:\/\/blogdofarnesio.com.br\/#\/schema\/person\/dd1bf5eba40b687199ba45ca6b97dff9"},"headline":"CREA-BA PARTICIPA DO DIA NACIONAL EM DEFESA DO VELHO CHICO","datePublished":"2015-06-03T13:24:41+00:00","mainEntityOfPage":{"@id":"https:\/\/blogdofarnesio.com.br\/?p=124647"},"wordCount":452,"commentCount":0,"publisher":{"@id":"https:\/\/blogdofarnesio.com.br\/#organization"},"articleSection":["Meio Ambiente"],"inLanguage":"pt-BR","potentialAction":[{"@type":"CommentAction","name":"Comment","target":["https:\/\/blogdofarnesio.com.br\/?p=124647#respond"]}]},{"@type":"WebPage","@id":"https:\/\/blogdofarnesio.com.br\/?p=124647","url":"https:\/\/blogdofarnesio.com.br\/?p=124647","name":"CREA-BA PARTICIPA DO DIA NACIONAL EM DEFESA DO VELHO CHICO - Blog do Farn\u00e9sio","isPartOf":{"@id":"https:\/\/blogdofarnesio.com.br\/#website"},"datePublished":"2015-06-03T13:24:41+00:00","breadcrumb":{"@id":"https:\/\/blogdofarnesio.com.br\/?p=124647#breadcrumb"},"inLanguage":"pt-BR","potentialAction":[{"@type":"ReadAction","target":["https:\/\/blogdofarnesio.com.br\/?p=124647"]}]},{"@type":"BreadcrumbList","@id":"https:\/\/blogdofarnesio.com.br\/?p=124647#breadcrumb","itemListElement":[{"@type":"ListItem","position":1,"name":"In\u00edcio","item":"https:\/\/blogdofarnesio.com.br\/"},{"@type":"ListItem","position":2,"name":"CREA-BA PARTICIPA DO DIA NACIONAL EM DEFESA DO VELHO CHICO"}]},{"@type":"WebSite","@id":"https:\/\/blogdofarnesio.com.br\/#website","url":"https:\/\/blogdofarnesio.com.br\/","name":"Blog do Farn\u00e9sio","description":"Quer Saber Pol\u00edtica?","publisher":{"@id":"https:\/\/blogdofarnesio.com.br\/#organization"},"potentialAction":[{"@type":"SearchAction","target":{"@type":"EntryPoint","urlTemplate":"https:\/\/blogdofarnesio.com.br\/?s={search_term_string}"},"query-input":{"@type":"PropertyValueSpecification","valueRequired":true,"valueName":"search_term_string"}}],"inLanguage":"pt-BR"},{"@type":"Organization","@id":"https:\/\/blogdofarnesio.com.br\/#organization","name":"Blog do Farn\u00e9sio","url":"https:\/\/blogdofarnesio.com.br\/","logo":{"@type":"ImageObject","inLanguage":"pt-BR","@id":"https:\/\/blogdofarnesio.com.br\/#\/schema\/logo\/image\/","url":"https:\/\/blogdofarnesio.com.br\/wp-content\/uploads\/2026\/03\/cropped-logo_new-1.png","contentUrl":"https:\/\/blogdofarnesio.com.br\/wp-content\/uploads\/2026\/03\/cropped-logo_new-1.png","width":881,"height":685,"caption":"Blog do Farn\u00e9sio"},"image":{"@id":"https:\/\/blogdofarnesio.com.br\/#\/schema\/logo\/image\/"},"sameAs":["https:\/\/www.facebook.com\/BlogQuerSaberPolitica\/"]},{"@type":"Person","@id":"https:\/\/blogdofarnesio.com.br\/#\/schema\/person\/dd1bf5eba40b687199ba45ca6b97dff9","name":"teste","image":{"@type":"ImageObject","inLanguage":"pt-BR","@id":"https:\/\/secure.gravatar.com\/avatar\/2172498d4914b51e1d89a0f97957b035ac4938723a5cac208135d389b6972a6d?s=96&d=mm&r=g","url":"https:\/\/secure.gravatar.com\/avatar\/2172498d4914b51e1d89a0f97957b035ac4938723a5cac208135d389b6972a6d?s=96&d=mm&r=g","contentUrl":"https:\/\/secure.gravatar.com\/avatar\/2172498d4914b51e1d89a0f97957b035ac4938723a5cac208135d389b6972a6d?s=96&d=mm&r=g","caption":"teste"},"url":"https:\/\/blogdofarnesio.com.br\/?author=3"}]}},"_links":{"self":[{"href":"https:\/\/blogdofarnesio.com.br\/index.php?rest_route=\/wp\/v2\/posts\/124647","targetHints":{"allow":["GET"]}}],"collection":[{"href":"https:\/\/blogdofarnesio.com.br\/index.php?rest_route=\/wp\/v2\/posts"}],"about":[{"href":"https:\/\/blogdofarnesio.com.br\/index.php?rest_route=\/wp\/v2\/types\/post"}],"author":[{"embeddable":true,"href":"https:\/\/blogdofarnesio.com.br\/index.php?rest_route=\/wp\/v2\/users\/3"}],"replies":[{"embeddable":true,"href":"https:\/\/blogdofarnesio.com.br\/index.php?rest_route=%2Fwp%2Fv2%2Fcomments&post=124647"}],"version-history":[{"count":0,"href":"https:\/\/blogdofarnesio.com.br\/index.php?rest_route=\/wp\/v2\/posts\/124647\/revisions"}],"wp:attachment":[{"href":"https:\/\/blogdofarnesio.com.br\/index.php?rest_route=%2Fwp%2Fv2%2Fmedia&parent=124647"}],"wp:term":[{"taxonomy":"category","embeddable":true,"href":"https:\/\/blogdofarnesio.com.br\/index.php?rest_route=%2Fwp%2Fv2%2Fcategories&post=124647"},{"taxonomy":"post_tag","embeddable":true,"href":"https:\/\/blogdofarnesio.com.br\/index.php?rest_route=%2Fwp%2Fv2%2Ftags&post=124647"}],"curies":[{"name":"wp","href":"https:\/\/api.w.org\/{rel}","templated":true}]}}