{"id":124420,"date":"2015-05-29T08:29:43","date_gmt":"2015-05-29T11:29:43","guid":{"rendered":"http:\/\/www.quersaberpolitica.com.br\/?p=124420"},"modified":"2015-05-29T08:29:43","modified_gmt":"2015-05-29T11:29:43","slug":"centrais-sindicais-e-movimentos-populares-realizam-hoje-ato-contra-a-terceirizacao-em-juazeiro","status":"publish","type":"post","link":"https:\/\/blogdofarnesio.com.br\/?p=124420","title":{"rendered":"CENTRAIS SINDICAIS E MOVIMENTOS POPULARES REALIZAM HOJE ATO CONTRA A TERCEIRIZA\u00c7\u00c3O EM JUAZEIRO"},"content":{"rendered":"<p style=\"text-align: justify\"><a href=\"http:\/\/www.quersaberpolitica.com.br\/2016\/wp-content\/uploads\/2015\/05\/blogqspluizpiritiba2.jpg\"><img loading=\"lazy\" decoding=\"async\" class=\" size-medium wp-image-124419 aligncenter\" src=\"http:\/\/www.quersaberpolitica.com.br\/2016\/wp-content\/uploads\/2015\/05\/blogqspluizpiritiba2-300x200.jpg\" alt=\"blogqspluizpiritiba2\" width=\"300\" height=\"200\" srcset=\"https:\/\/blogdofarnesio.com.br\/wp-content\/uploads\/2015\/05\/blogqspluizpiritiba2-300x200.jpg 300w, https:\/\/blogdofarnesio.com.br\/wp-content\/uploads\/2015\/05\/blogqspluizpiritiba2.jpg 448w\" sizes=\"auto, (max-width: 300px) 100vw, 300px\" \/><\/a><\/p>\n<p style=\"text-align: justify\">Nesta sexta-feira (29) acontecer\u00e1 em Juazeiro uma mobiliza\u00e7\u00e3o, organizada por diversas entidades e movimentos sociais, contra a Terceiriza\u00e7\u00e3o, as Medidas Provis\u00f3rias 664 e 665 e o Ajuste Fiscal, e em Defesa dos Direitos e da Democracia. A manifesta\u00e7\u00e3o ter\u00e1 in\u00edcio \u00e0s 9h na Pra\u00e7a do Jacar\u00e9, centro da cidade.<\/p>\n<p style=\"text-align: justify\">O representante do Levante Popular da Juventude em Juazeiro, Luis Piritiba, falou que a terceiriza\u00e7\u00e3o gera uma s\u00e9rie de inseguran\u00e7a. \u00a0\u201cO Senado vai votar esse projeto que terceiriza todos os servi\u00e7os e precisamos expor o quanto essa medida ir\u00e1 afetar os trabalhadores. O trabalhador ter\u00e1 uma carga maior dentro das empresas, n\u00e3o receber\u00e1 a qualifica\u00e7\u00e3o profissional, o que tornar\u00e1 prec\u00e1rias as condi\u00e7\u00f5es de trabalho no pa\u00eds. A gente tem presenciado v\u00e1rias medidas que s\u00f3 tem a prejudicado os trabalhadores e temos que nos unir para que isso n\u00e3o aconte\u00e7a\u201d.<\/p>\n<p style=\"text-align: justify\"><!--more--><\/p>\n<p style=\"text-align: justify\">As medidas provis\u00f3rias 664 e 665, que restringem acesso ao seguro-desemprego, ao abono salarial e pens\u00e3o por morte tamb\u00e9m s\u00e3o pautas dos movimentos, j\u00e1 que contribuem para a precariza\u00e7\u00e3o do trabalho. J\u00e1 o PL 4330\/2004, que agora aguarda a vota\u00e7\u00e3o do Senado, promove a precariza\u00e7\u00e3o nas rela\u00e7\u00f5es de trabalho: possibilita a terceiriza\u00e7\u00e3o das atividades-fim das empresas e reduz a arrecada\u00e7\u00e3o de imposto de renda do executivo federal, entre outras medidas.<\/p>\n<p style=\"text-align: justify\">Ele ressaltou ainda que a mobiliza\u00e7\u00e3o de hoje pode ser considerada tamb\u00e9m uma \u201cetapa de prepara\u00e7\u00e3o\u201d para uma greve geral no pa\u00eds, a exemplo das recentes mobiliza\u00e7\u00f5es das universidades federais. Hoje todas as escolas, transporte p\u00fablico, as f\u00e1bricas, as universidades, e os bancos v\u00e3o parar para derrotar o ajuste fiscal e a terceiriza\u00e7\u00e3o.<\/p>\n","protected":false},"excerpt":{"rendered":"<p>Nesta sexta-feira (29) acontecer\u00e1 em Juazeiro uma mobiliza\u00e7\u00e3o, organizada por diversas entidades e movimentos sociais, contra a Terceiriza\u00e7\u00e3o, as Medidas Provis\u00f3rias 664 e 665 e o Ajuste Fiscal, e em Defesa dos Direitos e da Democracia. A manifesta\u00e7\u00e3o ter\u00e1 in\u00edcio \u00e0s 9h na Pra\u00e7a do Jacar\u00e9, centro da cidade. O representante do Levante Popular da Juventude em Juazeiro, Luis Piritiba, falou que a terceiriza\u00e7\u00e3o gera uma s\u00e9rie de inseguran\u00e7a. \u00a0\u201cO Senado vai votar esse projeto que terceiriza todos os servi\u00e7os e precisamos expor o quanto essa medida ir\u00e1 afetar os trabalhadores. O trabalhador ter\u00e1 uma carga maior dentro das empresas, n\u00e3o receber\u00e1 a qualifica\u00e7\u00e3o profissional, o que tornar\u00e1 prec\u00e1rias as condi\u00e7\u00f5es de trabalho no pa\u00eds. A gente tem presenciado v\u00e1rias&hellip; <\/p>\n","protected":false},"author":7,"featured_media":0,"comment_status":"open","ping_status":"open","sticky":false,"template":"","format":"standard","meta":{"_acf_changed":false,"footnotes":""},"categories":[44],"tags":[],"class_list":["post-124420","post","type-post","status-publish","format-standard","hentry","category-administracao"],"acf":[],"yoast_head":"<!-- This site is optimized with the Yoast SEO plugin v27.4 - https:\/\/yoast.com\/product\/yoast-seo-wordpress\/ -->\n<title>CENTRAIS SINDICAIS E MOVIMENTOS POPULARES REALIZAM HOJE ATO CONTRA A TERCEIRIZA\u00c7\u00c3O EM JUAZEIRO - Blog do Farn\u00e9sio<\/title>\n<meta name=\"robots\" content=\"index, follow, max-snippet:-1, max-image-preview:large, max-video-preview:-1\" \/>\n<link rel=\"canonical\" href=\"https:\/\/blogdofarnesio.com.br\/?p=124420\" \/>\n<meta property=\"og:locale\" content=\"pt_BR\" \/>\n<meta property=\"og:type\" content=\"article\" \/>\n<meta property=\"og:title\" content=\"CENTRAIS SINDICAIS E MOVIMENTOS POPULARES REALIZAM HOJE ATO CONTRA A TERCEIRIZA\u00c7\u00c3O EM JUAZEIRO - Blog do Farn\u00e9sio\" \/>\n<meta property=\"og:description\" content=\"Nesta sexta-feira (29) acontecer\u00e1 em Juazeiro uma mobiliza\u00e7\u00e3o, organizada por diversas entidades e movimentos sociais, contra a Terceiriza\u00e7\u00e3o, as Medidas Provis\u00f3rias 664 e 665 e o Ajuste Fiscal, e em Defesa dos Direitos e da Democracia. A manifesta\u00e7\u00e3o ter\u00e1 in\u00edcio \u00e0s 9h na Pra\u00e7a do Jacar\u00e9, centro da cidade. O representante do Levante Popular da Juventude em Juazeiro, Luis Piritiba, falou que a terceiriza\u00e7\u00e3o gera uma s\u00e9rie de inseguran\u00e7a. \u00a0\u201cO Senado vai votar esse projeto que terceiriza todos os servi\u00e7os e precisamos expor o quanto essa medida ir\u00e1 afetar os trabalhadores. O trabalhador ter\u00e1 uma carga maior dentro das empresas, n\u00e3o receber\u00e1 a qualifica\u00e7\u00e3o profissional, o que tornar\u00e1 prec\u00e1rias as condi\u00e7\u00f5es de trabalho no pa\u00eds. A gente tem presenciado v\u00e1rias&hellip;\" \/>\n<meta property=\"og:url\" content=\"https:\/\/blogdofarnesio.com.br\/?p=124420\" \/>\n<meta property=\"og:site_name\" content=\"Blog do Farn\u00e9sio\" \/>\n<meta property=\"article:publisher\" content=\"https:\/\/www.facebook.com\/BlogQuerSaberPolitica\/\" \/>\n<meta property=\"article:published_time\" content=\"2015-05-29T11:29:43+00:00\" \/>\n<meta property=\"og:image\" content=\"http:\/\/www.quersaberpolitica.com.br\/2016\/wp-content\/uploads\/2015\/05\/blogqspluizpiritiba2-300x200.jpg\" \/>\n<meta name=\"twitter:card\" content=\"summary_large_image\" \/>\n<meta name=\"twitter:label1\" content=\"Escrito por\" \/>\n\t<meta name=\"twitter:data1\" content=\"\" \/>\n\t<meta name=\"twitter:label2\" content=\"Est. tempo de leitura\" \/>\n\t<meta name=\"twitter:data2\" content=\"1 minuto\" \/>\n<script type=\"application\/ld+json\" class=\"yoast-schema-graph\">{\"@context\":\"https:\\\/\\\/schema.org\",\"@graph\":[{\"@type\":\"Article\",\"@id\":\"https:\\\/\\\/blogdofarnesio.com.br\\\/?p=124420#article\",\"isPartOf\":{\"@id\":\"https:\\\/\\\/blogdofarnesio.com.br\\\/?p=124420\"},\"author\":{\"name\":\"\",\"@id\":\"\"},\"headline\":\"CENTRAIS SINDICAIS E MOVIMENTOS POPULARES REALIZAM HOJE ATO CONTRA A TERCEIRIZA\u00c7\u00c3O EM JUAZEIRO\",\"datePublished\":\"2015-05-29T11:29:43+00:00\",\"mainEntityOfPage\":{\"@id\":\"https:\\\/\\\/blogdofarnesio.com.br\\\/?p=124420\"},\"wordCount\":306,\"commentCount\":0,\"publisher\":{\"@id\":\"https:\\\/\\\/blogdofarnesio.com.br\\\/#organization\"},\"image\":{\"@id\":\"https:\\\/\\\/blogdofarnesio.com.br\\\/?p=124420#primaryimage\"},\"thumbnailUrl\":\"http:\\\/\\\/www.quersaberpolitica.com.br\\\/2016\\\/wp-content\\\/uploads\\\/2015\\\/05\\\/blogqspluizpiritiba2-300x200.jpg\",\"articleSection\":[\"Administra\u00e7\u00e3o\"],\"inLanguage\":\"pt-BR\",\"potentialAction\":[{\"@type\":\"CommentAction\",\"name\":\"Comment\",\"target\":[\"https:\\\/\\\/blogdofarnesio.com.br\\\/?p=124420#respond\"]}]},{\"@type\":\"WebPage\",\"@id\":\"https:\\\/\\\/blogdofarnesio.com.br\\\/?p=124420\",\"url\":\"https:\\\/\\\/blogdofarnesio.com.br\\\/?p=124420\",\"name\":\"CENTRAIS SINDICAIS E MOVIMENTOS POPULARES REALIZAM HOJE ATO CONTRA A TERCEIRIZA\u00c7\u00c3O EM JUAZEIRO - Blog do Farn\u00e9sio\",\"isPartOf\":{\"@id\":\"https:\\\/\\\/blogdofarnesio.com.br\\\/#website\"},\"primaryImageOfPage\":{\"@id\":\"https:\\\/\\\/blogdofarnesio.com.br\\\/?p=124420#primaryimage\"},\"image\":{\"@id\":\"https:\\\/\\\/blogdofarnesio.com.br\\\/?p=124420#primaryimage\"},\"thumbnailUrl\":\"http:\\\/\\\/www.quersaberpolitica.com.br\\\/2016\\\/wp-content\\\/uploads\\\/2015\\\/05\\\/blogqspluizpiritiba2-300x200.jpg\",\"datePublished\":\"2015-05-29T11:29:43+00:00\",\"breadcrumb\":{\"@id\":\"https:\\\/\\\/blogdofarnesio.com.br\\\/?p=124420#breadcrumb\"},\"inLanguage\":\"pt-BR\",\"potentialAction\":[{\"@type\":\"ReadAction\",\"target\":[\"https:\\\/\\\/blogdofarnesio.com.br\\\/?p=124420\"]}]},{\"@type\":\"ImageObject\",\"inLanguage\":\"pt-BR\",\"@id\":\"https:\\\/\\\/blogdofarnesio.com.br\\\/?p=124420#primaryimage\",\"url\":\"http:\\\/\\\/www.quersaberpolitica.com.br\\\/2016\\\/wp-content\\\/uploads\\\/2015\\\/05\\\/blogqspluizpiritiba2-300x200.jpg\",\"contentUrl\":\"http:\\\/\\\/www.quersaberpolitica.com.br\\\/2016\\\/wp-content\\\/uploads\\\/2015\\\/05\\\/blogqspluizpiritiba2-300x200.jpg\"},{\"@type\":\"BreadcrumbList\",\"@id\":\"https:\\\/\\\/blogdofarnesio.com.br\\\/?p=124420#breadcrumb\",\"itemListElement\":[{\"@type\":\"ListItem\",\"position\":1,\"name\":\"In\u00edcio\",\"item\":\"https:\\\/\\\/blogdofarnesio.com.br\\\/\"},{\"@type\":\"ListItem\",\"position\":2,\"name\":\"CENTRAIS SINDICAIS E MOVIMENTOS POPULARES REALIZAM HOJE ATO CONTRA A TERCEIRIZA\u00c7\u00c3O EM JUAZEIRO\"}]},{\"@type\":\"WebSite\",\"@id\":\"https:\\\/\\\/blogdofarnesio.com.br\\\/#website\",\"url\":\"https:\\\/\\\/blogdofarnesio.com.br\\\/\",\"name\":\"Blog do Farn\u00e9sio\",\"description\":\"Quer Saber Pol\u00edtica?\",\"publisher\":{\"@id\":\"https:\\\/\\\/blogdofarnesio.com.br\\\/#organization\"},\"potentialAction\":[{\"@type\":\"SearchAction\",\"target\":{\"@type\":\"EntryPoint\",\"urlTemplate\":\"https:\\\/\\\/blogdofarnesio.com.br\\\/?s={search_term_string}\"},\"query-input\":{\"@type\":\"PropertyValueSpecification\",\"valueRequired\":true,\"valueName\":\"search_term_string\"}}],\"inLanguage\":\"pt-BR\"},{\"@type\":\"Organization\",\"@id\":\"https:\\\/\\\/blogdofarnesio.com.br\\\/#organization\",\"name\":\"Blog do Farn\u00e9sio\",\"url\":\"https:\\\/\\\/blogdofarnesio.com.br\\\/\",\"logo\":{\"@type\":\"ImageObject\",\"inLanguage\":\"pt-BR\",\"@id\":\"https:\\\/\\\/blogdofarnesio.com.br\\\/#\\\/schema\\\/logo\\\/image\\\/\",\"url\":\"https:\\\/\\\/blogdofarnesio.com.br\\\/wp-content\\\/uploads\\\/2026\\\/03\\\/cropped-logo_new-1.png\",\"contentUrl\":\"https:\\\/\\\/blogdofarnesio.com.br\\\/wp-content\\\/uploads\\\/2026\\\/03\\\/cropped-logo_new-1.png\",\"width\":881,\"height\":685,\"caption\":\"Blog do Farn\u00e9sio\"},\"image\":{\"@id\":\"https:\\\/\\\/blogdofarnesio.com.br\\\/#\\\/schema\\\/logo\\\/image\\\/\"},\"sameAs\":[\"https:\\\/\\\/www.facebook.com\\\/BlogQuerSaberPolitica\\\/\"]},{\"@type\":\"Person\",\"@id\":\"\",\"url\":\"https:\\\/\\\/blogdofarnesio.com.br\\\/?author=7\"}]}<\/script>\n<!-- \/ Yoast SEO plugin. -->","yoast_head_json":{"title":"CENTRAIS SINDICAIS E MOVIMENTOS POPULARES REALIZAM HOJE ATO CONTRA A TERCEIRIZA\u00c7\u00c3O EM JUAZEIRO - Blog do Farn\u00e9sio","robots":{"index":"index","follow":"follow","max-snippet":"max-snippet:-1","max-image-preview":"max-image-preview:large","max-video-preview":"max-video-preview:-1"},"canonical":"https:\/\/blogdofarnesio.com.br\/?p=124420","og_locale":"pt_BR","og_type":"article","og_title":"CENTRAIS SINDICAIS E MOVIMENTOS POPULARES REALIZAM HOJE ATO CONTRA A TERCEIRIZA\u00c7\u00c3O EM JUAZEIRO - Blog do Farn\u00e9sio","og_description":"Nesta sexta-feira (29) acontecer\u00e1 em Juazeiro uma mobiliza\u00e7\u00e3o, organizada por diversas entidades e movimentos sociais, contra a Terceiriza\u00e7\u00e3o, as Medidas Provis\u00f3rias 664 e 665 e o Ajuste Fiscal, e em Defesa dos Direitos e da Democracia. A manifesta\u00e7\u00e3o ter\u00e1 in\u00edcio \u00e0s 9h na Pra\u00e7a do Jacar\u00e9, centro da cidade. O representante do Levante Popular da Juventude em Juazeiro, Luis Piritiba, falou que a terceiriza\u00e7\u00e3o gera uma s\u00e9rie de inseguran\u00e7a. \u00a0\u201cO Senado vai votar esse projeto que terceiriza todos os servi\u00e7os e precisamos expor o quanto essa medida ir\u00e1 afetar os trabalhadores. O trabalhador ter\u00e1 uma carga maior dentro das empresas, n\u00e3o receber\u00e1 a qualifica\u00e7\u00e3o profissional, o que tornar\u00e1 prec\u00e1rias as condi\u00e7\u00f5es de trabalho no pa\u00eds. A gente tem presenciado v\u00e1rias&hellip;","og_url":"https:\/\/blogdofarnesio.com.br\/?p=124420","og_site_name":"Blog do Farn\u00e9sio","article_publisher":"https:\/\/www.facebook.com\/BlogQuerSaberPolitica\/","article_published_time":"2015-05-29T11:29:43+00:00","og_image":[{"url":"http:\/\/www.quersaberpolitica.com.br\/2016\/wp-content\/uploads\/2015\/05\/blogqspluizpiritiba2-300x200.jpg","type":"","width":"","height":""}],"twitter_card":"summary_large_image","twitter_misc":{"Escrito por":"","Est. tempo de leitura":"1 minuto"},"schema":{"@context":"https:\/\/schema.org","@graph":[{"@type":"Article","@id":"https:\/\/blogdofarnesio.com.br\/?p=124420#article","isPartOf":{"@id":"https:\/\/blogdofarnesio.com.br\/?p=124420"},"author":{"name":"","@id":""},"headline":"CENTRAIS SINDICAIS E MOVIMENTOS POPULARES REALIZAM HOJE ATO CONTRA A TERCEIRIZA\u00c7\u00c3O EM JUAZEIRO","datePublished":"2015-05-29T11:29:43+00:00","mainEntityOfPage":{"@id":"https:\/\/blogdofarnesio.com.br\/?p=124420"},"wordCount":306,"commentCount":0,"publisher":{"@id":"https:\/\/blogdofarnesio.com.br\/#organization"},"image":{"@id":"https:\/\/blogdofarnesio.com.br\/?p=124420#primaryimage"},"thumbnailUrl":"http:\/\/www.quersaberpolitica.com.br\/2016\/wp-content\/uploads\/2015\/05\/blogqspluizpiritiba2-300x200.jpg","articleSection":["Administra\u00e7\u00e3o"],"inLanguage":"pt-BR","potentialAction":[{"@type":"CommentAction","name":"Comment","target":["https:\/\/blogdofarnesio.com.br\/?p=124420#respond"]}]},{"@type":"WebPage","@id":"https:\/\/blogdofarnesio.com.br\/?p=124420","url":"https:\/\/blogdofarnesio.com.br\/?p=124420","name":"CENTRAIS SINDICAIS E MOVIMENTOS POPULARES REALIZAM HOJE ATO CONTRA A TERCEIRIZA\u00c7\u00c3O EM JUAZEIRO - Blog do Farn\u00e9sio","isPartOf":{"@id":"https:\/\/blogdofarnesio.com.br\/#website"},"primaryImageOfPage":{"@id":"https:\/\/blogdofarnesio.com.br\/?p=124420#primaryimage"},"image":{"@id":"https:\/\/blogdofarnesio.com.br\/?p=124420#primaryimage"},"thumbnailUrl":"http:\/\/www.quersaberpolitica.com.br\/2016\/wp-content\/uploads\/2015\/05\/blogqspluizpiritiba2-300x200.jpg","datePublished":"2015-05-29T11:29:43+00:00","breadcrumb":{"@id":"https:\/\/blogdofarnesio.com.br\/?p=124420#breadcrumb"},"inLanguage":"pt-BR","potentialAction":[{"@type":"ReadAction","target":["https:\/\/blogdofarnesio.com.br\/?p=124420"]}]},{"@type":"ImageObject","inLanguage":"pt-BR","@id":"https:\/\/blogdofarnesio.com.br\/?p=124420#primaryimage","url":"http:\/\/www.quersaberpolitica.com.br\/2016\/wp-content\/uploads\/2015\/05\/blogqspluizpiritiba2-300x200.jpg","contentUrl":"http:\/\/www.quersaberpolitica.com.br\/2016\/wp-content\/uploads\/2015\/05\/blogqspluizpiritiba2-300x200.jpg"},{"@type":"BreadcrumbList","@id":"https:\/\/blogdofarnesio.com.br\/?p=124420#breadcrumb","itemListElement":[{"@type":"ListItem","position":1,"name":"In\u00edcio","item":"https:\/\/blogdofarnesio.com.br\/"},{"@type":"ListItem","position":2,"name":"CENTRAIS SINDICAIS E MOVIMENTOS POPULARES REALIZAM HOJE ATO CONTRA A TERCEIRIZA\u00c7\u00c3O EM JUAZEIRO"}]},{"@type":"WebSite","@id":"https:\/\/blogdofarnesio.com.br\/#website","url":"https:\/\/blogdofarnesio.com.br\/","name":"Blog do Farn\u00e9sio","description":"Quer Saber Pol\u00edtica?","publisher":{"@id":"https:\/\/blogdofarnesio.com.br\/#organization"},"potentialAction":[{"@type":"SearchAction","target":{"@type":"EntryPoint","urlTemplate":"https:\/\/blogdofarnesio.com.br\/?s={search_term_string}"},"query-input":{"@type":"PropertyValueSpecification","valueRequired":true,"valueName":"search_term_string"}}],"inLanguage":"pt-BR"},{"@type":"Organization","@id":"https:\/\/blogdofarnesio.com.br\/#organization","name":"Blog do Farn\u00e9sio","url":"https:\/\/blogdofarnesio.com.br\/","logo":{"@type":"ImageObject","inLanguage":"pt-BR","@id":"https:\/\/blogdofarnesio.com.br\/#\/schema\/logo\/image\/","url":"https:\/\/blogdofarnesio.com.br\/wp-content\/uploads\/2026\/03\/cropped-logo_new-1.png","contentUrl":"https:\/\/blogdofarnesio.com.br\/wp-content\/uploads\/2026\/03\/cropped-logo_new-1.png","width":881,"height":685,"caption":"Blog do Farn\u00e9sio"},"image":{"@id":"https:\/\/blogdofarnesio.com.br\/#\/schema\/logo\/image\/"},"sameAs":["https:\/\/www.facebook.com\/BlogQuerSaberPolitica\/"]},{"@type":"Person","@id":"","url":"https:\/\/blogdofarnesio.com.br\/?author=7"}]}},"_links":{"self":[{"href":"https:\/\/blogdofarnesio.com.br\/index.php?rest_route=\/wp\/v2\/posts\/124420","targetHints":{"allow":["GET"]}}],"collection":[{"href":"https:\/\/blogdofarnesio.com.br\/index.php?rest_route=\/wp\/v2\/posts"}],"about":[{"href":"https:\/\/blogdofarnesio.com.br\/index.php?rest_route=\/wp\/v2\/types\/post"}],"author":[{"embeddable":true,"href":"https:\/\/blogdofarnesio.com.br\/index.php?rest_route=\/wp\/v2\/users\/7"}],"replies":[{"embeddable":true,"href":"https:\/\/blogdofarnesio.com.br\/index.php?rest_route=%2Fwp%2Fv2%2Fcomments&post=124420"}],"version-history":[{"count":0,"href":"https:\/\/blogdofarnesio.com.br\/index.php?rest_route=\/wp\/v2\/posts\/124420\/revisions"}],"wp:attachment":[{"href":"https:\/\/blogdofarnesio.com.br\/index.php?rest_route=%2Fwp%2Fv2%2Fmedia&parent=124420"}],"wp:term":[{"taxonomy":"category","embeddable":true,"href":"https:\/\/blogdofarnesio.com.br\/index.php?rest_route=%2Fwp%2Fv2%2Fcategories&post=124420"},{"taxonomy":"post_tag","embeddable":true,"href":"https:\/\/blogdofarnesio.com.br\/index.php?rest_route=%2Fwp%2Fv2%2Ftags&post=124420"}],"curies":[{"name":"wp","href":"https:\/\/api.w.org\/{rel}","templated":true}]}}