{"id":124399,"date":"2015-05-29T07:22:26","date_gmt":"2015-05-29T10:22:26","guid":{"rendered":"http:\/\/www.quersaberpolitica.com.br\/?p=124399"},"modified":"2015-05-28T19:57:21","modified_gmt":"2015-05-28T22:57:21","slug":"marcada-para-22-de-junho-apresentacao-do-pccr-dos-servidores-municipais-de-juazeiro","status":"publish","type":"post","link":"https:\/\/blogdofarnesio.com.br\/?p=124399","title":{"rendered":"MARCADA PARA 22 DE JUNHO APRESENTA\u00c7\u00c3O DO PCCR DOS SERVIDORES MUNICIPAIS DE JUAZEIRO"},"content":{"rendered":"<p><a href=\"http:\/\/www.quersaberpolitica.com.br\/2016\/wp-content\/uploads\/2013\/09\/secret-ADM-Maeve-Melo.jpg\"><img loading=\"lazy\" decoding=\"async\" class=\" size-medium wp-image-57819 aligncenter\" src=\"http:\/\/www.quersaberpolitica.com.br\/2016\/wp-content\/uploads\/2013\/09\/secret-ADM-Maeve-Melo-300x298.jpg\" alt=\"secret-ADM-Maeve-Melo\" width=\"300\" height=\"298\" srcset=\"https:\/\/blogdofarnesio.com.br\/wp-content\/uploads\/2013\/09\/secret-ADM-Maeve-Melo-300x298.jpg 300w, https:\/\/blogdofarnesio.com.br\/wp-content\/uploads\/2013\/09\/secret-ADM-Maeve-Melo-150x150.jpg 150w, https:\/\/blogdofarnesio.com.br\/wp-content\/uploads\/2013\/09\/secret-ADM-Maeve-Melo-301x300.jpg 301w, https:\/\/blogdofarnesio.com.br\/wp-content\/uploads\/2013\/09\/secret-ADM-Maeve-Melo.jpg 500w\" sizes=\"auto, (max-width: 300px) 100vw, 300px\" \/><\/a><\/p>\n<p style=\"text-align: justify\">A secret\u00e1ria de Administra\u00e7\u00e3o da Prefeitura de Juazeiro, Ma\u00e9ve Melo, formalizou convite aos servidores municipais, organiza\u00e7\u00f5es sindicais e representantes do Poder Legislativo para solenidade a ser realizada no dia 22 de junho, na sede da APLB, quando o Prefeito Isaac Carvalho far\u00e1 a entrega do projeto do Plano de Cargos, Carreira e Vencimentos (PCCR).<\/p>\n<p style=\"text-align: justify\">O PCCR est\u00e1 sendo constru\u00eddo mediante ampla discuss\u00e3o coletiva, com efetiva participa\u00e7\u00e3o dos servidores e sindicatos. No evento tamb\u00e9m ser\u00e1 apresentado o cronograma e a proposta de metodologia de discuss\u00e3o dos grupos de trabalho. Para a elabora\u00e7\u00e3o do Plano, a Prefeitura contratou a Funda\u00e7\u00e3o Get\u00falio Vargas, entidade de alta qualifica\u00e7\u00e3o e prestigio nacional na \u00e1rea da Administra\u00e7\u00e3o P\u00fablica.<\/p>\n<p style=\"text-align: justify\"><em>Ascom\/PMJ<\/em><\/p>\n","protected":false},"excerpt":{"rendered":"<p>A secret\u00e1ria de Administra\u00e7\u00e3o da Prefeitura de Juazeiro, Ma\u00e9ve Melo, formalizou convite aos servidores municipais, organiza\u00e7\u00f5es sindicais e representantes do Poder Legislativo para solenidade a ser realizada no dia 22 de junho, na sede da APLB, quando o Prefeito Isaac Carvalho far\u00e1 a entrega do projeto do Plano de Cargos, Carreira e Vencimentos (PCCR). O PCCR est\u00e1 sendo constru\u00eddo mediante ampla discuss\u00e3o coletiva, com efetiva participa\u00e7\u00e3o dos servidores e sindicatos. No evento tamb\u00e9m ser\u00e1 apresentado o cronograma e a proposta de metodologia de discuss\u00e3o dos grupos de trabalho. Para a elabora\u00e7\u00e3o do Plano, a Prefeitura contratou a Funda\u00e7\u00e3o Get\u00falio Vargas, entidade de alta qualifica\u00e7\u00e3o e prestigio nacional na \u00e1rea da Administra\u00e7\u00e3o P\u00fablica. Ascom\/PMJ<\/p>\n","protected":false},"author":7,"featured_media":0,"comment_status":"open","ping_status":"open","sticky":false,"template":"","format":"standard","meta":{"_acf_changed":false,"footnotes":""},"categories":[44,19],"tags":[],"class_list":["post-124399","post","type-post","status-publish","format-standard","hentry","category-administracao","category-servidores"],"acf":[],"yoast_head":"<!-- This site is optimized with the Yoast SEO plugin v27.4 - https:\/\/yoast.com\/product\/yoast-seo-wordpress\/ -->\n<title>MARCADA PARA 22 DE JUNHO APRESENTA\u00c7\u00c3O DO PCCR DOS SERVIDORES MUNICIPAIS DE JUAZEIRO - Blog do Farn\u00e9sio<\/title>\n<meta name=\"robots\" content=\"index, follow, max-snippet:-1, max-image-preview:large, max-video-preview:-1\" \/>\n<link rel=\"canonical\" href=\"https:\/\/blogdofarnesio.com.br\/?p=124399\" \/>\n<meta property=\"og:locale\" content=\"pt_BR\" \/>\n<meta property=\"og:type\" content=\"article\" \/>\n<meta property=\"og:title\" content=\"MARCADA PARA 22 DE JUNHO APRESENTA\u00c7\u00c3O DO PCCR DOS SERVIDORES MUNICIPAIS DE JUAZEIRO - Blog do Farn\u00e9sio\" \/>\n<meta property=\"og:description\" content=\"A secret\u00e1ria de Administra\u00e7\u00e3o da Prefeitura de Juazeiro, Ma\u00e9ve Melo, formalizou convite aos servidores municipais, organiza\u00e7\u00f5es sindicais e representantes do Poder Legislativo para solenidade a ser realizada no dia 22 de junho, na sede da APLB, quando o Prefeito Isaac Carvalho far\u00e1 a entrega do projeto do Plano de Cargos, Carreira e Vencimentos (PCCR). O PCCR est\u00e1 sendo constru\u00eddo mediante ampla discuss\u00e3o coletiva, com efetiva participa\u00e7\u00e3o dos servidores e sindicatos. No evento tamb\u00e9m ser\u00e1 apresentado o cronograma e a proposta de metodologia de discuss\u00e3o dos grupos de trabalho. Para a elabora\u00e7\u00e3o do Plano, a Prefeitura contratou a Funda\u00e7\u00e3o Get\u00falio Vargas, entidade de alta qualifica\u00e7\u00e3o e prestigio nacional na \u00e1rea da Administra\u00e7\u00e3o P\u00fablica. Ascom\/PMJ\" \/>\n<meta property=\"og:url\" content=\"https:\/\/blogdofarnesio.com.br\/?p=124399\" \/>\n<meta property=\"og:site_name\" content=\"Blog do Farn\u00e9sio\" \/>\n<meta property=\"article:publisher\" content=\"https:\/\/www.facebook.com\/BlogQuerSaberPolitica\/\" \/>\n<meta property=\"article:published_time\" content=\"2015-05-29T10:22:26+00:00\" \/>\n<meta property=\"og:image\" content=\"http:\/\/www.quersaberpolitica.com.br\/2016\/wp-content\/uploads\/2013\/09\/secret-ADM-Maeve-Melo-300x298.jpg\" \/>\n<meta name=\"twitter:card\" content=\"summary_large_image\" \/>\n<meta name=\"twitter:label1\" content=\"Escrito por\" \/>\n\t<meta name=\"twitter:data1\" content=\"\" \/>\n\t<meta name=\"twitter:label2\" content=\"Est. tempo de leitura\" \/>\n\t<meta name=\"twitter:data2\" content=\"1 minuto\" \/>\n<script type=\"application\/ld+json\" class=\"yoast-schema-graph\">{\"@context\":\"https:\\\/\\\/schema.org\",\"@graph\":[{\"@type\":\"Article\",\"@id\":\"https:\\\/\\\/blogdofarnesio.com.br\\\/?p=124399#article\",\"isPartOf\":{\"@id\":\"https:\\\/\\\/blogdofarnesio.com.br\\\/?p=124399\"},\"author\":{\"name\":\"\",\"@id\":\"\"},\"headline\":\"MARCADA PARA 22 DE JUNHO APRESENTA\u00c7\u00c3O DO PCCR DOS SERVIDORES MUNICIPAIS DE JUAZEIRO\",\"datePublished\":\"2015-05-29T10:22:26+00:00\",\"mainEntityOfPage\":{\"@id\":\"https:\\\/\\\/blogdofarnesio.com.br\\\/?p=124399\"},\"wordCount\":141,\"commentCount\":0,\"publisher\":{\"@id\":\"https:\\\/\\\/blogdofarnesio.com.br\\\/#organization\"},\"image\":{\"@id\":\"https:\\\/\\\/blogdofarnesio.com.br\\\/?p=124399#primaryimage\"},\"thumbnailUrl\":\"http:\\\/\\\/www.quersaberpolitica.com.br\\\/2016\\\/wp-content\\\/uploads\\\/2013\\\/09\\\/secret-ADM-Maeve-Melo-300x298.jpg\",\"articleSection\":[\"Administra\u00e7\u00e3o\",\"Servidores\"],\"inLanguage\":\"pt-BR\",\"potentialAction\":[{\"@type\":\"CommentAction\",\"name\":\"Comment\",\"target\":[\"https:\\\/\\\/blogdofarnesio.com.br\\\/?p=124399#respond\"]}]},{\"@type\":\"WebPage\",\"@id\":\"https:\\\/\\\/blogdofarnesio.com.br\\\/?p=124399\",\"url\":\"https:\\\/\\\/blogdofarnesio.com.br\\\/?p=124399\",\"name\":\"MARCADA PARA 22 DE JUNHO APRESENTA\u00c7\u00c3O DO PCCR DOS SERVIDORES MUNICIPAIS DE JUAZEIRO - Blog do Farn\u00e9sio\",\"isPartOf\":{\"@id\":\"https:\\\/\\\/blogdofarnesio.com.br\\\/#website\"},\"primaryImageOfPage\":{\"@id\":\"https:\\\/\\\/blogdofarnesio.com.br\\\/?p=124399#primaryimage\"},\"image\":{\"@id\":\"https:\\\/\\\/blogdofarnesio.com.br\\\/?p=124399#primaryimage\"},\"thumbnailUrl\":\"http:\\\/\\\/www.quersaberpolitica.com.br\\\/2016\\\/wp-content\\\/uploads\\\/2013\\\/09\\\/secret-ADM-Maeve-Melo-300x298.jpg\",\"datePublished\":\"2015-05-29T10:22:26+00:00\",\"breadcrumb\":{\"@id\":\"https:\\\/\\\/blogdofarnesio.com.br\\\/?p=124399#breadcrumb\"},\"inLanguage\":\"pt-BR\",\"potentialAction\":[{\"@type\":\"ReadAction\",\"target\":[\"https:\\\/\\\/blogdofarnesio.com.br\\\/?p=124399\"]}]},{\"@type\":\"ImageObject\",\"inLanguage\":\"pt-BR\",\"@id\":\"https:\\\/\\\/blogdofarnesio.com.br\\\/?p=124399#primaryimage\",\"url\":\"http:\\\/\\\/www.quersaberpolitica.com.br\\\/2016\\\/wp-content\\\/uploads\\\/2013\\\/09\\\/secret-ADM-Maeve-Melo-300x298.jpg\",\"contentUrl\":\"http:\\\/\\\/www.quersaberpolitica.com.br\\\/2016\\\/wp-content\\\/uploads\\\/2013\\\/09\\\/secret-ADM-Maeve-Melo-300x298.jpg\"},{\"@type\":\"BreadcrumbList\",\"@id\":\"https:\\\/\\\/blogdofarnesio.com.br\\\/?p=124399#breadcrumb\",\"itemListElement\":[{\"@type\":\"ListItem\",\"position\":1,\"name\":\"In\u00edcio\",\"item\":\"https:\\\/\\\/blogdofarnesio.com.br\\\/\"},{\"@type\":\"ListItem\",\"position\":2,\"name\":\"MARCADA PARA 22 DE JUNHO APRESENTA\u00c7\u00c3O DO PCCR DOS SERVIDORES MUNICIPAIS DE JUAZEIRO\"}]},{\"@type\":\"WebSite\",\"@id\":\"https:\\\/\\\/blogdofarnesio.com.br\\\/#website\",\"url\":\"https:\\\/\\\/blogdofarnesio.com.br\\\/\",\"name\":\"Blog do Farn\u00e9sio\",\"description\":\"Quer Saber Pol\u00edtica?\",\"publisher\":{\"@id\":\"https:\\\/\\\/blogdofarnesio.com.br\\\/#organization\"},\"potentialAction\":[{\"@type\":\"SearchAction\",\"target\":{\"@type\":\"EntryPoint\",\"urlTemplate\":\"https:\\\/\\\/blogdofarnesio.com.br\\\/?s={search_term_string}\"},\"query-input\":{\"@type\":\"PropertyValueSpecification\",\"valueRequired\":true,\"valueName\":\"search_term_string\"}}],\"inLanguage\":\"pt-BR\"},{\"@type\":\"Organization\",\"@id\":\"https:\\\/\\\/blogdofarnesio.com.br\\\/#organization\",\"name\":\"Blog do Farn\u00e9sio\",\"url\":\"https:\\\/\\\/blogdofarnesio.com.br\\\/\",\"logo\":{\"@type\":\"ImageObject\",\"inLanguage\":\"pt-BR\",\"@id\":\"https:\\\/\\\/blogdofarnesio.com.br\\\/#\\\/schema\\\/logo\\\/image\\\/\",\"url\":\"https:\\\/\\\/blogdofarnesio.com.br\\\/wp-content\\\/uploads\\\/2026\\\/03\\\/cropped-logo_new-1.png\",\"contentUrl\":\"https:\\\/\\\/blogdofarnesio.com.br\\\/wp-content\\\/uploads\\\/2026\\\/03\\\/cropped-logo_new-1.png\",\"width\":881,\"height\":685,\"caption\":\"Blog do Farn\u00e9sio\"},\"image\":{\"@id\":\"https:\\\/\\\/blogdofarnesio.com.br\\\/#\\\/schema\\\/logo\\\/image\\\/\"},\"sameAs\":[\"https:\\\/\\\/www.facebook.com\\\/BlogQuerSaberPolitica\\\/\"]},{\"@type\":\"Person\",\"@id\":\"\",\"url\":\"https:\\\/\\\/blogdofarnesio.com.br\\\/?author=7\"}]}<\/script>\n<!-- \/ Yoast SEO plugin. -->","yoast_head_json":{"title":"MARCADA PARA 22 DE JUNHO APRESENTA\u00c7\u00c3O DO PCCR DOS SERVIDORES MUNICIPAIS DE JUAZEIRO - Blog do Farn\u00e9sio","robots":{"index":"index","follow":"follow","max-snippet":"max-snippet:-1","max-image-preview":"max-image-preview:large","max-video-preview":"max-video-preview:-1"},"canonical":"https:\/\/blogdofarnesio.com.br\/?p=124399","og_locale":"pt_BR","og_type":"article","og_title":"MARCADA PARA 22 DE JUNHO APRESENTA\u00c7\u00c3O DO PCCR DOS SERVIDORES MUNICIPAIS DE JUAZEIRO - Blog do Farn\u00e9sio","og_description":"A secret\u00e1ria de Administra\u00e7\u00e3o da Prefeitura de Juazeiro, Ma\u00e9ve Melo, formalizou convite aos servidores municipais, organiza\u00e7\u00f5es sindicais e representantes do Poder Legislativo para solenidade a ser realizada no dia 22 de junho, na sede da APLB, quando o Prefeito Isaac Carvalho far\u00e1 a entrega do projeto do Plano de Cargos, Carreira e Vencimentos (PCCR). O PCCR est\u00e1 sendo constru\u00eddo mediante ampla discuss\u00e3o coletiva, com efetiva participa\u00e7\u00e3o dos servidores e sindicatos. No evento tamb\u00e9m ser\u00e1 apresentado o cronograma e a proposta de metodologia de discuss\u00e3o dos grupos de trabalho. Para a elabora\u00e7\u00e3o do Plano, a Prefeitura contratou a Funda\u00e7\u00e3o Get\u00falio Vargas, entidade de alta qualifica\u00e7\u00e3o e prestigio nacional na \u00e1rea da Administra\u00e7\u00e3o P\u00fablica. Ascom\/PMJ","og_url":"https:\/\/blogdofarnesio.com.br\/?p=124399","og_site_name":"Blog do Farn\u00e9sio","article_publisher":"https:\/\/www.facebook.com\/BlogQuerSaberPolitica\/","article_published_time":"2015-05-29T10:22:26+00:00","og_image":[{"url":"http:\/\/www.quersaberpolitica.com.br\/2016\/wp-content\/uploads\/2013\/09\/secret-ADM-Maeve-Melo-300x298.jpg","type":"","width":"","height":""}],"twitter_card":"summary_large_image","twitter_misc":{"Escrito por":"","Est. tempo de leitura":"1 minuto"},"schema":{"@context":"https:\/\/schema.org","@graph":[{"@type":"Article","@id":"https:\/\/blogdofarnesio.com.br\/?p=124399#article","isPartOf":{"@id":"https:\/\/blogdofarnesio.com.br\/?p=124399"},"author":{"name":"","@id":""},"headline":"MARCADA PARA 22 DE JUNHO APRESENTA\u00c7\u00c3O DO PCCR DOS SERVIDORES MUNICIPAIS DE JUAZEIRO","datePublished":"2015-05-29T10:22:26+00:00","mainEntityOfPage":{"@id":"https:\/\/blogdofarnesio.com.br\/?p=124399"},"wordCount":141,"commentCount":0,"publisher":{"@id":"https:\/\/blogdofarnesio.com.br\/#organization"},"image":{"@id":"https:\/\/blogdofarnesio.com.br\/?p=124399#primaryimage"},"thumbnailUrl":"http:\/\/www.quersaberpolitica.com.br\/2016\/wp-content\/uploads\/2013\/09\/secret-ADM-Maeve-Melo-300x298.jpg","articleSection":["Administra\u00e7\u00e3o","Servidores"],"inLanguage":"pt-BR","potentialAction":[{"@type":"CommentAction","name":"Comment","target":["https:\/\/blogdofarnesio.com.br\/?p=124399#respond"]}]},{"@type":"WebPage","@id":"https:\/\/blogdofarnesio.com.br\/?p=124399","url":"https:\/\/blogdofarnesio.com.br\/?p=124399","name":"MARCADA PARA 22 DE JUNHO APRESENTA\u00c7\u00c3O DO PCCR DOS SERVIDORES MUNICIPAIS DE JUAZEIRO - Blog do Farn\u00e9sio","isPartOf":{"@id":"https:\/\/blogdofarnesio.com.br\/#website"},"primaryImageOfPage":{"@id":"https:\/\/blogdofarnesio.com.br\/?p=124399#primaryimage"},"image":{"@id":"https:\/\/blogdofarnesio.com.br\/?p=124399#primaryimage"},"thumbnailUrl":"http:\/\/www.quersaberpolitica.com.br\/2016\/wp-content\/uploads\/2013\/09\/secret-ADM-Maeve-Melo-300x298.jpg","datePublished":"2015-05-29T10:22:26+00:00","breadcrumb":{"@id":"https:\/\/blogdofarnesio.com.br\/?p=124399#breadcrumb"},"inLanguage":"pt-BR","potentialAction":[{"@type":"ReadAction","target":["https:\/\/blogdofarnesio.com.br\/?p=124399"]}]},{"@type":"ImageObject","inLanguage":"pt-BR","@id":"https:\/\/blogdofarnesio.com.br\/?p=124399#primaryimage","url":"http:\/\/www.quersaberpolitica.com.br\/2016\/wp-content\/uploads\/2013\/09\/secret-ADM-Maeve-Melo-300x298.jpg","contentUrl":"http:\/\/www.quersaberpolitica.com.br\/2016\/wp-content\/uploads\/2013\/09\/secret-ADM-Maeve-Melo-300x298.jpg"},{"@type":"BreadcrumbList","@id":"https:\/\/blogdofarnesio.com.br\/?p=124399#breadcrumb","itemListElement":[{"@type":"ListItem","position":1,"name":"In\u00edcio","item":"https:\/\/blogdofarnesio.com.br\/"},{"@type":"ListItem","position":2,"name":"MARCADA PARA 22 DE JUNHO APRESENTA\u00c7\u00c3O DO PCCR DOS SERVIDORES MUNICIPAIS DE JUAZEIRO"}]},{"@type":"WebSite","@id":"https:\/\/blogdofarnesio.com.br\/#website","url":"https:\/\/blogdofarnesio.com.br\/","name":"Blog do Farn\u00e9sio","description":"Quer Saber Pol\u00edtica?","publisher":{"@id":"https:\/\/blogdofarnesio.com.br\/#organization"},"potentialAction":[{"@type":"SearchAction","target":{"@type":"EntryPoint","urlTemplate":"https:\/\/blogdofarnesio.com.br\/?s={search_term_string}"},"query-input":{"@type":"PropertyValueSpecification","valueRequired":true,"valueName":"search_term_string"}}],"inLanguage":"pt-BR"},{"@type":"Organization","@id":"https:\/\/blogdofarnesio.com.br\/#organization","name":"Blog do Farn\u00e9sio","url":"https:\/\/blogdofarnesio.com.br\/","logo":{"@type":"ImageObject","inLanguage":"pt-BR","@id":"https:\/\/blogdofarnesio.com.br\/#\/schema\/logo\/image\/","url":"https:\/\/blogdofarnesio.com.br\/wp-content\/uploads\/2026\/03\/cropped-logo_new-1.png","contentUrl":"https:\/\/blogdofarnesio.com.br\/wp-content\/uploads\/2026\/03\/cropped-logo_new-1.png","width":881,"height":685,"caption":"Blog do Farn\u00e9sio"},"image":{"@id":"https:\/\/blogdofarnesio.com.br\/#\/schema\/logo\/image\/"},"sameAs":["https:\/\/www.facebook.com\/BlogQuerSaberPolitica\/"]},{"@type":"Person","@id":"","url":"https:\/\/blogdofarnesio.com.br\/?author=7"}]}},"_links":{"self":[{"href":"https:\/\/blogdofarnesio.com.br\/index.php?rest_route=\/wp\/v2\/posts\/124399","targetHints":{"allow":["GET"]}}],"collection":[{"href":"https:\/\/blogdofarnesio.com.br\/index.php?rest_route=\/wp\/v2\/posts"}],"about":[{"href":"https:\/\/blogdofarnesio.com.br\/index.php?rest_route=\/wp\/v2\/types\/post"}],"author":[{"embeddable":true,"href":"https:\/\/blogdofarnesio.com.br\/index.php?rest_route=\/wp\/v2\/users\/7"}],"replies":[{"embeddable":true,"href":"https:\/\/blogdofarnesio.com.br\/index.php?rest_route=%2Fwp%2Fv2%2Fcomments&post=124399"}],"version-history":[{"count":0,"href":"https:\/\/blogdofarnesio.com.br\/index.php?rest_route=\/wp\/v2\/posts\/124399\/revisions"}],"wp:attachment":[{"href":"https:\/\/blogdofarnesio.com.br\/index.php?rest_route=%2Fwp%2Fv2%2Fmedia&parent=124399"}],"wp:term":[{"taxonomy":"category","embeddable":true,"href":"https:\/\/blogdofarnesio.com.br\/index.php?rest_route=%2Fwp%2Fv2%2Fcategories&post=124399"},{"taxonomy":"post_tag","embeddable":true,"href":"https:\/\/blogdofarnesio.com.br\/index.php?rest_route=%2Fwp%2Fv2%2Ftags&post=124399"}],"curies":[{"name":"wp","href":"https:\/\/api.w.org\/{rel}","templated":true}]}}