{"id":124320,"date":"2015-05-27T16:01:27","date_gmt":"2015-05-27T19:01:27","guid":{"rendered":"http:\/\/www.quersaberpolitica.com.br\/?p=124320"},"modified":"2015-05-27T15:40:54","modified_gmt":"2015-05-27T18:40:54","slug":"setranvasf-envia-nota-ao-blog-sobre-a-crisa-dos-onibus-urbanos-em-petrolina","status":"publish","type":"post","link":"https:\/\/blogdofarnesio.com.br\/?p=124320","title":{"rendered":"SETRANVASF ENVIA NOTA AO  BLOG SOBRE A CRISA DOS \u00d4NIBUS URBANOS EM PETROLINA"},"content":{"rendered":"<p style=\"text-align: justify\"><em><a href=\"http:\/\/www.quersaberpolitica.com.br\/2016\/wp-content\/uploads\/2014\/01\/MG_7238.jpg\"><img loading=\"lazy\" decoding=\"async\" class=\"aligncenter  wp-image-71339\" src=\"http:\/\/www.quersaberpolitica.com.br\/2016\/wp-content\/uploads\/2014\/01\/MG_7238.jpg\" alt=\"blogqspvivapetrolina\" width=\"326\" height=\"221\" \/><\/a>&#8211; A falta de um pol\u00edtica de transporte clara, que se arrasta h\u00e1 mais de um d\u00e9cada em Petrolina, v\u00ea-se agravada, neste momento pela situa\u00e7\u00e3o de crise financeira por que passa esse servi\u00e7o em Petrolina.<\/em><\/p>\n<p style=\"text-align: justify\"><em>Sem uma pol\u00edtica de reajuste tarif\u00e1rio clara, as empresas que insistem em atuar na cidade seguem sem condi\u00e7\u00f5es para realizar os investimentos necess\u00e1rios \u00e0 melhoria do servi\u00e7o e at\u00e9 para o custeio de suas atividades.<\/em><\/p>\n<p style=\"text-align: justify\"><em>A paralisa\u00e7\u00e3o dos funcion\u00e1rios de uma das empresas \u2013 em dificuldades para honrar o pagamento dos sal\u00e1rios \u2013 \u00e9 apenas uma prova da situa\u00e7\u00e3o de precariedade que, h\u00e1 algum tempo, est\u00e1 colocada sobre a mesa. Embora seis empresas de transporte tenham passado pela cidade nos \u00faltimos anos, greves e reclama\u00e7\u00f5es se sucedem no notici\u00e1rio.<\/em><\/p>\n<p style=\"text-align: justify\"><em>N\u00e3o h\u00e1 d\u00favidas, claro, que a qualidade do servi\u00e7o ainda est\u00e1 aqu\u00e9m do desej\u00e1vel. Mas de um ano pra c\u00e1 as empresas investiram na aquisi\u00e7\u00e3o de 19 \u00f4nibus, ampliaram a frota e, agora, investem em numa nova tecnologia de controle de opera\u00e7\u00f5es e informa\u00e7\u00e3o ao usu\u00e1rio. Mais uma vez, \u00e9 preciso reconhecer que isso n\u00e3o basta.<\/em><\/p>\n<p style=\"text-align: justify\"><em>Mas como investir no transporte de Petrolina se n\u00e3o h\u00e1 seguran\u00e7a contratual para isso? A tarifa do transporte na cidade subiu e desceu 4 vezes em menos de um ano, sem que haja clareza de quando subir\u00e1 ou descer\u00e1 de novo, ou de como os custos do servi\u00e7o ser\u00e3o pagos. Diferente do que aconteceu com os pre\u00e7os dos combust\u00edveis, da energia el\u00e9trica, da \u00e1gua e da telefonia, que subiram significativamente, a tarifa dos \u00f4nibus de Petrolina hoje \u00e9 a mesma de 2013. \u00c9 como se n\u00e3o houvesse infla\u00e7\u00e3o no setor. Mas h\u00e1.<\/em><\/p>\n<p style=\"text-align: justify\"><em>Os trabalhadores do setor, por exemplo, j\u00e1 acumulam 18% de aumento em seus sal\u00e1rios \u2013 e j\u00e1 exigem novo aumento a partir do pr\u00f3ximo m\u00eas \u2013 e o combust\u00edvel usado pelos \u00f4nibus subiu quase 30% desde o fim do ano passado. Pneus, pe\u00e7as e outros custos operacionais tamb\u00e9m subiram, mas sem que houvesse qualquer reposi\u00e7\u00e3o da tarifa.<\/em><\/p>\n<p style=\"text-align: justify\"><em>O resultado, \u00f3bvio, \u00e9 um desequil\u00edbrio econ\u00f4mico e financeiro que impede as empresas operadoras de honrar seus compromissos \u2013 sejam aqueles assumidos perante seus funcion\u00e1rios, sejam os assumidos com a comunidade.<\/em><\/p>\n<p style=\"text-align: justify\"><em>Lamentamos o transtorno a que est\u00e3o sendo submetidos usu\u00e1rios, trabalhadores e empresas e esperamos que o debate em torno do transporte e da mobilidade urbana de Petrolina possa se dar de forma construtiva e respons\u00e1vel, com vistas \u00e0 supera\u00e7\u00e3o definitiva das quest\u00f5es que impedem a cidade de contar com um servi\u00e7o de qualidade e acess\u00edvel.<\/em><\/p>\n<p style=\"text-align: justify\"><em>SETRANVASF<\/em><\/p>\n","protected":false},"excerpt":{"rendered":"<p>&#8211; A falta de um pol\u00edtica de transporte clara, que se arrasta h\u00e1 mais de um d\u00e9cada em Petrolina, v\u00ea-se agravada, neste momento pela situa\u00e7\u00e3o de crise financeira por que passa esse servi\u00e7o em Petrolina. Sem uma pol\u00edtica de reajuste tarif\u00e1rio clara, as empresas que insistem em atuar na cidade seguem sem condi\u00e7\u00f5es para realizar os investimentos necess\u00e1rios \u00e0 melhoria do servi\u00e7o e at\u00e9 para o custeio de suas atividades. A paralisa\u00e7\u00e3o dos funcion\u00e1rios de uma das empresas \u2013 em dificuldades para honrar o pagamento dos sal\u00e1rios \u2013 \u00e9 apenas uma prova da situa\u00e7\u00e3o de precariedade que, h\u00e1 algum tempo, est\u00e1 colocada sobre a mesa. Embora seis empresas de transporte tenham passado pela cidade nos \u00faltimos anos, greves e reclama\u00e7\u00f5es&hellip; <\/p>\n","protected":false},"author":3,"featured_media":0,"comment_status":"open","ping_status":"open","sticky":false,"template":"","format":"standard","meta":{"_acf_changed":false,"footnotes":""},"categories":[21],"tags":[],"class_list":["post-124320","post","type-post","status-publish","format-standard","hentry","category-transito"],"acf":[],"yoast_head":"<!-- This site is optimized with the Yoast SEO plugin v27.4 - https:\/\/yoast.com\/product\/yoast-seo-wordpress\/ -->\n<title>SETRANVASF ENVIA NOTA AO BLOG SOBRE A CRISA DOS \u00d4NIBUS URBANOS EM PETROLINA - Blog do Farn\u00e9sio<\/title>\n<meta name=\"robots\" content=\"index, follow, max-snippet:-1, max-image-preview:large, max-video-preview:-1\" \/>\n<link rel=\"canonical\" href=\"https:\/\/blogdofarnesio.com.br\/?p=124320\" \/>\n<meta property=\"og:locale\" content=\"pt_BR\" \/>\n<meta property=\"og:type\" content=\"article\" \/>\n<meta property=\"og:title\" content=\"SETRANVASF ENVIA NOTA AO BLOG SOBRE A CRISA DOS \u00d4NIBUS URBANOS EM PETROLINA - Blog do Farn\u00e9sio\" \/>\n<meta property=\"og:description\" content=\"&#8211; A falta de um pol\u00edtica de transporte clara, que se arrasta h\u00e1 mais de um d\u00e9cada em Petrolina, v\u00ea-se agravada, neste momento pela situa\u00e7\u00e3o de crise financeira por que passa esse servi\u00e7o em Petrolina. Sem uma pol\u00edtica de reajuste tarif\u00e1rio clara, as empresas que insistem em atuar na cidade seguem sem condi\u00e7\u00f5es para realizar os investimentos necess\u00e1rios \u00e0 melhoria do servi\u00e7o e at\u00e9 para o custeio de suas atividades. A paralisa\u00e7\u00e3o dos funcion\u00e1rios de uma das empresas \u2013 em dificuldades para honrar o pagamento dos sal\u00e1rios \u2013 \u00e9 apenas uma prova da situa\u00e7\u00e3o de precariedade que, h\u00e1 algum tempo, est\u00e1 colocada sobre a mesa. Embora seis empresas de transporte tenham passado pela cidade nos \u00faltimos anos, greves e reclama\u00e7\u00f5es&hellip;\" \/>\n<meta property=\"og:url\" content=\"https:\/\/blogdofarnesio.com.br\/?p=124320\" \/>\n<meta property=\"og:site_name\" content=\"Blog do Farn\u00e9sio\" \/>\n<meta property=\"article:publisher\" content=\"https:\/\/www.facebook.com\/BlogQuerSaberPolitica\/\" \/>\n<meta property=\"article:published_time\" content=\"2015-05-27T19:01:27+00:00\" \/>\n<meta property=\"og:image\" content=\"http:\/\/www.quersaberpolitica.com.br\/2016\/wp-content\/uploads\/2014\/01\/MG_7238.jpg\" \/>\n<meta name=\"author\" content=\"teste\" \/>\n<meta name=\"twitter:card\" content=\"summary_large_image\" \/>\n<meta name=\"twitter:label1\" content=\"Escrito por\" \/>\n\t<meta name=\"twitter:data1\" content=\"teste\" \/>\n\t<meta name=\"twitter:label2\" content=\"Est. tempo de leitura\" \/>\n\t<meta name=\"twitter:data2\" content=\"2 minutos\" \/>\n<script type=\"application\/ld+json\" class=\"yoast-schema-graph\">{\"@context\":\"https:\\\/\\\/schema.org\",\"@graph\":[{\"@type\":\"Article\",\"@id\":\"https:\\\/\\\/blogdofarnesio.com.br\\\/?p=124320#article\",\"isPartOf\":{\"@id\":\"https:\\\/\\\/blogdofarnesio.com.br\\\/?p=124320\"},\"author\":{\"name\":\"teste\",\"@id\":\"https:\\\/\\\/blogdofarnesio.com.br\\\/#\\\/schema\\\/person\\\/dd1bf5eba40b687199ba45ca6b97dff9\"},\"headline\":\"SETRANVASF ENVIA NOTA AO BLOG SOBRE A CRISA DOS \u00d4NIBUS URBANOS EM PETROLINA\",\"datePublished\":\"2015-05-27T19:01:27+00:00\",\"mainEntityOfPage\":{\"@id\":\"https:\\\/\\\/blogdofarnesio.com.br\\\/?p=124320\"},\"wordCount\":464,\"commentCount\":0,\"publisher\":{\"@id\":\"https:\\\/\\\/blogdofarnesio.com.br\\\/#organization\"},\"image\":{\"@id\":\"https:\\\/\\\/blogdofarnesio.com.br\\\/?p=124320#primaryimage\"},\"thumbnailUrl\":\"http:\\\/\\\/www.quersaberpolitica.com.br\\\/2016\\\/wp-content\\\/uploads\\\/2014\\\/01\\\/MG_7238.jpg\",\"articleSection\":[\"Tr\u00e2nsito\"],\"inLanguage\":\"pt-BR\",\"potentialAction\":[{\"@type\":\"CommentAction\",\"name\":\"Comment\",\"target\":[\"https:\\\/\\\/blogdofarnesio.com.br\\\/?p=124320#respond\"]}]},{\"@type\":\"WebPage\",\"@id\":\"https:\\\/\\\/blogdofarnesio.com.br\\\/?p=124320\",\"url\":\"https:\\\/\\\/blogdofarnesio.com.br\\\/?p=124320\",\"name\":\"SETRANVASF ENVIA NOTA AO BLOG SOBRE A CRISA DOS \u00d4NIBUS URBANOS EM PETROLINA - Blog do Farn\u00e9sio\",\"isPartOf\":{\"@id\":\"https:\\\/\\\/blogdofarnesio.com.br\\\/#website\"},\"primaryImageOfPage\":{\"@id\":\"https:\\\/\\\/blogdofarnesio.com.br\\\/?p=124320#primaryimage\"},\"image\":{\"@id\":\"https:\\\/\\\/blogdofarnesio.com.br\\\/?p=124320#primaryimage\"},\"thumbnailUrl\":\"http:\\\/\\\/www.quersaberpolitica.com.br\\\/2016\\\/wp-content\\\/uploads\\\/2014\\\/01\\\/MG_7238.jpg\",\"datePublished\":\"2015-05-27T19:01:27+00:00\",\"breadcrumb\":{\"@id\":\"https:\\\/\\\/blogdofarnesio.com.br\\\/?p=124320#breadcrumb\"},\"inLanguage\":\"pt-BR\",\"potentialAction\":[{\"@type\":\"ReadAction\",\"target\":[\"https:\\\/\\\/blogdofarnesio.com.br\\\/?p=124320\"]}]},{\"@type\":\"ImageObject\",\"inLanguage\":\"pt-BR\",\"@id\":\"https:\\\/\\\/blogdofarnesio.com.br\\\/?p=124320#primaryimage\",\"url\":\"http:\\\/\\\/www.quersaberpolitica.com.br\\\/2016\\\/wp-content\\\/uploads\\\/2014\\\/01\\\/MG_7238.jpg\",\"contentUrl\":\"http:\\\/\\\/www.quersaberpolitica.com.br\\\/2016\\\/wp-content\\\/uploads\\\/2014\\\/01\\\/MG_7238.jpg\"},{\"@type\":\"BreadcrumbList\",\"@id\":\"https:\\\/\\\/blogdofarnesio.com.br\\\/?p=124320#breadcrumb\",\"itemListElement\":[{\"@type\":\"ListItem\",\"position\":1,\"name\":\"In\u00edcio\",\"item\":\"https:\\\/\\\/blogdofarnesio.com.br\\\/\"},{\"@type\":\"ListItem\",\"position\":2,\"name\":\"SETRANVASF ENVIA NOTA AO BLOG SOBRE A CRISA DOS \u00d4NIBUS URBANOS EM PETROLINA\"}]},{\"@type\":\"WebSite\",\"@id\":\"https:\\\/\\\/blogdofarnesio.com.br\\\/#website\",\"url\":\"https:\\\/\\\/blogdofarnesio.com.br\\\/\",\"name\":\"Blog do Farn\u00e9sio\",\"description\":\"Quer Saber Pol\u00edtica?\",\"publisher\":{\"@id\":\"https:\\\/\\\/blogdofarnesio.com.br\\\/#organization\"},\"potentialAction\":[{\"@type\":\"SearchAction\",\"target\":{\"@type\":\"EntryPoint\",\"urlTemplate\":\"https:\\\/\\\/blogdofarnesio.com.br\\\/?s={search_term_string}\"},\"query-input\":{\"@type\":\"PropertyValueSpecification\",\"valueRequired\":true,\"valueName\":\"search_term_string\"}}],\"inLanguage\":\"pt-BR\"},{\"@type\":\"Organization\",\"@id\":\"https:\\\/\\\/blogdofarnesio.com.br\\\/#organization\",\"name\":\"Blog do Farn\u00e9sio\",\"url\":\"https:\\\/\\\/blogdofarnesio.com.br\\\/\",\"logo\":{\"@type\":\"ImageObject\",\"inLanguage\":\"pt-BR\",\"@id\":\"https:\\\/\\\/blogdofarnesio.com.br\\\/#\\\/schema\\\/logo\\\/image\\\/\",\"url\":\"https:\\\/\\\/blogdofarnesio.com.br\\\/wp-content\\\/uploads\\\/2026\\\/03\\\/cropped-logo_new-1.png\",\"contentUrl\":\"https:\\\/\\\/blogdofarnesio.com.br\\\/wp-content\\\/uploads\\\/2026\\\/03\\\/cropped-logo_new-1.png\",\"width\":881,\"height\":685,\"caption\":\"Blog do Farn\u00e9sio\"},\"image\":{\"@id\":\"https:\\\/\\\/blogdofarnesio.com.br\\\/#\\\/schema\\\/logo\\\/image\\\/\"},\"sameAs\":[\"https:\\\/\\\/www.facebook.com\\\/BlogQuerSaberPolitica\\\/\"]},{\"@type\":\"Person\",\"@id\":\"https:\\\/\\\/blogdofarnesio.com.br\\\/#\\\/schema\\\/person\\\/dd1bf5eba40b687199ba45ca6b97dff9\",\"name\":\"teste\",\"image\":{\"@type\":\"ImageObject\",\"inLanguage\":\"pt-BR\",\"@id\":\"https:\\\/\\\/secure.gravatar.com\\\/avatar\\\/2172498d4914b51e1d89a0f97957b035ac4938723a5cac208135d389b6972a6d?s=96&d=mm&r=g\",\"url\":\"https:\\\/\\\/secure.gravatar.com\\\/avatar\\\/2172498d4914b51e1d89a0f97957b035ac4938723a5cac208135d389b6972a6d?s=96&d=mm&r=g\",\"contentUrl\":\"https:\\\/\\\/secure.gravatar.com\\\/avatar\\\/2172498d4914b51e1d89a0f97957b035ac4938723a5cac208135d389b6972a6d?s=96&d=mm&r=g\",\"caption\":\"teste\"},\"url\":\"https:\\\/\\\/blogdofarnesio.com.br\\\/?author=3\"}]}<\/script>\n<!-- \/ Yoast SEO plugin. -->","yoast_head_json":{"title":"SETRANVASF ENVIA NOTA AO BLOG SOBRE A CRISA DOS \u00d4NIBUS URBANOS EM PETROLINA - Blog do Farn\u00e9sio","robots":{"index":"index","follow":"follow","max-snippet":"max-snippet:-1","max-image-preview":"max-image-preview:large","max-video-preview":"max-video-preview:-1"},"canonical":"https:\/\/blogdofarnesio.com.br\/?p=124320","og_locale":"pt_BR","og_type":"article","og_title":"SETRANVASF ENVIA NOTA AO BLOG SOBRE A CRISA DOS \u00d4NIBUS URBANOS EM PETROLINA - Blog do Farn\u00e9sio","og_description":"&#8211; A falta de um pol\u00edtica de transporte clara, que se arrasta h\u00e1 mais de um d\u00e9cada em Petrolina, v\u00ea-se agravada, neste momento pela situa\u00e7\u00e3o de crise financeira por que passa esse servi\u00e7o em Petrolina. Sem uma pol\u00edtica de reajuste tarif\u00e1rio clara, as empresas que insistem em atuar na cidade seguem sem condi\u00e7\u00f5es para realizar os investimentos necess\u00e1rios \u00e0 melhoria do servi\u00e7o e at\u00e9 para o custeio de suas atividades. A paralisa\u00e7\u00e3o dos funcion\u00e1rios de uma das empresas \u2013 em dificuldades para honrar o pagamento dos sal\u00e1rios \u2013 \u00e9 apenas uma prova da situa\u00e7\u00e3o de precariedade que, h\u00e1 algum tempo, est\u00e1 colocada sobre a mesa. Embora seis empresas de transporte tenham passado pela cidade nos \u00faltimos anos, greves e reclama\u00e7\u00f5es&hellip;","og_url":"https:\/\/blogdofarnesio.com.br\/?p=124320","og_site_name":"Blog do Farn\u00e9sio","article_publisher":"https:\/\/www.facebook.com\/BlogQuerSaberPolitica\/","article_published_time":"2015-05-27T19:01:27+00:00","og_image":[{"url":"http:\/\/www.quersaberpolitica.com.br\/2016\/wp-content\/uploads\/2014\/01\/MG_7238.jpg","type":"","width":"","height":""}],"author":"teste","twitter_card":"summary_large_image","twitter_misc":{"Escrito por":"teste","Est. tempo de leitura":"2 minutos"},"schema":{"@context":"https:\/\/schema.org","@graph":[{"@type":"Article","@id":"https:\/\/blogdofarnesio.com.br\/?p=124320#article","isPartOf":{"@id":"https:\/\/blogdofarnesio.com.br\/?p=124320"},"author":{"name":"teste","@id":"https:\/\/blogdofarnesio.com.br\/#\/schema\/person\/dd1bf5eba40b687199ba45ca6b97dff9"},"headline":"SETRANVASF ENVIA NOTA AO BLOG SOBRE A CRISA DOS \u00d4NIBUS URBANOS EM PETROLINA","datePublished":"2015-05-27T19:01:27+00:00","mainEntityOfPage":{"@id":"https:\/\/blogdofarnesio.com.br\/?p=124320"},"wordCount":464,"commentCount":0,"publisher":{"@id":"https:\/\/blogdofarnesio.com.br\/#organization"},"image":{"@id":"https:\/\/blogdofarnesio.com.br\/?p=124320#primaryimage"},"thumbnailUrl":"http:\/\/www.quersaberpolitica.com.br\/2016\/wp-content\/uploads\/2014\/01\/MG_7238.jpg","articleSection":["Tr\u00e2nsito"],"inLanguage":"pt-BR","potentialAction":[{"@type":"CommentAction","name":"Comment","target":["https:\/\/blogdofarnesio.com.br\/?p=124320#respond"]}]},{"@type":"WebPage","@id":"https:\/\/blogdofarnesio.com.br\/?p=124320","url":"https:\/\/blogdofarnesio.com.br\/?p=124320","name":"SETRANVASF ENVIA NOTA AO BLOG SOBRE A CRISA DOS \u00d4NIBUS URBANOS EM PETROLINA - Blog do Farn\u00e9sio","isPartOf":{"@id":"https:\/\/blogdofarnesio.com.br\/#website"},"primaryImageOfPage":{"@id":"https:\/\/blogdofarnesio.com.br\/?p=124320#primaryimage"},"image":{"@id":"https:\/\/blogdofarnesio.com.br\/?p=124320#primaryimage"},"thumbnailUrl":"http:\/\/www.quersaberpolitica.com.br\/2016\/wp-content\/uploads\/2014\/01\/MG_7238.jpg","datePublished":"2015-05-27T19:01:27+00:00","breadcrumb":{"@id":"https:\/\/blogdofarnesio.com.br\/?p=124320#breadcrumb"},"inLanguage":"pt-BR","potentialAction":[{"@type":"ReadAction","target":["https:\/\/blogdofarnesio.com.br\/?p=124320"]}]},{"@type":"ImageObject","inLanguage":"pt-BR","@id":"https:\/\/blogdofarnesio.com.br\/?p=124320#primaryimage","url":"http:\/\/www.quersaberpolitica.com.br\/2016\/wp-content\/uploads\/2014\/01\/MG_7238.jpg","contentUrl":"http:\/\/www.quersaberpolitica.com.br\/2016\/wp-content\/uploads\/2014\/01\/MG_7238.jpg"},{"@type":"BreadcrumbList","@id":"https:\/\/blogdofarnesio.com.br\/?p=124320#breadcrumb","itemListElement":[{"@type":"ListItem","position":1,"name":"In\u00edcio","item":"https:\/\/blogdofarnesio.com.br\/"},{"@type":"ListItem","position":2,"name":"SETRANVASF ENVIA NOTA AO BLOG SOBRE A CRISA DOS \u00d4NIBUS URBANOS EM PETROLINA"}]},{"@type":"WebSite","@id":"https:\/\/blogdofarnesio.com.br\/#website","url":"https:\/\/blogdofarnesio.com.br\/","name":"Blog do Farn\u00e9sio","description":"Quer Saber Pol\u00edtica?","publisher":{"@id":"https:\/\/blogdofarnesio.com.br\/#organization"},"potentialAction":[{"@type":"SearchAction","target":{"@type":"EntryPoint","urlTemplate":"https:\/\/blogdofarnesio.com.br\/?s={search_term_string}"},"query-input":{"@type":"PropertyValueSpecification","valueRequired":true,"valueName":"search_term_string"}}],"inLanguage":"pt-BR"},{"@type":"Organization","@id":"https:\/\/blogdofarnesio.com.br\/#organization","name":"Blog do Farn\u00e9sio","url":"https:\/\/blogdofarnesio.com.br\/","logo":{"@type":"ImageObject","inLanguage":"pt-BR","@id":"https:\/\/blogdofarnesio.com.br\/#\/schema\/logo\/image\/","url":"https:\/\/blogdofarnesio.com.br\/wp-content\/uploads\/2026\/03\/cropped-logo_new-1.png","contentUrl":"https:\/\/blogdofarnesio.com.br\/wp-content\/uploads\/2026\/03\/cropped-logo_new-1.png","width":881,"height":685,"caption":"Blog do Farn\u00e9sio"},"image":{"@id":"https:\/\/blogdofarnesio.com.br\/#\/schema\/logo\/image\/"},"sameAs":["https:\/\/www.facebook.com\/BlogQuerSaberPolitica\/"]},{"@type":"Person","@id":"https:\/\/blogdofarnesio.com.br\/#\/schema\/person\/dd1bf5eba40b687199ba45ca6b97dff9","name":"teste","image":{"@type":"ImageObject","inLanguage":"pt-BR","@id":"https:\/\/secure.gravatar.com\/avatar\/2172498d4914b51e1d89a0f97957b035ac4938723a5cac208135d389b6972a6d?s=96&d=mm&r=g","url":"https:\/\/secure.gravatar.com\/avatar\/2172498d4914b51e1d89a0f97957b035ac4938723a5cac208135d389b6972a6d?s=96&d=mm&r=g","contentUrl":"https:\/\/secure.gravatar.com\/avatar\/2172498d4914b51e1d89a0f97957b035ac4938723a5cac208135d389b6972a6d?s=96&d=mm&r=g","caption":"teste"},"url":"https:\/\/blogdofarnesio.com.br\/?author=3"}]}},"_links":{"self":[{"href":"https:\/\/blogdofarnesio.com.br\/index.php?rest_route=\/wp\/v2\/posts\/124320","targetHints":{"allow":["GET"]}}],"collection":[{"href":"https:\/\/blogdofarnesio.com.br\/index.php?rest_route=\/wp\/v2\/posts"}],"about":[{"href":"https:\/\/blogdofarnesio.com.br\/index.php?rest_route=\/wp\/v2\/types\/post"}],"author":[{"embeddable":true,"href":"https:\/\/blogdofarnesio.com.br\/index.php?rest_route=\/wp\/v2\/users\/3"}],"replies":[{"embeddable":true,"href":"https:\/\/blogdofarnesio.com.br\/index.php?rest_route=%2Fwp%2Fv2%2Fcomments&post=124320"}],"version-history":[{"count":0,"href":"https:\/\/blogdofarnesio.com.br\/index.php?rest_route=\/wp\/v2\/posts\/124320\/revisions"}],"wp:attachment":[{"href":"https:\/\/blogdofarnesio.com.br\/index.php?rest_route=%2Fwp%2Fv2%2Fmedia&parent=124320"}],"wp:term":[{"taxonomy":"category","embeddable":true,"href":"https:\/\/blogdofarnesio.com.br\/index.php?rest_route=%2Fwp%2Fv2%2Fcategories&post=124320"},{"taxonomy":"post_tag","embeddable":true,"href":"https:\/\/blogdofarnesio.com.br\/index.php?rest_route=%2Fwp%2Fv2%2Ftags&post=124320"}],"curies":[{"name":"wp","href":"https:\/\/api.w.org\/{rel}","templated":true}]}}