{"id":123963,"date":"2015-05-21T11:30:29","date_gmt":"2015-05-21T14:30:29","guid":{"rendered":"http:\/\/www.quersaberpolitica.com.br\/?p=123963"},"modified":"2015-05-21T10:19:40","modified_gmt":"2015-05-21T13:19:40","slug":"feirao-da-casa-propria-pretende-comercializar-cerca-de-mil-imoveis-neste-final-de-semana-em-petrolina-pe","status":"publish","type":"post","link":"https:\/\/blogdofarnesio.com.br\/?p=123963","title":{"rendered":"FEIR\u00c3O DA CASA PR\u00d3PRIA PRETENDE COMERCIALIZAR CERCA DE MIL IM\u00d3VEIS NESTE FINAL DE SEMANA EM PETROLINA &#8211; PE"},"content":{"rendered":"<p style=\"text-align: justify\"><a href=\"http:\/\/www.quersaberpolitica.com.br\/2016\/wp-content\/uploads\/2015\/05\/blogqsp.chave_.casa_.pr\u00f3pria.caixaeconomica..jpg\"><img loading=\"lazy\" decoding=\"async\" class=\" size-medium wp-image-123715 aligncenter\" src=\"http:\/\/www.quersaberpolitica.com.br\/2016\/wp-content\/uploads\/2015\/05\/blogqsp.chave_.casa_.pr\u00f3pria.caixaeconomica.-300x190.jpg\" alt=\"blogqsp.chave.casa.pr\u00f3pria.caixaeconomica.\" width=\"300\" height=\"190\" srcset=\"https:\/\/blogdofarnesio.com.br\/wp-content\/uploads\/2015\/05\/blogqsp.chave_.casa_.pr\u00f3pria.caixaeconomica.-300x190.jpg 300w, https:\/\/blogdofarnesio.com.br\/wp-content\/uploads\/2015\/05\/blogqsp.chave_.casa_.pr\u00f3pria.caixaeconomica.-474x300.jpg 474w, https:\/\/blogdofarnesio.com.br\/wp-content\/uploads\/2015\/05\/blogqsp.chave_.casa_.pr\u00f3pria.caixaeconomica..jpg 600w\" sizes=\"auto, (max-width: 300px) 100vw, 300px\" \/><\/a><\/p>\n<p style=\"text-align: justify\">Come\u00e7a nesta sexta-feira (22) e vai at\u00e9 domingo, no Centro de Conven\u00e7\u00f5es Senador Nilo Coelho, em Petrolina \u2013 PE, o 3\u00ba\u00a0 Feir\u00e3o da Casa Pr\u00f3pria. Promovido pela Caixa Econ\u00f4mica Federal com a proposta de comercializar cerca de mil im\u00f3veis novos, usados e na planta, o evento vai reunir v\u00e1rias construtoras e imobili\u00e1rias da regi\u00e3o, al\u00e9m de um grande p\u00fablico de Petrolina e cidades circunvizinhas.<\/p>\n<p style=\"text-align: justify\">Para realizar este que \u00e9 o maior sonho do povo brasileiro, o 3\u00ba\u00a0 Feir\u00e3o da Casa Pr\u00f3pria e 11\u00aa edi\u00e7\u00e3o nacional, vai funcionar em hor\u00e1rios diferenciados todos os dias: na sexta-feira, das 17h \u00e0s 22h; s\u00e1bado, das 10h \u00e0s 22h e no domingo, das 10h \u00e0s 16h. Considerado o maior evento imobili\u00e1rio do pa\u00eds, o Feir\u00e3o da Casa Pr\u00f3pria deste ano est\u00e1 dando \u00eanfase para o financiamento de im\u00f3veis inseridos no programa do governo federal, Minha Casa Minha Vida, voltado para fam\u00edlias com renda salarial mensal de at\u00e9 R$ 5.000, com juros anuais a partir de 4,5% e 30 anos para amortiza\u00e7\u00e3o da d\u00edvida, de acordo com a capacidade de endividamento e com o valor do im\u00f3vel.<\/p>\n<p style=\"text-align: justify\">Segundo o gerente regional da Caixa Econ\u00f4mica Federal Martoni Sobral s\u00e3o muito boas as expectativas para a realiza\u00e7\u00e3o do 3\u00ba\u00a0 Feir\u00e3o da Casa Pr\u00f3pria em Petrolina. \u201cA \u00faltima edi\u00e7\u00e3o do Feir\u00e3o no munic\u00edpio foi um sucesso. Acreditamos que este ano teremos tamb\u00e9m um resultado positivo, principalmente pelo foco atual no programa Minha Casa Minha Vida e, ainda mais, pela cultura do povo brasileiro cujo maior sonho \u00e9 ter a sua casa pr\u00f3pria\u201d, concluiu Martoni Sobral.<\/p>\n<p style=\"text-align: justify\"><!--more--><\/p>\n<p style=\"text-align: justify\">O gerente regional lembrou ainda que os interessados em adquirir im\u00f3veis, devem providenciar a documenta\u00e7\u00e3o (carteira de identidade, CPF, comprovante de resid\u00eancia e comprovante de renda). Maiores informa\u00e7\u00f5es pelo Servi\u00e7o de Atendimento ao Cliente <a href=\"tel:%280800%20726%200101\">(0800 726 0101<\/a>), dispon\u00edvel 24 horas, inclusive nos fins de semana, ou ainda no site do Feir\u00e3o, atrav\u00e9s do link <a href=\"http:\/\/www.feirao.caixa.gov.br\/portal\/public\/feirao\">http:\/\/www.feirao.caixa.gov.br\/portal\/public\/feirao<\/a>.<\/p>\n","protected":false},"excerpt":{"rendered":"<p>Come\u00e7a nesta sexta-feira (22) e vai at\u00e9 domingo, no Centro de Conven\u00e7\u00f5es Senador Nilo Coelho, em Petrolina \u2013 PE, o 3\u00ba\u00a0 Feir\u00e3o da Casa Pr\u00f3pria. Promovido pela Caixa Econ\u00f4mica Federal com a proposta de comercializar cerca de mil im\u00f3veis novos, usados e na planta, o evento vai reunir v\u00e1rias construtoras e imobili\u00e1rias da regi\u00e3o, al\u00e9m de um grande p\u00fablico de Petrolina e cidades circunvizinhas. Para realizar este que \u00e9 o maior sonho do povo brasileiro, o 3\u00ba\u00a0 Feir\u00e3o da Casa Pr\u00f3pria e 11\u00aa edi\u00e7\u00e3o nacional, vai funcionar em hor\u00e1rios diferenciados todos os dias: na sexta-feira, das 17h \u00e0s 22h; s\u00e1bado, das 10h \u00e0s 22h e no domingo, das 10h \u00e0s 16h. Considerado o maior evento imobili\u00e1rio do pa\u00eds, o Feir\u00e3o&hellip; <\/p>\n","protected":false},"author":7,"featured_media":0,"comment_status":"open","ping_status":"open","sticky":false,"template":"","format":"standard","meta":{"_acf_changed":false,"footnotes":""},"categories":[44],"tags":[],"class_list":["post-123963","post","type-post","status-publish","format-standard","hentry","category-administracao"],"acf":[],"yoast_head":"<!-- This site is optimized with the Yoast SEO plugin v27.4 - https:\/\/yoast.com\/product\/yoast-seo-wordpress\/ -->\n<title>FEIR\u00c3O DA CASA PR\u00d3PRIA PRETENDE COMERCIALIZAR CERCA DE MIL IM\u00d3VEIS NESTE FINAL DE SEMANA EM PETROLINA - PE - Blog do Farn\u00e9sio<\/title>\n<meta name=\"robots\" content=\"index, follow, max-snippet:-1, max-image-preview:large, max-video-preview:-1\" \/>\n<link rel=\"canonical\" href=\"https:\/\/blogdofarnesio.com.br\/?p=123963\" \/>\n<meta property=\"og:locale\" content=\"pt_BR\" \/>\n<meta property=\"og:type\" content=\"article\" \/>\n<meta property=\"og:title\" content=\"FEIR\u00c3O DA CASA PR\u00d3PRIA PRETENDE COMERCIALIZAR CERCA DE MIL IM\u00d3VEIS NESTE FINAL DE SEMANA EM PETROLINA - PE - Blog do Farn\u00e9sio\" \/>\n<meta property=\"og:description\" content=\"Come\u00e7a nesta sexta-feira (22) e vai at\u00e9 domingo, no Centro de Conven\u00e7\u00f5es Senador Nilo Coelho, em Petrolina \u2013 PE, o 3\u00ba\u00a0 Feir\u00e3o da Casa Pr\u00f3pria. Promovido pela Caixa Econ\u00f4mica Federal com a proposta de comercializar cerca de mil im\u00f3veis novos, usados e na planta, o evento vai reunir v\u00e1rias construtoras e imobili\u00e1rias da regi\u00e3o, al\u00e9m de um grande p\u00fablico de Petrolina e cidades circunvizinhas. Para realizar este que \u00e9 o maior sonho do povo brasileiro, o 3\u00ba\u00a0 Feir\u00e3o da Casa Pr\u00f3pria e 11\u00aa edi\u00e7\u00e3o nacional, vai funcionar em hor\u00e1rios diferenciados todos os dias: na sexta-feira, das 17h \u00e0s 22h; s\u00e1bado, das 10h \u00e0s 22h e no domingo, das 10h \u00e0s 16h. Considerado o maior evento imobili\u00e1rio do pa\u00eds, o Feir\u00e3o&hellip;\" \/>\n<meta property=\"og:url\" content=\"https:\/\/blogdofarnesio.com.br\/?p=123963\" \/>\n<meta property=\"og:site_name\" content=\"Blog do Farn\u00e9sio\" \/>\n<meta property=\"article:publisher\" content=\"https:\/\/www.facebook.com\/BlogQuerSaberPolitica\/\" \/>\n<meta property=\"article:published_time\" content=\"2015-05-21T14:30:29+00:00\" \/>\n<meta name=\"twitter:card\" content=\"summary_large_image\" \/>\n<meta name=\"twitter:label1\" content=\"Escrito por\" \/>\n\t<meta name=\"twitter:data1\" content=\"\" \/>\n\t<meta name=\"twitter:label2\" content=\"Est. tempo de leitura\" \/>\n\t<meta name=\"twitter:data2\" content=\"2 minutos\" \/>\n<script type=\"application\/ld+json\" class=\"yoast-schema-graph\">{\"@context\":\"https:\\\/\\\/schema.org\",\"@graph\":[{\"@type\":\"Article\",\"@id\":\"https:\\\/\\\/blogdofarnesio.com.br\\\/?p=123963#article\",\"isPartOf\":{\"@id\":\"https:\\\/\\\/blogdofarnesio.com.br\\\/?p=123963\"},\"author\":{\"name\":\"\",\"@id\":\"\"},\"headline\":\"FEIR\u00c3O DA CASA PR\u00d3PRIA PRETENDE COMERCIALIZAR CERCA DE MIL IM\u00d3VEIS NESTE FINAL DE SEMANA EM PETROLINA &#8211; PE\",\"datePublished\":\"2015-05-21T14:30:29+00:00\",\"mainEntityOfPage\":{\"@id\":\"https:\\\/\\\/blogdofarnesio.com.br\\\/?p=123963\"},\"wordCount\":368,\"commentCount\":0,\"publisher\":{\"@id\":\"https:\\\/\\\/blogdofarnesio.com.br\\\/#organization\"},\"articleSection\":[\"Administra\u00e7\u00e3o\"],\"inLanguage\":\"pt-BR\",\"potentialAction\":[{\"@type\":\"CommentAction\",\"name\":\"Comment\",\"target\":[\"https:\\\/\\\/blogdofarnesio.com.br\\\/?p=123963#respond\"]}]},{\"@type\":\"WebPage\",\"@id\":\"https:\\\/\\\/blogdofarnesio.com.br\\\/?p=123963\",\"url\":\"https:\\\/\\\/blogdofarnesio.com.br\\\/?p=123963\",\"name\":\"FEIR\u00c3O DA CASA PR\u00d3PRIA PRETENDE COMERCIALIZAR CERCA DE MIL IM\u00d3VEIS NESTE FINAL DE SEMANA EM PETROLINA - PE - Blog do Farn\u00e9sio\",\"isPartOf\":{\"@id\":\"https:\\\/\\\/blogdofarnesio.com.br\\\/#website\"},\"datePublished\":\"2015-05-21T14:30:29+00:00\",\"breadcrumb\":{\"@id\":\"https:\\\/\\\/blogdofarnesio.com.br\\\/?p=123963#breadcrumb\"},\"inLanguage\":\"pt-BR\",\"potentialAction\":[{\"@type\":\"ReadAction\",\"target\":[\"https:\\\/\\\/blogdofarnesio.com.br\\\/?p=123963\"]}]},{\"@type\":\"BreadcrumbList\",\"@id\":\"https:\\\/\\\/blogdofarnesio.com.br\\\/?p=123963#breadcrumb\",\"itemListElement\":[{\"@type\":\"ListItem\",\"position\":1,\"name\":\"In\u00edcio\",\"item\":\"https:\\\/\\\/blogdofarnesio.com.br\\\/\"},{\"@type\":\"ListItem\",\"position\":2,\"name\":\"FEIR\u00c3O DA CASA PR\u00d3PRIA PRETENDE COMERCIALIZAR CERCA DE MIL IM\u00d3VEIS NESTE FINAL DE SEMANA EM PETROLINA &#8211; PE\"}]},{\"@type\":\"WebSite\",\"@id\":\"https:\\\/\\\/blogdofarnesio.com.br\\\/#website\",\"url\":\"https:\\\/\\\/blogdofarnesio.com.br\\\/\",\"name\":\"Blog do Farn\u00e9sio\",\"description\":\"Quer Saber Pol\u00edtica?\",\"publisher\":{\"@id\":\"https:\\\/\\\/blogdofarnesio.com.br\\\/#organization\"},\"potentialAction\":[{\"@type\":\"SearchAction\",\"target\":{\"@type\":\"EntryPoint\",\"urlTemplate\":\"https:\\\/\\\/blogdofarnesio.com.br\\\/?s={search_term_string}\"},\"query-input\":{\"@type\":\"PropertyValueSpecification\",\"valueRequired\":true,\"valueName\":\"search_term_string\"}}],\"inLanguage\":\"pt-BR\"},{\"@type\":\"Organization\",\"@id\":\"https:\\\/\\\/blogdofarnesio.com.br\\\/#organization\",\"name\":\"Blog do Farn\u00e9sio\",\"url\":\"https:\\\/\\\/blogdofarnesio.com.br\\\/\",\"logo\":{\"@type\":\"ImageObject\",\"inLanguage\":\"pt-BR\",\"@id\":\"https:\\\/\\\/blogdofarnesio.com.br\\\/#\\\/schema\\\/logo\\\/image\\\/\",\"url\":\"https:\\\/\\\/blogdofarnesio.com.br\\\/wp-content\\\/uploads\\\/2026\\\/03\\\/cropped-logo_new-1.png\",\"contentUrl\":\"https:\\\/\\\/blogdofarnesio.com.br\\\/wp-content\\\/uploads\\\/2026\\\/03\\\/cropped-logo_new-1.png\",\"width\":881,\"height\":685,\"caption\":\"Blog do Farn\u00e9sio\"},\"image\":{\"@id\":\"https:\\\/\\\/blogdofarnesio.com.br\\\/#\\\/schema\\\/logo\\\/image\\\/\"},\"sameAs\":[\"https:\\\/\\\/www.facebook.com\\\/BlogQuerSaberPolitica\\\/\"]},{\"@type\":\"Person\",\"@id\":\"\",\"url\":\"https:\\\/\\\/blogdofarnesio.com.br\\\/?author=7\"}]}<\/script>\n<!-- \/ Yoast SEO plugin. -->","yoast_head_json":{"title":"FEIR\u00c3O DA CASA PR\u00d3PRIA PRETENDE COMERCIALIZAR CERCA DE MIL IM\u00d3VEIS NESTE FINAL DE SEMANA EM PETROLINA - PE - Blog do Farn\u00e9sio","robots":{"index":"index","follow":"follow","max-snippet":"max-snippet:-1","max-image-preview":"max-image-preview:large","max-video-preview":"max-video-preview:-1"},"canonical":"https:\/\/blogdofarnesio.com.br\/?p=123963","og_locale":"pt_BR","og_type":"article","og_title":"FEIR\u00c3O DA CASA PR\u00d3PRIA PRETENDE COMERCIALIZAR CERCA DE MIL IM\u00d3VEIS NESTE FINAL DE SEMANA EM PETROLINA - PE - Blog do Farn\u00e9sio","og_description":"Come\u00e7a nesta sexta-feira (22) e vai at\u00e9 domingo, no Centro de Conven\u00e7\u00f5es Senador Nilo Coelho, em Petrolina \u2013 PE, o 3\u00ba\u00a0 Feir\u00e3o da Casa Pr\u00f3pria. Promovido pela Caixa Econ\u00f4mica Federal com a proposta de comercializar cerca de mil im\u00f3veis novos, usados e na planta, o evento vai reunir v\u00e1rias construtoras e imobili\u00e1rias da regi\u00e3o, al\u00e9m de um grande p\u00fablico de Petrolina e cidades circunvizinhas. Para realizar este que \u00e9 o maior sonho do povo brasileiro, o 3\u00ba\u00a0 Feir\u00e3o da Casa Pr\u00f3pria e 11\u00aa edi\u00e7\u00e3o nacional, vai funcionar em hor\u00e1rios diferenciados todos os dias: na sexta-feira, das 17h \u00e0s 22h; s\u00e1bado, das 10h \u00e0s 22h e no domingo, das 10h \u00e0s 16h. Considerado o maior evento imobili\u00e1rio do pa\u00eds, o Feir\u00e3o&hellip;","og_url":"https:\/\/blogdofarnesio.com.br\/?p=123963","og_site_name":"Blog do Farn\u00e9sio","article_publisher":"https:\/\/www.facebook.com\/BlogQuerSaberPolitica\/","article_published_time":"2015-05-21T14:30:29+00:00","twitter_card":"summary_large_image","twitter_misc":{"Escrito por":"","Est. tempo de leitura":"2 minutos"},"schema":{"@context":"https:\/\/schema.org","@graph":[{"@type":"Article","@id":"https:\/\/blogdofarnesio.com.br\/?p=123963#article","isPartOf":{"@id":"https:\/\/blogdofarnesio.com.br\/?p=123963"},"author":{"name":"","@id":""},"headline":"FEIR\u00c3O DA CASA PR\u00d3PRIA PRETENDE COMERCIALIZAR CERCA DE MIL IM\u00d3VEIS NESTE FINAL DE SEMANA EM PETROLINA &#8211; PE","datePublished":"2015-05-21T14:30:29+00:00","mainEntityOfPage":{"@id":"https:\/\/blogdofarnesio.com.br\/?p=123963"},"wordCount":368,"commentCount":0,"publisher":{"@id":"https:\/\/blogdofarnesio.com.br\/#organization"},"articleSection":["Administra\u00e7\u00e3o"],"inLanguage":"pt-BR","potentialAction":[{"@type":"CommentAction","name":"Comment","target":["https:\/\/blogdofarnesio.com.br\/?p=123963#respond"]}]},{"@type":"WebPage","@id":"https:\/\/blogdofarnesio.com.br\/?p=123963","url":"https:\/\/blogdofarnesio.com.br\/?p=123963","name":"FEIR\u00c3O DA CASA PR\u00d3PRIA PRETENDE COMERCIALIZAR CERCA DE MIL IM\u00d3VEIS NESTE FINAL DE SEMANA EM PETROLINA - PE - Blog do Farn\u00e9sio","isPartOf":{"@id":"https:\/\/blogdofarnesio.com.br\/#website"},"datePublished":"2015-05-21T14:30:29+00:00","breadcrumb":{"@id":"https:\/\/blogdofarnesio.com.br\/?p=123963#breadcrumb"},"inLanguage":"pt-BR","potentialAction":[{"@type":"ReadAction","target":["https:\/\/blogdofarnesio.com.br\/?p=123963"]}]},{"@type":"BreadcrumbList","@id":"https:\/\/blogdofarnesio.com.br\/?p=123963#breadcrumb","itemListElement":[{"@type":"ListItem","position":1,"name":"In\u00edcio","item":"https:\/\/blogdofarnesio.com.br\/"},{"@type":"ListItem","position":2,"name":"FEIR\u00c3O DA CASA PR\u00d3PRIA PRETENDE COMERCIALIZAR CERCA DE MIL IM\u00d3VEIS NESTE FINAL DE SEMANA EM PETROLINA &#8211; PE"}]},{"@type":"WebSite","@id":"https:\/\/blogdofarnesio.com.br\/#website","url":"https:\/\/blogdofarnesio.com.br\/","name":"Blog do Farn\u00e9sio","description":"Quer Saber Pol\u00edtica?","publisher":{"@id":"https:\/\/blogdofarnesio.com.br\/#organization"},"potentialAction":[{"@type":"SearchAction","target":{"@type":"EntryPoint","urlTemplate":"https:\/\/blogdofarnesio.com.br\/?s={search_term_string}"},"query-input":{"@type":"PropertyValueSpecification","valueRequired":true,"valueName":"search_term_string"}}],"inLanguage":"pt-BR"},{"@type":"Organization","@id":"https:\/\/blogdofarnesio.com.br\/#organization","name":"Blog do Farn\u00e9sio","url":"https:\/\/blogdofarnesio.com.br\/","logo":{"@type":"ImageObject","inLanguage":"pt-BR","@id":"https:\/\/blogdofarnesio.com.br\/#\/schema\/logo\/image\/","url":"https:\/\/blogdofarnesio.com.br\/wp-content\/uploads\/2026\/03\/cropped-logo_new-1.png","contentUrl":"https:\/\/blogdofarnesio.com.br\/wp-content\/uploads\/2026\/03\/cropped-logo_new-1.png","width":881,"height":685,"caption":"Blog do Farn\u00e9sio"},"image":{"@id":"https:\/\/blogdofarnesio.com.br\/#\/schema\/logo\/image\/"},"sameAs":["https:\/\/www.facebook.com\/BlogQuerSaberPolitica\/"]},{"@type":"Person","@id":"","url":"https:\/\/blogdofarnesio.com.br\/?author=7"}]}},"_links":{"self":[{"href":"https:\/\/blogdofarnesio.com.br\/index.php?rest_route=\/wp\/v2\/posts\/123963","targetHints":{"allow":["GET"]}}],"collection":[{"href":"https:\/\/blogdofarnesio.com.br\/index.php?rest_route=\/wp\/v2\/posts"}],"about":[{"href":"https:\/\/blogdofarnesio.com.br\/index.php?rest_route=\/wp\/v2\/types\/post"}],"author":[{"embeddable":true,"href":"https:\/\/blogdofarnesio.com.br\/index.php?rest_route=\/wp\/v2\/users\/7"}],"replies":[{"embeddable":true,"href":"https:\/\/blogdofarnesio.com.br\/index.php?rest_route=%2Fwp%2Fv2%2Fcomments&post=123963"}],"version-history":[{"count":0,"href":"https:\/\/blogdofarnesio.com.br\/index.php?rest_route=\/wp\/v2\/posts\/123963\/revisions"}],"wp:attachment":[{"href":"https:\/\/blogdofarnesio.com.br\/index.php?rest_route=%2Fwp%2Fv2%2Fmedia&parent=123963"}],"wp:term":[{"taxonomy":"category","embeddable":true,"href":"https:\/\/blogdofarnesio.com.br\/index.php?rest_route=%2Fwp%2Fv2%2Fcategories&post=123963"},{"taxonomy":"post_tag","embeddable":true,"href":"https:\/\/blogdofarnesio.com.br\/index.php?rest_route=%2Fwp%2Fv2%2Ftags&post=123963"}],"curies":[{"name":"wp","href":"https:\/\/api.w.org\/{rel}","templated":true}]}}