{"id":12394,"date":"2012-03-24T10:30:11","date_gmt":"2012-03-24T10:30:11","guid":{"rendered":"http:\/\/www.quersaberpolitica.com.br?p=12394"},"modified":"2012-03-24T09:02:31","modified_gmt":"2012-03-24T09:02:31","slug":"avenida-nova-juazeiro-da-uma-nova-cara-urbanistica-a-cidade","status":"publish","type":"post","link":"https:\/\/blogdofarnesio.com.br\/?p=12394","title":{"rendered":"Avenida Nova Juazeiro d\u00e1 uma nova cara urban\u00edstica a cidade"},"content":{"rendered":"<p style=\"text-align: justify;\">&nbsp;<\/p>\n<p style=\"text-align: justify;\"><span style=\"font-size: small;\"><a rel=\"lightbox\" href=\"http:\/\/www.quersaberpolitica.com.br\/2016\/wp-content\/uploads\/2012\/12\/blogqspduplicacaowagnerisaacotto_foto_farnesiosilva.jpg\"><img loading=\"lazy\" decoding=\"async\" style=\"float: left; margin-top: 5px; margin-bottom: 5px; margin-left: 10px; margin-right: 10px;\" src=\"http:\/\/www.quersaberpolitica.com.br\/2016\/wp-content\/uploads\/2012\/12\/blogqspduplicacaowagnerisaacotto_foto_farnesiosilva.jpg\" alt=\"\" width=\"200\" height=\"150\" \/><\/a><a rel=\"lightbox\" href=\"http:\/\/www.quersaberpolitica.com.br\/2016\/wp-content\/uploads\/2012\/12\/blogqspduplicacaowagnerisaacdaniel_foto_farnesiosilva1.jpg\"><img loading=\"lazy\" decoding=\"async\" style=\"float: right; margin-top: 5px; margin-bottom: 5px; margin-left: 10px; margin-right: 10px;\" src=\"http:\/\/www.quersaberpolitica.com.br\/2016\/wp-content\/uploads\/2012\/12\/blogqspduplicacaowagnerisaacdaniel_foto_farnesiosilva1.jpg\" alt=\"\" width=\"200\" height=\"150\" \/><\/a>A quinta-feira (22) teve uma tarde\/noite de muita alegria para a popula&ccedil;&atilde;o da sede e interior de Juazeiro. Ao lado do prefeito Isaac Carvalho, o Governador Jaques Wagner entregou as obras de recupera&ccedil;&atilde;o asf&aacute;ltica do acesso ao distrito de Mani&ccedil;oba e a duplica&ccedil;&atilde;o e ilumina&ccedil;&atilde;o da BA-210,<\/span><\/p>\n<p style=\"text-align: justify;\"><span style=\"font-size: small;\"><br \/><\/span><\/p>\n<p>&nbsp;<\/p>\n<p><span style=\"font-size: small;\"><a rel=\"lightbox\" href=\"http:\/\/www.quersaberpolitica.com.br\/2016\/wp-content\/uploads\/2012\/12\/blogqspisaacduplicacaoba2107.jpg\"><img loading=\"lazy\" decoding=\"async\" style=\"border-style: initial; border-color: initial; margin-top: 5px; margin-bottom: 5px; margin-left: 10px; margin-right: 10px; float: left; \" title=\"Como era antes\/Inicio das obras  Foto:Farn&eacute;sio Silva\" src=\"http:\/\/www.quersaberpolitica.com.br\/2016\/wp-content\/uploads\/2012\/12\/blogqspisaacduplicacaoba2107.jpg\" alt=\"\" width=\"200\" height=\"150\" \/><\/a><a rel=\"lightbox\" href=\"http:\/\/www.quersaberpolitica.com.br\/2016\/wp-content\/uploads\/2012\/12\/blogqspduplicacaoavenida_foto_farnesiosilva.jpg\"><img loading=\"lazy\" decoding=\"async\" style=\"float: right; margin-top: 5px; margin-bottom: 5px; margin-left: 10px; margin-right: 10px;\" title=\"Como ficou\/Avenida Nova Juazeiro Foto:Farn&eacute;sio Silva\" src=\"http:\/\/www.quersaberpolitica.com.br\/2016\/wp-content\/uploads\/2012\/12\/blogqspduplicacaoavenida_foto_farnesiosilva.jpg\" alt=\"\" width=\"200\" height=\"150\" \/><\/a>Durante o discurso, o governador confirmou a execu&ccedil;&atilde;o da obra do Anel Vi&aacute;rio.&nbsp;&#8220;Antes de virmos para c&aacute; confirmamos a informa&ccedil;&atilde;o e j&aacute; &eacute; fato que o projeto de duplica&ccedil;&atilde;o da ponte Presidente Dutra (Anel vi&aacute;rio), projeto de 90 milh&otilde;es de reais j&aacute; desceu pro DNIT &#8211; Bahia e agora &eacute; esperar a licita&ccedil;&atilde;o que o dinheiro esta garantido e n&oacute;s vamos ver essa obra come&ccedil;ar&#8221;, anunciou Wagner&#8230;<\/span><\/p>\n<p>&nbsp;<\/p>\n<p style=\"text-align: justify;\"><span style=\"font-size: small;\"> O trecho urbano da BA-210, Tabuleiro-Itaberaba, ganhou o nome de Avenida Nova Juazeiro. A primeira grande avenida da cidade recebeu canteiro central, duas novas pistas de 7 metros, com 2 metros de acostamento e duas rotat&oacute;rias, uma ligando os bairros Tabuleiro e Itaberaba e a outra ao bairro S&atilde;o Geraldo. A obra realizada pelo Derba custou R$ 2 milh&otilde;es e 600 mil para a duplica&ccedil;&atilde;o e mais 700 mil investidos na ilumina&ccedil;&atilde;o, de acordo com a Secretaria de Infraestrutura da Bahia.   Na sua fala, Jaques Wagner  disse ainda que a regi&atilde;o vive um momento especial com a chegada de empreendimentos p&uacute;blicos e privados e destacou que em breve estar&aacute; entregando o Porto de Juazeiro.<\/span><\/p>\n<p style=\"text-align: justify;\"><span style=\"font-size: small;\"> O vice-governador e secret&aacute;rio de Infraestrutura, Otto Alencar, bastante entusiasmado comentou sobre as dificuldades de administrar um munic&iacute;pio como Juazeiro com poucos recursos, mas mesmo assim disse  do empenho do prefeito Isaac Carvalho em trazer obras pra regi&atilde;o. &#8220;Quero lembrar aqui que esta obra tamb&eacute;m teve a participa&ccedil;&atilde;o da prefeitura de Juazeiro na recupera&ccedil;&atilde;o dos canteiros. O prefeito se esfor&ccedil;ou pra ir atr&aacute;s dessa obra e eu sempre brigo com o prefeito porque quando ele quer, ele pede e labuta por obras como essa aqui&#8221;, disse Otto.<\/span><\/p>\n<p style=\"text-align: justify;\"><span style=\"font-size: small;\">Os deputados federais Edson Pimenta e Daniel Almeida tamb&eacute;m elogiaram o empenho do gestor municipal em firmar parcerias para atrair grandes obras e empreendimentos para a cidade. Ambos ressaltaram que a Avenida Nova Juazeiro representa o crescimento que hoje vive a cidade e que &#8221; n&atilde;o se muda da noite para o dia o que outras gest&otilde;es deixaram de estragos e desmandos. &#8220;Aqui &eacute; uma das maiores e melhores obras dessa administra&ccedil;&atilde;o.<\/span><\/p>\n<p style=\"text-align: justify;\"><span style=\"font-size: small;\">Mais uma vez o prefeito Isaac Carvalho agradeceu pela parceria que tem sido concretizada com os governos federal e estadual e que tem impulsionado o crescimento do munic&iacute;pio. &#8220;Essa &eacute; uma obra que tem uma import&acirc;ncia significativa para a nossa popula&ccedil;&atilde;o. Temos a confian&ccedil;a do Governo do Estado e da popula&ccedil;&atilde;o de Juazeiro, que hoje eleva a sua autoestima ao ver uma grande avenida, a primeira de Juazeiro. Essa &eacute; a Nova Juazeiro&#8221;, finalizou o prefeito.<\/span><\/p>\n<p style=\"text-align: justify;\"><span style=\"font-size: small;\">(Ascom PMJ)<\/span><\/p>\n","protected":false},"excerpt":{"rendered":"<p>&nbsp; A quinta-feira (22) teve uma tarde\/noite de muita alegria para a popula&ccedil;&atilde;o da sede e interior de Juazeiro. Ao lado do prefeito Isaac Carvalho, o Governador Jaques Wagner entregou as obras de recupera&ccedil;&atilde;o asf&aacute;ltica do acesso ao distrito de Mani&ccedil;oba e a duplica&ccedil;&atilde;o e ilumina&ccedil;&atilde;o da BA-210, &nbsp; Durante o discurso, o governador confirmou a execu&ccedil;&atilde;o da obra do Anel Vi&aacute;rio.&nbsp;&#8220;Antes de virmos para c&aacute; confirmamos a informa&ccedil;&atilde;o e j&aacute; &eacute; fato que o projeto de duplica&ccedil;&atilde;o da ponte Presidente Dutra (Anel vi&aacute;rio), projeto de 90 milh&otilde;es de reais j&aacute; desceu pro DNIT &#8211; Bahia e agora &eacute; esperar a licita&ccedil;&atilde;o que o dinheiro esta garantido e n&oacute;s vamos ver essa obra come&ccedil;ar&#8221;, anunciou Wagner&#8230; &nbsp; O trecho urbano&hellip; <\/p>\n","protected":false},"author":0,"featured_media":0,"comment_status":"open","ping_status":"open","sticky":false,"template":"","format":"standard","meta":{"_acf_changed":false,"footnotes":""},"categories":[13],"tags":[],"class_list":["post-12394","post","type-post","status-publish","format-standard","hentry","category-fruticultura"],"acf":[],"yoast_head":"<!-- This site is optimized with the Yoast SEO plugin v27.4 - https:\/\/yoast.com\/product\/yoast-seo-wordpress\/ -->\n<title>Avenida Nova Juazeiro d\u00e1 uma nova cara urban\u00edstica a cidade - Blog do Farn\u00e9sio<\/title>\n<meta name=\"robots\" content=\"index, follow, max-snippet:-1, max-image-preview:large, max-video-preview:-1\" \/>\n<link rel=\"canonical\" href=\"https:\/\/blogdofarnesio.com.br\/?p=12394\" \/>\n<meta property=\"og:locale\" content=\"pt_BR\" \/>\n<meta property=\"og:type\" content=\"article\" \/>\n<meta property=\"og:title\" content=\"Avenida Nova Juazeiro d\u00e1 uma nova cara urban\u00edstica a cidade - Blog do Farn\u00e9sio\" \/>\n<meta property=\"og:description\" content=\"&nbsp; A quinta-feira (22) teve uma tarde\/noite de muita alegria para a popula&ccedil;&atilde;o da sede e interior de Juazeiro. Ao lado do prefeito Isaac Carvalho, o Governador Jaques Wagner entregou as obras de recupera&ccedil;&atilde;o asf&aacute;ltica do acesso ao distrito de Mani&ccedil;oba e a duplica&ccedil;&atilde;o e ilumina&ccedil;&atilde;o da BA-210, &nbsp; Durante o discurso, o governador confirmou a execu&ccedil;&atilde;o da obra do Anel Vi&aacute;rio.&nbsp;&#8220;Antes de virmos para c&aacute; confirmamos a informa&ccedil;&atilde;o e j&aacute; &eacute; fato que o projeto de duplica&ccedil;&atilde;o da ponte Presidente Dutra (Anel vi&aacute;rio), projeto de 90 milh&otilde;es de reais j&aacute; desceu pro DNIT &#8211; Bahia e agora &eacute; esperar a licita&ccedil;&atilde;o que o dinheiro esta garantido e n&oacute;s vamos ver essa obra come&ccedil;ar&#8221;, anunciou Wagner&#8230; &nbsp; O trecho urbano&hellip;\" \/>\n<meta property=\"og:url\" content=\"https:\/\/blogdofarnesio.com.br\/?p=12394\" \/>\n<meta property=\"og:site_name\" content=\"Blog do Farn\u00e9sio\" \/>\n<meta property=\"article:publisher\" content=\"https:\/\/www.facebook.com\/BlogQuerSaberPolitica\/\" \/>\n<meta property=\"article:published_time\" content=\"2012-03-24T10:30:11+00:00\" \/>\n<meta property=\"og:image\" content=\"http:\/\/www.quersaberpolitica.com.br\/2016\/wp-content\/uploads\/2012\/12\/blogqspduplicacaowagnerisaacotto_foto_farnesiosilva.jpg\" \/>\n<meta name=\"twitter:card\" content=\"summary_large_image\" \/>\n<meta name=\"twitter:label1\" content=\"Est. tempo de leitura\" \/>\n\t<meta name=\"twitter:data1\" content=\"3 minutos\" \/>\n<script type=\"application\/ld+json\" class=\"yoast-schema-graph\">{\"@context\":\"https:\\\/\\\/schema.org\",\"@graph\":[{\"@type\":\"Article\",\"@id\":\"https:\\\/\\\/blogdofarnesio.com.br\\\/?p=12394#article\",\"isPartOf\":{\"@id\":\"https:\\\/\\\/blogdofarnesio.com.br\\\/?p=12394\"},\"author\":{\"name\":\"\",\"@id\":\"\"},\"headline\":\"Avenida Nova Juazeiro d\u00e1 uma nova cara urban\u00edstica a cidade\",\"datePublished\":\"2012-03-24T10:30:11+00:00\",\"mainEntityOfPage\":{\"@id\":\"https:\\\/\\\/blogdofarnesio.com.br\\\/?p=12394\"},\"wordCount\":571,\"commentCount\":0,\"publisher\":{\"@id\":\"https:\\\/\\\/blogdofarnesio.com.br\\\/#organization\"},\"image\":{\"@id\":\"https:\\\/\\\/blogdofarnesio.com.br\\\/?p=12394#primaryimage\"},\"thumbnailUrl\":\"http:\\\/\\\/www.quersaberpolitica.com.br\\\/2016\\\/wp-content\\\/uploads\\\/2012\\\/12\\\/blogqspduplicacaowagnerisaacotto_foto_farnesiosilva.jpg\",\"articleSection\":[\"Fruticultura\"],\"inLanguage\":\"pt-BR\",\"potentialAction\":[{\"@type\":\"CommentAction\",\"name\":\"Comment\",\"target\":[\"https:\\\/\\\/blogdofarnesio.com.br\\\/?p=12394#respond\"]}]},{\"@type\":\"WebPage\",\"@id\":\"https:\\\/\\\/blogdofarnesio.com.br\\\/?p=12394\",\"url\":\"https:\\\/\\\/blogdofarnesio.com.br\\\/?p=12394\",\"name\":\"Avenida Nova Juazeiro d\u00e1 uma nova cara urban\u00edstica a cidade - Blog do Farn\u00e9sio\",\"isPartOf\":{\"@id\":\"https:\\\/\\\/blogdofarnesio.com.br\\\/#website\"},\"primaryImageOfPage\":{\"@id\":\"https:\\\/\\\/blogdofarnesio.com.br\\\/?p=12394#primaryimage\"},\"image\":{\"@id\":\"https:\\\/\\\/blogdofarnesio.com.br\\\/?p=12394#primaryimage\"},\"thumbnailUrl\":\"http:\\\/\\\/www.quersaberpolitica.com.br\\\/2016\\\/wp-content\\\/uploads\\\/2012\\\/12\\\/blogqspduplicacaowagnerisaacotto_foto_farnesiosilva.jpg\",\"datePublished\":\"2012-03-24T10:30:11+00:00\",\"breadcrumb\":{\"@id\":\"https:\\\/\\\/blogdofarnesio.com.br\\\/?p=12394#breadcrumb\"},\"inLanguage\":\"pt-BR\",\"potentialAction\":[{\"@type\":\"ReadAction\",\"target\":[\"https:\\\/\\\/blogdofarnesio.com.br\\\/?p=12394\"]}]},{\"@type\":\"ImageObject\",\"inLanguage\":\"pt-BR\",\"@id\":\"https:\\\/\\\/blogdofarnesio.com.br\\\/?p=12394#primaryimage\",\"url\":\"http:\\\/\\\/www.quersaberpolitica.com.br\\\/2016\\\/wp-content\\\/uploads\\\/2012\\\/12\\\/blogqspduplicacaowagnerisaacotto_foto_farnesiosilva.jpg\",\"contentUrl\":\"http:\\\/\\\/www.quersaberpolitica.com.br\\\/2016\\\/wp-content\\\/uploads\\\/2012\\\/12\\\/blogqspduplicacaowagnerisaacotto_foto_farnesiosilva.jpg\"},{\"@type\":\"BreadcrumbList\",\"@id\":\"https:\\\/\\\/blogdofarnesio.com.br\\\/?p=12394#breadcrumb\",\"itemListElement\":[{\"@type\":\"ListItem\",\"position\":1,\"name\":\"In\u00edcio\",\"item\":\"https:\\\/\\\/blogdofarnesio.com.br\\\/\"},{\"@type\":\"ListItem\",\"position\":2,\"name\":\"Avenida Nova Juazeiro d\u00e1 uma nova cara urban\u00edstica a cidade\"}]},{\"@type\":\"WebSite\",\"@id\":\"https:\\\/\\\/blogdofarnesio.com.br\\\/#website\",\"url\":\"https:\\\/\\\/blogdofarnesio.com.br\\\/\",\"name\":\"Blog do Farn\u00e9sio\",\"description\":\"Quer Saber Pol\u00edtica?\",\"publisher\":{\"@id\":\"https:\\\/\\\/blogdofarnesio.com.br\\\/#organization\"},\"potentialAction\":[{\"@type\":\"SearchAction\",\"target\":{\"@type\":\"EntryPoint\",\"urlTemplate\":\"https:\\\/\\\/blogdofarnesio.com.br\\\/?s={search_term_string}\"},\"query-input\":{\"@type\":\"PropertyValueSpecification\",\"valueRequired\":true,\"valueName\":\"search_term_string\"}}],\"inLanguage\":\"pt-BR\"},{\"@type\":\"Organization\",\"@id\":\"https:\\\/\\\/blogdofarnesio.com.br\\\/#organization\",\"name\":\"Blog do Farn\u00e9sio\",\"url\":\"https:\\\/\\\/blogdofarnesio.com.br\\\/\",\"logo\":{\"@type\":\"ImageObject\",\"inLanguage\":\"pt-BR\",\"@id\":\"https:\\\/\\\/blogdofarnesio.com.br\\\/#\\\/schema\\\/logo\\\/image\\\/\",\"url\":\"https:\\\/\\\/blogdofarnesio.com.br\\\/wp-content\\\/uploads\\\/2026\\\/03\\\/cropped-logo_new-1.png\",\"contentUrl\":\"https:\\\/\\\/blogdofarnesio.com.br\\\/wp-content\\\/uploads\\\/2026\\\/03\\\/cropped-logo_new-1.png\",\"width\":881,\"height\":685,\"caption\":\"Blog do Farn\u00e9sio\"},\"image\":{\"@id\":\"https:\\\/\\\/blogdofarnesio.com.br\\\/#\\\/schema\\\/logo\\\/image\\\/\"},\"sameAs\":[\"https:\\\/\\\/www.facebook.com\\\/BlogQuerSaberPolitica\\\/\"]}]}<\/script>\n<!-- \/ Yoast SEO plugin. -->","yoast_head_json":{"title":"Avenida Nova Juazeiro d\u00e1 uma nova cara urban\u00edstica a cidade - Blog do Farn\u00e9sio","robots":{"index":"index","follow":"follow","max-snippet":"max-snippet:-1","max-image-preview":"max-image-preview:large","max-video-preview":"max-video-preview:-1"},"canonical":"https:\/\/blogdofarnesio.com.br\/?p=12394","og_locale":"pt_BR","og_type":"article","og_title":"Avenida Nova Juazeiro d\u00e1 uma nova cara urban\u00edstica a cidade - Blog do Farn\u00e9sio","og_description":"&nbsp; A quinta-feira (22) teve uma tarde\/noite de muita alegria para a popula&ccedil;&atilde;o da sede e interior de Juazeiro. Ao lado do prefeito Isaac Carvalho, o Governador Jaques Wagner entregou as obras de recupera&ccedil;&atilde;o asf&aacute;ltica do acesso ao distrito de Mani&ccedil;oba e a duplica&ccedil;&atilde;o e ilumina&ccedil;&atilde;o da BA-210, &nbsp; Durante o discurso, o governador confirmou a execu&ccedil;&atilde;o da obra do Anel Vi&aacute;rio.&nbsp;&#8220;Antes de virmos para c&aacute; confirmamos a informa&ccedil;&atilde;o e j&aacute; &eacute; fato que o projeto de duplica&ccedil;&atilde;o da ponte Presidente Dutra (Anel vi&aacute;rio), projeto de 90 milh&otilde;es de reais j&aacute; desceu pro DNIT &#8211; Bahia e agora &eacute; esperar a licita&ccedil;&atilde;o que o dinheiro esta garantido e n&oacute;s vamos ver essa obra come&ccedil;ar&#8221;, anunciou Wagner&#8230; &nbsp; O trecho urbano&hellip;","og_url":"https:\/\/blogdofarnesio.com.br\/?p=12394","og_site_name":"Blog do Farn\u00e9sio","article_publisher":"https:\/\/www.facebook.com\/BlogQuerSaberPolitica\/","article_published_time":"2012-03-24T10:30:11+00:00","og_image":[{"url":"http:\/\/www.quersaberpolitica.com.br\/2016\/wp-content\/uploads\/2012\/12\/blogqspduplicacaowagnerisaacotto_foto_farnesiosilva.jpg","type":"","width":"","height":""}],"twitter_card":"summary_large_image","twitter_misc":{"Est. tempo de leitura":"3 minutos"},"schema":{"@context":"https:\/\/schema.org","@graph":[{"@type":"Article","@id":"https:\/\/blogdofarnesio.com.br\/?p=12394#article","isPartOf":{"@id":"https:\/\/blogdofarnesio.com.br\/?p=12394"},"author":{"name":"","@id":""},"headline":"Avenida Nova Juazeiro d\u00e1 uma nova cara urban\u00edstica a cidade","datePublished":"2012-03-24T10:30:11+00:00","mainEntityOfPage":{"@id":"https:\/\/blogdofarnesio.com.br\/?p=12394"},"wordCount":571,"commentCount":0,"publisher":{"@id":"https:\/\/blogdofarnesio.com.br\/#organization"},"image":{"@id":"https:\/\/blogdofarnesio.com.br\/?p=12394#primaryimage"},"thumbnailUrl":"http:\/\/www.quersaberpolitica.com.br\/2016\/wp-content\/uploads\/2012\/12\/blogqspduplicacaowagnerisaacotto_foto_farnesiosilva.jpg","articleSection":["Fruticultura"],"inLanguage":"pt-BR","potentialAction":[{"@type":"CommentAction","name":"Comment","target":["https:\/\/blogdofarnesio.com.br\/?p=12394#respond"]}]},{"@type":"WebPage","@id":"https:\/\/blogdofarnesio.com.br\/?p=12394","url":"https:\/\/blogdofarnesio.com.br\/?p=12394","name":"Avenida Nova Juazeiro d\u00e1 uma nova cara urban\u00edstica a cidade - Blog do Farn\u00e9sio","isPartOf":{"@id":"https:\/\/blogdofarnesio.com.br\/#website"},"primaryImageOfPage":{"@id":"https:\/\/blogdofarnesio.com.br\/?p=12394#primaryimage"},"image":{"@id":"https:\/\/blogdofarnesio.com.br\/?p=12394#primaryimage"},"thumbnailUrl":"http:\/\/www.quersaberpolitica.com.br\/2016\/wp-content\/uploads\/2012\/12\/blogqspduplicacaowagnerisaacotto_foto_farnesiosilva.jpg","datePublished":"2012-03-24T10:30:11+00:00","breadcrumb":{"@id":"https:\/\/blogdofarnesio.com.br\/?p=12394#breadcrumb"},"inLanguage":"pt-BR","potentialAction":[{"@type":"ReadAction","target":["https:\/\/blogdofarnesio.com.br\/?p=12394"]}]},{"@type":"ImageObject","inLanguage":"pt-BR","@id":"https:\/\/blogdofarnesio.com.br\/?p=12394#primaryimage","url":"http:\/\/www.quersaberpolitica.com.br\/2016\/wp-content\/uploads\/2012\/12\/blogqspduplicacaowagnerisaacotto_foto_farnesiosilva.jpg","contentUrl":"http:\/\/www.quersaberpolitica.com.br\/2016\/wp-content\/uploads\/2012\/12\/blogqspduplicacaowagnerisaacotto_foto_farnesiosilva.jpg"},{"@type":"BreadcrumbList","@id":"https:\/\/blogdofarnesio.com.br\/?p=12394#breadcrumb","itemListElement":[{"@type":"ListItem","position":1,"name":"In\u00edcio","item":"https:\/\/blogdofarnesio.com.br\/"},{"@type":"ListItem","position":2,"name":"Avenida Nova Juazeiro d\u00e1 uma nova cara urban\u00edstica a cidade"}]},{"@type":"WebSite","@id":"https:\/\/blogdofarnesio.com.br\/#website","url":"https:\/\/blogdofarnesio.com.br\/","name":"Blog do Farn\u00e9sio","description":"Quer Saber Pol\u00edtica?","publisher":{"@id":"https:\/\/blogdofarnesio.com.br\/#organization"},"potentialAction":[{"@type":"SearchAction","target":{"@type":"EntryPoint","urlTemplate":"https:\/\/blogdofarnesio.com.br\/?s={search_term_string}"},"query-input":{"@type":"PropertyValueSpecification","valueRequired":true,"valueName":"search_term_string"}}],"inLanguage":"pt-BR"},{"@type":"Organization","@id":"https:\/\/blogdofarnesio.com.br\/#organization","name":"Blog do Farn\u00e9sio","url":"https:\/\/blogdofarnesio.com.br\/","logo":{"@type":"ImageObject","inLanguage":"pt-BR","@id":"https:\/\/blogdofarnesio.com.br\/#\/schema\/logo\/image\/","url":"https:\/\/blogdofarnesio.com.br\/wp-content\/uploads\/2026\/03\/cropped-logo_new-1.png","contentUrl":"https:\/\/blogdofarnesio.com.br\/wp-content\/uploads\/2026\/03\/cropped-logo_new-1.png","width":881,"height":685,"caption":"Blog do Farn\u00e9sio"},"image":{"@id":"https:\/\/blogdofarnesio.com.br\/#\/schema\/logo\/image\/"},"sameAs":["https:\/\/www.facebook.com\/BlogQuerSaberPolitica\/"]}]}},"_links":{"self":[{"href":"https:\/\/blogdofarnesio.com.br\/index.php?rest_route=\/wp\/v2\/posts\/12394","targetHints":{"allow":["GET"]}}],"collection":[{"href":"https:\/\/blogdofarnesio.com.br\/index.php?rest_route=\/wp\/v2\/posts"}],"about":[{"href":"https:\/\/blogdofarnesio.com.br\/index.php?rest_route=\/wp\/v2\/types\/post"}],"replies":[{"embeddable":true,"href":"https:\/\/blogdofarnesio.com.br\/index.php?rest_route=%2Fwp%2Fv2%2Fcomments&post=12394"}],"version-history":[{"count":0,"href":"https:\/\/blogdofarnesio.com.br\/index.php?rest_route=\/wp\/v2\/posts\/12394\/revisions"}],"wp:attachment":[{"href":"https:\/\/blogdofarnesio.com.br\/index.php?rest_route=%2Fwp%2Fv2%2Fmedia&parent=12394"}],"wp:term":[{"taxonomy":"category","embeddable":true,"href":"https:\/\/blogdofarnesio.com.br\/index.php?rest_route=%2Fwp%2Fv2%2Fcategories&post=12394"},{"taxonomy":"post_tag","embeddable":true,"href":"https:\/\/blogdofarnesio.com.br\/index.php?rest_route=%2Fwp%2Fv2%2Ftags&post=12394"}],"curies":[{"name":"wp","href":"https:\/\/api.w.org\/{rel}","templated":true}]}}