{"id":12391,"date":"2012-03-24T11:00:18","date_gmt":"2012-03-24T11:00:18","guid":{"rendered":"http:\/\/www.quersaberpolitica.com.br?p=12391"},"modified":"-0001-11-30T00:00:00","modified_gmt":"-0001-11-30T03:00:00","slug":"petrolina-saudavel-vai-levar-acoes-de-saude-aos-bairros-da-cidade","status":"publish","type":"post","link":"https:\/\/blogdofarnesio.com.br\/?p=12391","title":{"rendered":"Petrolina Saud\u00e1vel vai levar a\u00e7\u00f5es de Sa\u00fade aos bairros da cidade"},"content":{"rendered":"<p style=\"text-align: justify;\"><span style=\"font-size: small;\"><a rel=\"lightbox\" href=\"http:\/\/www.quersaberpolitica.com.br\/2016\/wp-content\/uploads\/2012\/12\/feiradesaude.jpg\"><img loading=\"lazy\" decoding=\"async\" style=\"margin-top: 5px; margin-bottom: 5px; margin-left: 10px; margin-right: 10px; float: left;\" title=\"Imagem Ilustrativa\" src=\"http:\/\/www.quersaberpolitica.com.br\/2016\/wp-content\/uploads\/2012\/12\/feiradesaude.jpg\" alt=\"\" width=\"200\" height=\"189\" \/><\/a>No intuito de estimular a promo&ccedil;&atilde;o &agrave; sa&uacute;de e a preven&ccedil;&atilde;o de doen&ccedil;as, a Secretaria Municipal de Sa&uacute;de de Petrolina (SMS) inicia, a partir de 31 de mar&ccedil;o, uma s&eacute;rie de a&ccedil;&otilde;es de sa&uacute;de. O Petrolina Saud&aacute;vel, realizado no munic&iacute;pio desde 2009, acontecer&aacute; em formato de mutir&atilde;o, com a oferta de diversos servi&ccedil;os, em locais como os bairros Dom Avelar, Jos&eacute; e Maria, Vila Eduardo, Areia Branca, Henrique Leite, Ouro Preto, Ant&ocirc;nio Cassimiro, Centro, Gercino Coelho, Pedra Linda, Jardim Amazonas e nas localidades de Rajada, Izacol&acirc;ndia e Projeto Senador Nilo Coelho &#8211; N&uacute;cleos 5 e 8, onde j&aacute; existem ou ser&atilde;o constru&iacute;das unidades de Atendimento Multiprofissional Especializado &#8211; AME Sa&uacute;de da Fam&iacute;lia.<\/span><\/p>\n<p style=\"text-align: justify;\"><span style=\"font-size: small;\">Para participar, basta o usu&aacute;rio ir ao encontro da equipe da SMS no local onde estiver acontecendo a a&ccedil;&atilde;o. A abertura da quarta edi&ccedil;&atilde;o do Programa Petrolina Saud&aacute;vel acontece na AME Leonor Elisa, no bairro Dom Avelar, a partir das 07h, onde ser&atilde;o atendidos moradores dos bairros Loteamento Padre C&iacute;cero, Vila Rotary, S&atilde;o Jorge, Terras do Sul e S&atilde;o Joaquim.<\/span><\/p>\n<p style=\"text-align: justify;\"><span style=\"font-size: small;\">Durante o evento, a SMS disponibilizar&aacute; um elenco de servi&ccedil;os divididos em 15 a&ccedil;&otilde;es de sa&uacute;de, como exames, consultas, vacinas e atividades educativas relacionadas &agrave; Sa&uacute;de do Homem, da Mulher, da Crian&ccedil;a, Sa&uacute;de Bucal, Mental, Auditiva, do Trabalhador e controle de hipertens&atilde;o e diabetes, al&eacute;m da Ouvidoria Itinerante e da confec&ccedil;&atilde;o do Cart&atilde;o SUS. Os usu&aacute;rios ter&atilde;o acesso a exames laboratoriais, teste r&aacute;pido para glicemia, s&iacute;filis, hepatite e HIV, atualiza&ccedil;&atilde;o de cadernetas de vacina, consultas m&eacute;dicas, procedimentos odontol&oacute;gicos, verifica&ccedil;&atilde;o de press&atilde;o arterial, palestras, rodas de conversa, agendamento de PSA para os homens acima de 40 anos, mamografia para mulheres acima de 40 anos e preventivo.<\/span><\/p>\n<p style=\"text-align: justify;\"><span style=\"font-size: small;\">&#8220;Estamos mobilizando um grande n&uacute;mero de profissionais para garantir o acesso de todos ao sistema de sa&uacute;de. Existem pessoas que buscam as Unidades de Sa&uacute;de com certa frequ&ecirc;ncia, mas a maioria da popula&ccedil;&atilde;o s&oacute; procura o servi&ccedil;o em caso de urg&ecirc;ncia, quando as chances de cura s&atilde;o reduzidas. Precisamos mudar essa realidade estimulando a preven&ccedil;&atilde;o&#8221;, declarou a secret&aacute;ria Municipal de Sa&uacute;de, Lucia Giesta, salientando que os profissionais de sa&uacute;de prestar&atilde;o uma aten&ccedil;&atilde;o especial ao diagn&oacute;stico de hipertens&atilde;o, diabetes, c&acirc;ncer de colo de &uacute;tero, mama e pr&oacute;stata. &#8220;Com o Petrolina Saud&aacute;vel, vamos promover uma busca ativa desses pacientes que sabemos que existem, mas n&atilde;o aparecem em nossos registros&#8221;, completou o prefeito Julio Lossio.<\/span><\/p>\n<p style=\"text-align: justify;\"><span style=\"font-size: small;\">(Ascom PMP)<\/span><\/p>\n","protected":false},"excerpt":{"rendered":"<p>No intuito de estimular a promo&ccedil;&atilde;o &agrave; sa&uacute;de e a preven&ccedil;&atilde;o de doen&ccedil;as, a Secretaria Municipal de Sa&uacute;de de Petrolina (SMS) inicia, a partir de 31 de mar&ccedil;o, uma s&eacute;rie de a&ccedil;&otilde;es de sa&uacute;de. O Petrolina Saud&aacute;vel, realizado no munic&iacute;pio desde 2009, acontecer&aacute; em formato de mutir&atilde;o, com a oferta de diversos servi&ccedil;os, em locais como os bairros Dom Avelar, Jos&eacute; e Maria, Vila Eduardo, Areia Branca, Henrique Leite, Ouro Preto, Ant&ocirc;nio Cassimiro, Centro, Gercino Coelho, Pedra Linda, Jardim Amazonas e nas localidades de Rajada, Izacol&acirc;ndia e Projeto Senador Nilo Coelho &#8211; N&uacute;cleos 5 e 8, onde j&aacute; existem ou ser&atilde;o constru&iacute;das unidades de Atendimento Multiprofissional Especializado &#8211; AME Sa&uacute;de da Fam&iacute;lia. Para participar, basta o usu&aacute;rio ir ao encontro&hellip; <\/p>\n","protected":false},"author":0,"featured_media":0,"comment_status":"open","ping_status":"open","sticky":false,"template":"","format":"standard","meta":{"_acf_changed":false,"footnotes":""},"categories":[3],"tags":[],"class_list":["post-12391","post","type-post","status-publish","format-standard","hentry","category-entretenimento"],"acf":[],"yoast_head":"<!-- This site is optimized with the Yoast SEO plugin v27.4 - https:\/\/yoast.com\/product\/yoast-seo-wordpress\/ -->\n<title>Petrolina Saud\u00e1vel vai levar a\u00e7\u00f5es de Sa\u00fade aos bairros da cidade - Blog do Farn\u00e9sio<\/title>\n<meta name=\"robots\" content=\"index, follow, max-snippet:-1, max-image-preview:large, max-video-preview:-1\" \/>\n<link rel=\"canonical\" href=\"https:\/\/blogdofarnesio.com.br\/?p=12391\" \/>\n<meta property=\"og:locale\" content=\"pt_BR\" \/>\n<meta property=\"og:type\" content=\"article\" \/>\n<meta property=\"og:title\" content=\"Petrolina Saud\u00e1vel vai levar a\u00e7\u00f5es de Sa\u00fade aos bairros da cidade - Blog do Farn\u00e9sio\" \/>\n<meta property=\"og:description\" content=\"No intuito de estimular a promo&ccedil;&atilde;o &agrave; sa&uacute;de e a preven&ccedil;&atilde;o de doen&ccedil;as, a Secretaria Municipal de Sa&uacute;de de Petrolina (SMS) inicia, a partir de 31 de mar&ccedil;o, uma s&eacute;rie de a&ccedil;&otilde;es de sa&uacute;de. O Petrolina Saud&aacute;vel, realizado no munic&iacute;pio desde 2009, acontecer&aacute; em formato de mutir&atilde;o, com a oferta de diversos servi&ccedil;os, em locais como os bairros Dom Avelar, Jos&eacute; e Maria, Vila Eduardo, Areia Branca, Henrique Leite, Ouro Preto, Ant&ocirc;nio Cassimiro, Centro, Gercino Coelho, Pedra Linda, Jardim Amazonas e nas localidades de Rajada, Izacol&acirc;ndia e Projeto Senador Nilo Coelho &#8211; N&uacute;cleos 5 e 8, onde j&aacute; existem ou ser&atilde;o constru&iacute;das unidades de Atendimento Multiprofissional Especializado &#8211; AME Sa&uacute;de da Fam&iacute;lia. Para participar, basta o usu&aacute;rio ir ao encontro&hellip;\" \/>\n<meta property=\"og:url\" content=\"https:\/\/blogdofarnesio.com.br\/?p=12391\" \/>\n<meta property=\"og:site_name\" content=\"Blog do Farn\u00e9sio\" \/>\n<meta property=\"article:publisher\" content=\"https:\/\/www.facebook.com\/BlogQuerSaberPolitica\/\" \/>\n<meta property=\"article:published_time\" content=\"2012-03-24T11:00:18+00:00\" \/>\n<meta property=\"og:image\" content=\"http:\/\/www.quersaberpolitica.com.br\/2016\/wp-content\/uploads\/2012\/12\/feiradesaude.jpg\" \/>\n<meta name=\"twitter:card\" content=\"summary_large_image\" \/>\n<meta name=\"twitter:label1\" content=\"Est. tempo de leitura\" \/>\n\t<meta name=\"twitter:data1\" content=\"3 minutos\" \/>\n<script type=\"application\/ld+json\" class=\"yoast-schema-graph\">{\"@context\":\"https:\\\/\\\/schema.org\",\"@graph\":[{\"@type\":\"Article\",\"@id\":\"https:\\\/\\\/blogdofarnesio.com.br\\\/?p=12391#article\",\"isPartOf\":{\"@id\":\"https:\\\/\\\/blogdofarnesio.com.br\\\/?p=12391\"},\"author\":{\"name\":\"\",\"@id\":\"\"},\"headline\":\"Petrolina Saud\u00e1vel vai levar a\u00e7\u00f5es de Sa\u00fade aos bairros da cidade\",\"datePublished\":\"2012-03-24T11:00:18+00:00\",\"mainEntityOfPage\":{\"@id\":\"https:\\\/\\\/blogdofarnesio.com.br\\\/?p=12391\"},\"wordCount\":550,\"commentCount\":0,\"publisher\":{\"@id\":\"https:\\\/\\\/blogdofarnesio.com.br\\\/#organization\"},\"image\":{\"@id\":\"https:\\\/\\\/blogdofarnesio.com.br\\\/?p=12391#primaryimage\"},\"thumbnailUrl\":\"http:\\\/\\\/www.quersaberpolitica.com.br\\\/2016\\\/wp-content\\\/uploads\\\/2012\\\/12\\\/feiradesaude.jpg\",\"articleSection\":[\"Entretenimento\"],\"inLanguage\":\"pt-BR\",\"potentialAction\":[{\"@type\":\"CommentAction\",\"name\":\"Comment\",\"target\":[\"https:\\\/\\\/blogdofarnesio.com.br\\\/?p=12391#respond\"]}]},{\"@type\":\"WebPage\",\"@id\":\"https:\\\/\\\/blogdofarnesio.com.br\\\/?p=12391\",\"url\":\"https:\\\/\\\/blogdofarnesio.com.br\\\/?p=12391\",\"name\":\"Petrolina Saud\u00e1vel vai levar a\u00e7\u00f5es de Sa\u00fade aos bairros da cidade - Blog do Farn\u00e9sio\",\"isPartOf\":{\"@id\":\"https:\\\/\\\/blogdofarnesio.com.br\\\/#website\"},\"primaryImageOfPage\":{\"@id\":\"https:\\\/\\\/blogdofarnesio.com.br\\\/?p=12391#primaryimage\"},\"image\":{\"@id\":\"https:\\\/\\\/blogdofarnesio.com.br\\\/?p=12391#primaryimage\"},\"thumbnailUrl\":\"http:\\\/\\\/www.quersaberpolitica.com.br\\\/2016\\\/wp-content\\\/uploads\\\/2012\\\/12\\\/feiradesaude.jpg\",\"datePublished\":\"2012-03-24T11:00:18+00:00\",\"breadcrumb\":{\"@id\":\"https:\\\/\\\/blogdofarnesio.com.br\\\/?p=12391#breadcrumb\"},\"inLanguage\":\"pt-BR\",\"potentialAction\":[{\"@type\":\"ReadAction\",\"target\":[\"https:\\\/\\\/blogdofarnesio.com.br\\\/?p=12391\"]}]},{\"@type\":\"ImageObject\",\"inLanguage\":\"pt-BR\",\"@id\":\"https:\\\/\\\/blogdofarnesio.com.br\\\/?p=12391#primaryimage\",\"url\":\"http:\\\/\\\/www.quersaberpolitica.com.br\\\/2016\\\/wp-content\\\/uploads\\\/2012\\\/12\\\/feiradesaude.jpg\",\"contentUrl\":\"http:\\\/\\\/www.quersaberpolitica.com.br\\\/2016\\\/wp-content\\\/uploads\\\/2012\\\/12\\\/feiradesaude.jpg\"},{\"@type\":\"BreadcrumbList\",\"@id\":\"https:\\\/\\\/blogdofarnesio.com.br\\\/?p=12391#breadcrumb\",\"itemListElement\":[{\"@type\":\"ListItem\",\"position\":1,\"name\":\"In\u00edcio\",\"item\":\"https:\\\/\\\/blogdofarnesio.com.br\\\/\"},{\"@type\":\"ListItem\",\"position\":2,\"name\":\"Petrolina Saud\u00e1vel vai levar a\u00e7\u00f5es de Sa\u00fade aos bairros da cidade\"}]},{\"@type\":\"WebSite\",\"@id\":\"https:\\\/\\\/blogdofarnesio.com.br\\\/#website\",\"url\":\"https:\\\/\\\/blogdofarnesio.com.br\\\/\",\"name\":\"Blog do Farn\u00e9sio\",\"description\":\"Quer Saber Pol\u00edtica?\",\"publisher\":{\"@id\":\"https:\\\/\\\/blogdofarnesio.com.br\\\/#organization\"},\"potentialAction\":[{\"@type\":\"SearchAction\",\"target\":{\"@type\":\"EntryPoint\",\"urlTemplate\":\"https:\\\/\\\/blogdofarnesio.com.br\\\/?s={search_term_string}\"},\"query-input\":{\"@type\":\"PropertyValueSpecification\",\"valueRequired\":true,\"valueName\":\"search_term_string\"}}],\"inLanguage\":\"pt-BR\"},{\"@type\":\"Organization\",\"@id\":\"https:\\\/\\\/blogdofarnesio.com.br\\\/#organization\",\"name\":\"Blog do Farn\u00e9sio\",\"url\":\"https:\\\/\\\/blogdofarnesio.com.br\\\/\",\"logo\":{\"@type\":\"ImageObject\",\"inLanguage\":\"pt-BR\",\"@id\":\"https:\\\/\\\/blogdofarnesio.com.br\\\/#\\\/schema\\\/logo\\\/image\\\/\",\"url\":\"https:\\\/\\\/blogdofarnesio.com.br\\\/wp-content\\\/uploads\\\/2026\\\/03\\\/cropped-logo_new-1.png\",\"contentUrl\":\"https:\\\/\\\/blogdofarnesio.com.br\\\/wp-content\\\/uploads\\\/2026\\\/03\\\/cropped-logo_new-1.png\",\"width\":881,\"height\":685,\"caption\":\"Blog do Farn\u00e9sio\"},\"image\":{\"@id\":\"https:\\\/\\\/blogdofarnesio.com.br\\\/#\\\/schema\\\/logo\\\/image\\\/\"},\"sameAs\":[\"https:\\\/\\\/www.facebook.com\\\/BlogQuerSaberPolitica\\\/\"]}]}<\/script>\n<!-- \/ Yoast SEO plugin. -->","yoast_head_json":{"title":"Petrolina Saud\u00e1vel vai levar a\u00e7\u00f5es de Sa\u00fade aos bairros da cidade - Blog do Farn\u00e9sio","robots":{"index":"index","follow":"follow","max-snippet":"max-snippet:-1","max-image-preview":"max-image-preview:large","max-video-preview":"max-video-preview:-1"},"canonical":"https:\/\/blogdofarnesio.com.br\/?p=12391","og_locale":"pt_BR","og_type":"article","og_title":"Petrolina Saud\u00e1vel vai levar a\u00e7\u00f5es de Sa\u00fade aos bairros da cidade - Blog do Farn\u00e9sio","og_description":"No intuito de estimular a promo&ccedil;&atilde;o &agrave; sa&uacute;de e a preven&ccedil;&atilde;o de doen&ccedil;as, a Secretaria Municipal de Sa&uacute;de de Petrolina (SMS) inicia, a partir de 31 de mar&ccedil;o, uma s&eacute;rie de a&ccedil;&otilde;es de sa&uacute;de. O Petrolina Saud&aacute;vel, realizado no munic&iacute;pio desde 2009, acontecer&aacute; em formato de mutir&atilde;o, com a oferta de diversos servi&ccedil;os, em locais como os bairros Dom Avelar, Jos&eacute; e Maria, Vila Eduardo, Areia Branca, Henrique Leite, Ouro Preto, Ant&ocirc;nio Cassimiro, Centro, Gercino Coelho, Pedra Linda, Jardim Amazonas e nas localidades de Rajada, Izacol&acirc;ndia e Projeto Senador Nilo Coelho &#8211; N&uacute;cleos 5 e 8, onde j&aacute; existem ou ser&atilde;o constru&iacute;das unidades de Atendimento Multiprofissional Especializado &#8211; AME Sa&uacute;de da Fam&iacute;lia. Para participar, basta o usu&aacute;rio ir ao encontro&hellip;","og_url":"https:\/\/blogdofarnesio.com.br\/?p=12391","og_site_name":"Blog do Farn\u00e9sio","article_publisher":"https:\/\/www.facebook.com\/BlogQuerSaberPolitica\/","article_published_time":"2012-03-24T11:00:18+00:00","og_image":[{"url":"http:\/\/www.quersaberpolitica.com.br\/2016\/wp-content\/uploads\/2012\/12\/feiradesaude.jpg","type":"","width":"","height":""}],"twitter_card":"summary_large_image","twitter_misc":{"Est. tempo de leitura":"3 minutos"},"schema":{"@context":"https:\/\/schema.org","@graph":[{"@type":"Article","@id":"https:\/\/blogdofarnesio.com.br\/?p=12391#article","isPartOf":{"@id":"https:\/\/blogdofarnesio.com.br\/?p=12391"},"author":{"name":"","@id":""},"headline":"Petrolina Saud\u00e1vel vai levar a\u00e7\u00f5es de Sa\u00fade aos bairros da cidade","datePublished":"2012-03-24T11:00:18+00:00","mainEntityOfPage":{"@id":"https:\/\/blogdofarnesio.com.br\/?p=12391"},"wordCount":550,"commentCount":0,"publisher":{"@id":"https:\/\/blogdofarnesio.com.br\/#organization"},"image":{"@id":"https:\/\/blogdofarnesio.com.br\/?p=12391#primaryimage"},"thumbnailUrl":"http:\/\/www.quersaberpolitica.com.br\/2016\/wp-content\/uploads\/2012\/12\/feiradesaude.jpg","articleSection":["Entretenimento"],"inLanguage":"pt-BR","potentialAction":[{"@type":"CommentAction","name":"Comment","target":["https:\/\/blogdofarnesio.com.br\/?p=12391#respond"]}]},{"@type":"WebPage","@id":"https:\/\/blogdofarnesio.com.br\/?p=12391","url":"https:\/\/blogdofarnesio.com.br\/?p=12391","name":"Petrolina Saud\u00e1vel vai levar a\u00e7\u00f5es de Sa\u00fade aos bairros da cidade - Blog do Farn\u00e9sio","isPartOf":{"@id":"https:\/\/blogdofarnesio.com.br\/#website"},"primaryImageOfPage":{"@id":"https:\/\/blogdofarnesio.com.br\/?p=12391#primaryimage"},"image":{"@id":"https:\/\/blogdofarnesio.com.br\/?p=12391#primaryimage"},"thumbnailUrl":"http:\/\/www.quersaberpolitica.com.br\/2016\/wp-content\/uploads\/2012\/12\/feiradesaude.jpg","datePublished":"2012-03-24T11:00:18+00:00","breadcrumb":{"@id":"https:\/\/blogdofarnesio.com.br\/?p=12391#breadcrumb"},"inLanguage":"pt-BR","potentialAction":[{"@type":"ReadAction","target":["https:\/\/blogdofarnesio.com.br\/?p=12391"]}]},{"@type":"ImageObject","inLanguage":"pt-BR","@id":"https:\/\/blogdofarnesio.com.br\/?p=12391#primaryimage","url":"http:\/\/www.quersaberpolitica.com.br\/2016\/wp-content\/uploads\/2012\/12\/feiradesaude.jpg","contentUrl":"http:\/\/www.quersaberpolitica.com.br\/2016\/wp-content\/uploads\/2012\/12\/feiradesaude.jpg"},{"@type":"BreadcrumbList","@id":"https:\/\/blogdofarnesio.com.br\/?p=12391#breadcrumb","itemListElement":[{"@type":"ListItem","position":1,"name":"In\u00edcio","item":"https:\/\/blogdofarnesio.com.br\/"},{"@type":"ListItem","position":2,"name":"Petrolina Saud\u00e1vel vai levar a\u00e7\u00f5es de Sa\u00fade aos bairros da cidade"}]},{"@type":"WebSite","@id":"https:\/\/blogdofarnesio.com.br\/#website","url":"https:\/\/blogdofarnesio.com.br\/","name":"Blog do Farn\u00e9sio","description":"Quer Saber Pol\u00edtica?","publisher":{"@id":"https:\/\/blogdofarnesio.com.br\/#organization"},"potentialAction":[{"@type":"SearchAction","target":{"@type":"EntryPoint","urlTemplate":"https:\/\/blogdofarnesio.com.br\/?s={search_term_string}"},"query-input":{"@type":"PropertyValueSpecification","valueRequired":true,"valueName":"search_term_string"}}],"inLanguage":"pt-BR"},{"@type":"Organization","@id":"https:\/\/blogdofarnesio.com.br\/#organization","name":"Blog do Farn\u00e9sio","url":"https:\/\/blogdofarnesio.com.br\/","logo":{"@type":"ImageObject","inLanguage":"pt-BR","@id":"https:\/\/blogdofarnesio.com.br\/#\/schema\/logo\/image\/","url":"https:\/\/blogdofarnesio.com.br\/wp-content\/uploads\/2026\/03\/cropped-logo_new-1.png","contentUrl":"https:\/\/blogdofarnesio.com.br\/wp-content\/uploads\/2026\/03\/cropped-logo_new-1.png","width":881,"height":685,"caption":"Blog do Farn\u00e9sio"},"image":{"@id":"https:\/\/blogdofarnesio.com.br\/#\/schema\/logo\/image\/"},"sameAs":["https:\/\/www.facebook.com\/BlogQuerSaberPolitica\/"]}]}},"_links":{"self":[{"href":"https:\/\/blogdofarnesio.com.br\/index.php?rest_route=\/wp\/v2\/posts\/12391","targetHints":{"allow":["GET"]}}],"collection":[{"href":"https:\/\/blogdofarnesio.com.br\/index.php?rest_route=\/wp\/v2\/posts"}],"about":[{"href":"https:\/\/blogdofarnesio.com.br\/index.php?rest_route=\/wp\/v2\/types\/post"}],"replies":[{"embeddable":true,"href":"https:\/\/blogdofarnesio.com.br\/index.php?rest_route=%2Fwp%2Fv2%2Fcomments&post=12391"}],"version-history":[{"count":0,"href":"https:\/\/blogdofarnesio.com.br\/index.php?rest_route=\/wp\/v2\/posts\/12391\/revisions"}],"wp:attachment":[{"href":"https:\/\/blogdofarnesio.com.br\/index.php?rest_route=%2Fwp%2Fv2%2Fmedia&parent=12391"}],"wp:term":[{"taxonomy":"category","embeddable":true,"href":"https:\/\/blogdofarnesio.com.br\/index.php?rest_route=%2Fwp%2Fv2%2Fcategories&post=12391"},{"taxonomy":"post_tag","embeddable":true,"href":"https:\/\/blogdofarnesio.com.br\/index.php?rest_route=%2Fwp%2Fv2%2Ftags&post=12391"}],"curies":[{"name":"wp","href":"https:\/\/api.w.org\/{rel}","templated":true}]}}