{"id":123879,"date":"2015-05-21T15:40:04","date_gmt":"2015-05-21T18:40:04","guid":{"rendered":"http:\/\/www.quersaberpolitica.com.br\/?p=123879"},"modified":"2015-05-21T10:56:11","modified_gmt":"2015-05-21T13:56:11","slug":"odacy-reforca-defesa-do-rio-sao-francisco-em-seminarios-realizados-em-pe-e-ba","status":"publish","type":"post","link":"https:\/\/blogdofarnesio.com.br\/?p=123879","title":{"rendered":"ODACY REFOR\u00c7A DEFESA DO RIO S\u00c3O FRANCISCO EM SEMIN\u00c1RIOS REALIZADOS EM PE E BA"},"content":{"rendered":"<p style=\"text-align: justify\"><a href=\"http:\/\/www.quersaberpolitica.com.br\/2016\/wp-content\/uploads\/2013\/06\/blogqsp.odacy-poruncimmento-alepe-dia-14-do-11-2012.gif\"><img loading=\"lazy\" decoding=\"async\" class=\" size-medium wp-image-43253 aligncenter\" src=\"http:\/\/www.quersaberpolitica.com.br\/2016\/wp-content\/uploads\/2013\/06\/blogqsp.odacy-poruncimmento-alepe-dia-14-do-11-2012-300x200.gif\" alt=\"blogqsp.odacy poruncimmento alepe dia 14 do 11 2012\" width=\"300\" height=\"200\" srcset=\"https:\/\/blogdofarnesio.com.br\/wp-content\/uploads\/2013\/06\/blogqsp.odacy-poruncimmento-alepe-dia-14-do-11-2012-300x200.gif 300w, https:\/\/blogdofarnesio.com.br\/wp-content\/uploads\/2013\/06\/blogqsp.odacy-poruncimmento-alepe-dia-14-do-11-2012-450x300.gif 450w\" sizes=\"auto, (max-width: 300px) 100vw, 300px\" \/><\/a><br \/>\nA preocupa\u00e7\u00e3o do deputado estadual Odacy Amorim, l\u00edder do PT na Assembleia Legislativa, com quest\u00f5es ligadas ao rio S\u00e3o Francisco, foi demonstrada em mais um evento destinado a discutir efeitos clim\u00e1ticos que ocasionaram a crise h\u00eddrica atual no Pa\u00eds e que tem preocupado a regi\u00e3o banhada pelo rio S\u00e3o Francisco. No semin\u00e1rio promovido pela Embrapa em Petrolina\/PE, nesta ter\u00e7a-feira, 19, Odacy voltou a citar o desafio que \u00e9 hoje proteger o rio.<\/p>\n<p style=\"text-align: justify\">\u201cN\u00f3s temos uma preocupa\u00e7\u00e3o muito grande com a quest\u00e3o da revitaliza\u00e7\u00e3o do nosso Velho Chico. Sou presidente da Frente Parlamentar que defende o rio S\u00e3o Francisco e demais rios de Pernambuco e vemos muito os esgotos serem jogados nas nascentes dos rios, sem nenhum tipo de tratamento. O cuidado com as nascentes dos rios \u00e9 o debate que devemos fazer e esse debate enriquecer\u00e1 hoje este evento\u201d, disse o deputado.<\/p>\n<p style=\"text-align: justify\"><!--more--><\/p>\n<p style=\"text-align: justify\">Outra defesa de Odacy no semin\u00e1rio da Embrapa foi sobre a prote\u00e7\u00e3o da flora do Bioma Caatinga. El comentou que \u00e9 preciso levar essa conscientiza\u00e7\u00e3o para o povo sertanejo e mostra a import\u00e2ncia de realizar plantios de esp\u00e9cies nativas que servir\u00e3o em sua maioria, para alimentar a cria\u00e7\u00e3o de animais.<\/p>\n<p style=\"text-align: justify\">\u201cN\u00f3s viemos desta terra e precisamos defender a natureza daqui. Culturas t\u00edpicas da caatinga devem ser preservadas. Temos que preveni os problemas e sei que a Embrapa aponta a preven\u00e7\u00e3o no Brasil. Creio que isso deve chegar a todos os brasileiros\u201d, destacou Odacy Amorim.<\/p>\n<p style=\"text-align: justify\">Na \u00faltima sexta, 15, Odacy tamb\u00e9m fez a defesa do Velho Chico durante o Semin\u00e1rio Regional de Seguran\u00e7a H\u00eddrica, ocorrido na \u00faltima sexta, dia 15, em Sobradinho\/BA, promo\u00e7\u00e3o da Chesf e Prefeitura Municipal. Convidado como presidente da Frente Parlamentar em defesa do Velho Chico e de outros rios de Pernambuco, Odacy frisou que a situa\u00e7\u00e3o tem deixado em alerta, produtores do Vale do S\u00e3o Francisco, especialmente do per\u00edmetro Senador Nilo Coelho. O deputado foi um dos convidados do<\/p>\n<p style=\"text-align: justify\">\u201cJ\u00e1 conversei com deputados de outros estados como os da Bahia e coloquei que precisamos ajudar os prefeitos, planejar o rio S\u00e3o Francisco, porque n\u00e3o se pode continuar jogando esgoto de Minas Gerais at\u00e9 o mar e achar que o rio aguenta a vida toda. Evitar desmatar as nascentes dos rios e n\u00e3o s\u00f3 cobrar quem estar \u00e0s margens, pois essa \u00e9 uma das principais agress\u00f5es ao rio\u201d, disse o parlamentar durante sua fala no Semin\u00e1rio.<\/p>\n","protected":false},"excerpt":{"rendered":"<p>A preocupa\u00e7\u00e3o do deputado estadual Odacy Amorim, l\u00edder do PT na Assembleia Legislativa, com quest\u00f5es ligadas ao rio S\u00e3o Francisco, foi demonstrada em mais um evento destinado a discutir efeitos clim\u00e1ticos que ocasionaram a crise h\u00eddrica atual no Pa\u00eds e que tem preocupado a regi\u00e3o banhada pelo rio S\u00e3o Francisco. No semin\u00e1rio promovido pela Embrapa em Petrolina\/PE, nesta ter\u00e7a-feira, 19, Odacy voltou a citar o desafio que \u00e9 hoje proteger o rio. \u201cN\u00f3s temos uma preocupa\u00e7\u00e3o muito grande com a quest\u00e3o da revitaliza\u00e7\u00e3o do nosso Velho Chico. Sou presidente da Frente Parlamentar que defende o rio S\u00e3o Francisco e demais rios de Pernambuco e vemos muito os esgotos serem jogados nas nascentes dos rios, sem nenhum tipo de tratamento. O&hellip; <\/p>\n","protected":false},"author":7,"featured_media":0,"comment_status":"open","ping_status":"open","sticky":false,"template":"","format":"standard","meta":{"_acf_changed":false,"footnotes":""},"categories":[1],"tags":[],"class_list":["post-123879","post","type-post","status-publish","format-standard","hentry","category-politica"],"acf":[],"yoast_head":"<!-- This site is optimized with the Yoast SEO plugin v27.4 - https:\/\/yoast.com\/product\/yoast-seo-wordpress\/ -->\n<title>ODACY REFOR\u00c7A DEFESA DO RIO S\u00c3O FRANCISCO EM SEMIN\u00c1RIOS REALIZADOS EM PE E BA - Blog do Farn\u00e9sio<\/title>\n<meta name=\"robots\" content=\"index, follow, max-snippet:-1, max-image-preview:large, max-video-preview:-1\" \/>\n<link rel=\"canonical\" href=\"https:\/\/blogdofarnesio.com.br\/?p=123879\" \/>\n<meta property=\"og:locale\" content=\"pt_BR\" \/>\n<meta property=\"og:type\" content=\"article\" \/>\n<meta property=\"og:title\" content=\"ODACY REFOR\u00c7A DEFESA DO RIO S\u00c3O FRANCISCO EM SEMIN\u00c1RIOS REALIZADOS EM PE E BA - Blog do Farn\u00e9sio\" \/>\n<meta property=\"og:description\" content=\"A preocupa\u00e7\u00e3o do deputado estadual Odacy Amorim, l\u00edder do PT na Assembleia Legislativa, com quest\u00f5es ligadas ao rio S\u00e3o Francisco, foi demonstrada em mais um evento destinado a discutir efeitos clim\u00e1ticos que ocasionaram a crise h\u00eddrica atual no Pa\u00eds e que tem preocupado a regi\u00e3o banhada pelo rio S\u00e3o Francisco. No semin\u00e1rio promovido pela Embrapa em Petrolina\/PE, nesta ter\u00e7a-feira, 19, Odacy voltou a citar o desafio que \u00e9 hoje proteger o rio. \u201cN\u00f3s temos uma preocupa\u00e7\u00e3o muito grande com a quest\u00e3o da revitaliza\u00e7\u00e3o do nosso Velho Chico. Sou presidente da Frente Parlamentar que defende o rio S\u00e3o Francisco e demais rios de Pernambuco e vemos muito os esgotos serem jogados nas nascentes dos rios, sem nenhum tipo de tratamento. O&hellip;\" \/>\n<meta property=\"og:url\" content=\"https:\/\/blogdofarnesio.com.br\/?p=123879\" \/>\n<meta property=\"og:site_name\" content=\"Blog do Farn\u00e9sio\" \/>\n<meta property=\"article:publisher\" content=\"https:\/\/www.facebook.com\/BlogQuerSaberPolitica\/\" \/>\n<meta property=\"article:published_time\" content=\"2015-05-21T18:40:04+00:00\" \/>\n<meta property=\"og:image\" content=\"http:\/\/www.quersaberpolitica.com.br\/2016\/wp-content\/uploads\/2013\/06\/blogqsp.odacy-poruncimmento-alepe-dia-14-do-11-2012-300x200.gif\" \/>\n<meta name=\"twitter:card\" content=\"summary_large_image\" \/>\n<meta name=\"twitter:label1\" content=\"Escrito por\" \/>\n\t<meta name=\"twitter:data1\" content=\"\" \/>\n\t<meta name=\"twitter:label2\" content=\"Est. tempo de leitura\" \/>\n\t<meta name=\"twitter:data2\" content=\"2 minutos\" \/>\n<script type=\"application\/ld+json\" class=\"yoast-schema-graph\">{\"@context\":\"https:\\\/\\\/schema.org\",\"@graph\":[{\"@type\":\"Article\",\"@id\":\"https:\\\/\\\/blogdofarnesio.com.br\\\/?p=123879#article\",\"isPartOf\":{\"@id\":\"https:\\\/\\\/blogdofarnesio.com.br\\\/?p=123879\"},\"author\":{\"name\":\"\",\"@id\":\"\"},\"headline\":\"ODACY REFOR\u00c7A DEFESA DO RIO S\u00c3O FRANCISCO EM SEMIN\u00c1RIOS REALIZADOS EM PE E BA\",\"datePublished\":\"2015-05-21T18:40:04+00:00\",\"mainEntityOfPage\":{\"@id\":\"https:\\\/\\\/blogdofarnesio.com.br\\\/?p=123879\"},\"wordCount\":441,\"commentCount\":1,\"publisher\":{\"@id\":\"https:\\\/\\\/blogdofarnesio.com.br\\\/#organization\"},\"image\":{\"@id\":\"https:\\\/\\\/blogdofarnesio.com.br\\\/?p=123879#primaryimage\"},\"thumbnailUrl\":\"http:\\\/\\\/www.quersaberpolitica.com.br\\\/2016\\\/wp-content\\\/uploads\\\/2013\\\/06\\\/blogqsp.odacy-poruncimmento-alepe-dia-14-do-11-2012-300x200.gif\",\"articleSection\":[\"Pol\u00edtica\"],\"inLanguage\":\"pt-BR\",\"potentialAction\":[{\"@type\":\"CommentAction\",\"name\":\"Comment\",\"target\":[\"https:\\\/\\\/blogdofarnesio.com.br\\\/?p=123879#respond\"]}]},{\"@type\":\"WebPage\",\"@id\":\"https:\\\/\\\/blogdofarnesio.com.br\\\/?p=123879\",\"url\":\"https:\\\/\\\/blogdofarnesio.com.br\\\/?p=123879\",\"name\":\"ODACY REFOR\u00c7A DEFESA DO RIO S\u00c3O FRANCISCO EM SEMIN\u00c1RIOS REALIZADOS EM PE E BA - Blog do Farn\u00e9sio\",\"isPartOf\":{\"@id\":\"https:\\\/\\\/blogdofarnesio.com.br\\\/#website\"},\"primaryImageOfPage\":{\"@id\":\"https:\\\/\\\/blogdofarnesio.com.br\\\/?p=123879#primaryimage\"},\"image\":{\"@id\":\"https:\\\/\\\/blogdofarnesio.com.br\\\/?p=123879#primaryimage\"},\"thumbnailUrl\":\"http:\\\/\\\/www.quersaberpolitica.com.br\\\/2016\\\/wp-content\\\/uploads\\\/2013\\\/06\\\/blogqsp.odacy-poruncimmento-alepe-dia-14-do-11-2012-300x200.gif\",\"datePublished\":\"2015-05-21T18:40:04+00:00\",\"breadcrumb\":{\"@id\":\"https:\\\/\\\/blogdofarnesio.com.br\\\/?p=123879#breadcrumb\"},\"inLanguage\":\"pt-BR\",\"potentialAction\":[{\"@type\":\"ReadAction\",\"target\":[\"https:\\\/\\\/blogdofarnesio.com.br\\\/?p=123879\"]}]},{\"@type\":\"ImageObject\",\"inLanguage\":\"pt-BR\",\"@id\":\"https:\\\/\\\/blogdofarnesio.com.br\\\/?p=123879#primaryimage\",\"url\":\"http:\\\/\\\/www.quersaberpolitica.com.br\\\/2016\\\/wp-content\\\/uploads\\\/2013\\\/06\\\/blogqsp.odacy-poruncimmento-alepe-dia-14-do-11-2012-300x200.gif\",\"contentUrl\":\"http:\\\/\\\/www.quersaberpolitica.com.br\\\/2016\\\/wp-content\\\/uploads\\\/2013\\\/06\\\/blogqsp.odacy-poruncimmento-alepe-dia-14-do-11-2012-300x200.gif\"},{\"@type\":\"BreadcrumbList\",\"@id\":\"https:\\\/\\\/blogdofarnesio.com.br\\\/?p=123879#breadcrumb\",\"itemListElement\":[{\"@type\":\"ListItem\",\"position\":1,\"name\":\"In\u00edcio\",\"item\":\"https:\\\/\\\/blogdofarnesio.com.br\\\/\"},{\"@type\":\"ListItem\",\"position\":2,\"name\":\"ODACY REFOR\u00c7A DEFESA DO RIO S\u00c3O FRANCISCO EM SEMIN\u00c1RIOS REALIZADOS EM PE E BA\"}]},{\"@type\":\"WebSite\",\"@id\":\"https:\\\/\\\/blogdofarnesio.com.br\\\/#website\",\"url\":\"https:\\\/\\\/blogdofarnesio.com.br\\\/\",\"name\":\"Blog do Farn\u00e9sio\",\"description\":\"Quer Saber Pol\u00edtica?\",\"publisher\":{\"@id\":\"https:\\\/\\\/blogdofarnesio.com.br\\\/#organization\"},\"potentialAction\":[{\"@type\":\"SearchAction\",\"target\":{\"@type\":\"EntryPoint\",\"urlTemplate\":\"https:\\\/\\\/blogdofarnesio.com.br\\\/?s={search_term_string}\"},\"query-input\":{\"@type\":\"PropertyValueSpecification\",\"valueRequired\":true,\"valueName\":\"search_term_string\"}}],\"inLanguage\":\"pt-BR\"},{\"@type\":\"Organization\",\"@id\":\"https:\\\/\\\/blogdofarnesio.com.br\\\/#organization\",\"name\":\"Blog do Farn\u00e9sio\",\"url\":\"https:\\\/\\\/blogdofarnesio.com.br\\\/\",\"logo\":{\"@type\":\"ImageObject\",\"inLanguage\":\"pt-BR\",\"@id\":\"https:\\\/\\\/blogdofarnesio.com.br\\\/#\\\/schema\\\/logo\\\/image\\\/\",\"url\":\"https:\\\/\\\/blogdofarnesio.com.br\\\/wp-content\\\/uploads\\\/2026\\\/03\\\/cropped-logo_new-1.png\",\"contentUrl\":\"https:\\\/\\\/blogdofarnesio.com.br\\\/wp-content\\\/uploads\\\/2026\\\/03\\\/cropped-logo_new-1.png\",\"width\":881,\"height\":685,\"caption\":\"Blog do Farn\u00e9sio\"},\"image\":{\"@id\":\"https:\\\/\\\/blogdofarnesio.com.br\\\/#\\\/schema\\\/logo\\\/image\\\/\"},\"sameAs\":[\"https:\\\/\\\/www.facebook.com\\\/BlogQuerSaberPolitica\\\/\"]},{\"@type\":\"Person\",\"@id\":\"\",\"url\":\"https:\\\/\\\/blogdofarnesio.com.br\\\/?author=7\"}]}<\/script>\n<!-- \/ Yoast SEO plugin. -->","yoast_head_json":{"title":"ODACY REFOR\u00c7A DEFESA DO RIO S\u00c3O FRANCISCO EM SEMIN\u00c1RIOS REALIZADOS EM PE E BA - Blog do Farn\u00e9sio","robots":{"index":"index","follow":"follow","max-snippet":"max-snippet:-1","max-image-preview":"max-image-preview:large","max-video-preview":"max-video-preview:-1"},"canonical":"https:\/\/blogdofarnesio.com.br\/?p=123879","og_locale":"pt_BR","og_type":"article","og_title":"ODACY REFOR\u00c7A DEFESA DO RIO S\u00c3O FRANCISCO EM SEMIN\u00c1RIOS REALIZADOS EM PE E BA - Blog do Farn\u00e9sio","og_description":"A preocupa\u00e7\u00e3o do deputado estadual Odacy Amorim, l\u00edder do PT na Assembleia Legislativa, com quest\u00f5es ligadas ao rio S\u00e3o Francisco, foi demonstrada em mais um evento destinado a discutir efeitos clim\u00e1ticos que ocasionaram a crise h\u00eddrica atual no Pa\u00eds e que tem preocupado a regi\u00e3o banhada pelo rio S\u00e3o Francisco. No semin\u00e1rio promovido pela Embrapa em Petrolina\/PE, nesta ter\u00e7a-feira, 19, Odacy voltou a citar o desafio que \u00e9 hoje proteger o rio. \u201cN\u00f3s temos uma preocupa\u00e7\u00e3o muito grande com a quest\u00e3o da revitaliza\u00e7\u00e3o do nosso Velho Chico. Sou presidente da Frente Parlamentar que defende o rio S\u00e3o Francisco e demais rios de Pernambuco e vemos muito os esgotos serem jogados nas nascentes dos rios, sem nenhum tipo de tratamento. O&hellip;","og_url":"https:\/\/blogdofarnesio.com.br\/?p=123879","og_site_name":"Blog do Farn\u00e9sio","article_publisher":"https:\/\/www.facebook.com\/BlogQuerSaberPolitica\/","article_published_time":"2015-05-21T18:40:04+00:00","og_image":[{"url":"http:\/\/www.quersaberpolitica.com.br\/2016\/wp-content\/uploads\/2013\/06\/blogqsp.odacy-poruncimmento-alepe-dia-14-do-11-2012-300x200.gif","type":"","width":"","height":""}],"twitter_card":"summary_large_image","twitter_misc":{"Escrito por":"","Est. tempo de leitura":"2 minutos"},"schema":{"@context":"https:\/\/schema.org","@graph":[{"@type":"Article","@id":"https:\/\/blogdofarnesio.com.br\/?p=123879#article","isPartOf":{"@id":"https:\/\/blogdofarnesio.com.br\/?p=123879"},"author":{"name":"","@id":""},"headline":"ODACY REFOR\u00c7A DEFESA DO RIO S\u00c3O FRANCISCO EM SEMIN\u00c1RIOS REALIZADOS EM PE E BA","datePublished":"2015-05-21T18:40:04+00:00","mainEntityOfPage":{"@id":"https:\/\/blogdofarnesio.com.br\/?p=123879"},"wordCount":441,"commentCount":1,"publisher":{"@id":"https:\/\/blogdofarnesio.com.br\/#organization"},"image":{"@id":"https:\/\/blogdofarnesio.com.br\/?p=123879#primaryimage"},"thumbnailUrl":"http:\/\/www.quersaberpolitica.com.br\/2016\/wp-content\/uploads\/2013\/06\/blogqsp.odacy-poruncimmento-alepe-dia-14-do-11-2012-300x200.gif","articleSection":["Pol\u00edtica"],"inLanguage":"pt-BR","potentialAction":[{"@type":"CommentAction","name":"Comment","target":["https:\/\/blogdofarnesio.com.br\/?p=123879#respond"]}]},{"@type":"WebPage","@id":"https:\/\/blogdofarnesio.com.br\/?p=123879","url":"https:\/\/blogdofarnesio.com.br\/?p=123879","name":"ODACY REFOR\u00c7A DEFESA DO RIO S\u00c3O FRANCISCO EM SEMIN\u00c1RIOS REALIZADOS EM PE E BA - Blog do Farn\u00e9sio","isPartOf":{"@id":"https:\/\/blogdofarnesio.com.br\/#website"},"primaryImageOfPage":{"@id":"https:\/\/blogdofarnesio.com.br\/?p=123879#primaryimage"},"image":{"@id":"https:\/\/blogdofarnesio.com.br\/?p=123879#primaryimage"},"thumbnailUrl":"http:\/\/www.quersaberpolitica.com.br\/2016\/wp-content\/uploads\/2013\/06\/blogqsp.odacy-poruncimmento-alepe-dia-14-do-11-2012-300x200.gif","datePublished":"2015-05-21T18:40:04+00:00","breadcrumb":{"@id":"https:\/\/blogdofarnesio.com.br\/?p=123879#breadcrumb"},"inLanguage":"pt-BR","potentialAction":[{"@type":"ReadAction","target":["https:\/\/blogdofarnesio.com.br\/?p=123879"]}]},{"@type":"ImageObject","inLanguage":"pt-BR","@id":"https:\/\/blogdofarnesio.com.br\/?p=123879#primaryimage","url":"http:\/\/www.quersaberpolitica.com.br\/2016\/wp-content\/uploads\/2013\/06\/blogqsp.odacy-poruncimmento-alepe-dia-14-do-11-2012-300x200.gif","contentUrl":"http:\/\/www.quersaberpolitica.com.br\/2016\/wp-content\/uploads\/2013\/06\/blogqsp.odacy-poruncimmento-alepe-dia-14-do-11-2012-300x200.gif"},{"@type":"BreadcrumbList","@id":"https:\/\/blogdofarnesio.com.br\/?p=123879#breadcrumb","itemListElement":[{"@type":"ListItem","position":1,"name":"In\u00edcio","item":"https:\/\/blogdofarnesio.com.br\/"},{"@type":"ListItem","position":2,"name":"ODACY REFOR\u00c7A DEFESA DO RIO S\u00c3O FRANCISCO EM SEMIN\u00c1RIOS REALIZADOS EM PE E BA"}]},{"@type":"WebSite","@id":"https:\/\/blogdofarnesio.com.br\/#website","url":"https:\/\/blogdofarnesio.com.br\/","name":"Blog do Farn\u00e9sio","description":"Quer Saber Pol\u00edtica?","publisher":{"@id":"https:\/\/blogdofarnesio.com.br\/#organization"},"potentialAction":[{"@type":"SearchAction","target":{"@type":"EntryPoint","urlTemplate":"https:\/\/blogdofarnesio.com.br\/?s={search_term_string}"},"query-input":{"@type":"PropertyValueSpecification","valueRequired":true,"valueName":"search_term_string"}}],"inLanguage":"pt-BR"},{"@type":"Organization","@id":"https:\/\/blogdofarnesio.com.br\/#organization","name":"Blog do Farn\u00e9sio","url":"https:\/\/blogdofarnesio.com.br\/","logo":{"@type":"ImageObject","inLanguage":"pt-BR","@id":"https:\/\/blogdofarnesio.com.br\/#\/schema\/logo\/image\/","url":"https:\/\/blogdofarnesio.com.br\/wp-content\/uploads\/2026\/03\/cropped-logo_new-1.png","contentUrl":"https:\/\/blogdofarnesio.com.br\/wp-content\/uploads\/2026\/03\/cropped-logo_new-1.png","width":881,"height":685,"caption":"Blog do Farn\u00e9sio"},"image":{"@id":"https:\/\/blogdofarnesio.com.br\/#\/schema\/logo\/image\/"},"sameAs":["https:\/\/www.facebook.com\/BlogQuerSaberPolitica\/"]},{"@type":"Person","@id":"","url":"https:\/\/blogdofarnesio.com.br\/?author=7"}]}},"_links":{"self":[{"href":"https:\/\/blogdofarnesio.com.br\/index.php?rest_route=\/wp\/v2\/posts\/123879","targetHints":{"allow":["GET"]}}],"collection":[{"href":"https:\/\/blogdofarnesio.com.br\/index.php?rest_route=\/wp\/v2\/posts"}],"about":[{"href":"https:\/\/blogdofarnesio.com.br\/index.php?rest_route=\/wp\/v2\/types\/post"}],"author":[{"embeddable":true,"href":"https:\/\/blogdofarnesio.com.br\/index.php?rest_route=\/wp\/v2\/users\/7"}],"replies":[{"embeddable":true,"href":"https:\/\/blogdofarnesio.com.br\/index.php?rest_route=%2Fwp%2Fv2%2Fcomments&post=123879"}],"version-history":[{"count":0,"href":"https:\/\/blogdofarnesio.com.br\/index.php?rest_route=\/wp\/v2\/posts\/123879\/revisions"}],"wp:attachment":[{"href":"https:\/\/blogdofarnesio.com.br\/index.php?rest_route=%2Fwp%2Fv2%2Fmedia&parent=123879"}],"wp:term":[{"taxonomy":"category","embeddable":true,"href":"https:\/\/blogdofarnesio.com.br\/index.php?rest_route=%2Fwp%2Fv2%2Fcategories&post=123879"},{"taxonomy":"post_tag","embeddable":true,"href":"https:\/\/blogdofarnesio.com.br\/index.php?rest_route=%2Fwp%2Fv2%2Ftags&post=123879"}],"curies":[{"name":"wp","href":"https:\/\/api.w.org\/{rel}","templated":true}]}}