{"id":123861,"date":"2015-05-19T14:00:00","date_gmt":"2015-05-19T17:00:00","guid":{"rendered":"http:\/\/www.quersaberpolitica.com.br\/?p=123861"},"modified":"2015-05-19T11:33:23","modified_gmt":"2015-05-19T14:33:23","slug":"combate-a-muricoca-e-dengue-e-intensificado-com-carro-fumace-em-juazeiro","status":"publish","type":"post","link":"https:\/\/blogdofarnesio.com.br\/?p=123861","title":{"rendered":"COMBATE \u00c0 MURI\u00c7OCA E DENGUE \u00c9 INTENSIFICADO COM CARRO FUMAC\u00ca EM JUAZEIRO"},"content":{"rendered":"<p style=\"text-align: justify\"><a href=\"http:\/\/www.quersaberpolitica.com.br\/2016\/wp-content\/uploads\/2013\/10\/fumace-itatiaia640.jpg\"><img loading=\"lazy\" decoding=\"async\" class=\" size-full wp-image-62300 aligncenter\" src=\"http:\/\/www.quersaberpolitica.com.br\/2016\/wp-content\/uploads\/2013\/10\/fumace-itatiaia640.jpg\" alt=\"blogqqsp.fumace\" width=\"300\" height=\"225\" \/><\/a><\/p>\n<p style=\"text-align: justify\">A Prefeitura de Juazeiro, atrav\u00e9s da Secretaria de Sa\u00fade vem intensificando desde 2013 o combate \u00e0s muri\u00e7ocas e ao mosquito transmissor da dengue \u2013 Aedes Aegypti no munic\u00edpio, atrav\u00e9s da circula\u00e7\u00e3o do carro fumac\u00ea, que agem diretamente nos focos dos mosquitos, a\u00e7\u00e3o esta que j\u00e1 foi realizada em todos os bairros de Juazeiro e segue uma programa\u00e7\u00e3o semanal.<\/p>\n<p style=\"text-align: justify\">\u00a0As equipes t\u00e9cnicas trabalham com o fumac\u00ea das 18h \u00e0s 20h30. A fuma\u00e7a utilizada para combater os mosquitos n\u00e3o traz nenhum preju\u00edzo \u00e0 sa\u00fade da popula\u00e7\u00e3o, pois \u00e9 recomendada pelo Minist\u00e9rio da Sa\u00fade. A orienta\u00e7\u00e3o da Secretaria de Sa\u00fade \u00e9 que \u00e0 popula\u00e7\u00e3o, ao perceber que os agentes est\u00e3o se aproximando das resid\u00eancias com o carro, abram as portas das resid\u00eancias para que o fumac\u00ea tenha maior efici\u00eancia. Confira o cronograma dos pr\u00f3ximos combates aos focos de muri\u00e7oca e dengue:<\/p>\n<p style=\"text-align: justify\"><strong>PROGRAMA\u00c7\u00c3O<\/strong><\/p>\n<table width=\"621\">\n<tbody>\n<tr>\n<td width=\"345\">Jardim Fl\u00f3rida<\/td>\n<td width=\"118\">19\/05\/2015<\/td>\n<td width=\"158\">18h \u00e0s 20h30<\/td>\n<\/tr>\n<tr>\n<td width=\"345\">Piranga<\/td>\n<td width=\"118\">20\/05\/2015<\/td>\n<td width=\"158\">18h \u00e0s 20h30<\/td>\n<\/tr>\n<tr>\n<td width=\"345\">Jardim S\u00e3o Paulo<\/td>\n<td width=\"118\">21\/05\/2015<\/td>\n<td width=\"158\">18h \u00e0s 20h30<\/td>\n<\/tr>\n<tr>\n<td width=\"345\">Jo\u00e3o XXIII<\/td>\n<td width=\"118\">22\/05\/2015<\/td>\n<td width=\"158\">18h \u00e0s 20h30<\/td>\n<\/tr>\n<tr>\n<td width=\"345\">Itaberaba<\/td>\n<td width=\"118\">23\/05\/2015<\/td>\n<td width=\"158\">18h \u00e0s 20h30<\/td>\n<\/tr>\n<\/tbody>\n<\/table>\n<p style=\"text-align: justify\"><strong>\u00a0<em>Por Daniela Duarte\/SESAU<\/em><\/strong><\/p>\n","protected":false},"excerpt":{"rendered":"<p>A Prefeitura de Juazeiro, atrav\u00e9s da Secretaria de Sa\u00fade vem intensificando desde 2013 o combate \u00e0s muri\u00e7ocas e ao mosquito transmissor da dengue \u2013 Aedes Aegypti no munic\u00edpio, atrav\u00e9s da circula\u00e7\u00e3o do carro fumac\u00ea, que agem diretamente nos focos dos mosquitos, a\u00e7\u00e3o esta que j\u00e1 foi realizada em todos os bairros de Juazeiro e segue uma programa\u00e7\u00e3o semanal. \u00a0As equipes t\u00e9cnicas trabalham com o fumac\u00ea das 18h \u00e0s 20h30. A fuma\u00e7a utilizada para combater os mosquitos n\u00e3o traz nenhum preju\u00edzo \u00e0 sa\u00fade da popula\u00e7\u00e3o, pois \u00e9 recomendada pelo Minist\u00e9rio da Sa\u00fade. A orienta\u00e7\u00e3o da Secretaria de Sa\u00fade \u00e9 que \u00e0 popula\u00e7\u00e3o, ao perceber que os agentes est\u00e3o se aproximando das resid\u00eancias com o carro, abram as portas das resid\u00eancias para&hellip; <\/p>\n","protected":false},"author":7,"featured_media":0,"comment_status":"open","ping_status":"open","sticky":false,"template":"","format":"standard","meta":{"_acf_changed":false,"footnotes":""},"categories":[4],"tags":[],"class_list":["post-123861","post","type-post","status-publish","format-standard","hentry","category-saude"],"acf":[],"yoast_head":"<!-- This site is optimized with the Yoast SEO plugin v27.4 - https:\/\/yoast.com\/product\/yoast-seo-wordpress\/ -->\n<title>COMBATE \u00c0 MURI\u00c7OCA E DENGUE \u00c9 INTENSIFICADO COM CARRO FUMAC\u00ca EM JUAZEIRO - Blog do Farn\u00e9sio<\/title>\n<meta name=\"robots\" content=\"index, follow, max-snippet:-1, max-image-preview:large, max-video-preview:-1\" \/>\n<link rel=\"canonical\" href=\"https:\/\/blogdofarnesio.com.br\/?p=123861\" \/>\n<meta property=\"og:locale\" content=\"pt_BR\" \/>\n<meta property=\"og:type\" content=\"article\" \/>\n<meta property=\"og:title\" content=\"COMBATE \u00c0 MURI\u00c7OCA E DENGUE \u00c9 INTENSIFICADO COM CARRO FUMAC\u00ca EM JUAZEIRO - Blog do Farn\u00e9sio\" \/>\n<meta property=\"og:description\" content=\"A Prefeitura de Juazeiro, atrav\u00e9s da Secretaria de Sa\u00fade vem intensificando desde 2013 o combate \u00e0s muri\u00e7ocas e ao mosquito transmissor da dengue \u2013 Aedes Aegypti no munic\u00edpio, atrav\u00e9s da circula\u00e7\u00e3o do carro fumac\u00ea, que agem diretamente nos focos dos mosquitos, a\u00e7\u00e3o esta que j\u00e1 foi realizada em todos os bairros de Juazeiro e segue uma programa\u00e7\u00e3o semanal. \u00a0As equipes t\u00e9cnicas trabalham com o fumac\u00ea das 18h \u00e0s 20h30. A fuma\u00e7a utilizada para combater os mosquitos n\u00e3o traz nenhum preju\u00edzo \u00e0 sa\u00fade da popula\u00e7\u00e3o, pois \u00e9 recomendada pelo Minist\u00e9rio da Sa\u00fade. A orienta\u00e7\u00e3o da Secretaria de Sa\u00fade \u00e9 que \u00e0 popula\u00e7\u00e3o, ao perceber que os agentes est\u00e3o se aproximando das resid\u00eancias com o carro, abram as portas das resid\u00eancias para&hellip;\" \/>\n<meta property=\"og:url\" content=\"https:\/\/blogdofarnesio.com.br\/?p=123861\" \/>\n<meta property=\"og:site_name\" content=\"Blog do Farn\u00e9sio\" \/>\n<meta property=\"article:publisher\" content=\"https:\/\/www.facebook.com\/BlogQuerSaberPolitica\/\" \/>\n<meta property=\"article:published_time\" content=\"2015-05-19T17:00:00+00:00\" \/>\n<meta property=\"og:image\" content=\"http:\/\/www.quersaberpolitica.com.br\/2016\/wp-content\/uploads\/2013\/10\/fumace-itatiaia640.jpg\" \/>\n<meta name=\"twitter:card\" content=\"summary_large_image\" \/>\n<meta name=\"twitter:label1\" content=\"Escrito por\" \/>\n\t<meta name=\"twitter:data1\" content=\"\" \/>\n\t<meta name=\"twitter:label2\" content=\"Est. tempo de leitura\" \/>\n\t<meta name=\"twitter:data2\" content=\"1 minuto\" \/>\n<script type=\"application\/ld+json\" class=\"yoast-schema-graph\">{\"@context\":\"https:\\\/\\\/schema.org\",\"@graph\":[{\"@type\":\"Article\",\"@id\":\"https:\\\/\\\/blogdofarnesio.com.br\\\/?p=123861#article\",\"isPartOf\":{\"@id\":\"https:\\\/\\\/blogdofarnesio.com.br\\\/?p=123861\"},\"author\":{\"name\":\"\",\"@id\":\"\"},\"headline\":\"COMBATE \u00c0 MURI\u00c7OCA E DENGUE \u00c9 INTENSIFICADO COM CARRO FUMAC\u00ca EM JUAZEIRO\",\"datePublished\":\"2015-05-19T17:00:00+00:00\",\"mainEntityOfPage\":{\"@id\":\"https:\\\/\\\/blogdofarnesio.com.br\\\/?p=123861\"},\"wordCount\":201,\"commentCount\":0,\"publisher\":{\"@id\":\"https:\\\/\\\/blogdofarnesio.com.br\\\/#organization\"},\"image\":{\"@id\":\"https:\\\/\\\/blogdofarnesio.com.br\\\/?p=123861#primaryimage\"},\"thumbnailUrl\":\"http:\\\/\\\/www.quersaberpolitica.com.br\\\/2016\\\/wp-content\\\/uploads\\\/2013\\\/10\\\/fumace-itatiaia640.jpg\",\"articleSection\":[\"Sa\u00fade\"],\"inLanguage\":\"pt-BR\",\"potentialAction\":[{\"@type\":\"CommentAction\",\"name\":\"Comment\",\"target\":[\"https:\\\/\\\/blogdofarnesio.com.br\\\/?p=123861#respond\"]}]},{\"@type\":\"WebPage\",\"@id\":\"https:\\\/\\\/blogdofarnesio.com.br\\\/?p=123861\",\"url\":\"https:\\\/\\\/blogdofarnesio.com.br\\\/?p=123861\",\"name\":\"COMBATE \u00c0 MURI\u00c7OCA E DENGUE \u00c9 INTENSIFICADO COM CARRO FUMAC\u00ca EM JUAZEIRO - Blog do Farn\u00e9sio\",\"isPartOf\":{\"@id\":\"https:\\\/\\\/blogdofarnesio.com.br\\\/#website\"},\"primaryImageOfPage\":{\"@id\":\"https:\\\/\\\/blogdofarnesio.com.br\\\/?p=123861#primaryimage\"},\"image\":{\"@id\":\"https:\\\/\\\/blogdofarnesio.com.br\\\/?p=123861#primaryimage\"},\"thumbnailUrl\":\"http:\\\/\\\/www.quersaberpolitica.com.br\\\/2016\\\/wp-content\\\/uploads\\\/2013\\\/10\\\/fumace-itatiaia640.jpg\",\"datePublished\":\"2015-05-19T17:00:00+00:00\",\"breadcrumb\":{\"@id\":\"https:\\\/\\\/blogdofarnesio.com.br\\\/?p=123861#breadcrumb\"},\"inLanguage\":\"pt-BR\",\"potentialAction\":[{\"@type\":\"ReadAction\",\"target\":[\"https:\\\/\\\/blogdofarnesio.com.br\\\/?p=123861\"]}]},{\"@type\":\"ImageObject\",\"inLanguage\":\"pt-BR\",\"@id\":\"https:\\\/\\\/blogdofarnesio.com.br\\\/?p=123861#primaryimage\",\"url\":\"http:\\\/\\\/www.quersaberpolitica.com.br\\\/2016\\\/wp-content\\\/uploads\\\/2013\\\/10\\\/fumace-itatiaia640.jpg\",\"contentUrl\":\"http:\\\/\\\/www.quersaberpolitica.com.br\\\/2016\\\/wp-content\\\/uploads\\\/2013\\\/10\\\/fumace-itatiaia640.jpg\"},{\"@type\":\"BreadcrumbList\",\"@id\":\"https:\\\/\\\/blogdofarnesio.com.br\\\/?p=123861#breadcrumb\",\"itemListElement\":[{\"@type\":\"ListItem\",\"position\":1,\"name\":\"In\u00edcio\",\"item\":\"https:\\\/\\\/blogdofarnesio.com.br\\\/\"},{\"@type\":\"ListItem\",\"position\":2,\"name\":\"COMBATE \u00c0 MURI\u00c7OCA E DENGUE \u00c9 INTENSIFICADO COM CARRO FUMAC\u00ca EM JUAZEIRO\"}]},{\"@type\":\"WebSite\",\"@id\":\"https:\\\/\\\/blogdofarnesio.com.br\\\/#website\",\"url\":\"https:\\\/\\\/blogdofarnesio.com.br\\\/\",\"name\":\"Blog do Farn\u00e9sio\",\"description\":\"Quer Saber Pol\u00edtica?\",\"publisher\":{\"@id\":\"https:\\\/\\\/blogdofarnesio.com.br\\\/#organization\"},\"potentialAction\":[{\"@type\":\"SearchAction\",\"target\":{\"@type\":\"EntryPoint\",\"urlTemplate\":\"https:\\\/\\\/blogdofarnesio.com.br\\\/?s={search_term_string}\"},\"query-input\":{\"@type\":\"PropertyValueSpecification\",\"valueRequired\":true,\"valueName\":\"search_term_string\"}}],\"inLanguage\":\"pt-BR\"},{\"@type\":\"Organization\",\"@id\":\"https:\\\/\\\/blogdofarnesio.com.br\\\/#organization\",\"name\":\"Blog do Farn\u00e9sio\",\"url\":\"https:\\\/\\\/blogdofarnesio.com.br\\\/\",\"logo\":{\"@type\":\"ImageObject\",\"inLanguage\":\"pt-BR\",\"@id\":\"https:\\\/\\\/blogdofarnesio.com.br\\\/#\\\/schema\\\/logo\\\/image\\\/\",\"url\":\"https:\\\/\\\/blogdofarnesio.com.br\\\/wp-content\\\/uploads\\\/2026\\\/03\\\/cropped-logo_new-1.png\",\"contentUrl\":\"https:\\\/\\\/blogdofarnesio.com.br\\\/wp-content\\\/uploads\\\/2026\\\/03\\\/cropped-logo_new-1.png\",\"width\":881,\"height\":685,\"caption\":\"Blog do Farn\u00e9sio\"},\"image\":{\"@id\":\"https:\\\/\\\/blogdofarnesio.com.br\\\/#\\\/schema\\\/logo\\\/image\\\/\"},\"sameAs\":[\"https:\\\/\\\/www.facebook.com\\\/BlogQuerSaberPolitica\\\/\"]},{\"@type\":\"Person\",\"@id\":\"\",\"url\":\"https:\\\/\\\/blogdofarnesio.com.br\\\/?author=7\"}]}<\/script>\n<!-- \/ Yoast SEO plugin. -->","yoast_head_json":{"title":"COMBATE \u00c0 MURI\u00c7OCA E DENGUE \u00c9 INTENSIFICADO COM CARRO FUMAC\u00ca EM JUAZEIRO - Blog do Farn\u00e9sio","robots":{"index":"index","follow":"follow","max-snippet":"max-snippet:-1","max-image-preview":"max-image-preview:large","max-video-preview":"max-video-preview:-1"},"canonical":"https:\/\/blogdofarnesio.com.br\/?p=123861","og_locale":"pt_BR","og_type":"article","og_title":"COMBATE \u00c0 MURI\u00c7OCA E DENGUE \u00c9 INTENSIFICADO COM CARRO FUMAC\u00ca EM JUAZEIRO - Blog do Farn\u00e9sio","og_description":"A Prefeitura de Juazeiro, atrav\u00e9s da Secretaria de Sa\u00fade vem intensificando desde 2013 o combate \u00e0s muri\u00e7ocas e ao mosquito transmissor da dengue \u2013 Aedes Aegypti no munic\u00edpio, atrav\u00e9s da circula\u00e7\u00e3o do carro fumac\u00ea, que agem diretamente nos focos dos mosquitos, a\u00e7\u00e3o esta que j\u00e1 foi realizada em todos os bairros de Juazeiro e segue uma programa\u00e7\u00e3o semanal. \u00a0As equipes t\u00e9cnicas trabalham com o fumac\u00ea das 18h \u00e0s 20h30. A fuma\u00e7a utilizada para combater os mosquitos n\u00e3o traz nenhum preju\u00edzo \u00e0 sa\u00fade da popula\u00e7\u00e3o, pois \u00e9 recomendada pelo Minist\u00e9rio da Sa\u00fade. A orienta\u00e7\u00e3o da Secretaria de Sa\u00fade \u00e9 que \u00e0 popula\u00e7\u00e3o, ao perceber que os agentes est\u00e3o se aproximando das resid\u00eancias com o carro, abram as portas das resid\u00eancias para&hellip;","og_url":"https:\/\/blogdofarnesio.com.br\/?p=123861","og_site_name":"Blog do Farn\u00e9sio","article_publisher":"https:\/\/www.facebook.com\/BlogQuerSaberPolitica\/","article_published_time":"2015-05-19T17:00:00+00:00","og_image":[{"url":"http:\/\/www.quersaberpolitica.com.br\/2016\/wp-content\/uploads\/2013\/10\/fumace-itatiaia640.jpg","type":"","width":"","height":""}],"twitter_card":"summary_large_image","twitter_misc":{"Escrito por":"","Est. tempo de leitura":"1 minuto"},"schema":{"@context":"https:\/\/schema.org","@graph":[{"@type":"Article","@id":"https:\/\/blogdofarnesio.com.br\/?p=123861#article","isPartOf":{"@id":"https:\/\/blogdofarnesio.com.br\/?p=123861"},"author":{"name":"","@id":""},"headline":"COMBATE \u00c0 MURI\u00c7OCA E DENGUE \u00c9 INTENSIFICADO COM CARRO FUMAC\u00ca EM JUAZEIRO","datePublished":"2015-05-19T17:00:00+00:00","mainEntityOfPage":{"@id":"https:\/\/blogdofarnesio.com.br\/?p=123861"},"wordCount":201,"commentCount":0,"publisher":{"@id":"https:\/\/blogdofarnesio.com.br\/#organization"},"image":{"@id":"https:\/\/blogdofarnesio.com.br\/?p=123861#primaryimage"},"thumbnailUrl":"http:\/\/www.quersaberpolitica.com.br\/2016\/wp-content\/uploads\/2013\/10\/fumace-itatiaia640.jpg","articleSection":["Sa\u00fade"],"inLanguage":"pt-BR","potentialAction":[{"@type":"CommentAction","name":"Comment","target":["https:\/\/blogdofarnesio.com.br\/?p=123861#respond"]}]},{"@type":"WebPage","@id":"https:\/\/blogdofarnesio.com.br\/?p=123861","url":"https:\/\/blogdofarnesio.com.br\/?p=123861","name":"COMBATE \u00c0 MURI\u00c7OCA E DENGUE \u00c9 INTENSIFICADO COM CARRO FUMAC\u00ca EM JUAZEIRO - Blog do Farn\u00e9sio","isPartOf":{"@id":"https:\/\/blogdofarnesio.com.br\/#website"},"primaryImageOfPage":{"@id":"https:\/\/blogdofarnesio.com.br\/?p=123861#primaryimage"},"image":{"@id":"https:\/\/blogdofarnesio.com.br\/?p=123861#primaryimage"},"thumbnailUrl":"http:\/\/www.quersaberpolitica.com.br\/2016\/wp-content\/uploads\/2013\/10\/fumace-itatiaia640.jpg","datePublished":"2015-05-19T17:00:00+00:00","breadcrumb":{"@id":"https:\/\/blogdofarnesio.com.br\/?p=123861#breadcrumb"},"inLanguage":"pt-BR","potentialAction":[{"@type":"ReadAction","target":["https:\/\/blogdofarnesio.com.br\/?p=123861"]}]},{"@type":"ImageObject","inLanguage":"pt-BR","@id":"https:\/\/blogdofarnesio.com.br\/?p=123861#primaryimage","url":"http:\/\/www.quersaberpolitica.com.br\/2016\/wp-content\/uploads\/2013\/10\/fumace-itatiaia640.jpg","contentUrl":"http:\/\/www.quersaberpolitica.com.br\/2016\/wp-content\/uploads\/2013\/10\/fumace-itatiaia640.jpg"},{"@type":"BreadcrumbList","@id":"https:\/\/blogdofarnesio.com.br\/?p=123861#breadcrumb","itemListElement":[{"@type":"ListItem","position":1,"name":"In\u00edcio","item":"https:\/\/blogdofarnesio.com.br\/"},{"@type":"ListItem","position":2,"name":"COMBATE \u00c0 MURI\u00c7OCA E DENGUE \u00c9 INTENSIFICADO COM CARRO FUMAC\u00ca EM JUAZEIRO"}]},{"@type":"WebSite","@id":"https:\/\/blogdofarnesio.com.br\/#website","url":"https:\/\/blogdofarnesio.com.br\/","name":"Blog do Farn\u00e9sio","description":"Quer Saber Pol\u00edtica?","publisher":{"@id":"https:\/\/blogdofarnesio.com.br\/#organization"},"potentialAction":[{"@type":"SearchAction","target":{"@type":"EntryPoint","urlTemplate":"https:\/\/blogdofarnesio.com.br\/?s={search_term_string}"},"query-input":{"@type":"PropertyValueSpecification","valueRequired":true,"valueName":"search_term_string"}}],"inLanguage":"pt-BR"},{"@type":"Organization","@id":"https:\/\/blogdofarnesio.com.br\/#organization","name":"Blog do Farn\u00e9sio","url":"https:\/\/blogdofarnesio.com.br\/","logo":{"@type":"ImageObject","inLanguage":"pt-BR","@id":"https:\/\/blogdofarnesio.com.br\/#\/schema\/logo\/image\/","url":"https:\/\/blogdofarnesio.com.br\/wp-content\/uploads\/2026\/03\/cropped-logo_new-1.png","contentUrl":"https:\/\/blogdofarnesio.com.br\/wp-content\/uploads\/2026\/03\/cropped-logo_new-1.png","width":881,"height":685,"caption":"Blog do Farn\u00e9sio"},"image":{"@id":"https:\/\/blogdofarnesio.com.br\/#\/schema\/logo\/image\/"},"sameAs":["https:\/\/www.facebook.com\/BlogQuerSaberPolitica\/"]},{"@type":"Person","@id":"","url":"https:\/\/blogdofarnesio.com.br\/?author=7"}]}},"_links":{"self":[{"href":"https:\/\/blogdofarnesio.com.br\/index.php?rest_route=\/wp\/v2\/posts\/123861","targetHints":{"allow":["GET"]}}],"collection":[{"href":"https:\/\/blogdofarnesio.com.br\/index.php?rest_route=\/wp\/v2\/posts"}],"about":[{"href":"https:\/\/blogdofarnesio.com.br\/index.php?rest_route=\/wp\/v2\/types\/post"}],"author":[{"embeddable":true,"href":"https:\/\/blogdofarnesio.com.br\/index.php?rest_route=\/wp\/v2\/users\/7"}],"replies":[{"embeddable":true,"href":"https:\/\/blogdofarnesio.com.br\/index.php?rest_route=%2Fwp%2Fv2%2Fcomments&post=123861"}],"version-history":[{"count":0,"href":"https:\/\/blogdofarnesio.com.br\/index.php?rest_route=\/wp\/v2\/posts\/123861\/revisions"}],"wp:attachment":[{"href":"https:\/\/blogdofarnesio.com.br\/index.php?rest_route=%2Fwp%2Fv2%2Fmedia&parent=123861"}],"wp:term":[{"taxonomy":"category","embeddable":true,"href":"https:\/\/blogdofarnesio.com.br\/index.php?rest_route=%2Fwp%2Fv2%2Fcategories&post=123861"},{"taxonomy":"post_tag","embeddable":true,"href":"https:\/\/blogdofarnesio.com.br\/index.php?rest_route=%2Fwp%2Fv2%2Ftags&post=123861"}],"curies":[{"name":"wp","href":"https:\/\/api.w.org\/{rel}","templated":true}]}}