{"id":123834,"date":"2015-05-19T08:04:17","date_gmt":"2015-05-19T11:04:17","guid":{"rendered":"http:\/\/www.quersaberpolitica.com.br\/?p=123834"},"modified":"2015-05-18T21:14:05","modified_gmt":"2015-05-19T00:14:05","slug":"depois-de-perder-a-presidencia-por-uma-elba-agora-collor-acusado-de-lavagem","status":"publish","type":"post","link":"https:\/\/blogdofarnesio.com.br\/?p=123834","title":{"rendered":"DEPOIS DE PERDER A PRESID\u00caNCIA POR UMA ELBA, AGORA COLLOR \u00c9 ACUSADO DE LAVAGEM"},"content":{"rendered":"<div class=\"row change_font\">\n<div class=\"col-md-12\" style=\"text-align: justify\"><img loading=\"lazy\" decoding=\"async\" class=\"img-responsive aligncenter\" src=\"http:\/\/www.diariodopoder.com.br\/style\/images\/images\/Fernando%20Collor%20by%20Geraldo%20Magela.jpg\" alt=\"\" width=\"419\" height=\"283\" \/><\/p>\n<div style=\"text-align: center\">MINISTRO DO STF ATENDEU AO PEDIDO FEITO PELOS INVESTIGADORES. FOTO: GERALDO MAGELA\/SENADO<\/div>\n<\/div>\n<div class=\"col-md-12 font_a\">\n<p style=\"text-align: justify\"><strong>DP<\/strong> &#8211; O ministro Teori Zavascki, relator da Opera\u00e7\u00e3o Lava Jato no Supremo Tribunal Federal (STF), autorizou a quebra de sigilo banc\u00e1rio e fiscal do senador Fernando Collor (PTB-AL), no per\u00edodo de 1\u00ba de janeiro de 2011 a 1\u00ba de abril de 2014, conforme solicitado pela Procuradoria-Geral da Rep\u00fablica (PGR). O pedido foi realizado no \u00faltimo dia 7 pelos investigadores e deferido na \u00faltima quinta-feira, 15. O caso tramita em segredo de justi\u00e7a na Corte.<\/p>\n<p style=\"text-align: justify\">O senador \u00e9 um dos 50 investigados perante o STF por suposto envolvimento no esc\u00e2ndalo de corrup\u00e7\u00e3o envolvendo a Petrobras, deflagrado pela Lava Jato. A quebra de sigilo foi solicitada pelos procuradores para checar eventuais dep\u00f3sitos mencionados pelos delatores da Lava Jato.<\/p>\n<p style=\"text-align: justify\">Al\u00e9m de Collor, Zavascki autorizou quebra de sigilo banc\u00e1rio de outras pessoas, entre elas Pedro Paulo Leoni, um dos supostos operadores do esquema. O ministro tamb\u00e9m autorizou a quebra de sigilo banc\u00e1rio de empresas. O doleiro Alberto Youssef disse durante processo de dela\u00e7\u00e3o premiada que fez &#8220;v\u00e1rios dep\u00f3sitos&#8221; a Collor, al\u00e9m de ter autorizado entregas de dinheiro em esp\u00e9cie ao senador.<\/p>\n<p style=\"text-align: justify\">Durante busca e apreens\u00e3o no escrit\u00f3rio de Youssef, investigadores encontraram dep\u00f3sitos banc\u00e1rios em nome do parlamentar, que somam R$ 50 mil, entre os dias 2 e 5 de maio de 2013.<\/p>\n<\/div>\n<\/div>\n<p><!--more--><\/p>\n<p style=\"text-align: justify\">Na semana passada, ap\u00f3s o pedido de quebra de sigilo, Collor protocolou quatro representa\u00e7\u00f5es contra o procurador-geral da Rep\u00fablica, Rodrigo Janot, questionando decis\u00f5es e alegando &#8220;crimes de responsabilidade&#8221;. Nos pedidos, o parlamentar pede que a Mesa Diretora do Senado forme uma comiss\u00e3o para analisar o caso e emitir um parecer. A decis\u00e3o final cabe ao Plen\u00e1rio da casa e poderia se transformar em um processo de impeachment do procurador-geral.<\/p>\n<p style=\"text-align: justify\">Zavascki tamb\u00e9m autorizou a quebra de sigilo banc\u00e1rio do ex-deputado Jo\u00e3o Pizzolatti (PP-SC), referente ao per\u00edodo de janeiro de 2009 a janeiro de 2012. Youssef afirmou que o ex-deputado compunha um grupo de parlamentares do PP que atuava na &#8220;operacionaliza\u00e7\u00e3o do esquema de corrup\u00e7\u00e3o&#8221; de forma &#8220;est\u00e1vel e perene&#8221;. (AE)<\/p>\n","protected":false},"excerpt":{"rendered":"<p>MINISTRO DO STF ATENDEU AO PEDIDO FEITO PELOS INVESTIGADORES. FOTO: GERALDO MAGELA\/SENADO DP &#8211; O ministro Teori Zavascki, relator da Opera\u00e7\u00e3o Lava Jato no Supremo Tribunal Federal (STF), autorizou a quebra de sigilo banc\u00e1rio e fiscal do senador Fernando Collor (PTB-AL), no per\u00edodo de 1\u00ba de janeiro de 2011 a 1\u00ba de abril de 2014, conforme solicitado pela Procuradoria-Geral da Rep\u00fablica (PGR). O pedido foi realizado no \u00faltimo dia 7 pelos investigadores e deferido na \u00faltima quinta-feira, 15. O caso tramita em segredo de justi\u00e7a na Corte. O senador \u00e9 um dos 50 investigados perante o STF por suposto envolvimento no esc\u00e2ndalo de corrup\u00e7\u00e3o envolvendo a Petrobras, deflagrado pela Lava Jato. A quebra de sigilo foi solicitada pelos procuradores para&hellip; <\/p>\n","protected":false},"author":3,"featured_media":0,"comment_status":"open","ping_status":"open","sticky":false,"template":"","format":"standard","meta":{"_acf_changed":false,"footnotes":""},"categories":[1],"tags":[],"class_list":["post-123834","post","type-post","status-publish","format-standard","hentry","category-politica"],"acf":[],"yoast_head":"<!-- This site is optimized with the Yoast SEO plugin v27.4 - https:\/\/yoast.com\/product\/yoast-seo-wordpress\/ -->\n<title>DEPOIS DE PERDER A PRESID\u00caNCIA POR UMA ELBA, AGORA COLLOR \u00c9 ACUSADO DE LAVAGEM - Blog do Farn\u00e9sio<\/title>\n<meta name=\"robots\" content=\"index, follow, max-snippet:-1, max-image-preview:large, max-video-preview:-1\" \/>\n<link rel=\"canonical\" href=\"https:\/\/blogdofarnesio.com.br\/?p=123834\" \/>\n<meta property=\"og:locale\" content=\"pt_BR\" \/>\n<meta property=\"og:type\" content=\"article\" \/>\n<meta property=\"og:title\" content=\"DEPOIS DE PERDER A PRESID\u00caNCIA POR UMA ELBA, AGORA COLLOR \u00c9 ACUSADO DE LAVAGEM - Blog do Farn\u00e9sio\" \/>\n<meta property=\"og:description\" content=\"MINISTRO DO STF ATENDEU AO PEDIDO FEITO PELOS INVESTIGADORES. FOTO: GERALDO MAGELA\/SENADO DP &#8211; O ministro Teori Zavascki, relator da Opera\u00e7\u00e3o Lava Jato no Supremo Tribunal Federal (STF), autorizou a quebra de sigilo banc\u00e1rio e fiscal do senador Fernando Collor (PTB-AL), no per\u00edodo de 1\u00ba de janeiro de 2011 a 1\u00ba de abril de 2014, conforme solicitado pela Procuradoria-Geral da Rep\u00fablica (PGR). O pedido foi realizado no \u00faltimo dia 7 pelos investigadores e deferido na \u00faltima quinta-feira, 15. O caso tramita em segredo de justi\u00e7a na Corte. O senador \u00e9 um dos 50 investigados perante o STF por suposto envolvimento no esc\u00e2ndalo de corrup\u00e7\u00e3o envolvendo a Petrobras, deflagrado pela Lava Jato. A quebra de sigilo foi solicitada pelos procuradores para&hellip;\" \/>\n<meta property=\"og:url\" content=\"https:\/\/blogdofarnesio.com.br\/?p=123834\" \/>\n<meta property=\"og:site_name\" content=\"Blog do Farn\u00e9sio\" \/>\n<meta property=\"article:publisher\" content=\"https:\/\/www.facebook.com\/BlogQuerSaberPolitica\/\" \/>\n<meta property=\"article:published_time\" content=\"2015-05-19T11:04:17+00:00\" \/>\n<meta property=\"og:image\" content=\"http:\/\/www.diariodopoder.com.br\/style\/images\/images\/Fernando%20Collor%20by%20Geraldo%20Magela.jpg\" \/>\n<meta name=\"author\" content=\"teste\" \/>\n<meta name=\"twitter:card\" content=\"summary_large_image\" \/>\n<meta name=\"twitter:label1\" content=\"Escrito por\" \/>\n\t<meta name=\"twitter:data1\" content=\"teste\" \/>\n\t<meta name=\"twitter:label2\" content=\"Est. tempo de leitura\" \/>\n\t<meta name=\"twitter:data2\" content=\"2 minutos\" \/>\n<script type=\"application\/ld+json\" class=\"yoast-schema-graph\">{\"@context\":\"https:\\\/\\\/schema.org\",\"@graph\":[{\"@type\":\"Article\",\"@id\":\"https:\\\/\\\/blogdofarnesio.com.br\\\/?p=123834#article\",\"isPartOf\":{\"@id\":\"https:\\\/\\\/blogdofarnesio.com.br\\\/?p=123834\"},\"author\":{\"name\":\"teste\",\"@id\":\"https:\\\/\\\/blogdofarnesio.com.br\\\/#\\\/schema\\\/person\\\/dd1bf5eba40b687199ba45ca6b97dff9\"},\"headline\":\"DEPOIS DE PERDER A PRESID\u00caNCIA POR UMA ELBA, AGORA COLLOR \u00c9 ACUSADO DE LAVAGEM\",\"datePublished\":\"2015-05-19T11:04:17+00:00\",\"mainEntityOfPage\":{\"@id\":\"https:\\\/\\\/blogdofarnesio.com.br\\\/?p=123834\"},\"wordCount\":376,\"commentCount\":0,\"publisher\":{\"@id\":\"https:\\\/\\\/blogdofarnesio.com.br\\\/#organization\"},\"image\":{\"@id\":\"https:\\\/\\\/blogdofarnesio.com.br\\\/?p=123834#primaryimage\"},\"thumbnailUrl\":\"http:\\\/\\\/www.diariodopoder.com.br\\\/style\\\/images\\\/images\\\/Fernando%20Collor%20by%20Geraldo%20Magela.jpg\",\"articleSection\":[\"Pol\u00edtica\"],\"inLanguage\":\"pt-BR\",\"potentialAction\":[{\"@type\":\"CommentAction\",\"name\":\"Comment\",\"target\":[\"https:\\\/\\\/blogdofarnesio.com.br\\\/?p=123834#respond\"]}]},{\"@type\":\"WebPage\",\"@id\":\"https:\\\/\\\/blogdofarnesio.com.br\\\/?p=123834\",\"url\":\"https:\\\/\\\/blogdofarnesio.com.br\\\/?p=123834\",\"name\":\"DEPOIS DE PERDER A PRESID\u00caNCIA POR UMA ELBA, AGORA COLLOR \u00c9 ACUSADO DE LAVAGEM - Blog do Farn\u00e9sio\",\"isPartOf\":{\"@id\":\"https:\\\/\\\/blogdofarnesio.com.br\\\/#website\"},\"primaryImageOfPage\":{\"@id\":\"https:\\\/\\\/blogdofarnesio.com.br\\\/?p=123834#primaryimage\"},\"image\":{\"@id\":\"https:\\\/\\\/blogdofarnesio.com.br\\\/?p=123834#primaryimage\"},\"thumbnailUrl\":\"http:\\\/\\\/www.diariodopoder.com.br\\\/style\\\/images\\\/images\\\/Fernando%20Collor%20by%20Geraldo%20Magela.jpg\",\"datePublished\":\"2015-05-19T11:04:17+00:00\",\"breadcrumb\":{\"@id\":\"https:\\\/\\\/blogdofarnesio.com.br\\\/?p=123834#breadcrumb\"},\"inLanguage\":\"pt-BR\",\"potentialAction\":[{\"@type\":\"ReadAction\",\"target\":[\"https:\\\/\\\/blogdofarnesio.com.br\\\/?p=123834\"]}]},{\"@type\":\"ImageObject\",\"inLanguage\":\"pt-BR\",\"@id\":\"https:\\\/\\\/blogdofarnesio.com.br\\\/?p=123834#primaryimage\",\"url\":\"http:\\\/\\\/www.diariodopoder.com.br\\\/style\\\/images\\\/images\\\/Fernando%20Collor%20by%20Geraldo%20Magela.jpg\",\"contentUrl\":\"http:\\\/\\\/www.diariodopoder.com.br\\\/style\\\/images\\\/images\\\/Fernando%20Collor%20by%20Geraldo%20Magela.jpg\"},{\"@type\":\"BreadcrumbList\",\"@id\":\"https:\\\/\\\/blogdofarnesio.com.br\\\/?p=123834#breadcrumb\",\"itemListElement\":[{\"@type\":\"ListItem\",\"position\":1,\"name\":\"In\u00edcio\",\"item\":\"https:\\\/\\\/blogdofarnesio.com.br\\\/\"},{\"@type\":\"ListItem\",\"position\":2,\"name\":\"DEPOIS DE PERDER A PRESID\u00caNCIA POR UMA ELBA, AGORA COLLOR \u00c9 ACUSADO DE LAVAGEM\"}]},{\"@type\":\"WebSite\",\"@id\":\"https:\\\/\\\/blogdofarnesio.com.br\\\/#website\",\"url\":\"https:\\\/\\\/blogdofarnesio.com.br\\\/\",\"name\":\"Blog do Farn\u00e9sio\",\"description\":\"Quer Saber Pol\u00edtica?\",\"publisher\":{\"@id\":\"https:\\\/\\\/blogdofarnesio.com.br\\\/#organization\"},\"potentialAction\":[{\"@type\":\"SearchAction\",\"target\":{\"@type\":\"EntryPoint\",\"urlTemplate\":\"https:\\\/\\\/blogdofarnesio.com.br\\\/?s={search_term_string}\"},\"query-input\":{\"@type\":\"PropertyValueSpecification\",\"valueRequired\":true,\"valueName\":\"search_term_string\"}}],\"inLanguage\":\"pt-BR\"},{\"@type\":\"Organization\",\"@id\":\"https:\\\/\\\/blogdofarnesio.com.br\\\/#organization\",\"name\":\"Blog do Farn\u00e9sio\",\"url\":\"https:\\\/\\\/blogdofarnesio.com.br\\\/\",\"logo\":{\"@type\":\"ImageObject\",\"inLanguage\":\"pt-BR\",\"@id\":\"https:\\\/\\\/blogdofarnesio.com.br\\\/#\\\/schema\\\/logo\\\/image\\\/\",\"url\":\"https:\\\/\\\/blogdofarnesio.com.br\\\/wp-content\\\/uploads\\\/2026\\\/03\\\/cropped-logo_new-1.png\",\"contentUrl\":\"https:\\\/\\\/blogdofarnesio.com.br\\\/wp-content\\\/uploads\\\/2026\\\/03\\\/cropped-logo_new-1.png\",\"width\":881,\"height\":685,\"caption\":\"Blog do Farn\u00e9sio\"},\"image\":{\"@id\":\"https:\\\/\\\/blogdofarnesio.com.br\\\/#\\\/schema\\\/logo\\\/image\\\/\"},\"sameAs\":[\"https:\\\/\\\/www.facebook.com\\\/BlogQuerSaberPolitica\\\/\"]},{\"@type\":\"Person\",\"@id\":\"https:\\\/\\\/blogdofarnesio.com.br\\\/#\\\/schema\\\/person\\\/dd1bf5eba40b687199ba45ca6b97dff9\",\"name\":\"teste\",\"image\":{\"@type\":\"ImageObject\",\"inLanguage\":\"pt-BR\",\"@id\":\"https:\\\/\\\/secure.gravatar.com\\\/avatar\\\/2172498d4914b51e1d89a0f97957b035ac4938723a5cac208135d389b6972a6d?s=96&d=mm&r=g\",\"url\":\"https:\\\/\\\/secure.gravatar.com\\\/avatar\\\/2172498d4914b51e1d89a0f97957b035ac4938723a5cac208135d389b6972a6d?s=96&d=mm&r=g\",\"contentUrl\":\"https:\\\/\\\/secure.gravatar.com\\\/avatar\\\/2172498d4914b51e1d89a0f97957b035ac4938723a5cac208135d389b6972a6d?s=96&d=mm&r=g\",\"caption\":\"teste\"},\"url\":\"https:\\\/\\\/blogdofarnesio.com.br\\\/?author=3\"}]}<\/script>\n<!-- \/ Yoast SEO plugin. -->","yoast_head_json":{"title":"DEPOIS DE PERDER A PRESID\u00caNCIA POR UMA ELBA, AGORA COLLOR \u00c9 ACUSADO DE LAVAGEM - Blog do Farn\u00e9sio","robots":{"index":"index","follow":"follow","max-snippet":"max-snippet:-1","max-image-preview":"max-image-preview:large","max-video-preview":"max-video-preview:-1"},"canonical":"https:\/\/blogdofarnesio.com.br\/?p=123834","og_locale":"pt_BR","og_type":"article","og_title":"DEPOIS DE PERDER A PRESID\u00caNCIA POR UMA ELBA, AGORA COLLOR \u00c9 ACUSADO DE LAVAGEM - Blog do Farn\u00e9sio","og_description":"MINISTRO DO STF ATENDEU AO PEDIDO FEITO PELOS INVESTIGADORES. FOTO: GERALDO MAGELA\/SENADO DP &#8211; O ministro Teori Zavascki, relator da Opera\u00e7\u00e3o Lava Jato no Supremo Tribunal Federal (STF), autorizou a quebra de sigilo banc\u00e1rio e fiscal do senador Fernando Collor (PTB-AL), no per\u00edodo de 1\u00ba de janeiro de 2011 a 1\u00ba de abril de 2014, conforme solicitado pela Procuradoria-Geral da Rep\u00fablica (PGR). O pedido foi realizado no \u00faltimo dia 7 pelos investigadores e deferido na \u00faltima quinta-feira, 15. O caso tramita em segredo de justi\u00e7a na Corte. O senador \u00e9 um dos 50 investigados perante o STF por suposto envolvimento no esc\u00e2ndalo de corrup\u00e7\u00e3o envolvendo a Petrobras, deflagrado pela Lava Jato. A quebra de sigilo foi solicitada pelos procuradores para&hellip;","og_url":"https:\/\/blogdofarnesio.com.br\/?p=123834","og_site_name":"Blog do Farn\u00e9sio","article_publisher":"https:\/\/www.facebook.com\/BlogQuerSaberPolitica\/","article_published_time":"2015-05-19T11:04:17+00:00","og_image":[{"url":"http:\/\/www.diariodopoder.com.br\/style\/images\/images\/Fernando%20Collor%20by%20Geraldo%20Magela.jpg","type":"","width":"","height":""}],"author":"teste","twitter_card":"summary_large_image","twitter_misc":{"Escrito por":"teste","Est. tempo de leitura":"2 minutos"},"schema":{"@context":"https:\/\/schema.org","@graph":[{"@type":"Article","@id":"https:\/\/blogdofarnesio.com.br\/?p=123834#article","isPartOf":{"@id":"https:\/\/blogdofarnesio.com.br\/?p=123834"},"author":{"name":"teste","@id":"https:\/\/blogdofarnesio.com.br\/#\/schema\/person\/dd1bf5eba40b687199ba45ca6b97dff9"},"headline":"DEPOIS DE PERDER A PRESID\u00caNCIA POR UMA ELBA, AGORA COLLOR \u00c9 ACUSADO DE LAVAGEM","datePublished":"2015-05-19T11:04:17+00:00","mainEntityOfPage":{"@id":"https:\/\/blogdofarnesio.com.br\/?p=123834"},"wordCount":376,"commentCount":0,"publisher":{"@id":"https:\/\/blogdofarnesio.com.br\/#organization"},"image":{"@id":"https:\/\/blogdofarnesio.com.br\/?p=123834#primaryimage"},"thumbnailUrl":"http:\/\/www.diariodopoder.com.br\/style\/images\/images\/Fernando%20Collor%20by%20Geraldo%20Magela.jpg","articleSection":["Pol\u00edtica"],"inLanguage":"pt-BR","potentialAction":[{"@type":"CommentAction","name":"Comment","target":["https:\/\/blogdofarnesio.com.br\/?p=123834#respond"]}]},{"@type":"WebPage","@id":"https:\/\/blogdofarnesio.com.br\/?p=123834","url":"https:\/\/blogdofarnesio.com.br\/?p=123834","name":"DEPOIS DE PERDER A PRESID\u00caNCIA POR UMA ELBA, AGORA COLLOR \u00c9 ACUSADO DE LAVAGEM - Blog do Farn\u00e9sio","isPartOf":{"@id":"https:\/\/blogdofarnesio.com.br\/#website"},"primaryImageOfPage":{"@id":"https:\/\/blogdofarnesio.com.br\/?p=123834#primaryimage"},"image":{"@id":"https:\/\/blogdofarnesio.com.br\/?p=123834#primaryimage"},"thumbnailUrl":"http:\/\/www.diariodopoder.com.br\/style\/images\/images\/Fernando%20Collor%20by%20Geraldo%20Magela.jpg","datePublished":"2015-05-19T11:04:17+00:00","breadcrumb":{"@id":"https:\/\/blogdofarnesio.com.br\/?p=123834#breadcrumb"},"inLanguage":"pt-BR","potentialAction":[{"@type":"ReadAction","target":["https:\/\/blogdofarnesio.com.br\/?p=123834"]}]},{"@type":"ImageObject","inLanguage":"pt-BR","@id":"https:\/\/blogdofarnesio.com.br\/?p=123834#primaryimage","url":"http:\/\/www.diariodopoder.com.br\/style\/images\/images\/Fernando%20Collor%20by%20Geraldo%20Magela.jpg","contentUrl":"http:\/\/www.diariodopoder.com.br\/style\/images\/images\/Fernando%20Collor%20by%20Geraldo%20Magela.jpg"},{"@type":"BreadcrumbList","@id":"https:\/\/blogdofarnesio.com.br\/?p=123834#breadcrumb","itemListElement":[{"@type":"ListItem","position":1,"name":"In\u00edcio","item":"https:\/\/blogdofarnesio.com.br\/"},{"@type":"ListItem","position":2,"name":"DEPOIS DE PERDER A PRESID\u00caNCIA POR UMA ELBA, AGORA COLLOR \u00c9 ACUSADO DE LAVAGEM"}]},{"@type":"WebSite","@id":"https:\/\/blogdofarnesio.com.br\/#website","url":"https:\/\/blogdofarnesio.com.br\/","name":"Blog do Farn\u00e9sio","description":"Quer Saber Pol\u00edtica?","publisher":{"@id":"https:\/\/blogdofarnesio.com.br\/#organization"},"potentialAction":[{"@type":"SearchAction","target":{"@type":"EntryPoint","urlTemplate":"https:\/\/blogdofarnesio.com.br\/?s={search_term_string}"},"query-input":{"@type":"PropertyValueSpecification","valueRequired":true,"valueName":"search_term_string"}}],"inLanguage":"pt-BR"},{"@type":"Organization","@id":"https:\/\/blogdofarnesio.com.br\/#organization","name":"Blog do Farn\u00e9sio","url":"https:\/\/blogdofarnesio.com.br\/","logo":{"@type":"ImageObject","inLanguage":"pt-BR","@id":"https:\/\/blogdofarnesio.com.br\/#\/schema\/logo\/image\/","url":"https:\/\/blogdofarnesio.com.br\/wp-content\/uploads\/2026\/03\/cropped-logo_new-1.png","contentUrl":"https:\/\/blogdofarnesio.com.br\/wp-content\/uploads\/2026\/03\/cropped-logo_new-1.png","width":881,"height":685,"caption":"Blog do Farn\u00e9sio"},"image":{"@id":"https:\/\/blogdofarnesio.com.br\/#\/schema\/logo\/image\/"},"sameAs":["https:\/\/www.facebook.com\/BlogQuerSaberPolitica\/"]},{"@type":"Person","@id":"https:\/\/blogdofarnesio.com.br\/#\/schema\/person\/dd1bf5eba40b687199ba45ca6b97dff9","name":"teste","image":{"@type":"ImageObject","inLanguage":"pt-BR","@id":"https:\/\/secure.gravatar.com\/avatar\/2172498d4914b51e1d89a0f97957b035ac4938723a5cac208135d389b6972a6d?s=96&d=mm&r=g","url":"https:\/\/secure.gravatar.com\/avatar\/2172498d4914b51e1d89a0f97957b035ac4938723a5cac208135d389b6972a6d?s=96&d=mm&r=g","contentUrl":"https:\/\/secure.gravatar.com\/avatar\/2172498d4914b51e1d89a0f97957b035ac4938723a5cac208135d389b6972a6d?s=96&d=mm&r=g","caption":"teste"},"url":"https:\/\/blogdofarnesio.com.br\/?author=3"}]}},"_links":{"self":[{"href":"https:\/\/blogdofarnesio.com.br\/index.php?rest_route=\/wp\/v2\/posts\/123834","targetHints":{"allow":["GET"]}}],"collection":[{"href":"https:\/\/blogdofarnesio.com.br\/index.php?rest_route=\/wp\/v2\/posts"}],"about":[{"href":"https:\/\/blogdofarnesio.com.br\/index.php?rest_route=\/wp\/v2\/types\/post"}],"author":[{"embeddable":true,"href":"https:\/\/blogdofarnesio.com.br\/index.php?rest_route=\/wp\/v2\/users\/3"}],"replies":[{"embeddable":true,"href":"https:\/\/blogdofarnesio.com.br\/index.php?rest_route=%2Fwp%2Fv2%2Fcomments&post=123834"}],"version-history":[{"count":0,"href":"https:\/\/blogdofarnesio.com.br\/index.php?rest_route=\/wp\/v2\/posts\/123834\/revisions"}],"wp:attachment":[{"href":"https:\/\/blogdofarnesio.com.br\/index.php?rest_route=%2Fwp%2Fv2%2Fmedia&parent=123834"}],"wp:term":[{"taxonomy":"category","embeddable":true,"href":"https:\/\/blogdofarnesio.com.br\/index.php?rest_route=%2Fwp%2Fv2%2Fcategories&post=123834"},{"taxonomy":"post_tag","embeddable":true,"href":"https:\/\/blogdofarnesio.com.br\/index.php?rest_route=%2Fwp%2Fv2%2Ftags&post=123834"}],"curies":[{"name":"wp","href":"https:\/\/api.w.org\/{rel}","templated":true}]}}