{"id":12382,"date":"2012-03-23T21:00:00","date_gmt":"2012-03-23T21:00:00","guid":{"rendered":"http:\/\/www.quersaberpolitica.com.br?p=12382"},"modified":"-0001-11-30T00:00:00","modified_gmt":"-0001-11-30T03:00:00","slug":"dia-mundial-da-agua-e-comemorado-com-gincana-educativa-pelo-saae","status":"publish","type":"post","link":"https:\/\/blogdofarnesio.com.br\/2012\/03\/dia-mundial-da-agua-e-comemorado-com-gincana-educativa-pelo-saae\/","title":{"rendered":"Dia Mundial da \u00c1gua \u00e9 comemorado com Gincana Educativa pelo SAAE"},"content":{"rendered":"<p style=\"text-align: justify;\"><span style=\"font-size: small;\"><a rel=\"lightbox\" href=\"http:\/\/www.quersaberpolitica.com.br\/2016\/wp-content\/uploads\/2012\/12\/blogqspgincanasaaejua1.jpg\"><img loading=\"lazy\" decoding=\"async\" style=\"margin-top: 5px; margin-bottom: 5px; margin-left: 10px; margin-right: 10px; float: right;\" title=\"Imagem Divulga&ccedil;&atilde;o\" src=\"http:\/\/www.quersaberpolitica.com.br\/2016\/wp-content\/uploads\/2012\/12\/blogqspgincanasaaejua1.jpg\" alt=\"\" width=\"200\" height=\"150\" \/><\/a>Uma grande gincana reunindo escolas municipais lembrou o 22 de mar&ccedil;o &#8211; Dia Mundial da &Aacute;gua nesta quinta-feira. Organizada pelo SAAE, a atividade realizada no Country Club apresentou o tema &#8220;Economizar para n&atilde;o faltar&#8221;. A iniciativa contou com a parceria das Secretarias de Educa&ccedil;&atilde;o e Esportes (Seduc) e de Agricultura, Desenvolvimento Rural e Meio Ambiente (Seadruma).<\/span><\/p>\n<p style=\"text-align: justify;\"><span style=\"font-size: small;\">Os alunos das escolas CAIC, Carmem Costa, Joca de Souza Oliveira e Argemiro Jos&eacute; da Cruz fizeram quest&atilde;o de lembrar a import&acirc;ncia da proposta da brincadeira. &#8220;Eu adorei participar da gincana. Gosto de fazer essas atividades. Vou sair daqui muito mais consciente e valorizando o nosso l&iacute;quido precioso. Sei que a &aacute;gua &eacute;  importante para nossas vidas e precisamos utiliza &#8211; l&aacute; de forma consciente&#8221;, falou o estudante do 6&deg; ano da escola Caic, Maicon Suel.<\/span><\/p>\n<p style=\"text-align: justify;\"><span style=\"font-size: small;\">Algumas tarefas pr&eacute;vias como a confec&ccedil;&atilde;o de uma maquete semelhante a uma Esta&ccedil;&atilde;o de Tratamento de &Aacute;gua, com todas as etapas do sistema (capta&ccedil;&atilde;o, tratamento e distribui&ccedil;&atilde;o); o recolhimento de litros de &oacute;leo de cozinha descartado; coreografias dentro da tem&aacute;tica, al&eacute;m de pinturas, e a reda&ccedil;&atilde;o de textos dissertativos sobre a palestra ministrada no evento foram algumas das provas do dia.<\/span><\/p>\n<p style=\"text-align: justify;\"><span style=\"font-size: small;\">O corpo de jurados foi formado pela historiadora Maria Izabel Pontes (Bebela), Geraldo Pontes, Jos&eacute; Valter F&eacute;lix (Valtinho), Wilson Ales e Cl&aacute;udia Feitosa. O diretor da escola Argemiro Jos&eacute; da Cruz, professor Paulo Augusto Matos, refor&ccedil;a o valor da a&ccedil;&atilde;o. &#8220;Essa gincana &eacute; muito valiosa, porque acontece uma integra&ccedil;&atilde;o entre alunos e escola. Ensinamos em sala de aula o uso racional da &aacute;gua, mas vivenciar isso na pr&aacute;tica, e de uma forma diferente que &eacute; realizando as tarefas relacionadas ao tema &eacute; muito gratificante&#8221;, observou Paulo.<\/span><\/p>\n<p style=\"text-align: justify;\"><span style=\"font-size: small;\">A palestrante do dia, a assistente administrativa da Funda&ccedil;&atilde;o Nacional da Sa&uacute;de &#8211; Funasa, Maria Aparecida Barbosa, lembrou o quanto &eacute; necess&aacute;rio para um munic&iacute;pio quente como Juazeiro, saber utilizar melhor a &aacute;gua. &#8220;O SAAE est&aacute; de parab&eacute;ns pela iniciativa. Refletir sobre o uso racional da &aacute;gua &eacute; fundamental&#8221;, acrescentou a palestrante.<\/span><\/p>\n<p style=\"text-align: justify;\"><span style=\"font-size: small;\">O diretor-presidente do SAAE, Joaquim Neto, explica que o objetivo da gincana foi de sensibilizar a popula&ccedil;&atilde;o sobre o consumo consciente da &aacute;gua e que os alunos possam levar aos familiares a preocupa&ccedil;&atilde;o com os excessos de poluentes. &#8220;A gincana representa tamb&eacute;m a uni&atilde;o das secretarias do munic&iacute;pio e a preocupa&ccedil;&atilde;o em formar cidad&atilde;os conscientes do seu papel com o planeta&#8221;, disse Neto.<\/span><\/p>\n<p style=\"text-align: justify;\"><span style=\"font-size: small;\">A escola vencedora, a Argemiro Jos&eacute; da Cruz levou um notebook como premia&ccedil;&atilde;o. A l&iacute;der da equipe, a estudante da 8&deg; s&eacute;rie, Bianca do Santos, disse que a gincana cumpriu seu papel. &#8220;Com certeza vamos sair daqui muito mais consciente da racionaliza&ccedil;&atilde;o do l&iacute;quido precioso. Eu adorei participar da gincana e espero que aconte&ccedil;a mais vezes&#8221;, falou Bianca.   Em segundo lugar ficou a Escola Joca de Souza Oliveira que foi premiada com um aparelho celular.<\/span><\/p>\n<p style=\"text-align: justify;\"><span style=\"font-size: small;\">(Ascom PMJ)<\/span><\/p>\n","protected":false},"excerpt":{"rendered":"<p>Uma grande gincana reunindo escolas municipais lembrou o 22 de mar&ccedil;o &#8211; Dia Mundial da &Aacute;gua nesta quinta-feira. Organizada pelo SAAE, a atividade realizada no Country Club apresentou o tema &#8220;Economizar para n&atilde;o faltar&#8221;. A iniciativa contou com a parceria das Secretarias de Educa&ccedil;&atilde;o e Esportes (Seduc) e de Agricultura, Desenvolvimento Rural e Meio Ambiente (Seadruma). Os alunos das escolas CAIC, Carmem Costa, Joca de Souza Oliveira e Argemiro Jos&eacute; da Cruz fizeram quest&atilde;o de lembrar a import&acirc;ncia da proposta da brincadeira. &#8220;Eu adorei participar da gincana. Gosto de fazer essas atividades. Vou sair daqui muito mais consciente e valorizando o nosso l&iacute;quido precioso. Sei que a &aacute;gua &eacute; importante para nossas vidas e precisamos utiliza &#8211; l&aacute; de forma&hellip; <\/p>\n","protected":false},"author":0,"featured_media":0,"comment_status":"open","ping_status":"open","sticky":false,"template":"","format":"standard","meta":{"_acf_changed":false,"footnotes":""},"categories":[43],"tags":[],"class_list":["post-12382","post","type-post","status-publish","format-standard","hentry","category-sem-categoria"],"acf":[],"yoast_head":"<!-- This site is optimized with the Yoast SEO plugin v27.5 - https:\/\/yoast.com\/product\/yoast-seo-wordpress\/ -->\n<title>Dia Mundial da \u00c1gua \u00e9 comemorado com Gincana Educativa pelo SAAE - Blog do Farn\u00e9sio<\/title>\n<meta name=\"robots\" content=\"index, follow, max-snippet:-1, max-image-preview:large, max-video-preview:-1\" \/>\n<link rel=\"canonical\" href=\"https:\/\/blogdofarnesio.com.br\/2012\/03\/dia-mundial-da-agua-e-comemorado-com-gincana-educativa-pelo-saae\/\" \/>\n<meta property=\"og:locale\" content=\"pt_BR\" \/>\n<meta property=\"og:type\" content=\"article\" \/>\n<meta property=\"og:title\" content=\"Dia Mundial da \u00c1gua \u00e9 comemorado com Gincana Educativa pelo SAAE - Blog do Farn\u00e9sio\" \/>\n<meta property=\"og:description\" content=\"Uma grande gincana reunindo escolas municipais lembrou o 22 de mar&ccedil;o &#8211; Dia Mundial da &Aacute;gua nesta quinta-feira. Organizada pelo SAAE, a atividade realizada no Country Club apresentou o tema &#8220;Economizar para n&atilde;o faltar&#8221;. A iniciativa contou com a parceria das Secretarias de Educa&ccedil;&atilde;o e Esportes (Seduc) e de Agricultura, Desenvolvimento Rural e Meio Ambiente (Seadruma). Os alunos das escolas CAIC, Carmem Costa, Joca de Souza Oliveira e Argemiro Jos&eacute; da Cruz fizeram quest&atilde;o de lembrar a import&acirc;ncia da proposta da brincadeira. &#8220;Eu adorei participar da gincana. Gosto de fazer essas atividades. Vou sair daqui muito mais consciente e valorizando o nosso l&iacute;quido precioso. Sei que a &aacute;gua &eacute; importante para nossas vidas e precisamos utiliza &#8211; l&aacute; de forma&hellip;\" \/>\n<meta property=\"og:url\" content=\"https:\/\/blogdofarnesio.com.br\/2012\/03\/dia-mundial-da-agua-e-comemorado-com-gincana-educativa-pelo-saae\/\" \/>\n<meta property=\"og:site_name\" content=\"Blog do Farn\u00e9sio\" \/>\n<meta property=\"article:publisher\" content=\"https:\/\/www.facebook.com\/BlogQuerSaberPolitica\/\" \/>\n<meta property=\"article:published_time\" content=\"2012-03-23T21:00:00+00:00\" \/>\n<meta property=\"og:image\" content=\"http:\/\/www.quersaberpolitica.com.br\/2016\/wp-content\/uploads\/2012\/12\/blogqspgincanasaaejua1.jpg\" \/>\n<meta name=\"twitter:card\" content=\"summary_large_image\" \/>\n<meta name=\"twitter:label1\" content=\"Est. tempo de leitura\" \/>\n\t<meta name=\"twitter:data1\" content=\"3 minutos\" \/>\n<script type=\"application\/ld+json\" class=\"yoast-schema-graph\">{\"@context\":\"https:\\\/\\\/schema.org\",\"@graph\":[{\"@type\":\"Article\",\"@id\":\"https:\\\/\\\/blogdofarnesio.com.br\\\/2012\\\/03\\\/dia-mundial-da-agua-e-comemorado-com-gincana-educativa-pelo-saae\\\/#article\",\"isPartOf\":{\"@id\":\"https:\\\/\\\/blogdofarnesio.com.br\\\/2012\\\/03\\\/dia-mundial-da-agua-e-comemorado-com-gincana-educativa-pelo-saae\\\/\"},\"author\":{\"name\":\"\",\"@id\":\"\"},\"headline\":\"Dia Mundial da \u00c1gua \u00e9 comemorado com Gincana Educativa pelo SAAE\",\"datePublished\":\"2012-03-23T21:00:00+00:00\",\"mainEntityOfPage\":{\"@id\":\"https:\\\/\\\/blogdofarnesio.com.br\\\/2012\\\/03\\\/dia-mundial-da-agua-e-comemorado-com-gincana-educativa-pelo-saae\\\/\"},\"wordCount\":584,\"commentCount\":0,\"publisher\":{\"@id\":\"https:\\\/\\\/blogdofarnesio.com.br\\\/#organization\"},\"image\":{\"@id\":\"https:\\\/\\\/blogdofarnesio.com.br\\\/2012\\\/03\\\/dia-mundial-da-agua-e-comemorado-com-gincana-educativa-pelo-saae\\\/#primaryimage\"},\"thumbnailUrl\":\"http:\\\/\\\/www.quersaberpolitica.com.br\\\/2016\\\/wp-content\\\/uploads\\\/2012\\\/12\\\/blogqspgincanasaaejua1.jpg\",\"inLanguage\":\"pt-BR\",\"potentialAction\":[{\"@type\":\"CommentAction\",\"name\":\"Comment\",\"target\":[\"https:\\\/\\\/blogdofarnesio.com.br\\\/2012\\\/03\\\/dia-mundial-da-agua-e-comemorado-com-gincana-educativa-pelo-saae\\\/#respond\"]}]},{\"@type\":\"WebPage\",\"@id\":\"https:\\\/\\\/blogdofarnesio.com.br\\\/2012\\\/03\\\/dia-mundial-da-agua-e-comemorado-com-gincana-educativa-pelo-saae\\\/\",\"url\":\"https:\\\/\\\/blogdofarnesio.com.br\\\/2012\\\/03\\\/dia-mundial-da-agua-e-comemorado-com-gincana-educativa-pelo-saae\\\/\",\"name\":\"Dia Mundial da \u00c1gua \u00e9 comemorado com Gincana Educativa pelo SAAE - Blog do Farn\u00e9sio\",\"isPartOf\":{\"@id\":\"https:\\\/\\\/blogdofarnesio.com.br\\\/#website\"},\"primaryImageOfPage\":{\"@id\":\"https:\\\/\\\/blogdofarnesio.com.br\\\/2012\\\/03\\\/dia-mundial-da-agua-e-comemorado-com-gincana-educativa-pelo-saae\\\/#primaryimage\"},\"image\":{\"@id\":\"https:\\\/\\\/blogdofarnesio.com.br\\\/2012\\\/03\\\/dia-mundial-da-agua-e-comemorado-com-gincana-educativa-pelo-saae\\\/#primaryimage\"},\"thumbnailUrl\":\"http:\\\/\\\/www.quersaberpolitica.com.br\\\/2016\\\/wp-content\\\/uploads\\\/2012\\\/12\\\/blogqspgincanasaaejua1.jpg\",\"datePublished\":\"2012-03-23T21:00:00+00:00\",\"breadcrumb\":{\"@id\":\"https:\\\/\\\/blogdofarnesio.com.br\\\/2012\\\/03\\\/dia-mundial-da-agua-e-comemorado-com-gincana-educativa-pelo-saae\\\/#breadcrumb\"},\"inLanguage\":\"pt-BR\",\"potentialAction\":[{\"@type\":\"ReadAction\",\"target\":[\"https:\\\/\\\/blogdofarnesio.com.br\\\/2012\\\/03\\\/dia-mundial-da-agua-e-comemorado-com-gincana-educativa-pelo-saae\\\/\"]}]},{\"@type\":\"ImageObject\",\"inLanguage\":\"pt-BR\",\"@id\":\"https:\\\/\\\/blogdofarnesio.com.br\\\/2012\\\/03\\\/dia-mundial-da-agua-e-comemorado-com-gincana-educativa-pelo-saae\\\/#primaryimage\",\"url\":\"http:\\\/\\\/www.quersaberpolitica.com.br\\\/2016\\\/wp-content\\\/uploads\\\/2012\\\/12\\\/blogqspgincanasaaejua1.jpg\",\"contentUrl\":\"http:\\\/\\\/www.quersaberpolitica.com.br\\\/2016\\\/wp-content\\\/uploads\\\/2012\\\/12\\\/blogqspgincanasaaejua1.jpg\"},{\"@type\":\"BreadcrumbList\",\"@id\":\"https:\\\/\\\/blogdofarnesio.com.br\\\/2012\\\/03\\\/dia-mundial-da-agua-e-comemorado-com-gincana-educativa-pelo-saae\\\/#breadcrumb\",\"itemListElement\":[{\"@type\":\"ListItem\",\"position\":1,\"name\":\"In\u00edcio\",\"item\":\"https:\\\/\\\/blogdofarnesio.com.br\\\/\"},{\"@type\":\"ListItem\",\"position\":2,\"name\":\"Dia Mundial da \u00c1gua \u00e9 comemorado com Gincana Educativa pelo SAAE\"}]},{\"@type\":\"WebSite\",\"@id\":\"https:\\\/\\\/blogdofarnesio.com.br\\\/#website\",\"url\":\"https:\\\/\\\/blogdofarnesio.com.br\\\/\",\"name\":\"Blog do Farn\u00e9sio\",\"description\":\"Quer Saber Pol\u00edtica?\",\"publisher\":{\"@id\":\"https:\\\/\\\/blogdofarnesio.com.br\\\/#organization\"},\"potentialAction\":[{\"@type\":\"SearchAction\",\"target\":{\"@type\":\"EntryPoint\",\"urlTemplate\":\"https:\\\/\\\/blogdofarnesio.com.br\\\/?s={search_term_string}\"},\"query-input\":{\"@type\":\"PropertyValueSpecification\",\"valueRequired\":true,\"valueName\":\"search_term_string\"}}],\"inLanguage\":\"pt-BR\"},{\"@type\":\"Organization\",\"@id\":\"https:\\\/\\\/blogdofarnesio.com.br\\\/#organization\",\"name\":\"Blog do Farn\u00e9sio\",\"url\":\"https:\\\/\\\/blogdofarnesio.com.br\\\/\",\"logo\":{\"@type\":\"ImageObject\",\"inLanguage\":\"pt-BR\",\"@id\":\"https:\\\/\\\/blogdofarnesio.com.br\\\/#\\\/schema\\\/logo\\\/image\\\/\",\"url\":\"https:\\\/\\\/blogdofarnesio.com.br\\\/wp-content\\\/uploads\\\/2026\\\/03\\\/cropped-logo_new-1.png\",\"contentUrl\":\"https:\\\/\\\/blogdofarnesio.com.br\\\/wp-content\\\/uploads\\\/2026\\\/03\\\/cropped-logo_new-1.png\",\"width\":881,\"height\":685,\"caption\":\"Blog do Farn\u00e9sio\"},\"image\":{\"@id\":\"https:\\\/\\\/blogdofarnesio.com.br\\\/#\\\/schema\\\/logo\\\/image\\\/\"},\"sameAs\":[\"https:\\\/\\\/www.facebook.com\\\/BlogQuerSaberPolitica\\\/\"]}]}<\/script>\n<!-- \/ Yoast SEO plugin. -->","yoast_head_json":{"title":"Dia Mundial da \u00c1gua \u00e9 comemorado com Gincana Educativa pelo SAAE - Blog do Farn\u00e9sio","robots":{"index":"index","follow":"follow","max-snippet":"max-snippet:-1","max-image-preview":"max-image-preview:large","max-video-preview":"max-video-preview:-1"},"canonical":"https:\/\/blogdofarnesio.com.br\/2012\/03\/dia-mundial-da-agua-e-comemorado-com-gincana-educativa-pelo-saae\/","og_locale":"pt_BR","og_type":"article","og_title":"Dia Mundial da \u00c1gua \u00e9 comemorado com Gincana Educativa pelo SAAE - Blog do Farn\u00e9sio","og_description":"Uma grande gincana reunindo escolas municipais lembrou o 22 de mar&ccedil;o &#8211; Dia Mundial da &Aacute;gua nesta quinta-feira. Organizada pelo SAAE, a atividade realizada no Country Club apresentou o tema &#8220;Economizar para n&atilde;o faltar&#8221;. A iniciativa contou com a parceria das Secretarias de Educa&ccedil;&atilde;o e Esportes (Seduc) e de Agricultura, Desenvolvimento Rural e Meio Ambiente (Seadruma). Os alunos das escolas CAIC, Carmem Costa, Joca de Souza Oliveira e Argemiro Jos&eacute; da Cruz fizeram quest&atilde;o de lembrar a import&acirc;ncia da proposta da brincadeira. &#8220;Eu adorei participar da gincana. Gosto de fazer essas atividades. Vou sair daqui muito mais consciente e valorizando o nosso l&iacute;quido precioso. Sei que a &aacute;gua &eacute; importante para nossas vidas e precisamos utiliza &#8211; l&aacute; de forma&hellip;","og_url":"https:\/\/blogdofarnesio.com.br\/2012\/03\/dia-mundial-da-agua-e-comemorado-com-gincana-educativa-pelo-saae\/","og_site_name":"Blog do Farn\u00e9sio","article_publisher":"https:\/\/www.facebook.com\/BlogQuerSaberPolitica\/","article_published_time":"2012-03-23T21:00:00+00:00","og_image":[{"url":"http:\/\/www.quersaberpolitica.com.br\/2016\/wp-content\/uploads\/2012\/12\/blogqspgincanasaaejua1.jpg","type":"","width":"","height":""}],"twitter_card":"summary_large_image","twitter_misc":{"Est. tempo de leitura":"3 minutos"},"schema":{"@context":"https:\/\/schema.org","@graph":[{"@type":"Article","@id":"https:\/\/blogdofarnesio.com.br\/2012\/03\/dia-mundial-da-agua-e-comemorado-com-gincana-educativa-pelo-saae\/#article","isPartOf":{"@id":"https:\/\/blogdofarnesio.com.br\/2012\/03\/dia-mundial-da-agua-e-comemorado-com-gincana-educativa-pelo-saae\/"},"author":{"name":"","@id":""},"headline":"Dia Mundial da \u00c1gua \u00e9 comemorado com Gincana Educativa pelo SAAE","datePublished":"2012-03-23T21:00:00+00:00","mainEntityOfPage":{"@id":"https:\/\/blogdofarnesio.com.br\/2012\/03\/dia-mundial-da-agua-e-comemorado-com-gincana-educativa-pelo-saae\/"},"wordCount":584,"commentCount":0,"publisher":{"@id":"https:\/\/blogdofarnesio.com.br\/#organization"},"image":{"@id":"https:\/\/blogdofarnesio.com.br\/2012\/03\/dia-mundial-da-agua-e-comemorado-com-gincana-educativa-pelo-saae\/#primaryimage"},"thumbnailUrl":"http:\/\/www.quersaberpolitica.com.br\/2016\/wp-content\/uploads\/2012\/12\/blogqspgincanasaaejua1.jpg","inLanguage":"pt-BR","potentialAction":[{"@type":"CommentAction","name":"Comment","target":["https:\/\/blogdofarnesio.com.br\/2012\/03\/dia-mundial-da-agua-e-comemorado-com-gincana-educativa-pelo-saae\/#respond"]}]},{"@type":"WebPage","@id":"https:\/\/blogdofarnesio.com.br\/2012\/03\/dia-mundial-da-agua-e-comemorado-com-gincana-educativa-pelo-saae\/","url":"https:\/\/blogdofarnesio.com.br\/2012\/03\/dia-mundial-da-agua-e-comemorado-com-gincana-educativa-pelo-saae\/","name":"Dia Mundial da \u00c1gua \u00e9 comemorado com Gincana Educativa pelo SAAE - Blog do Farn\u00e9sio","isPartOf":{"@id":"https:\/\/blogdofarnesio.com.br\/#website"},"primaryImageOfPage":{"@id":"https:\/\/blogdofarnesio.com.br\/2012\/03\/dia-mundial-da-agua-e-comemorado-com-gincana-educativa-pelo-saae\/#primaryimage"},"image":{"@id":"https:\/\/blogdofarnesio.com.br\/2012\/03\/dia-mundial-da-agua-e-comemorado-com-gincana-educativa-pelo-saae\/#primaryimage"},"thumbnailUrl":"http:\/\/www.quersaberpolitica.com.br\/2016\/wp-content\/uploads\/2012\/12\/blogqspgincanasaaejua1.jpg","datePublished":"2012-03-23T21:00:00+00:00","breadcrumb":{"@id":"https:\/\/blogdofarnesio.com.br\/2012\/03\/dia-mundial-da-agua-e-comemorado-com-gincana-educativa-pelo-saae\/#breadcrumb"},"inLanguage":"pt-BR","potentialAction":[{"@type":"ReadAction","target":["https:\/\/blogdofarnesio.com.br\/2012\/03\/dia-mundial-da-agua-e-comemorado-com-gincana-educativa-pelo-saae\/"]}]},{"@type":"ImageObject","inLanguage":"pt-BR","@id":"https:\/\/blogdofarnesio.com.br\/2012\/03\/dia-mundial-da-agua-e-comemorado-com-gincana-educativa-pelo-saae\/#primaryimage","url":"http:\/\/www.quersaberpolitica.com.br\/2016\/wp-content\/uploads\/2012\/12\/blogqspgincanasaaejua1.jpg","contentUrl":"http:\/\/www.quersaberpolitica.com.br\/2016\/wp-content\/uploads\/2012\/12\/blogqspgincanasaaejua1.jpg"},{"@type":"BreadcrumbList","@id":"https:\/\/blogdofarnesio.com.br\/2012\/03\/dia-mundial-da-agua-e-comemorado-com-gincana-educativa-pelo-saae\/#breadcrumb","itemListElement":[{"@type":"ListItem","position":1,"name":"In\u00edcio","item":"https:\/\/blogdofarnesio.com.br\/"},{"@type":"ListItem","position":2,"name":"Dia Mundial da \u00c1gua \u00e9 comemorado com Gincana Educativa pelo SAAE"}]},{"@type":"WebSite","@id":"https:\/\/blogdofarnesio.com.br\/#website","url":"https:\/\/blogdofarnesio.com.br\/","name":"Blog do Farn\u00e9sio","description":"Quer Saber Pol\u00edtica?","publisher":{"@id":"https:\/\/blogdofarnesio.com.br\/#organization"},"potentialAction":[{"@type":"SearchAction","target":{"@type":"EntryPoint","urlTemplate":"https:\/\/blogdofarnesio.com.br\/?s={search_term_string}"},"query-input":{"@type":"PropertyValueSpecification","valueRequired":true,"valueName":"search_term_string"}}],"inLanguage":"pt-BR"},{"@type":"Organization","@id":"https:\/\/blogdofarnesio.com.br\/#organization","name":"Blog do Farn\u00e9sio","url":"https:\/\/blogdofarnesio.com.br\/","logo":{"@type":"ImageObject","inLanguage":"pt-BR","@id":"https:\/\/blogdofarnesio.com.br\/#\/schema\/logo\/image\/","url":"https:\/\/blogdofarnesio.com.br\/wp-content\/uploads\/2026\/03\/cropped-logo_new-1.png","contentUrl":"https:\/\/blogdofarnesio.com.br\/wp-content\/uploads\/2026\/03\/cropped-logo_new-1.png","width":881,"height":685,"caption":"Blog do Farn\u00e9sio"},"image":{"@id":"https:\/\/blogdofarnesio.com.br\/#\/schema\/logo\/image\/"},"sameAs":["https:\/\/www.facebook.com\/BlogQuerSaberPolitica\/"]}]}},"_links":{"self":[{"href":"https:\/\/blogdofarnesio.com.br\/wp-json\/wp\/v2\/posts\/12382","targetHints":{"allow":["GET"]}}],"collection":[{"href":"https:\/\/blogdofarnesio.com.br\/wp-json\/wp\/v2\/posts"}],"about":[{"href":"https:\/\/blogdofarnesio.com.br\/wp-json\/wp\/v2\/types\/post"}],"replies":[{"embeddable":true,"href":"https:\/\/blogdofarnesio.com.br\/wp-json\/wp\/v2\/comments?post=12382"}],"version-history":[{"count":0,"href":"https:\/\/blogdofarnesio.com.br\/wp-json\/wp\/v2\/posts\/12382\/revisions"}],"wp:attachment":[{"href":"https:\/\/blogdofarnesio.com.br\/wp-json\/wp\/v2\/media?parent=12382"}],"wp:term":[{"taxonomy":"category","embeddable":true,"href":"https:\/\/blogdofarnesio.com.br\/wp-json\/wp\/v2\/categories?post=12382"},{"taxonomy":"post_tag","embeddable":true,"href":"https:\/\/blogdofarnesio.com.br\/wp-json\/wp\/v2\/tags?post=12382"}],"curies":[{"name":"wp","href":"https:\/\/api.w.org\/{rel}","templated":true}]}}