{"id":123786,"date":"2015-05-18T17:33:08","date_gmt":"2015-05-18T20:33:08","guid":{"rendered":"http:\/\/www.quersaberpolitica.com.br\/?p=123786"},"modified":"2015-05-18T15:29:46","modified_gmt":"2015-05-18T18:29:46","slug":"senador-humberto-costa-conheceu-a-ame-saude-da-familia-manoel-possidio-neste-sabado","status":"publish","type":"post","link":"https:\/\/blogdofarnesio.com.br\/?p=123786","title":{"rendered":"SENADOR HUMBERTO COSTA CONHECEU A AME SA\u00daDE DA FAM\u00cdLIA MANOEL POSS\u00cdDIO NESTE S\u00c1BADO"},"content":{"rendered":"<p style=\"text-align: justify\"><a href=\"http:\/\/www.quersaberpolitica.com.br\/2016\/wp-content\/uploads\/2015\/05\/blogqsp.humbertocosta.visitaame.petrolina.jpg\"><img loading=\"lazy\" decoding=\"async\" class=\"  wp-image-123787 aligncenter\" src=\"http:\/\/www.quersaberpolitica.com.br\/2016\/wp-content\/uploads\/2015\/05\/blogqsp.humbertocosta.visitaame.petrolina-300x288.jpg\" alt=\"blogqsp.humbertocosta.visitaame.petrolina\" width=\"374\" height=\"360\" srcset=\"https:\/\/blogdofarnesio.com.br\/wp-content\/uploads\/2015\/05\/blogqsp.humbertocosta.visitaame.petrolina-300x288.jpg 300w, https:\/\/blogdofarnesio.com.br\/wp-content\/uploads\/2015\/05\/blogqsp.humbertocosta.visitaame.petrolina-313x300.jpg 313w, https:\/\/blogdofarnesio.com.br\/wp-content\/uploads\/2015\/05\/blogqsp.humbertocosta.visitaame.petrolina.jpg 350w\" sizes=\"auto, (max-width: 374px) 100vw, 374px\" \/><\/a><br \/>\nNo in\u00edcio da tarde deste s\u00e1bado o senador Humberto Costa (PT-PE), acompanhado da vereadora Cristina Costa, da deputada Isabel Cristina, e de sua comitiva visitou a unidade AME Sa\u00fade da Fam\u00edlia Manoel Poss\u00eddio, no bairro Areia Branca. Na ocasi\u00e3o, a secret\u00e1ria de Sa\u00fade de Petrolina, Lucia Giesta, apresentou ao senador toda a estrutura f\u00edsica, servi\u00e7os e os profissionais que atendem \u00e0 popula\u00e7\u00e3o dessa \u00e1rea.<\/p>\n<p style=\"text-align: justify\">Costa conheceu uma unidade AME Sa\u00fade Fam\u00edlia pela primeira vez e considerou o modelo interessante e atual. \u201c\u00c9 um modelo que abre a possibilidade de se ter um n\u00famero maior de equipes para atender a comunidade e, assim, reduzir a rela\u00e7\u00e3o \u2013 profissionais\/grupos de habitantes &#8211; e, com certeza, isso influencia na qualidade do atendimento. Al\u00e9m do mais, \u00e9 uma estrutura bem moderna bastante acolhedora, um modelo bem interessante de unidade b\u00e1sica de sa\u00fade\u201d, ressaltou.<!--more--><\/p>\n<p style=\"text-align: justify\">Lucia externou a satisfa\u00e7\u00e3o com a an\u00e1lise do senador. \u201cFicamos felizes quando nosso trabalho \u00e9 reconhecido e, nesse caso, temos o olhar do pol\u00edtico, mas tamb\u00e9m do profissional de sa\u00fade que o senador Humberto Costa \u00e9. Agradecemos a sua disponibilidade para conhecer o modelo AME que foi pensado pela gest\u00e3o Julio Lossio com a perspectiva de reestruturar a Aten\u00e7\u00e3o B\u00e1sica e que tem mostrado um\u00a0 modelo exitoso\u201d, frisou a gestora.<\/p>\n<p><em><strong>Gabriella Moura\u00a0<\/strong><\/em><\/p>\n","protected":false},"excerpt":{"rendered":"<p>No in\u00edcio da tarde deste s\u00e1bado o senador Humberto Costa (PT-PE), acompanhado da vereadora Cristina Costa, da deputada Isabel Cristina, e de sua comitiva visitou a unidade AME Sa\u00fade da Fam\u00edlia Manoel Poss\u00eddio, no bairro Areia Branca. Na ocasi\u00e3o, a secret\u00e1ria de Sa\u00fade de Petrolina, Lucia Giesta, apresentou ao senador toda a estrutura f\u00edsica, servi\u00e7os e os profissionais que atendem \u00e0 popula\u00e7\u00e3o dessa \u00e1rea. Costa conheceu uma unidade AME Sa\u00fade Fam\u00edlia pela primeira vez e considerou o modelo interessante e atual. \u201c\u00c9 um modelo que abre a possibilidade de se ter um n\u00famero maior de equipes para atender a comunidade e, assim, reduzir a rela\u00e7\u00e3o \u2013 profissionais\/grupos de habitantes &#8211; e, com certeza, isso influencia na qualidade do atendimento. Al\u00e9m&hellip; <\/p>\n","protected":false},"author":7,"featured_media":0,"comment_status":"open","ping_status":"open","sticky":false,"template":"","format":"standard","meta":{"_acf_changed":false,"footnotes":""},"categories":[1],"tags":[],"class_list":["post-123786","post","type-post","status-publish","format-standard","hentry","category-politica"],"acf":[],"yoast_head":"<!-- This site is optimized with the Yoast SEO plugin v27.4 - https:\/\/yoast.com\/product\/yoast-seo-wordpress\/ -->\n<title>SENADOR HUMBERTO COSTA CONHECEU A AME SA\u00daDE DA FAM\u00cdLIA MANOEL POSS\u00cdDIO NESTE S\u00c1BADO - Blog do Farn\u00e9sio<\/title>\n<meta name=\"robots\" content=\"index, follow, max-snippet:-1, max-image-preview:large, max-video-preview:-1\" \/>\n<link rel=\"canonical\" href=\"https:\/\/blogdofarnesio.com.br\/?p=123786\" \/>\n<meta property=\"og:locale\" content=\"pt_BR\" \/>\n<meta property=\"og:type\" content=\"article\" \/>\n<meta property=\"og:title\" content=\"SENADOR HUMBERTO COSTA CONHECEU A AME SA\u00daDE DA FAM\u00cdLIA MANOEL POSS\u00cdDIO NESTE S\u00c1BADO - Blog do Farn\u00e9sio\" \/>\n<meta property=\"og:description\" content=\"No in\u00edcio da tarde deste s\u00e1bado o senador Humberto Costa (PT-PE), acompanhado da vereadora Cristina Costa, da deputada Isabel Cristina, e de sua comitiva visitou a unidade AME Sa\u00fade da Fam\u00edlia Manoel Poss\u00eddio, no bairro Areia Branca. Na ocasi\u00e3o, a secret\u00e1ria de Sa\u00fade de Petrolina, Lucia Giesta, apresentou ao senador toda a estrutura f\u00edsica, servi\u00e7os e os profissionais que atendem \u00e0 popula\u00e7\u00e3o dessa \u00e1rea. Costa conheceu uma unidade AME Sa\u00fade Fam\u00edlia pela primeira vez e considerou o modelo interessante e atual. \u201c\u00c9 um modelo que abre a possibilidade de se ter um n\u00famero maior de equipes para atender a comunidade e, assim, reduzir a rela\u00e7\u00e3o \u2013 profissionais\/grupos de habitantes &#8211; e, com certeza, isso influencia na qualidade do atendimento. Al\u00e9m&hellip;\" \/>\n<meta property=\"og:url\" content=\"https:\/\/blogdofarnesio.com.br\/?p=123786\" \/>\n<meta property=\"og:site_name\" content=\"Blog do Farn\u00e9sio\" \/>\n<meta property=\"article:publisher\" content=\"https:\/\/www.facebook.com\/BlogQuerSaberPolitica\/\" \/>\n<meta property=\"article:published_time\" content=\"2015-05-18T20:33:08+00:00\" \/>\n<meta property=\"og:image\" content=\"http:\/\/www.quersaberpolitica.com.br\/2016\/wp-content\/uploads\/2015\/05\/blogqsp.humbertocosta.visitaame.petrolina-300x288.jpg\" \/>\n<meta name=\"twitter:card\" content=\"summary_large_image\" \/>\n<meta name=\"twitter:label1\" content=\"Escrito por\" \/>\n\t<meta name=\"twitter:data1\" content=\"\" \/>\n\t<meta name=\"twitter:label2\" content=\"Est. tempo de leitura\" \/>\n\t<meta name=\"twitter:data2\" content=\"1 minuto\" \/>\n<script type=\"application\/ld+json\" class=\"yoast-schema-graph\">{\"@context\":\"https:\\\/\\\/schema.org\",\"@graph\":[{\"@type\":\"Article\",\"@id\":\"https:\\\/\\\/blogdofarnesio.com.br\\\/?p=123786#article\",\"isPartOf\":{\"@id\":\"https:\\\/\\\/blogdofarnesio.com.br\\\/?p=123786\"},\"author\":{\"name\":\"\",\"@id\":\"\"},\"headline\":\"SENADOR HUMBERTO COSTA CONHECEU A AME SA\u00daDE DA FAM\u00cdLIA MANOEL POSS\u00cdDIO NESTE S\u00c1BADO\",\"datePublished\":\"2015-05-18T20:33:08+00:00\",\"mainEntityOfPage\":{\"@id\":\"https:\\\/\\\/blogdofarnesio.com.br\\\/?p=123786\"},\"wordCount\":249,\"commentCount\":0,\"publisher\":{\"@id\":\"https:\\\/\\\/blogdofarnesio.com.br\\\/#organization\"},\"image\":{\"@id\":\"https:\\\/\\\/blogdofarnesio.com.br\\\/?p=123786#primaryimage\"},\"thumbnailUrl\":\"http:\\\/\\\/www.quersaberpolitica.com.br\\\/2016\\\/wp-content\\\/uploads\\\/2015\\\/05\\\/blogqsp.humbertocosta.visitaame.petrolina-300x288.jpg\",\"articleSection\":[\"Pol\u00edtica\"],\"inLanguage\":\"pt-BR\",\"potentialAction\":[{\"@type\":\"CommentAction\",\"name\":\"Comment\",\"target\":[\"https:\\\/\\\/blogdofarnesio.com.br\\\/?p=123786#respond\"]}]},{\"@type\":\"WebPage\",\"@id\":\"https:\\\/\\\/blogdofarnesio.com.br\\\/?p=123786\",\"url\":\"https:\\\/\\\/blogdofarnesio.com.br\\\/?p=123786\",\"name\":\"SENADOR HUMBERTO COSTA CONHECEU A AME SA\u00daDE DA FAM\u00cdLIA MANOEL POSS\u00cdDIO NESTE S\u00c1BADO - Blog do Farn\u00e9sio\",\"isPartOf\":{\"@id\":\"https:\\\/\\\/blogdofarnesio.com.br\\\/#website\"},\"primaryImageOfPage\":{\"@id\":\"https:\\\/\\\/blogdofarnesio.com.br\\\/?p=123786#primaryimage\"},\"image\":{\"@id\":\"https:\\\/\\\/blogdofarnesio.com.br\\\/?p=123786#primaryimage\"},\"thumbnailUrl\":\"http:\\\/\\\/www.quersaberpolitica.com.br\\\/2016\\\/wp-content\\\/uploads\\\/2015\\\/05\\\/blogqsp.humbertocosta.visitaame.petrolina-300x288.jpg\",\"datePublished\":\"2015-05-18T20:33:08+00:00\",\"breadcrumb\":{\"@id\":\"https:\\\/\\\/blogdofarnesio.com.br\\\/?p=123786#breadcrumb\"},\"inLanguage\":\"pt-BR\",\"potentialAction\":[{\"@type\":\"ReadAction\",\"target\":[\"https:\\\/\\\/blogdofarnesio.com.br\\\/?p=123786\"]}]},{\"@type\":\"ImageObject\",\"inLanguage\":\"pt-BR\",\"@id\":\"https:\\\/\\\/blogdofarnesio.com.br\\\/?p=123786#primaryimage\",\"url\":\"http:\\\/\\\/www.quersaberpolitica.com.br\\\/2016\\\/wp-content\\\/uploads\\\/2015\\\/05\\\/blogqsp.humbertocosta.visitaame.petrolina-300x288.jpg\",\"contentUrl\":\"http:\\\/\\\/www.quersaberpolitica.com.br\\\/2016\\\/wp-content\\\/uploads\\\/2015\\\/05\\\/blogqsp.humbertocosta.visitaame.petrolina-300x288.jpg\"},{\"@type\":\"BreadcrumbList\",\"@id\":\"https:\\\/\\\/blogdofarnesio.com.br\\\/?p=123786#breadcrumb\",\"itemListElement\":[{\"@type\":\"ListItem\",\"position\":1,\"name\":\"In\u00edcio\",\"item\":\"https:\\\/\\\/blogdofarnesio.com.br\\\/\"},{\"@type\":\"ListItem\",\"position\":2,\"name\":\"SENADOR HUMBERTO COSTA CONHECEU A AME SA\u00daDE DA FAM\u00cdLIA MANOEL POSS\u00cdDIO NESTE S\u00c1BADO\"}]},{\"@type\":\"WebSite\",\"@id\":\"https:\\\/\\\/blogdofarnesio.com.br\\\/#website\",\"url\":\"https:\\\/\\\/blogdofarnesio.com.br\\\/\",\"name\":\"Blog do Farn\u00e9sio\",\"description\":\"Quer Saber Pol\u00edtica?\",\"publisher\":{\"@id\":\"https:\\\/\\\/blogdofarnesio.com.br\\\/#organization\"},\"potentialAction\":[{\"@type\":\"SearchAction\",\"target\":{\"@type\":\"EntryPoint\",\"urlTemplate\":\"https:\\\/\\\/blogdofarnesio.com.br\\\/?s={search_term_string}\"},\"query-input\":{\"@type\":\"PropertyValueSpecification\",\"valueRequired\":true,\"valueName\":\"search_term_string\"}}],\"inLanguage\":\"pt-BR\"},{\"@type\":\"Organization\",\"@id\":\"https:\\\/\\\/blogdofarnesio.com.br\\\/#organization\",\"name\":\"Blog do Farn\u00e9sio\",\"url\":\"https:\\\/\\\/blogdofarnesio.com.br\\\/\",\"logo\":{\"@type\":\"ImageObject\",\"inLanguage\":\"pt-BR\",\"@id\":\"https:\\\/\\\/blogdofarnesio.com.br\\\/#\\\/schema\\\/logo\\\/image\\\/\",\"url\":\"https:\\\/\\\/blogdofarnesio.com.br\\\/wp-content\\\/uploads\\\/2026\\\/03\\\/cropped-logo_new-1.png\",\"contentUrl\":\"https:\\\/\\\/blogdofarnesio.com.br\\\/wp-content\\\/uploads\\\/2026\\\/03\\\/cropped-logo_new-1.png\",\"width\":881,\"height\":685,\"caption\":\"Blog do Farn\u00e9sio\"},\"image\":{\"@id\":\"https:\\\/\\\/blogdofarnesio.com.br\\\/#\\\/schema\\\/logo\\\/image\\\/\"},\"sameAs\":[\"https:\\\/\\\/www.facebook.com\\\/BlogQuerSaberPolitica\\\/\"]},{\"@type\":\"Person\",\"@id\":\"\",\"url\":\"https:\\\/\\\/blogdofarnesio.com.br\\\/?author=7\"}]}<\/script>\n<!-- \/ Yoast SEO plugin. -->","yoast_head_json":{"title":"SENADOR HUMBERTO COSTA CONHECEU A AME SA\u00daDE DA FAM\u00cdLIA MANOEL POSS\u00cdDIO NESTE S\u00c1BADO - Blog do Farn\u00e9sio","robots":{"index":"index","follow":"follow","max-snippet":"max-snippet:-1","max-image-preview":"max-image-preview:large","max-video-preview":"max-video-preview:-1"},"canonical":"https:\/\/blogdofarnesio.com.br\/?p=123786","og_locale":"pt_BR","og_type":"article","og_title":"SENADOR HUMBERTO COSTA CONHECEU A AME SA\u00daDE DA FAM\u00cdLIA MANOEL POSS\u00cdDIO NESTE S\u00c1BADO - Blog do Farn\u00e9sio","og_description":"No in\u00edcio da tarde deste s\u00e1bado o senador Humberto Costa (PT-PE), acompanhado da vereadora Cristina Costa, da deputada Isabel Cristina, e de sua comitiva visitou a unidade AME Sa\u00fade da Fam\u00edlia Manoel Poss\u00eddio, no bairro Areia Branca. Na ocasi\u00e3o, a secret\u00e1ria de Sa\u00fade de Petrolina, Lucia Giesta, apresentou ao senador toda a estrutura f\u00edsica, servi\u00e7os e os profissionais que atendem \u00e0 popula\u00e7\u00e3o dessa \u00e1rea. Costa conheceu uma unidade AME Sa\u00fade Fam\u00edlia pela primeira vez e considerou o modelo interessante e atual. \u201c\u00c9 um modelo que abre a possibilidade de se ter um n\u00famero maior de equipes para atender a comunidade e, assim, reduzir a rela\u00e7\u00e3o \u2013 profissionais\/grupos de habitantes &#8211; e, com certeza, isso influencia na qualidade do atendimento. Al\u00e9m&hellip;","og_url":"https:\/\/blogdofarnesio.com.br\/?p=123786","og_site_name":"Blog do Farn\u00e9sio","article_publisher":"https:\/\/www.facebook.com\/BlogQuerSaberPolitica\/","article_published_time":"2015-05-18T20:33:08+00:00","og_image":[{"url":"http:\/\/www.quersaberpolitica.com.br\/2016\/wp-content\/uploads\/2015\/05\/blogqsp.humbertocosta.visitaame.petrolina-300x288.jpg","type":"","width":"","height":""}],"twitter_card":"summary_large_image","twitter_misc":{"Escrito por":"","Est. tempo de leitura":"1 minuto"},"schema":{"@context":"https:\/\/schema.org","@graph":[{"@type":"Article","@id":"https:\/\/blogdofarnesio.com.br\/?p=123786#article","isPartOf":{"@id":"https:\/\/blogdofarnesio.com.br\/?p=123786"},"author":{"name":"","@id":""},"headline":"SENADOR HUMBERTO COSTA CONHECEU A AME SA\u00daDE DA FAM\u00cdLIA MANOEL POSS\u00cdDIO NESTE S\u00c1BADO","datePublished":"2015-05-18T20:33:08+00:00","mainEntityOfPage":{"@id":"https:\/\/blogdofarnesio.com.br\/?p=123786"},"wordCount":249,"commentCount":0,"publisher":{"@id":"https:\/\/blogdofarnesio.com.br\/#organization"},"image":{"@id":"https:\/\/blogdofarnesio.com.br\/?p=123786#primaryimage"},"thumbnailUrl":"http:\/\/www.quersaberpolitica.com.br\/2016\/wp-content\/uploads\/2015\/05\/blogqsp.humbertocosta.visitaame.petrolina-300x288.jpg","articleSection":["Pol\u00edtica"],"inLanguage":"pt-BR","potentialAction":[{"@type":"CommentAction","name":"Comment","target":["https:\/\/blogdofarnesio.com.br\/?p=123786#respond"]}]},{"@type":"WebPage","@id":"https:\/\/blogdofarnesio.com.br\/?p=123786","url":"https:\/\/blogdofarnesio.com.br\/?p=123786","name":"SENADOR HUMBERTO COSTA CONHECEU A AME SA\u00daDE DA FAM\u00cdLIA MANOEL POSS\u00cdDIO NESTE S\u00c1BADO - Blog do Farn\u00e9sio","isPartOf":{"@id":"https:\/\/blogdofarnesio.com.br\/#website"},"primaryImageOfPage":{"@id":"https:\/\/blogdofarnesio.com.br\/?p=123786#primaryimage"},"image":{"@id":"https:\/\/blogdofarnesio.com.br\/?p=123786#primaryimage"},"thumbnailUrl":"http:\/\/www.quersaberpolitica.com.br\/2016\/wp-content\/uploads\/2015\/05\/blogqsp.humbertocosta.visitaame.petrolina-300x288.jpg","datePublished":"2015-05-18T20:33:08+00:00","breadcrumb":{"@id":"https:\/\/blogdofarnesio.com.br\/?p=123786#breadcrumb"},"inLanguage":"pt-BR","potentialAction":[{"@type":"ReadAction","target":["https:\/\/blogdofarnesio.com.br\/?p=123786"]}]},{"@type":"ImageObject","inLanguage":"pt-BR","@id":"https:\/\/blogdofarnesio.com.br\/?p=123786#primaryimage","url":"http:\/\/www.quersaberpolitica.com.br\/2016\/wp-content\/uploads\/2015\/05\/blogqsp.humbertocosta.visitaame.petrolina-300x288.jpg","contentUrl":"http:\/\/www.quersaberpolitica.com.br\/2016\/wp-content\/uploads\/2015\/05\/blogqsp.humbertocosta.visitaame.petrolina-300x288.jpg"},{"@type":"BreadcrumbList","@id":"https:\/\/blogdofarnesio.com.br\/?p=123786#breadcrumb","itemListElement":[{"@type":"ListItem","position":1,"name":"In\u00edcio","item":"https:\/\/blogdofarnesio.com.br\/"},{"@type":"ListItem","position":2,"name":"SENADOR HUMBERTO COSTA CONHECEU A AME SA\u00daDE DA FAM\u00cdLIA MANOEL POSS\u00cdDIO NESTE S\u00c1BADO"}]},{"@type":"WebSite","@id":"https:\/\/blogdofarnesio.com.br\/#website","url":"https:\/\/blogdofarnesio.com.br\/","name":"Blog do Farn\u00e9sio","description":"Quer Saber Pol\u00edtica?","publisher":{"@id":"https:\/\/blogdofarnesio.com.br\/#organization"},"potentialAction":[{"@type":"SearchAction","target":{"@type":"EntryPoint","urlTemplate":"https:\/\/blogdofarnesio.com.br\/?s={search_term_string}"},"query-input":{"@type":"PropertyValueSpecification","valueRequired":true,"valueName":"search_term_string"}}],"inLanguage":"pt-BR"},{"@type":"Organization","@id":"https:\/\/blogdofarnesio.com.br\/#organization","name":"Blog do Farn\u00e9sio","url":"https:\/\/blogdofarnesio.com.br\/","logo":{"@type":"ImageObject","inLanguage":"pt-BR","@id":"https:\/\/blogdofarnesio.com.br\/#\/schema\/logo\/image\/","url":"https:\/\/blogdofarnesio.com.br\/wp-content\/uploads\/2026\/03\/cropped-logo_new-1.png","contentUrl":"https:\/\/blogdofarnesio.com.br\/wp-content\/uploads\/2026\/03\/cropped-logo_new-1.png","width":881,"height":685,"caption":"Blog do Farn\u00e9sio"},"image":{"@id":"https:\/\/blogdofarnesio.com.br\/#\/schema\/logo\/image\/"},"sameAs":["https:\/\/www.facebook.com\/BlogQuerSaberPolitica\/"]},{"@type":"Person","@id":"","url":"https:\/\/blogdofarnesio.com.br\/?author=7"}]}},"_links":{"self":[{"href":"https:\/\/blogdofarnesio.com.br\/index.php?rest_route=\/wp\/v2\/posts\/123786","targetHints":{"allow":["GET"]}}],"collection":[{"href":"https:\/\/blogdofarnesio.com.br\/index.php?rest_route=\/wp\/v2\/posts"}],"about":[{"href":"https:\/\/blogdofarnesio.com.br\/index.php?rest_route=\/wp\/v2\/types\/post"}],"author":[{"embeddable":true,"href":"https:\/\/blogdofarnesio.com.br\/index.php?rest_route=\/wp\/v2\/users\/7"}],"replies":[{"embeddable":true,"href":"https:\/\/blogdofarnesio.com.br\/index.php?rest_route=%2Fwp%2Fv2%2Fcomments&post=123786"}],"version-history":[{"count":0,"href":"https:\/\/blogdofarnesio.com.br\/index.php?rest_route=\/wp\/v2\/posts\/123786\/revisions"}],"wp:attachment":[{"href":"https:\/\/blogdofarnesio.com.br\/index.php?rest_route=%2Fwp%2Fv2%2Fmedia&parent=123786"}],"wp:term":[{"taxonomy":"category","embeddable":true,"href":"https:\/\/blogdofarnesio.com.br\/index.php?rest_route=%2Fwp%2Fv2%2Fcategories&post=123786"},{"taxonomy":"post_tag","embeddable":true,"href":"https:\/\/blogdofarnesio.com.br\/index.php?rest_route=%2Fwp%2Fv2%2Ftags&post=123786"}],"curies":[{"name":"wp","href":"https:\/\/api.w.org\/{rel}","templated":true}]}}