{"id":123633,"date":"2015-05-25T11:33:04","date_gmt":"2015-05-25T14:33:04","guid":{"rendered":"http:\/\/www.quersaberpolitica.com.br\/?p=123633"},"modified":"2015-05-25T07:22:58","modified_gmt":"2015-05-25T10:22:58","slug":"enem-2015-sera-em-outubro-inscricoes-dia-25-de-maio","status":"publish","type":"post","link":"https:\/\/blogdofarnesio.com.br\/?p=123633","title":{"rendered":"ABERTAS AS INSCRI\u00c7\u00d5ES PARA O ENEM 2015"},"content":{"rendered":"<div class=\"materia-titulo\">\n<h1 class=\"entry-title\" style=\"text-align: justify\"><strong class=\"fn\">Filipe Matoso<\/strong><span class=\"adr\"><span class=\"locality\">Do G1, em Bras\u00edlia<\/span><\/span><\/h1>\n<\/div>\n<div id=\"materia-letra\" class=\"materia-conteudo entry-content\" style=\"text-align: justify\">\n<p><a href=\"http:\/\/www.quersaberpolitica.com.br\/2016\/wp-content\/uploads\/2015\/04\/blogqsp.maratona.enem_.topdelinha.jpg\"><img loading=\"lazy\" decoding=\"async\" class=\"aligncenter size-full wp-image-122699\" src=\"http:\/\/www.quersaberpolitica.com.br\/2016\/wp-content\/uploads\/2015\/04\/blogqsp.maratona.enem_.topdelinha.jpg\" alt=\"blogqsp.maratona.enem.topdelinha\" width=\"400\" height=\"300\" srcset=\"https:\/\/blogdofarnesio.com.br\/wp-content\/uploads\/2015\/04\/blogqsp.maratona.enem_.topdelinha.jpg 400w, https:\/\/blogdofarnesio.com.br\/wp-content\/uploads\/2015\/04\/blogqsp.maratona.enem_.topdelinha-300x225.jpg 300w\" sizes=\"auto, (max-width: 400px) 100vw, 400px\" \/><\/a>O Exame Nacional do Ensino M\u00e9dio (<a class=\"premium-tip\" href=\"http:\/\/g1.globo.com\/tudo-sobre\/enem\">Enem<\/a>) de 2015 ser\u00e1 realizado em 24 e 25 de outubro. As datas das provas foram anunciadas pelo ministro da Educa\u00e7\u00e3o, Janine Ribeiro, nesta quinta-feira (14), em Bras\u00edlia.O ministro afirmou que a publica\u00e7\u00e3o do edital com todas as regras ser\u00e1 feita na segunda-feira (18) no &#8220;Di\u00e1rio Oficial da Uni\u00e3o&#8221;. Veja \u00a0abaixo os destaques:<\/p>\n<p><strong>DATA DAS INSCRI\u00c7\u00d5ES<\/strong><br \/>\nAs inscri\u00e7\u00f5es ocorrem entre 25 de maio e 5 de junho. Para quem n\u00e3o conseguir isen\u00e7\u00e3o, a inscri\u00e7\u00e3o s\u00f3 ser\u00e1 &#8220;confirmada&#8221; ap\u00f3s o pagamento da taxa de R$ 63 at\u00e9 as 21h59 do dia 10 de junho.<\/p>\n<p><strong>TAXA DE INSCRI\u00c7\u00c3O<\/strong><br \/>\nSofreu aumento pela primeira vez em mais de dez anos. At\u00e9 2014, o valor era R$ 35. Agora, passa a ser de R$ 63.<\/p>\n<p><strong>ISENTOS DE TAXA<\/strong><br \/>\nEstudantes da rede p\u00fablica no \u00faltimo ano do ensino m\u00e9dio est\u00e3o automaticamente isentos. Al\u00e9m deles, podem obter isen\u00e7\u00e3o candidatos que comprovarem car\u00eancia, segundo as regras do edital.<\/p>\n<p><strong>CART\u00c3O DE INSCRI\u00c7\u00c3O<\/strong><br \/>\nDeixar\u00e1 de ser impresso pelo MEC e enviado pelos Correios. Agora, ter\u00e1 que ser baixado ou consultado diretamente no site do Enem. O documento serve para orienta\u00e7\u00e3o e n\u00e3o precisa ser apresentado no exame.<\/p>\n<p><strong>MEDIDAS DE SEGURAN\u00c7A<\/strong><\/p>\n<\/div>\n<p style=\"text-align: justify\"><!--more--><\/p>\n<p style=\"text-align: justify\">N\u00e3o ser\u00e1 poss\u00edvel usar o mesmo e-mail para fazer mais de uma inscri\u00e7\u00e3o. Al\u00e9m disso, todos os candidatos dever\u00e3o informar n\u00famero de telefone (celular ou fixo) v\u00e1lido. Eles tamb\u00e9m ter\u00e3o que criar uma pergunta e resposta de seguran\u00e7a no login.<\/p>\n<p>O detector de metal ser\u00e1 novamente aplicado nos locais de prova.<\/p>\n<div id=\"4181534\" class=\"video componente_materia\" style=\"text-align: justify\">\n<div class=\"wm-poster-wrapper\">\n<div class=\"wm-poster-inner-wrapper\">\n<div class=\"wm-poster-play\"><\/div>\n<p><img loading=\"lazy\" decoding=\"async\" class=\"wm-poster-image aligncenter\" src=\"http:\/\/s03.video.glbimg.com\/x360\/4181534.jpg\" alt=\"\" width=\"435\" height=\"248\" \/><\/p>\n<\/div>\n<\/div>\n<\/div>\n<p style=\"text-align: justify\"><strong>CONTRA FALTAS<\/strong><br \/>\nSegundo o ministro, cerca de 30% das provas impressas acabam sem uso por causa das absten\u00e7\u00f5es. Para tentar diminuir as faltas, o MEC afirmou que estudantes liberados do pagamento que n\u00e3o forem \u00e0s provas v\u00e3o perder o direito \u00e0 isen\u00e7\u00e3o na pr\u00f3xima edi\u00e7\u00e3o.<\/p>\n<p><strong>DURA\u00c7\u00c3O DAS PROVAS<\/strong><br \/>\nNo primeiro dia, ci\u00eancias humanas e ci\u00eancias da natureza ter\u00e3o 4 horas e meia de dura\u00e7\u00e3o. No segundo dia, linguagens, matem\u00e1tica e reda\u00e7\u00e3o ter\u00e3o 5 horas e meia de dura\u00e7\u00e3o.<\/p>\n<p><strong>HOR\u00c1RIOS DAS PROVAS<\/strong><br \/>\nPort\u00f5es ser\u00e3o fechados \u00e0s 13h (hor\u00e1rio oficial de Bras\u00edlia). Mas, dessa vez, as provas s\u00f3 come\u00e7am 30 minutos depois do fechamento dos port\u00f5es.<\/p>\n<p><strong>SABATISTAS<\/strong><br \/>\nOs sabatistas no Acre, Amazonas, Mato Grosso, Mato Grosso do Sul, Rond\u00f4nia e Roraima poder\u00e3o fazer as provas do s\u00e1bado \u00e0s 19h do hor\u00e1rio local. Nos demais estados, a prova do primeiro dia para os sabatistas come\u00e7a \u00e0s 19h do hor\u00e1rio de Bras\u00edlia.<\/p>\n<p><strong>TOTAL DE PARTICIPANTES<\/strong><br \/>\nEstimativa de mais de 9 milh\u00f5es de inscritos. No ano passado foram 8,7 milh\u00f5es, dos quais 6,2 milh\u00f5es de fato compareceram.<\/p>\n<div id=\"4181459\" class=\"video componente_materia\" style=\"text-align: justify\">\n<div class=\"wm-poster-wrapper\">\n<div class=\"wm-poster-inner-wrapper\">\n<div class=\"wm-poster-play\"><\/div>\n<p><img loading=\"lazy\" decoding=\"async\" class=\"wm-poster-image aligncenter\" src=\"http:\/\/s04.video.glbimg.com\/x360\/4181459.jpg\" alt=\"\" width=\"391\" height=\"223\" \/><\/p>\n<\/div>\n<\/div>\n<\/div>\n<div class=\"frase-materia componente_materia expandido\" style=\"text-align: justify\">\n<div class=\"frase\">Nossa meta principal \u00e9 fazer o Enem, n\u00e3o fazer economia. Mas, se for poss\u00edvel, vamos fazer economia.&#8221;<\/div>\n<div class=\"autor\">Janine Ribeiro,<br \/>\nministro da Educa\u00e7\u00e3o<\/div>\n<\/div>\n<p style=\"text-align: justify\"><strong>Mudan\u00e7as e economia<\/strong><br \/>\nO MEC busca economia de at\u00e9 20% no custo do Enem 2015. O valor alcan\u00e7ado pode ser de ao menos R$ 90 milh\u00f5es com o aumento da taxa de inscri\u00e7\u00f5es, medidas contra faltas e mudan\u00e7a no envio do cart\u00e3o de inscri\u00e7\u00e3o.<\/p>\n<p style=\"text-align: justify\">&#8220;Nossa meta principal \u00e9 fazer o Enem, n\u00e3o fazer economia. Mas, se for poss\u00edvel, vamos fazer economia&#8221;, disse Ribeiro. A estimativa \u00e9 que o custo m\u00e9dio da aplica\u00e7\u00e3o da prova por estudante seja de R$ 52.<\/p>\n<p>O ministro justificou o reajuste da taxa ap\u00f3s 10 anos. &#8220;Tudo subiu na sociedade e esse valor est\u00e1 o mesmo desde muito tempo&#8221;, disse Ribeiro. Ele afirmou que o reajuste considerou a varia\u00e7\u00e3o inflacion\u00e1ria no per\u00edodo.<\/p>\n<p style=\"text-align: justify\">Haver\u00e1 economia tamb\u00e9m com o envio dos cart\u00f5es. De acordo com o ministro, ser\u00e3o poupados R$ 20 milh\u00f5es apenas com o envio virtual da confirma\u00e7\u00e3o, segundo Ribeiro. O presidente do Inep, Francisco Soares, esclareceu que o cart\u00e3o de inscri\u00e7\u00e3o ter\u00e1 que ser baixado pelo estudante no site do Enem. O documento serve para consulta e n\u00e3o precisa ser apresentado no local do exame.<\/p>\n<p><strong>Puni\u00e7\u00e3o para faltas no Enem<\/strong><br \/>\nOutra medida que trar\u00e1 redu\u00e7\u00e3o de custos ser\u00e1 o corte da isen\u00e7\u00e3o para alunos que forem liberados da taxa e faltarem ao exame deste ano. Quem faltar em 2015 ter\u00e1 obrigatoriamente que pagar a inscri\u00e7\u00e3o em 2016.<\/p>\n<p>&#8220;Uma pessoa n\u00e3o pode ter isen\u00e7\u00e3o gra\u00e7as a recursos que a sociedade est\u00e1 pagando, e jogar isso fora. H\u00e1 uma responsabilidade moral que \u00e9 preciso assumir. E no escopo educacional, a \u00e9tica \u00e9 fundamental. Educa\u00e7\u00e3o \u00e9 tamb\u00e9m ter responsabilidade com os pr\u00f3prios atos&#8221;, disse Janine Ribeiro.<\/p>\n<p style=\"text-align: justify\">Sessenta e cinco por cento dos faltosos do Enem de 2014 eram alunos isentos, segundo o secret\u00e1rio executivo do MEC, Luiz Claudio Costa.<\/p>\n<p style=\"text-align: justify\">A estimativa \u00e9 que quase R$ 60 milh\u00f5es ser\u00e3o poupados com o pagamento de inscri\u00e7\u00f5es por alunos que antes estavam insentos.<\/p>\n<p style=\"text-align: justify\"><strong>Justificativa das faltas<\/strong><br \/>\nSobre os estudantes isentos que n\u00e3o compareceram \u00e0 prova, Luiz Cl\u00e1udio afirmou que o MEC ainda vai definir as regras para justificar a aus\u00eancia.<\/p>\n<p style=\"text-align: justify\">&#8220;N\u00e3o posso dar resposta agora. No exemplo do atraso no transporte coletivo, como provar isso? A pessoa pode ser penalizada, mas precisamos ter certeza disso para n\u00e3o virar a justificativa padr\u00e3o, como aquelas pessoas que ficam doentes e n\u00e3o t\u00eam atestado.&#8221;<\/p>\n","protected":false},"excerpt":{"rendered":"<p>Filipe MatosoDo G1, em Bras\u00edlia O Exame Nacional do Ensino M\u00e9dio (Enem) de 2015 ser\u00e1 realizado em 24 e 25 de outubro. As datas das provas foram anunciadas pelo ministro da Educa\u00e7\u00e3o, Janine Ribeiro, nesta quinta-feira (14), em Bras\u00edlia.O ministro afirmou que a publica\u00e7\u00e3o do edital com todas as regras ser\u00e1 feita na segunda-feira (18) no &#8220;Di\u00e1rio Oficial da Uni\u00e3o&#8221;. Veja \u00a0abaixo os destaques: DATA DAS INSCRI\u00c7\u00d5ES As inscri\u00e7\u00f5es ocorrem entre 25 de maio e 5 de junho. Para quem n\u00e3o conseguir isen\u00e7\u00e3o, a inscri\u00e7\u00e3o s\u00f3 ser\u00e1 &#8220;confirmada&#8221; ap\u00f3s o pagamento da taxa de R$ 63 at\u00e9 as 21h59 do dia 10 de junho. TAXA DE INSCRI\u00c7\u00c3O Sofreu aumento pela primeira vez em mais de dez anos. At\u00e9 2014, o&hellip; <\/p>\n","protected":false},"author":3,"featured_media":0,"comment_status":"open","ping_status":"open","sticky":false,"template":"","format":"standard","meta":{"_acf_changed":false,"footnotes":""},"categories":[6],"tags":[],"class_list":["post-123633","post","type-post","status-publish","format-standard","hentry","category-educacao"],"acf":[],"yoast_head":"<!-- This site is optimized with the Yoast SEO plugin v27.4 - https:\/\/yoast.com\/product\/yoast-seo-wordpress\/ -->\n<title>ABERTAS AS INSCRI\u00c7\u00d5ES PARA O ENEM 2015 - Blog do Farn\u00e9sio<\/title>\n<meta name=\"robots\" content=\"index, follow, max-snippet:-1, max-image-preview:large, max-video-preview:-1\" \/>\n<link rel=\"canonical\" href=\"https:\/\/blogdofarnesio.com.br\/?p=123633\" \/>\n<meta property=\"og:locale\" content=\"pt_BR\" \/>\n<meta property=\"og:type\" content=\"article\" \/>\n<meta property=\"og:title\" content=\"ABERTAS AS INSCRI\u00c7\u00d5ES PARA O ENEM 2015 - Blog do Farn\u00e9sio\" \/>\n<meta property=\"og:description\" content=\"Filipe MatosoDo G1, em Bras\u00edlia O Exame Nacional do Ensino M\u00e9dio (Enem) de 2015 ser\u00e1 realizado em 24 e 25 de outubro. As datas das provas foram anunciadas pelo ministro da Educa\u00e7\u00e3o, Janine Ribeiro, nesta quinta-feira (14), em Bras\u00edlia.O ministro afirmou que a publica\u00e7\u00e3o do edital com todas as regras ser\u00e1 feita na segunda-feira (18) no &#8220;Di\u00e1rio Oficial da Uni\u00e3o&#8221;. Veja \u00a0abaixo os destaques: DATA DAS INSCRI\u00c7\u00d5ES As inscri\u00e7\u00f5es ocorrem entre 25 de maio e 5 de junho. Para quem n\u00e3o conseguir isen\u00e7\u00e3o, a inscri\u00e7\u00e3o s\u00f3 ser\u00e1 &#8220;confirmada&#8221; ap\u00f3s o pagamento da taxa de R$ 63 at\u00e9 as 21h59 do dia 10 de junho. TAXA DE INSCRI\u00c7\u00c3O Sofreu aumento pela primeira vez em mais de dez anos. At\u00e9 2014, o&hellip;\" \/>\n<meta property=\"og:url\" content=\"https:\/\/blogdofarnesio.com.br\/?p=123633\" \/>\n<meta property=\"og:site_name\" content=\"Blog do Farn\u00e9sio\" \/>\n<meta property=\"article:publisher\" content=\"https:\/\/www.facebook.com\/BlogQuerSaberPolitica\/\" \/>\n<meta property=\"article:published_time\" content=\"2015-05-25T14:33:04+00:00\" \/>\n<meta property=\"og:image\" content=\"http:\/\/www.quersaberpolitica.com.br\/2016\/wp-content\/uploads\/2015\/04\/blogqsp.maratona.enem_.topdelinha.jpg\" \/>\n<meta name=\"author\" content=\"teste\" \/>\n<meta name=\"twitter:card\" content=\"summary_large_image\" \/>\n<meta name=\"twitter:label1\" content=\"Escrito por\" \/>\n\t<meta name=\"twitter:data1\" content=\"teste\" \/>\n\t<meta name=\"twitter:label2\" content=\"Est. tempo de leitura\" \/>\n\t<meta name=\"twitter:data2\" content=\"5 minutos\" \/>\n<script type=\"application\/ld+json\" class=\"yoast-schema-graph\">{\"@context\":\"https:\\\/\\\/schema.org\",\"@graph\":[{\"@type\":\"Article\",\"@id\":\"https:\\\/\\\/blogdofarnesio.com.br\\\/?p=123633#article\",\"isPartOf\":{\"@id\":\"https:\\\/\\\/blogdofarnesio.com.br\\\/?p=123633\"},\"author\":{\"name\":\"teste\",\"@id\":\"https:\\\/\\\/blogdofarnesio.com.br\\\/#\\\/schema\\\/person\\\/dd1bf5eba40b687199ba45ca6b97dff9\"},\"headline\":\"ABERTAS AS INSCRI\u00c7\u00d5ES PARA O ENEM 2015\",\"datePublished\":\"2015-05-25T14:33:04+00:00\",\"mainEntityOfPage\":{\"@id\":\"https:\\\/\\\/blogdofarnesio.com.br\\\/?p=123633\"},\"wordCount\":911,\"commentCount\":0,\"publisher\":{\"@id\":\"https:\\\/\\\/blogdofarnesio.com.br\\\/#organization\"},\"image\":{\"@id\":\"https:\\\/\\\/blogdofarnesio.com.br\\\/?p=123633#primaryimage\"},\"thumbnailUrl\":\"http:\\\/\\\/www.quersaberpolitica.com.br\\\/2016\\\/wp-content\\\/uploads\\\/2015\\\/04\\\/blogqsp.maratona.enem_.topdelinha.jpg\",\"articleSection\":[\"Educa\u00e7\u00e3o\"],\"inLanguage\":\"pt-BR\",\"potentialAction\":[{\"@type\":\"CommentAction\",\"name\":\"Comment\",\"target\":[\"https:\\\/\\\/blogdofarnesio.com.br\\\/?p=123633#respond\"]}]},{\"@type\":\"WebPage\",\"@id\":\"https:\\\/\\\/blogdofarnesio.com.br\\\/?p=123633\",\"url\":\"https:\\\/\\\/blogdofarnesio.com.br\\\/?p=123633\",\"name\":\"ABERTAS AS INSCRI\u00c7\u00d5ES PARA O ENEM 2015 - Blog do Farn\u00e9sio\",\"isPartOf\":{\"@id\":\"https:\\\/\\\/blogdofarnesio.com.br\\\/#website\"},\"primaryImageOfPage\":{\"@id\":\"https:\\\/\\\/blogdofarnesio.com.br\\\/?p=123633#primaryimage\"},\"image\":{\"@id\":\"https:\\\/\\\/blogdofarnesio.com.br\\\/?p=123633#primaryimage\"},\"thumbnailUrl\":\"http:\\\/\\\/www.quersaberpolitica.com.br\\\/2016\\\/wp-content\\\/uploads\\\/2015\\\/04\\\/blogqsp.maratona.enem_.topdelinha.jpg\",\"datePublished\":\"2015-05-25T14:33:04+00:00\",\"breadcrumb\":{\"@id\":\"https:\\\/\\\/blogdofarnesio.com.br\\\/?p=123633#breadcrumb\"},\"inLanguage\":\"pt-BR\",\"potentialAction\":[{\"@type\":\"ReadAction\",\"target\":[\"https:\\\/\\\/blogdofarnesio.com.br\\\/?p=123633\"]}]},{\"@type\":\"ImageObject\",\"inLanguage\":\"pt-BR\",\"@id\":\"https:\\\/\\\/blogdofarnesio.com.br\\\/?p=123633#primaryimage\",\"url\":\"http:\\\/\\\/www.quersaberpolitica.com.br\\\/2016\\\/wp-content\\\/uploads\\\/2015\\\/04\\\/blogqsp.maratona.enem_.topdelinha.jpg\",\"contentUrl\":\"http:\\\/\\\/www.quersaberpolitica.com.br\\\/2016\\\/wp-content\\\/uploads\\\/2015\\\/04\\\/blogqsp.maratona.enem_.topdelinha.jpg\"},{\"@type\":\"BreadcrumbList\",\"@id\":\"https:\\\/\\\/blogdofarnesio.com.br\\\/?p=123633#breadcrumb\",\"itemListElement\":[{\"@type\":\"ListItem\",\"position\":1,\"name\":\"In\u00edcio\",\"item\":\"https:\\\/\\\/blogdofarnesio.com.br\\\/\"},{\"@type\":\"ListItem\",\"position\":2,\"name\":\"ABERTAS AS INSCRI\u00c7\u00d5ES PARA O ENEM 2015\"}]},{\"@type\":\"WebSite\",\"@id\":\"https:\\\/\\\/blogdofarnesio.com.br\\\/#website\",\"url\":\"https:\\\/\\\/blogdofarnesio.com.br\\\/\",\"name\":\"Blog do Farn\u00e9sio\",\"description\":\"Quer Saber Pol\u00edtica?\",\"publisher\":{\"@id\":\"https:\\\/\\\/blogdofarnesio.com.br\\\/#organization\"},\"potentialAction\":[{\"@type\":\"SearchAction\",\"target\":{\"@type\":\"EntryPoint\",\"urlTemplate\":\"https:\\\/\\\/blogdofarnesio.com.br\\\/?s={search_term_string}\"},\"query-input\":{\"@type\":\"PropertyValueSpecification\",\"valueRequired\":true,\"valueName\":\"search_term_string\"}}],\"inLanguage\":\"pt-BR\"},{\"@type\":\"Organization\",\"@id\":\"https:\\\/\\\/blogdofarnesio.com.br\\\/#organization\",\"name\":\"Blog do Farn\u00e9sio\",\"url\":\"https:\\\/\\\/blogdofarnesio.com.br\\\/\",\"logo\":{\"@type\":\"ImageObject\",\"inLanguage\":\"pt-BR\",\"@id\":\"https:\\\/\\\/blogdofarnesio.com.br\\\/#\\\/schema\\\/logo\\\/image\\\/\",\"url\":\"https:\\\/\\\/blogdofarnesio.com.br\\\/wp-content\\\/uploads\\\/2026\\\/03\\\/cropped-logo_new-1.png\",\"contentUrl\":\"https:\\\/\\\/blogdofarnesio.com.br\\\/wp-content\\\/uploads\\\/2026\\\/03\\\/cropped-logo_new-1.png\",\"width\":881,\"height\":685,\"caption\":\"Blog do Farn\u00e9sio\"},\"image\":{\"@id\":\"https:\\\/\\\/blogdofarnesio.com.br\\\/#\\\/schema\\\/logo\\\/image\\\/\"},\"sameAs\":[\"https:\\\/\\\/www.facebook.com\\\/BlogQuerSaberPolitica\\\/\"]},{\"@type\":\"Person\",\"@id\":\"https:\\\/\\\/blogdofarnesio.com.br\\\/#\\\/schema\\\/person\\\/dd1bf5eba40b687199ba45ca6b97dff9\",\"name\":\"teste\",\"image\":{\"@type\":\"ImageObject\",\"inLanguage\":\"pt-BR\",\"@id\":\"https:\\\/\\\/secure.gravatar.com\\\/avatar\\\/2172498d4914b51e1d89a0f97957b035ac4938723a5cac208135d389b6972a6d?s=96&d=mm&r=g\",\"url\":\"https:\\\/\\\/secure.gravatar.com\\\/avatar\\\/2172498d4914b51e1d89a0f97957b035ac4938723a5cac208135d389b6972a6d?s=96&d=mm&r=g\",\"contentUrl\":\"https:\\\/\\\/secure.gravatar.com\\\/avatar\\\/2172498d4914b51e1d89a0f97957b035ac4938723a5cac208135d389b6972a6d?s=96&d=mm&r=g\",\"caption\":\"teste\"},\"url\":\"https:\\\/\\\/blogdofarnesio.com.br\\\/?author=3\"}]}<\/script>\n<!-- \/ Yoast SEO plugin. -->","yoast_head_json":{"title":"ABERTAS AS INSCRI\u00c7\u00d5ES PARA O ENEM 2015 - Blog do Farn\u00e9sio","robots":{"index":"index","follow":"follow","max-snippet":"max-snippet:-1","max-image-preview":"max-image-preview:large","max-video-preview":"max-video-preview:-1"},"canonical":"https:\/\/blogdofarnesio.com.br\/?p=123633","og_locale":"pt_BR","og_type":"article","og_title":"ABERTAS AS INSCRI\u00c7\u00d5ES PARA O ENEM 2015 - Blog do Farn\u00e9sio","og_description":"Filipe MatosoDo G1, em Bras\u00edlia O Exame Nacional do Ensino M\u00e9dio (Enem) de 2015 ser\u00e1 realizado em 24 e 25 de outubro. As datas das provas foram anunciadas pelo ministro da Educa\u00e7\u00e3o, Janine Ribeiro, nesta quinta-feira (14), em Bras\u00edlia.O ministro afirmou que a publica\u00e7\u00e3o do edital com todas as regras ser\u00e1 feita na segunda-feira (18) no &#8220;Di\u00e1rio Oficial da Uni\u00e3o&#8221;. Veja \u00a0abaixo os destaques: DATA DAS INSCRI\u00c7\u00d5ES As inscri\u00e7\u00f5es ocorrem entre 25 de maio e 5 de junho. Para quem n\u00e3o conseguir isen\u00e7\u00e3o, a inscri\u00e7\u00e3o s\u00f3 ser\u00e1 &#8220;confirmada&#8221; ap\u00f3s o pagamento da taxa de R$ 63 at\u00e9 as 21h59 do dia 10 de junho. TAXA DE INSCRI\u00c7\u00c3O Sofreu aumento pela primeira vez em mais de dez anos. At\u00e9 2014, o&hellip;","og_url":"https:\/\/blogdofarnesio.com.br\/?p=123633","og_site_name":"Blog do Farn\u00e9sio","article_publisher":"https:\/\/www.facebook.com\/BlogQuerSaberPolitica\/","article_published_time":"2015-05-25T14:33:04+00:00","og_image":[{"url":"http:\/\/www.quersaberpolitica.com.br\/2016\/wp-content\/uploads\/2015\/04\/blogqsp.maratona.enem_.topdelinha.jpg","type":"","width":"","height":""}],"author":"teste","twitter_card":"summary_large_image","twitter_misc":{"Escrito por":"teste","Est. tempo de leitura":"5 minutos"},"schema":{"@context":"https:\/\/schema.org","@graph":[{"@type":"Article","@id":"https:\/\/blogdofarnesio.com.br\/?p=123633#article","isPartOf":{"@id":"https:\/\/blogdofarnesio.com.br\/?p=123633"},"author":{"name":"teste","@id":"https:\/\/blogdofarnesio.com.br\/#\/schema\/person\/dd1bf5eba40b687199ba45ca6b97dff9"},"headline":"ABERTAS AS INSCRI\u00c7\u00d5ES PARA O ENEM 2015","datePublished":"2015-05-25T14:33:04+00:00","mainEntityOfPage":{"@id":"https:\/\/blogdofarnesio.com.br\/?p=123633"},"wordCount":911,"commentCount":0,"publisher":{"@id":"https:\/\/blogdofarnesio.com.br\/#organization"},"image":{"@id":"https:\/\/blogdofarnesio.com.br\/?p=123633#primaryimage"},"thumbnailUrl":"http:\/\/www.quersaberpolitica.com.br\/2016\/wp-content\/uploads\/2015\/04\/blogqsp.maratona.enem_.topdelinha.jpg","articleSection":["Educa\u00e7\u00e3o"],"inLanguage":"pt-BR","potentialAction":[{"@type":"CommentAction","name":"Comment","target":["https:\/\/blogdofarnesio.com.br\/?p=123633#respond"]}]},{"@type":"WebPage","@id":"https:\/\/blogdofarnesio.com.br\/?p=123633","url":"https:\/\/blogdofarnesio.com.br\/?p=123633","name":"ABERTAS AS INSCRI\u00c7\u00d5ES PARA O ENEM 2015 - Blog do Farn\u00e9sio","isPartOf":{"@id":"https:\/\/blogdofarnesio.com.br\/#website"},"primaryImageOfPage":{"@id":"https:\/\/blogdofarnesio.com.br\/?p=123633#primaryimage"},"image":{"@id":"https:\/\/blogdofarnesio.com.br\/?p=123633#primaryimage"},"thumbnailUrl":"http:\/\/www.quersaberpolitica.com.br\/2016\/wp-content\/uploads\/2015\/04\/blogqsp.maratona.enem_.topdelinha.jpg","datePublished":"2015-05-25T14:33:04+00:00","breadcrumb":{"@id":"https:\/\/blogdofarnesio.com.br\/?p=123633#breadcrumb"},"inLanguage":"pt-BR","potentialAction":[{"@type":"ReadAction","target":["https:\/\/blogdofarnesio.com.br\/?p=123633"]}]},{"@type":"ImageObject","inLanguage":"pt-BR","@id":"https:\/\/blogdofarnesio.com.br\/?p=123633#primaryimage","url":"http:\/\/www.quersaberpolitica.com.br\/2016\/wp-content\/uploads\/2015\/04\/blogqsp.maratona.enem_.topdelinha.jpg","contentUrl":"http:\/\/www.quersaberpolitica.com.br\/2016\/wp-content\/uploads\/2015\/04\/blogqsp.maratona.enem_.topdelinha.jpg"},{"@type":"BreadcrumbList","@id":"https:\/\/blogdofarnesio.com.br\/?p=123633#breadcrumb","itemListElement":[{"@type":"ListItem","position":1,"name":"In\u00edcio","item":"https:\/\/blogdofarnesio.com.br\/"},{"@type":"ListItem","position":2,"name":"ABERTAS AS INSCRI\u00c7\u00d5ES PARA O ENEM 2015"}]},{"@type":"WebSite","@id":"https:\/\/blogdofarnesio.com.br\/#website","url":"https:\/\/blogdofarnesio.com.br\/","name":"Blog do Farn\u00e9sio","description":"Quer Saber Pol\u00edtica?","publisher":{"@id":"https:\/\/blogdofarnesio.com.br\/#organization"},"potentialAction":[{"@type":"SearchAction","target":{"@type":"EntryPoint","urlTemplate":"https:\/\/blogdofarnesio.com.br\/?s={search_term_string}"},"query-input":{"@type":"PropertyValueSpecification","valueRequired":true,"valueName":"search_term_string"}}],"inLanguage":"pt-BR"},{"@type":"Organization","@id":"https:\/\/blogdofarnesio.com.br\/#organization","name":"Blog do Farn\u00e9sio","url":"https:\/\/blogdofarnesio.com.br\/","logo":{"@type":"ImageObject","inLanguage":"pt-BR","@id":"https:\/\/blogdofarnesio.com.br\/#\/schema\/logo\/image\/","url":"https:\/\/blogdofarnesio.com.br\/wp-content\/uploads\/2026\/03\/cropped-logo_new-1.png","contentUrl":"https:\/\/blogdofarnesio.com.br\/wp-content\/uploads\/2026\/03\/cropped-logo_new-1.png","width":881,"height":685,"caption":"Blog do Farn\u00e9sio"},"image":{"@id":"https:\/\/blogdofarnesio.com.br\/#\/schema\/logo\/image\/"},"sameAs":["https:\/\/www.facebook.com\/BlogQuerSaberPolitica\/"]},{"@type":"Person","@id":"https:\/\/blogdofarnesio.com.br\/#\/schema\/person\/dd1bf5eba40b687199ba45ca6b97dff9","name":"teste","image":{"@type":"ImageObject","inLanguage":"pt-BR","@id":"https:\/\/secure.gravatar.com\/avatar\/2172498d4914b51e1d89a0f97957b035ac4938723a5cac208135d389b6972a6d?s=96&d=mm&r=g","url":"https:\/\/secure.gravatar.com\/avatar\/2172498d4914b51e1d89a0f97957b035ac4938723a5cac208135d389b6972a6d?s=96&d=mm&r=g","contentUrl":"https:\/\/secure.gravatar.com\/avatar\/2172498d4914b51e1d89a0f97957b035ac4938723a5cac208135d389b6972a6d?s=96&d=mm&r=g","caption":"teste"},"url":"https:\/\/blogdofarnesio.com.br\/?author=3"}]}},"_links":{"self":[{"href":"https:\/\/blogdofarnesio.com.br\/index.php?rest_route=\/wp\/v2\/posts\/123633","targetHints":{"allow":["GET"]}}],"collection":[{"href":"https:\/\/blogdofarnesio.com.br\/index.php?rest_route=\/wp\/v2\/posts"}],"about":[{"href":"https:\/\/blogdofarnesio.com.br\/index.php?rest_route=\/wp\/v2\/types\/post"}],"author":[{"embeddable":true,"href":"https:\/\/blogdofarnesio.com.br\/index.php?rest_route=\/wp\/v2\/users\/3"}],"replies":[{"embeddable":true,"href":"https:\/\/blogdofarnesio.com.br\/index.php?rest_route=%2Fwp%2Fv2%2Fcomments&post=123633"}],"version-history":[{"count":0,"href":"https:\/\/blogdofarnesio.com.br\/index.php?rest_route=\/wp\/v2\/posts\/123633\/revisions"}],"wp:attachment":[{"href":"https:\/\/blogdofarnesio.com.br\/index.php?rest_route=%2Fwp%2Fv2%2Fmedia&parent=123633"}],"wp:term":[{"taxonomy":"category","embeddable":true,"href":"https:\/\/blogdofarnesio.com.br\/index.php?rest_route=%2Fwp%2Fv2%2Fcategories&post=123633"},{"taxonomy":"post_tag","embeddable":true,"href":"https:\/\/blogdofarnesio.com.br\/index.php?rest_route=%2Fwp%2Fv2%2Ftags&post=123633"}],"curies":[{"name":"wp","href":"https:\/\/api.w.org\/{rel}","templated":true}]}}