{"id":123451,"date":"2015-05-12T10:02:13","date_gmt":"2015-05-12T13:02:13","guid":{"rendered":"http:\/\/www.quersaberpolitica.com.br\/?p=123451"},"modified":"2015-05-12T08:03:07","modified_gmt":"2015-05-12T11:03:07","slug":"motorista-com-tornozeleira-de-presidiario-conduzia-carro-que-atropelou-e-matou-jovem-proximo-aeroporto-em-petrolina-pe","status":"publish","type":"post","link":"https:\/\/blogdofarnesio.com.br\/?p=123451","title":{"rendered":"MOTORISTA COM TORNOZELEIRA DE PRESIDI\u00c1RIO CONDUZIA CARRO QUE ATROPELOU E MATOU JOVEM PR\u00d3XIMO AEROPORTO EM PETROLINA-PE"},"content":{"rendered":"<h1 class=\"post-title entry-title\" style=\"text-align: justify\"><a href=\"http:\/\/4.bp.blogspot.com\/-9X-A2-DuFDE\/VVDGUU2vRaI\/AAAAAAAAOgQ\/42yuz4Pjkfg\/s1600\/homem-atropelado1.jpg\"><img loading=\"lazy\" decoding=\"async\" class=\" aligncenter\" src=\"http:\/\/4.bp.blogspot.com\/-9X-A2-DuFDE\/VVDGUU2vRaI\/AAAAAAAAOgQ\/42yuz4Pjkfg\/s640\/homem-atropelado1.jpg\" alt=\"\" width=\"436\" height=\"172\" border=\"0\" \/><\/a><\/h1>\n<div id=\"post-body-1637922766410473688\" class=\"post-body entry-content\" style=\"text-align: justify\">\n<div>Um acidente automobil\u00edstico ocorrido na madrugada deste domingo (10) pr\u00f3ximo ao Aeroporto Internacional Senador Nilo Coelho, em Petrolina, resultou na <a href=\"http:\/\/blogzecarlosborges.blogspot.com.br\/2015\/05\/homem-morre-em-grave-acidente-na-br-235.html\" target=\"_blank\">morte de Marcos Ant\u00f4nio Sabino, de 29 anos<\/a>, residente na Rua 21 do bairro Vila Eul\u00e1lia, em Petrolina.<\/div>\n<div><\/div>\n<div>Ele foi atropelado por um ve\u00edculo Honda Civic, com placas de Juazeiro-BA. Segundo informa\u00e7\u00f5es de populares, o Honda Civic havia feito o retorno na rotat\u00f3ria em frente ao Aeroporto quando mais adiante atropelou Marcos Ant\u00f4nio perdendo o controle do carro vindo a atingir mais dois ve\u00edculos que estavam estacionados no canteiro central. Ainda de acordo com informa\u00e7\u00f5es de populares, o motorista do Civic havia fugido do local e relataram ainda, que o mesmo usava uma tornozeleira eletr\u00f4nica utilizada em detentos do sistema carcer\u00e1rio.<\/div>\n<div><\/div>\n<div>A Pol\u00edcia Militar se fez presente ao local para ado\u00e7\u00e3o das medidas cab\u00edveis enquanto que o corpo da v\u00edtima foi removido ao Instituto M\u00e9dico Legal.<\/div>\n<div><\/div>\n<\/div>\n","protected":false},"excerpt":{"rendered":"<p>Um acidente automobil\u00edstico ocorrido na madrugada deste domingo (10) pr\u00f3ximo ao Aeroporto Internacional Senador Nilo Coelho, em Petrolina, resultou na morte de Marcos Ant\u00f4nio Sabino, de 29 anos, residente na Rua 21 do bairro Vila Eul\u00e1lia, em Petrolina. Ele foi atropelado por um ve\u00edculo Honda Civic, com placas de Juazeiro-BA. Segundo informa\u00e7\u00f5es de populares, o Honda Civic havia feito o retorno na rotat\u00f3ria em frente ao Aeroporto quando mais adiante atropelou Marcos Ant\u00f4nio perdendo o controle do carro vindo a atingir mais dois ve\u00edculos que estavam estacionados no canteiro central. Ainda de acordo com informa\u00e7\u00f5es de populares, o motorista do Civic havia fugido do local e relataram ainda, que o mesmo usava uma tornozeleira eletr\u00f4nica utilizada em detentos do sistema&hellip; <\/p>\n","protected":false},"author":3,"featured_media":0,"comment_status":"open","ping_status":"open","sticky":false,"template":"","format":"standard","meta":{"_acf_changed":false,"footnotes":""},"categories":[21],"tags":[],"class_list":["post-123451","post","type-post","status-publish","format-standard","hentry","category-transito"],"acf":[],"yoast_head":"<!-- This site is optimized with the Yoast SEO plugin v27.4 - https:\/\/yoast.com\/product\/yoast-seo-wordpress\/ -->\n<title>MOTORISTA COM TORNOZELEIRA DE PRESIDI\u00c1RIO CONDUZIA CARRO QUE ATROPELOU E MATOU JOVEM PR\u00d3XIMO AEROPORTO EM PETROLINA-PE - Blog do Farn\u00e9sio<\/title>\n<meta name=\"robots\" content=\"index, follow, max-snippet:-1, max-image-preview:large, max-video-preview:-1\" \/>\n<link rel=\"canonical\" href=\"https:\/\/blogdofarnesio.com.br\/?p=123451\" \/>\n<meta property=\"og:locale\" content=\"pt_BR\" \/>\n<meta property=\"og:type\" content=\"article\" \/>\n<meta property=\"og:title\" content=\"MOTORISTA COM TORNOZELEIRA DE PRESIDI\u00c1RIO CONDUZIA CARRO QUE ATROPELOU E MATOU JOVEM PR\u00d3XIMO AEROPORTO EM PETROLINA-PE - Blog do Farn\u00e9sio\" \/>\n<meta property=\"og:description\" content=\"Um acidente automobil\u00edstico ocorrido na madrugada deste domingo (10) pr\u00f3ximo ao Aeroporto Internacional Senador Nilo Coelho, em Petrolina, resultou na morte de Marcos Ant\u00f4nio Sabino, de 29 anos, residente na Rua 21 do bairro Vila Eul\u00e1lia, em Petrolina. Ele foi atropelado por um ve\u00edculo Honda Civic, com placas de Juazeiro-BA. Segundo informa\u00e7\u00f5es de populares, o Honda Civic havia feito o retorno na rotat\u00f3ria em frente ao Aeroporto quando mais adiante atropelou Marcos Ant\u00f4nio perdendo o controle do carro vindo a atingir mais dois ve\u00edculos que estavam estacionados no canteiro central. Ainda de acordo com informa\u00e7\u00f5es de populares, o motorista do Civic havia fugido do local e relataram ainda, que o mesmo usava uma tornozeleira eletr\u00f4nica utilizada em detentos do sistema&hellip;\" \/>\n<meta property=\"og:url\" content=\"https:\/\/blogdofarnesio.com.br\/?p=123451\" \/>\n<meta property=\"og:site_name\" content=\"Blog do Farn\u00e9sio\" \/>\n<meta property=\"article:publisher\" content=\"https:\/\/www.facebook.com\/BlogQuerSaberPolitica\/\" \/>\n<meta property=\"article:published_time\" content=\"2015-05-12T13:02:13+00:00\" \/>\n<meta property=\"og:image\" content=\"http:\/\/4.bp.blogspot.com\/-9X-A2-DuFDE\/VVDGUU2vRaI\/AAAAAAAAOgQ\/42yuz4Pjkfg\/s640\/homem-atropelado1.jpg\" \/>\n<meta name=\"author\" content=\"teste\" \/>\n<meta name=\"twitter:card\" content=\"summary_large_image\" \/>\n<meta name=\"twitter:label1\" content=\"Escrito por\" \/>\n\t<meta name=\"twitter:data1\" content=\"teste\" \/>\n\t<meta name=\"twitter:label2\" content=\"Est. tempo de leitura\" \/>\n\t<meta name=\"twitter:data2\" content=\"1 minuto\" \/>\n<script type=\"application\/ld+json\" class=\"yoast-schema-graph\">{\"@context\":\"https:\\\/\\\/schema.org\",\"@graph\":[{\"@type\":\"Article\",\"@id\":\"https:\\\/\\\/blogdofarnesio.com.br\\\/?p=123451#article\",\"isPartOf\":{\"@id\":\"https:\\\/\\\/blogdofarnesio.com.br\\\/?p=123451\"},\"author\":{\"name\":\"teste\",\"@id\":\"https:\\\/\\\/blogdofarnesio.com.br\\\/#\\\/schema\\\/person\\\/dd1bf5eba40b687199ba45ca6b97dff9\"},\"headline\":\"MOTORISTA COM TORNOZELEIRA DE PRESIDI\u00c1RIO CONDUZIA CARRO QUE ATROPELOU E MATOU JOVEM PR\u00d3XIMO AEROPORTO EM PETROLINA-PE\",\"datePublished\":\"2015-05-12T13:02:13+00:00\",\"mainEntityOfPage\":{\"@id\":\"https:\\\/\\\/blogdofarnesio.com.br\\\/?p=123451\"},\"wordCount\":178,\"commentCount\":0,\"publisher\":{\"@id\":\"https:\\\/\\\/blogdofarnesio.com.br\\\/#organization\"},\"image\":{\"@id\":\"https:\\\/\\\/blogdofarnesio.com.br\\\/?p=123451#primaryimage\"},\"thumbnailUrl\":\"http:\\\/\\\/4.bp.blogspot.com\\\/-9X-A2-DuFDE\\\/VVDGUU2vRaI\\\/AAAAAAAAOgQ\\\/42yuz4Pjkfg\\\/s640\\\/homem-atropelado1.jpg\",\"articleSection\":[\"Tr\u00e2nsito\"],\"inLanguage\":\"pt-BR\",\"potentialAction\":[{\"@type\":\"CommentAction\",\"name\":\"Comment\",\"target\":[\"https:\\\/\\\/blogdofarnesio.com.br\\\/?p=123451#respond\"]}]},{\"@type\":\"WebPage\",\"@id\":\"https:\\\/\\\/blogdofarnesio.com.br\\\/?p=123451\",\"url\":\"https:\\\/\\\/blogdofarnesio.com.br\\\/?p=123451\",\"name\":\"MOTORISTA COM TORNOZELEIRA DE PRESIDI\u00c1RIO CONDUZIA CARRO QUE ATROPELOU E MATOU JOVEM PR\u00d3XIMO AEROPORTO EM PETROLINA-PE - Blog do Farn\u00e9sio\",\"isPartOf\":{\"@id\":\"https:\\\/\\\/blogdofarnesio.com.br\\\/#website\"},\"primaryImageOfPage\":{\"@id\":\"https:\\\/\\\/blogdofarnesio.com.br\\\/?p=123451#primaryimage\"},\"image\":{\"@id\":\"https:\\\/\\\/blogdofarnesio.com.br\\\/?p=123451#primaryimage\"},\"thumbnailUrl\":\"http:\\\/\\\/4.bp.blogspot.com\\\/-9X-A2-DuFDE\\\/VVDGUU2vRaI\\\/AAAAAAAAOgQ\\\/42yuz4Pjkfg\\\/s640\\\/homem-atropelado1.jpg\",\"datePublished\":\"2015-05-12T13:02:13+00:00\",\"breadcrumb\":{\"@id\":\"https:\\\/\\\/blogdofarnesio.com.br\\\/?p=123451#breadcrumb\"},\"inLanguage\":\"pt-BR\",\"potentialAction\":[{\"@type\":\"ReadAction\",\"target\":[\"https:\\\/\\\/blogdofarnesio.com.br\\\/?p=123451\"]}]},{\"@type\":\"ImageObject\",\"inLanguage\":\"pt-BR\",\"@id\":\"https:\\\/\\\/blogdofarnesio.com.br\\\/?p=123451#primaryimage\",\"url\":\"http:\\\/\\\/4.bp.blogspot.com\\\/-9X-A2-DuFDE\\\/VVDGUU2vRaI\\\/AAAAAAAAOgQ\\\/42yuz4Pjkfg\\\/s640\\\/homem-atropelado1.jpg\",\"contentUrl\":\"http:\\\/\\\/4.bp.blogspot.com\\\/-9X-A2-DuFDE\\\/VVDGUU2vRaI\\\/AAAAAAAAOgQ\\\/42yuz4Pjkfg\\\/s640\\\/homem-atropelado1.jpg\"},{\"@type\":\"BreadcrumbList\",\"@id\":\"https:\\\/\\\/blogdofarnesio.com.br\\\/?p=123451#breadcrumb\",\"itemListElement\":[{\"@type\":\"ListItem\",\"position\":1,\"name\":\"In\u00edcio\",\"item\":\"https:\\\/\\\/blogdofarnesio.com.br\\\/\"},{\"@type\":\"ListItem\",\"position\":2,\"name\":\"MOTORISTA COM TORNOZELEIRA DE PRESIDI\u00c1RIO CONDUZIA CARRO QUE ATROPELOU E MATOU JOVEM PR\u00d3XIMO AEROPORTO EM PETROLINA-PE\"}]},{\"@type\":\"WebSite\",\"@id\":\"https:\\\/\\\/blogdofarnesio.com.br\\\/#website\",\"url\":\"https:\\\/\\\/blogdofarnesio.com.br\\\/\",\"name\":\"Blog do Farn\u00e9sio\",\"description\":\"Quer Saber Pol\u00edtica?\",\"publisher\":{\"@id\":\"https:\\\/\\\/blogdofarnesio.com.br\\\/#organization\"},\"potentialAction\":[{\"@type\":\"SearchAction\",\"target\":{\"@type\":\"EntryPoint\",\"urlTemplate\":\"https:\\\/\\\/blogdofarnesio.com.br\\\/?s={search_term_string}\"},\"query-input\":{\"@type\":\"PropertyValueSpecification\",\"valueRequired\":true,\"valueName\":\"search_term_string\"}}],\"inLanguage\":\"pt-BR\"},{\"@type\":\"Organization\",\"@id\":\"https:\\\/\\\/blogdofarnesio.com.br\\\/#organization\",\"name\":\"Blog do Farn\u00e9sio\",\"url\":\"https:\\\/\\\/blogdofarnesio.com.br\\\/\",\"logo\":{\"@type\":\"ImageObject\",\"inLanguage\":\"pt-BR\",\"@id\":\"https:\\\/\\\/blogdofarnesio.com.br\\\/#\\\/schema\\\/logo\\\/image\\\/\",\"url\":\"https:\\\/\\\/blogdofarnesio.com.br\\\/wp-content\\\/uploads\\\/2026\\\/03\\\/cropped-logo_new-1.png\",\"contentUrl\":\"https:\\\/\\\/blogdofarnesio.com.br\\\/wp-content\\\/uploads\\\/2026\\\/03\\\/cropped-logo_new-1.png\",\"width\":881,\"height\":685,\"caption\":\"Blog do Farn\u00e9sio\"},\"image\":{\"@id\":\"https:\\\/\\\/blogdofarnesio.com.br\\\/#\\\/schema\\\/logo\\\/image\\\/\"},\"sameAs\":[\"https:\\\/\\\/www.facebook.com\\\/BlogQuerSaberPolitica\\\/\"]},{\"@type\":\"Person\",\"@id\":\"https:\\\/\\\/blogdofarnesio.com.br\\\/#\\\/schema\\\/person\\\/dd1bf5eba40b687199ba45ca6b97dff9\",\"name\":\"teste\",\"image\":{\"@type\":\"ImageObject\",\"inLanguage\":\"pt-BR\",\"@id\":\"https:\\\/\\\/secure.gravatar.com\\\/avatar\\\/2172498d4914b51e1d89a0f97957b035ac4938723a5cac208135d389b6972a6d?s=96&d=mm&r=g\",\"url\":\"https:\\\/\\\/secure.gravatar.com\\\/avatar\\\/2172498d4914b51e1d89a0f97957b035ac4938723a5cac208135d389b6972a6d?s=96&d=mm&r=g\",\"contentUrl\":\"https:\\\/\\\/secure.gravatar.com\\\/avatar\\\/2172498d4914b51e1d89a0f97957b035ac4938723a5cac208135d389b6972a6d?s=96&d=mm&r=g\",\"caption\":\"teste\"},\"url\":\"https:\\\/\\\/blogdofarnesio.com.br\\\/?author=3\"}]}<\/script>\n<!-- \/ Yoast SEO plugin. -->","yoast_head_json":{"title":"MOTORISTA COM TORNOZELEIRA DE PRESIDI\u00c1RIO CONDUZIA CARRO QUE ATROPELOU E MATOU JOVEM PR\u00d3XIMO AEROPORTO EM PETROLINA-PE - Blog do Farn\u00e9sio","robots":{"index":"index","follow":"follow","max-snippet":"max-snippet:-1","max-image-preview":"max-image-preview:large","max-video-preview":"max-video-preview:-1"},"canonical":"https:\/\/blogdofarnesio.com.br\/?p=123451","og_locale":"pt_BR","og_type":"article","og_title":"MOTORISTA COM TORNOZELEIRA DE PRESIDI\u00c1RIO CONDUZIA CARRO QUE ATROPELOU E MATOU JOVEM PR\u00d3XIMO AEROPORTO EM PETROLINA-PE - Blog do Farn\u00e9sio","og_description":"Um acidente automobil\u00edstico ocorrido na madrugada deste domingo (10) pr\u00f3ximo ao Aeroporto Internacional Senador Nilo Coelho, em Petrolina, resultou na morte de Marcos Ant\u00f4nio Sabino, de 29 anos, residente na Rua 21 do bairro Vila Eul\u00e1lia, em Petrolina. Ele foi atropelado por um ve\u00edculo Honda Civic, com placas de Juazeiro-BA. Segundo informa\u00e7\u00f5es de populares, o Honda Civic havia feito o retorno na rotat\u00f3ria em frente ao Aeroporto quando mais adiante atropelou Marcos Ant\u00f4nio perdendo o controle do carro vindo a atingir mais dois ve\u00edculos que estavam estacionados no canteiro central. Ainda de acordo com informa\u00e7\u00f5es de populares, o motorista do Civic havia fugido do local e relataram ainda, que o mesmo usava uma tornozeleira eletr\u00f4nica utilizada em detentos do sistema&hellip;","og_url":"https:\/\/blogdofarnesio.com.br\/?p=123451","og_site_name":"Blog do Farn\u00e9sio","article_publisher":"https:\/\/www.facebook.com\/BlogQuerSaberPolitica\/","article_published_time":"2015-05-12T13:02:13+00:00","og_image":[{"url":"http:\/\/4.bp.blogspot.com\/-9X-A2-DuFDE\/VVDGUU2vRaI\/AAAAAAAAOgQ\/42yuz4Pjkfg\/s640\/homem-atropelado1.jpg","type":"","width":"","height":""}],"author":"teste","twitter_card":"summary_large_image","twitter_misc":{"Escrito por":"teste","Est. tempo de leitura":"1 minuto"},"schema":{"@context":"https:\/\/schema.org","@graph":[{"@type":"Article","@id":"https:\/\/blogdofarnesio.com.br\/?p=123451#article","isPartOf":{"@id":"https:\/\/blogdofarnesio.com.br\/?p=123451"},"author":{"name":"teste","@id":"https:\/\/blogdofarnesio.com.br\/#\/schema\/person\/dd1bf5eba40b687199ba45ca6b97dff9"},"headline":"MOTORISTA COM TORNOZELEIRA DE PRESIDI\u00c1RIO CONDUZIA CARRO QUE ATROPELOU E MATOU JOVEM PR\u00d3XIMO AEROPORTO EM PETROLINA-PE","datePublished":"2015-05-12T13:02:13+00:00","mainEntityOfPage":{"@id":"https:\/\/blogdofarnesio.com.br\/?p=123451"},"wordCount":178,"commentCount":0,"publisher":{"@id":"https:\/\/blogdofarnesio.com.br\/#organization"},"image":{"@id":"https:\/\/blogdofarnesio.com.br\/?p=123451#primaryimage"},"thumbnailUrl":"http:\/\/4.bp.blogspot.com\/-9X-A2-DuFDE\/VVDGUU2vRaI\/AAAAAAAAOgQ\/42yuz4Pjkfg\/s640\/homem-atropelado1.jpg","articleSection":["Tr\u00e2nsito"],"inLanguage":"pt-BR","potentialAction":[{"@type":"CommentAction","name":"Comment","target":["https:\/\/blogdofarnesio.com.br\/?p=123451#respond"]}]},{"@type":"WebPage","@id":"https:\/\/blogdofarnesio.com.br\/?p=123451","url":"https:\/\/blogdofarnesio.com.br\/?p=123451","name":"MOTORISTA COM TORNOZELEIRA DE PRESIDI\u00c1RIO CONDUZIA CARRO QUE ATROPELOU E MATOU JOVEM PR\u00d3XIMO AEROPORTO EM PETROLINA-PE - Blog do Farn\u00e9sio","isPartOf":{"@id":"https:\/\/blogdofarnesio.com.br\/#website"},"primaryImageOfPage":{"@id":"https:\/\/blogdofarnesio.com.br\/?p=123451#primaryimage"},"image":{"@id":"https:\/\/blogdofarnesio.com.br\/?p=123451#primaryimage"},"thumbnailUrl":"http:\/\/4.bp.blogspot.com\/-9X-A2-DuFDE\/VVDGUU2vRaI\/AAAAAAAAOgQ\/42yuz4Pjkfg\/s640\/homem-atropelado1.jpg","datePublished":"2015-05-12T13:02:13+00:00","breadcrumb":{"@id":"https:\/\/blogdofarnesio.com.br\/?p=123451#breadcrumb"},"inLanguage":"pt-BR","potentialAction":[{"@type":"ReadAction","target":["https:\/\/blogdofarnesio.com.br\/?p=123451"]}]},{"@type":"ImageObject","inLanguage":"pt-BR","@id":"https:\/\/blogdofarnesio.com.br\/?p=123451#primaryimage","url":"http:\/\/4.bp.blogspot.com\/-9X-A2-DuFDE\/VVDGUU2vRaI\/AAAAAAAAOgQ\/42yuz4Pjkfg\/s640\/homem-atropelado1.jpg","contentUrl":"http:\/\/4.bp.blogspot.com\/-9X-A2-DuFDE\/VVDGUU2vRaI\/AAAAAAAAOgQ\/42yuz4Pjkfg\/s640\/homem-atropelado1.jpg"},{"@type":"BreadcrumbList","@id":"https:\/\/blogdofarnesio.com.br\/?p=123451#breadcrumb","itemListElement":[{"@type":"ListItem","position":1,"name":"In\u00edcio","item":"https:\/\/blogdofarnesio.com.br\/"},{"@type":"ListItem","position":2,"name":"MOTORISTA COM TORNOZELEIRA DE PRESIDI\u00c1RIO CONDUZIA CARRO QUE ATROPELOU E MATOU JOVEM PR\u00d3XIMO AEROPORTO EM PETROLINA-PE"}]},{"@type":"WebSite","@id":"https:\/\/blogdofarnesio.com.br\/#website","url":"https:\/\/blogdofarnesio.com.br\/","name":"Blog do Farn\u00e9sio","description":"Quer Saber Pol\u00edtica?","publisher":{"@id":"https:\/\/blogdofarnesio.com.br\/#organization"},"potentialAction":[{"@type":"SearchAction","target":{"@type":"EntryPoint","urlTemplate":"https:\/\/blogdofarnesio.com.br\/?s={search_term_string}"},"query-input":{"@type":"PropertyValueSpecification","valueRequired":true,"valueName":"search_term_string"}}],"inLanguage":"pt-BR"},{"@type":"Organization","@id":"https:\/\/blogdofarnesio.com.br\/#organization","name":"Blog do Farn\u00e9sio","url":"https:\/\/blogdofarnesio.com.br\/","logo":{"@type":"ImageObject","inLanguage":"pt-BR","@id":"https:\/\/blogdofarnesio.com.br\/#\/schema\/logo\/image\/","url":"https:\/\/blogdofarnesio.com.br\/wp-content\/uploads\/2026\/03\/cropped-logo_new-1.png","contentUrl":"https:\/\/blogdofarnesio.com.br\/wp-content\/uploads\/2026\/03\/cropped-logo_new-1.png","width":881,"height":685,"caption":"Blog do Farn\u00e9sio"},"image":{"@id":"https:\/\/blogdofarnesio.com.br\/#\/schema\/logo\/image\/"},"sameAs":["https:\/\/www.facebook.com\/BlogQuerSaberPolitica\/"]},{"@type":"Person","@id":"https:\/\/blogdofarnesio.com.br\/#\/schema\/person\/dd1bf5eba40b687199ba45ca6b97dff9","name":"teste","image":{"@type":"ImageObject","inLanguage":"pt-BR","@id":"https:\/\/secure.gravatar.com\/avatar\/2172498d4914b51e1d89a0f97957b035ac4938723a5cac208135d389b6972a6d?s=96&d=mm&r=g","url":"https:\/\/secure.gravatar.com\/avatar\/2172498d4914b51e1d89a0f97957b035ac4938723a5cac208135d389b6972a6d?s=96&d=mm&r=g","contentUrl":"https:\/\/secure.gravatar.com\/avatar\/2172498d4914b51e1d89a0f97957b035ac4938723a5cac208135d389b6972a6d?s=96&d=mm&r=g","caption":"teste"},"url":"https:\/\/blogdofarnesio.com.br\/?author=3"}]}},"_links":{"self":[{"href":"https:\/\/blogdofarnesio.com.br\/index.php?rest_route=\/wp\/v2\/posts\/123451","targetHints":{"allow":["GET"]}}],"collection":[{"href":"https:\/\/blogdofarnesio.com.br\/index.php?rest_route=\/wp\/v2\/posts"}],"about":[{"href":"https:\/\/blogdofarnesio.com.br\/index.php?rest_route=\/wp\/v2\/types\/post"}],"author":[{"embeddable":true,"href":"https:\/\/blogdofarnesio.com.br\/index.php?rest_route=\/wp\/v2\/users\/3"}],"replies":[{"embeddable":true,"href":"https:\/\/blogdofarnesio.com.br\/index.php?rest_route=%2Fwp%2Fv2%2Fcomments&post=123451"}],"version-history":[{"count":0,"href":"https:\/\/blogdofarnesio.com.br\/index.php?rest_route=\/wp\/v2\/posts\/123451\/revisions"}],"wp:attachment":[{"href":"https:\/\/blogdofarnesio.com.br\/index.php?rest_route=%2Fwp%2Fv2%2Fmedia&parent=123451"}],"wp:term":[{"taxonomy":"category","embeddable":true,"href":"https:\/\/blogdofarnesio.com.br\/index.php?rest_route=%2Fwp%2Fv2%2Fcategories&post=123451"},{"taxonomy":"post_tag","embeddable":true,"href":"https:\/\/blogdofarnesio.com.br\/index.php?rest_route=%2Fwp%2Fv2%2Ftags&post=123451"}],"curies":[{"name":"wp","href":"https:\/\/api.w.org\/{rel}","templated":true}]}}