{"id":123403,"date":"2015-05-11T15:01:48","date_gmt":"2015-05-11T18:01:48","guid":{"rendered":"http:\/\/www.quersaberpolitica.com.br\/?p=123403"},"modified":"2015-05-11T14:37:24","modified_gmt":"2015-05-11T17:37:24","slug":"prefeitura-prorroga-inscricoes-para-vendedores-ambulantes","status":"publish","type":"post","link":"https:\/\/blogdofarnesio.com.br\/?p=123403","title":{"rendered":"PRORROGADAS AS INSCRI\u00c7\u00d5ES PARA VENDEDORES AMBULANTES EM PETROLINA"},"content":{"rendered":"<p style=\"text-align: justify\"><a href=\"http:\/\/www.quersaberpolitica.com.br\/2016\/wp-content\/uploads\/2015\/05\/blogqsp.ambulantes.petrolina.jpg\"><img loading=\"lazy\" decoding=\"async\" class=\" size-medium wp-image-123404 alignleft\" src=\"http:\/\/www.quersaberpolitica.com.br\/2016\/wp-content\/uploads\/2015\/05\/blogqsp.ambulantes.petrolina-300x200.jpg\" alt=\"blogqsp.ambulantes.petrolina\" width=\"300\" height=\"200\" srcset=\"https:\/\/blogdofarnesio.com.br\/wp-content\/uploads\/2015\/05\/blogqsp.ambulantes.petrolina-300x200.jpg 300w, https:\/\/blogdofarnesio.com.br\/wp-content\/uploads\/2015\/05\/blogqsp.ambulantes.petrolina.jpg 448w\" sizes=\"auto, (max-width: 300px) 100vw, 300px\" \/><\/a><\/p>\n<p style=\"text-align: justify\">A Prefeitura de Petrolina, atrav\u00e9s da Secretaria de Desenvolvimento Econ\u00f4mico e Agr\u00e1rio, prorroga at\u00e9 a pr\u00f3xima sexta-feira (15) as inscri\u00e7\u00f5es para o cadastramento dos vendedores ambulantes da regi\u00e3o que queiram participar do curso de Manipula\u00e7\u00e3o de Alimentos e Empreendedorismo.<\/p>\n<p style=\"text-align: justify\">A a\u00e7\u00e3o \u00e9 realizada em parceria com a Unidade do Sebrae em Petrolina e a Ag\u00eancia da Vigil\u00e2ncia Sanit\u00e1ria do munic\u00edpio.<\/p>\n<p style=\"text-align: justify\">Mesmo com v\u00e1rias turmas j\u00e1 formadas e prontas para iniciarem as aulas na pr\u00f3xima semana, a Prefeitura resolveu prorrogar as inscri\u00e7\u00f5es por orienta\u00e7\u00e3o do Prefeito Julio Lossio, para contemplar os ambulantes que ainda n\u00e3o estavam informados sobre a capacita\u00e7\u00e3o ou n\u00e3o tiveram como se inscrever at\u00e9 a \u00faltima sexta-feira.<\/p>\n<p style=\"text-align: justify\">Com o novo prazo, \u00e9 bem prov\u00e1vel que seja ultrapassada a meta de 450 ambulantes pretendidos, mas o\u00a0secret\u00e1rio de Desenvolvimento Econ\u00f4mico\u00a0garante que haver\u00e1 abertura para mais turmas.<\/p>\n<p style=\"text-align: justify\"><!--more--><\/p>\n<p style=\"text-align: justify\">Jorge Assun\u00e7\u00e3o alerta novamente que a participa\u00e7\u00e3o nos cursos \u00e9 um item indispens\u00e1vel para que os ambulantes possam vender produtos em eventos p\u00fablicos, como o S\u00e3o Jo\u00e3o, que deve acontecer em junho.<\/p>\n<p style=\"text-align: justify\">A inscri\u00e7\u00e3o para a capacita\u00e7\u00e3o continua sendo realizado no Centro de Conven\u00e7\u00f5es Nilo Coelho, no centro da cidade, das 8h30 \u00e0s 12h30, todos os dias da semana. Os documentos necess\u00e1rios s\u00e3o c\u00f3pias de RG, CPF e comprovante de resid\u00eancia.<\/p>\n<p><strong>Texto e foto: Ricardo Alves<\/strong><\/p>\n","protected":false},"excerpt":{"rendered":"<p>A Prefeitura de Petrolina, atrav\u00e9s da Secretaria de Desenvolvimento Econ\u00f4mico e Agr\u00e1rio, prorroga at\u00e9 a pr\u00f3xima sexta-feira (15) as inscri\u00e7\u00f5es para o cadastramento dos vendedores ambulantes da regi\u00e3o que queiram participar do curso de Manipula\u00e7\u00e3o de Alimentos e Empreendedorismo. A a\u00e7\u00e3o \u00e9 realizada em parceria com a Unidade do Sebrae em Petrolina e a Ag\u00eancia da Vigil\u00e2ncia Sanit\u00e1ria do munic\u00edpio. Mesmo com v\u00e1rias turmas j\u00e1 formadas e prontas para iniciarem as aulas na pr\u00f3xima semana, a Prefeitura resolveu prorrogar as inscri\u00e7\u00f5es por orienta\u00e7\u00e3o do Prefeito Julio Lossio, para contemplar os ambulantes que ainda n\u00e3o estavam informados sobre a capacita\u00e7\u00e3o ou n\u00e3o tiveram como se inscrever at\u00e9 a \u00faltima sexta-feira. Com o novo prazo, \u00e9 bem prov\u00e1vel que seja ultrapassada a&hellip; <\/p>\n","protected":false},"author":7,"featured_media":0,"comment_status":"open","ping_status":"open","sticky":false,"template":"","format":"standard","meta":{"_acf_changed":false,"footnotes":""},"categories":[44],"tags":[],"class_list":["post-123403","post","type-post","status-publish","format-standard","hentry","category-administracao"],"acf":[],"yoast_head":"<!-- This site is optimized with the Yoast SEO plugin v27.4 - https:\/\/yoast.com\/product\/yoast-seo-wordpress\/ -->\n<title>PRORROGADAS AS INSCRI\u00c7\u00d5ES PARA VENDEDORES AMBULANTES EM PETROLINA - Blog do Farn\u00e9sio<\/title>\n<meta name=\"robots\" content=\"index, follow, max-snippet:-1, max-image-preview:large, max-video-preview:-1\" \/>\n<link rel=\"canonical\" href=\"https:\/\/blogdofarnesio.com.br\/?p=123403\" \/>\n<meta property=\"og:locale\" content=\"pt_BR\" \/>\n<meta property=\"og:type\" content=\"article\" \/>\n<meta property=\"og:title\" content=\"PRORROGADAS AS INSCRI\u00c7\u00d5ES PARA VENDEDORES AMBULANTES EM PETROLINA - Blog do Farn\u00e9sio\" \/>\n<meta property=\"og:description\" content=\"A Prefeitura de Petrolina, atrav\u00e9s da Secretaria de Desenvolvimento Econ\u00f4mico e Agr\u00e1rio, prorroga at\u00e9 a pr\u00f3xima sexta-feira (15) as inscri\u00e7\u00f5es para o cadastramento dos vendedores ambulantes da regi\u00e3o que queiram participar do curso de Manipula\u00e7\u00e3o de Alimentos e Empreendedorismo. A a\u00e7\u00e3o \u00e9 realizada em parceria com a Unidade do Sebrae em Petrolina e a Ag\u00eancia da Vigil\u00e2ncia Sanit\u00e1ria do munic\u00edpio. Mesmo com v\u00e1rias turmas j\u00e1 formadas e prontas para iniciarem as aulas na pr\u00f3xima semana, a Prefeitura resolveu prorrogar as inscri\u00e7\u00f5es por orienta\u00e7\u00e3o do Prefeito Julio Lossio, para contemplar os ambulantes que ainda n\u00e3o estavam informados sobre a capacita\u00e7\u00e3o ou n\u00e3o tiveram como se inscrever at\u00e9 a \u00faltima sexta-feira. Com o novo prazo, \u00e9 bem prov\u00e1vel que seja ultrapassada a&hellip;\" \/>\n<meta property=\"og:url\" content=\"https:\/\/blogdofarnesio.com.br\/?p=123403\" \/>\n<meta property=\"og:site_name\" content=\"Blog do Farn\u00e9sio\" \/>\n<meta property=\"article:publisher\" content=\"https:\/\/www.facebook.com\/BlogQuerSaberPolitica\/\" \/>\n<meta property=\"article:published_time\" content=\"2015-05-11T18:01:48+00:00\" \/>\n<meta property=\"og:image\" content=\"http:\/\/www.quersaberpolitica.com.br\/2016\/wp-content\/uploads\/2015\/05\/blogqsp.ambulantes.petrolina-300x200.jpg\" \/>\n<meta name=\"twitter:card\" content=\"summary_large_image\" \/>\n<meta name=\"twitter:label1\" content=\"Escrito por\" \/>\n\t<meta name=\"twitter:data1\" content=\"\" \/>\n\t<meta name=\"twitter:label2\" content=\"Est. tempo de leitura\" \/>\n\t<meta name=\"twitter:data2\" content=\"1 minuto\" \/>\n<script type=\"application\/ld+json\" class=\"yoast-schema-graph\">{\"@context\":\"https:\\\/\\\/schema.org\",\"@graph\":[{\"@type\":\"Article\",\"@id\":\"https:\\\/\\\/blogdofarnesio.com.br\\\/?p=123403#article\",\"isPartOf\":{\"@id\":\"https:\\\/\\\/blogdofarnesio.com.br\\\/?p=123403\"},\"author\":{\"name\":\"\",\"@id\":\"\"},\"headline\":\"PRORROGADAS AS INSCRI\u00c7\u00d5ES PARA VENDEDORES AMBULANTES EM PETROLINA\",\"datePublished\":\"2015-05-11T18:01:48+00:00\",\"mainEntityOfPage\":{\"@id\":\"https:\\\/\\\/blogdofarnesio.com.br\\\/?p=123403\"},\"wordCount\":253,\"commentCount\":0,\"publisher\":{\"@id\":\"https:\\\/\\\/blogdofarnesio.com.br\\\/#organization\"},\"image\":{\"@id\":\"https:\\\/\\\/blogdofarnesio.com.br\\\/?p=123403#primaryimage\"},\"thumbnailUrl\":\"http:\\\/\\\/www.quersaberpolitica.com.br\\\/2016\\\/wp-content\\\/uploads\\\/2015\\\/05\\\/blogqsp.ambulantes.petrolina-300x200.jpg\",\"articleSection\":[\"Administra\u00e7\u00e3o\"],\"inLanguage\":\"pt-BR\",\"potentialAction\":[{\"@type\":\"CommentAction\",\"name\":\"Comment\",\"target\":[\"https:\\\/\\\/blogdofarnesio.com.br\\\/?p=123403#respond\"]}]},{\"@type\":\"WebPage\",\"@id\":\"https:\\\/\\\/blogdofarnesio.com.br\\\/?p=123403\",\"url\":\"https:\\\/\\\/blogdofarnesio.com.br\\\/?p=123403\",\"name\":\"PRORROGADAS AS INSCRI\u00c7\u00d5ES PARA VENDEDORES AMBULANTES EM PETROLINA - Blog do Farn\u00e9sio\",\"isPartOf\":{\"@id\":\"https:\\\/\\\/blogdofarnesio.com.br\\\/#website\"},\"primaryImageOfPage\":{\"@id\":\"https:\\\/\\\/blogdofarnesio.com.br\\\/?p=123403#primaryimage\"},\"image\":{\"@id\":\"https:\\\/\\\/blogdofarnesio.com.br\\\/?p=123403#primaryimage\"},\"thumbnailUrl\":\"http:\\\/\\\/www.quersaberpolitica.com.br\\\/2016\\\/wp-content\\\/uploads\\\/2015\\\/05\\\/blogqsp.ambulantes.petrolina-300x200.jpg\",\"datePublished\":\"2015-05-11T18:01:48+00:00\",\"breadcrumb\":{\"@id\":\"https:\\\/\\\/blogdofarnesio.com.br\\\/?p=123403#breadcrumb\"},\"inLanguage\":\"pt-BR\",\"potentialAction\":[{\"@type\":\"ReadAction\",\"target\":[\"https:\\\/\\\/blogdofarnesio.com.br\\\/?p=123403\"]}]},{\"@type\":\"ImageObject\",\"inLanguage\":\"pt-BR\",\"@id\":\"https:\\\/\\\/blogdofarnesio.com.br\\\/?p=123403#primaryimage\",\"url\":\"http:\\\/\\\/www.quersaberpolitica.com.br\\\/2016\\\/wp-content\\\/uploads\\\/2015\\\/05\\\/blogqsp.ambulantes.petrolina-300x200.jpg\",\"contentUrl\":\"http:\\\/\\\/www.quersaberpolitica.com.br\\\/2016\\\/wp-content\\\/uploads\\\/2015\\\/05\\\/blogqsp.ambulantes.petrolina-300x200.jpg\"},{\"@type\":\"BreadcrumbList\",\"@id\":\"https:\\\/\\\/blogdofarnesio.com.br\\\/?p=123403#breadcrumb\",\"itemListElement\":[{\"@type\":\"ListItem\",\"position\":1,\"name\":\"In\u00edcio\",\"item\":\"https:\\\/\\\/blogdofarnesio.com.br\\\/\"},{\"@type\":\"ListItem\",\"position\":2,\"name\":\"PRORROGADAS AS INSCRI\u00c7\u00d5ES PARA VENDEDORES AMBULANTES EM PETROLINA\"}]},{\"@type\":\"WebSite\",\"@id\":\"https:\\\/\\\/blogdofarnesio.com.br\\\/#website\",\"url\":\"https:\\\/\\\/blogdofarnesio.com.br\\\/\",\"name\":\"Blog do Farn\u00e9sio\",\"description\":\"Quer Saber Pol\u00edtica?\",\"publisher\":{\"@id\":\"https:\\\/\\\/blogdofarnesio.com.br\\\/#organization\"},\"potentialAction\":[{\"@type\":\"SearchAction\",\"target\":{\"@type\":\"EntryPoint\",\"urlTemplate\":\"https:\\\/\\\/blogdofarnesio.com.br\\\/?s={search_term_string}\"},\"query-input\":{\"@type\":\"PropertyValueSpecification\",\"valueRequired\":true,\"valueName\":\"search_term_string\"}}],\"inLanguage\":\"pt-BR\"},{\"@type\":\"Organization\",\"@id\":\"https:\\\/\\\/blogdofarnesio.com.br\\\/#organization\",\"name\":\"Blog do Farn\u00e9sio\",\"url\":\"https:\\\/\\\/blogdofarnesio.com.br\\\/\",\"logo\":{\"@type\":\"ImageObject\",\"inLanguage\":\"pt-BR\",\"@id\":\"https:\\\/\\\/blogdofarnesio.com.br\\\/#\\\/schema\\\/logo\\\/image\\\/\",\"url\":\"https:\\\/\\\/blogdofarnesio.com.br\\\/wp-content\\\/uploads\\\/2026\\\/03\\\/cropped-logo_new-1.png\",\"contentUrl\":\"https:\\\/\\\/blogdofarnesio.com.br\\\/wp-content\\\/uploads\\\/2026\\\/03\\\/cropped-logo_new-1.png\",\"width\":881,\"height\":685,\"caption\":\"Blog do Farn\u00e9sio\"},\"image\":{\"@id\":\"https:\\\/\\\/blogdofarnesio.com.br\\\/#\\\/schema\\\/logo\\\/image\\\/\"},\"sameAs\":[\"https:\\\/\\\/www.facebook.com\\\/BlogQuerSaberPolitica\\\/\"]},{\"@type\":\"Person\",\"@id\":\"\",\"url\":\"https:\\\/\\\/blogdofarnesio.com.br\\\/?author=7\"}]}<\/script>\n<!-- \/ Yoast SEO plugin. -->","yoast_head_json":{"title":"PRORROGADAS AS INSCRI\u00c7\u00d5ES PARA VENDEDORES AMBULANTES EM PETROLINA - Blog do Farn\u00e9sio","robots":{"index":"index","follow":"follow","max-snippet":"max-snippet:-1","max-image-preview":"max-image-preview:large","max-video-preview":"max-video-preview:-1"},"canonical":"https:\/\/blogdofarnesio.com.br\/?p=123403","og_locale":"pt_BR","og_type":"article","og_title":"PRORROGADAS AS INSCRI\u00c7\u00d5ES PARA VENDEDORES AMBULANTES EM PETROLINA - Blog do Farn\u00e9sio","og_description":"A Prefeitura de Petrolina, atrav\u00e9s da Secretaria de Desenvolvimento Econ\u00f4mico e Agr\u00e1rio, prorroga at\u00e9 a pr\u00f3xima sexta-feira (15) as inscri\u00e7\u00f5es para o cadastramento dos vendedores ambulantes da regi\u00e3o que queiram participar do curso de Manipula\u00e7\u00e3o de Alimentos e Empreendedorismo. A a\u00e7\u00e3o \u00e9 realizada em parceria com a Unidade do Sebrae em Petrolina e a Ag\u00eancia da Vigil\u00e2ncia Sanit\u00e1ria do munic\u00edpio. Mesmo com v\u00e1rias turmas j\u00e1 formadas e prontas para iniciarem as aulas na pr\u00f3xima semana, a Prefeitura resolveu prorrogar as inscri\u00e7\u00f5es por orienta\u00e7\u00e3o do Prefeito Julio Lossio, para contemplar os ambulantes que ainda n\u00e3o estavam informados sobre a capacita\u00e7\u00e3o ou n\u00e3o tiveram como se inscrever at\u00e9 a \u00faltima sexta-feira. Com o novo prazo, \u00e9 bem prov\u00e1vel que seja ultrapassada a&hellip;","og_url":"https:\/\/blogdofarnesio.com.br\/?p=123403","og_site_name":"Blog do Farn\u00e9sio","article_publisher":"https:\/\/www.facebook.com\/BlogQuerSaberPolitica\/","article_published_time":"2015-05-11T18:01:48+00:00","og_image":[{"url":"http:\/\/www.quersaberpolitica.com.br\/2016\/wp-content\/uploads\/2015\/05\/blogqsp.ambulantes.petrolina-300x200.jpg","type":"","width":"","height":""}],"twitter_card":"summary_large_image","twitter_misc":{"Escrito por":"","Est. tempo de leitura":"1 minuto"},"schema":{"@context":"https:\/\/schema.org","@graph":[{"@type":"Article","@id":"https:\/\/blogdofarnesio.com.br\/?p=123403#article","isPartOf":{"@id":"https:\/\/blogdofarnesio.com.br\/?p=123403"},"author":{"name":"","@id":""},"headline":"PRORROGADAS AS INSCRI\u00c7\u00d5ES PARA VENDEDORES AMBULANTES EM PETROLINA","datePublished":"2015-05-11T18:01:48+00:00","mainEntityOfPage":{"@id":"https:\/\/blogdofarnesio.com.br\/?p=123403"},"wordCount":253,"commentCount":0,"publisher":{"@id":"https:\/\/blogdofarnesio.com.br\/#organization"},"image":{"@id":"https:\/\/blogdofarnesio.com.br\/?p=123403#primaryimage"},"thumbnailUrl":"http:\/\/www.quersaberpolitica.com.br\/2016\/wp-content\/uploads\/2015\/05\/blogqsp.ambulantes.petrolina-300x200.jpg","articleSection":["Administra\u00e7\u00e3o"],"inLanguage":"pt-BR","potentialAction":[{"@type":"CommentAction","name":"Comment","target":["https:\/\/blogdofarnesio.com.br\/?p=123403#respond"]}]},{"@type":"WebPage","@id":"https:\/\/blogdofarnesio.com.br\/?p=123403","url":"https:\/\/blogdofarnesio.com.br\/?p=123403","name":"PRORROGADAS AS INSCRI\u00c7\u00d5ES PARA VENDEDORES AMBULANTES EM PETROLINA - Blog do Farn\u00e9sio","isPartOf":{"@id":"https:\/\/blogdofarnesio.com.br\/#website"},"primaryImageOfPage":{"@id":"https:\/\/blogdofarnesio.com.br\/?p=123403#primaryimage"},"image":{"@id":"https:\/\/blogdofarnesio.com.br\/?p=123403#primaryimage"},"thumbnailUrl":"http:\/\/www.quersaberpolitica.com.br\/2016\/wp-content\/uploads\/2015\/05\/blogqsp.ambulantes.petrolina-300x200.jpg","datePublished":"2015-05-11T18:01:48+00:00","breadcrumb":{"@id":"https:\/\/blogdofarnesio.com.br\/?p=123403#breadcrumb"},"inLanguage":"pt-BR","potentialAction":[{"@type":"ReadAction","target":["https:\/\/blogdofarnesio.com.br\/?p=123403"]}]},{"@type":"ImageObject","inLanguage":"pt-BR","@id":"https:\/\/blogdofarnesio.com.br\/?p=123403#primaryimage","url":"http:\/\/www.quersaberpolitica.com.br\/2016\/wp-content\/uploads\/2015\/05\/blogqsp.ambulantes.petrolina-300x200.jpg","contentUrl":"http:\/\/www.quersaberpolitica.com.br\/2016\/wp-content\/uploads\/2015\/05\/blogqsp.ambulantes.petrolina-300x200.jpg"},{"@type":"BreadcrumbList","@id":"https:\/\/blogdofarnesio.com.br\/?p=123403#breadcrumb","itemListElement":[{"@type":"ListItem","position":1,"name":"In\u00edcio","item":"https:\/\/blogdofarnesio.com.br\/"},{"@type":"ListItem","position":2,"name":"PRORROGADAS AS INSCRI\u00c7\u00d5ES PARA VENDEDORES AMBULANTES EM PETROLINA"}]},{"@type":"WebSite","@id":"https:\/\/blogdofarnesio.com.br\/#website","url":"https:\/\/blogdofarnesio.com.br\/","name":"Blog do Farn\u00e9sio","description":"Quer Saber Pol\u00edtica?","publisher":{"@id":"https:\/\/blogdofarnesio.com.br\/#organization"},"potentialAction":[{"@type":"SearchAction","target":{"@type":"EntryPoint","urlTemplate":"https:\/\/blogdofarnesio.com.br\/?s={search_term_string}"},"query-input":{"@type":"PropertyValueSpecification","valueRequired":true,"valueName":"search_term_string"}}],"inLanguage":"pt-BR"},{"@type":"Organization","@id":"https:\/\/blogdofarnesio.com.br\/#organization","name":"Blog do Farn\u00e9sio","url":"https:\/\/blogdofarnesio.com.br\/","logo":{"@type":"ImageObject","inLanguage":"pt-BR","@id":"https:\/\/blogdofarnesio.com.br\/#\/schema\/logo\/image\/","url":"https:\/\/blogdofarnesio.com.br\/wp-content\/uploads\/2026\/03\/cropped-logo_new-1.png","contentUrl":"https:\/\/blogdofarnesio.com.br\/wp-content\/uploads\/2026\/03\/cropped-logo_new-1.png","width":881,"height":685,"caption":"Blog do Farn\u00e9sio"},"image":{"@id":"https:\/\/blogdofarnesio.com.br\/#\/schema\/logo\/image\/"},"sameAs":["https:\/\/www.facebook.com\/BlogQuerSaberPolitica\/"]},{"@type":"Person","@id":"","url":"https:\/\/blogdofarnesio.com.br\/?author=7"}]}},"_links":{"self":[{"href":"https:\/\/blogdofarnesio.com.br\/index.php?rest_route=\/wp\/v2\/posts\/123403","targetHints":{"allow":["GET"]}}],"collection":[{"href":"https:\/\/blogdofarnesio.com.br\/index.php?rest_route=\/wp\/v2\/posts"}],"about":[{"href":"https:\/\/blogdofarnesio.com.br\/index.php?rest_route=\/wp\/v2\/types\/post"}],"author":[{"embeddable":true,"href":"https:\/\/blogdofarnesio.com.br\/index.php?rest_route=\/wp\/v2\/users\/7"}],"replies":[{"embeddable":true,"href":"https:\/\/blogdofarnesio.com.br\/index.php?rest_route=%2Fwp%2Fv2%2Fcomments&post=123403"}],"version-history":[{"count":0,"href":"https:\/\/blogdofarnesio.com.br\/index.php?rest_route=\/wp\/v2\/posts\/123403\/revisions"}],"wp:attachment":[{"href":"https:\/\/blogdofarnesio.com.br\/index.php?rest_route=%2Fwp%2Fv2%2Fmedia&parent=123403"}],"wp:term":[{"taxonomy":"category","embeddable":true,"href":"https:\/\/blogdofarnesio.com.br\/index.php?rest_route=%2Fwp%2Fv2%2Fcategories&post=123403"},{"taxonomy":"post_tag","embeddable":true,"href":"https:\/\/blogdofarnesio.com.br\/index.php?rest_route=%2Fwp%2Fv2%2Ftags&post=123403"}],"curies":[{"name":"wp","href":"https:\/\/api.w.org\/{rel}","templated":true}]}}