{"id":123396,"date":"2015-05-11T11:04:41","date_gmt":"2015-05-11T14:04:41","guid":{"rendered":"http:\/\/www.quersaberpolitica.com.br\/?p=123396"},"modified":"2015-05-11T10:13:21","modified_gmt":"2015-05-11T13:13:21","slug":"revanchismo-deputados-querem-barrar-novo-mandato-de-procurador-geral","status":"publish","type":"post","link":"https:\/\/blogdofarnesio.com.br\/?p=123396","title":{"rendered":"REVANCHISMO: DEPUTADOS QUEREM BARRAR NOVO MANDATO DE PROCURADOR-GERAL"},"content":{"rendered":"<div class=\"entry-content\">\n<p><a class=\"fancybox image\" href=\"http:\/\/imagens2.ne10.uol.com.br\/blogsne10\/jamildo\/uploads\/2015\/03\/rodrigo-janot.jpg\"><img loading=\"lazy\" decoding=\"async\" class=\" wp-image-123327\" src=\"http:\/\/imagens2.ne10.uol.com.br\/blogsne10\/jamildo\/uploads\/2015\/03\/rodrigo-janot-580x388.jpg\" alt=\"Rodrigo Janot. Foto: Ag\u00eancia Brasil.\" width=\"428\" height=\"287\" \/><\/a><\/p>\n<p style=\"text-align: justify\"><em>Da Ag\u00eancia Brasil<\/em><\/p>\n<p style=\"text-align: justify\">Deputados pretendem apresentar nesta semana emenda que pro\u00edbe a recondu\u00e7\u00e3o ao cargo do procurador-geral da Rep\u00fablica \u2013incluindo o atual ocupante do posto, Rodrigo Janot, respons\u00e1vel por inqu\u00e9ritos contra pol\u00edticos na Opera\u00e7\u00e3o Lava Jato.<\/p>\n<p style=\"text-align: justify\">O deputado federal Paulinho da For\u00e7a (SDD-SP) j\u00e1 iniciou a coleta de assinaturas para a apresenta\u00e7\u00e3o da emenda, que ser\u00e1 inclu\u00edda na PEC (Proposta de Emenda \u00e0 Constitui\u00e7\u00e3o) que fixa o mandato dos ministros do STF (Supremo Tribunal Federal). C\u00e2mara e Senado acordaram votar essa PEC antes do segundo semestre. Assim, o texto com a emenda pode ser aprovado a tempo de inviabilizar a recondu\u00e7\u00e3o de Janot, cujo mandato termina em setembro. Se reconduzido pela presidente Dilma Rousseff, ele teria direito a mais dois anos.<\/p>\n<p style=\"text-align: justify\">No momento, Janot est\u00e1 no in\u00edcio das investiga\u00e7\u00f5es contra os congressistas suspeitos de participar do esquema de corrup\u00e7\u00e3o na Petrobras. \u201cA recondu\u00e7\u00e3o de um procurador-geral j\u00e1 viciado n\u00e3o \u00e9 boa para o Minist\u00e9rio P\u00fablico. \u00c9 importante que haja uma oxigena\u00e7\u00e3o\u201d, disse Paulinho. Segundo o deputado, a emenda tem o apoio do bloco liderado pelo PMDB na C\u00e2mara, formado tamb\u00e9m por PP, PTB, PSC, PHS e PEN.<\/p>\n<p style=\"text-align: justify\">Paulinho \u00e9 aliado do presidente da C\u00e2mara, Eduardo Cunha (PMDB-RJ), alvo de inqu\u00e9rito no STF por causa da Lava Jato.<\/p>\n<\/div>\n<p><!--more--><\/p>\n<p style=\"text-align: justify\">Desde mar\u00e7o, quando foi divulgada a lista de autoridades envolvidas, Cunha est\u00e1 em confronto com Janot. Na semana passada, a Procuradoria-Geral da Rep\u00fablica solicitou registros do sistema de inform\u00e1tica da C\u00e2mara relacionados a Cunha.<\/p>\n<p style=\"text-align: justify\">Procurado pela reportagem, Cunha afirmou desconhecer a movimenta\u00e7\u00e3o de Paulinho e nega querer retaliar Janot. Para desgastar o procurador-geral, Paulinho j\u00e1 pediu \u00e0 CPI da Petrobras que ele seja ouvido para explicar vazamentos da Lava Jato. O deputado quer tamb\u00e9m a quebra do sigilo telef\u00f4nico de Janot. A emenda que pro\u00edbe a recondu\u00e7\u00e3o do procurador-geral precisa de 171 assinaturas. Deputados ouvidos pela reportagem disseram que querem votar a PEC at\u00e9 o fim do m\u00eas na comiss\u00e3o especial que a analisar\u00e1. Em junho, Cunha submeter\u00e1 o projeto ao plen\u00e1rio.<\/p>\n<p style=\"text-align: justify\">Al\u00e9m do veto \u00e0 recondu\u00e7\u00e3o de Janot, a PEC limita a 11 anos o mandato dos ministros do STF, que hoje podem ficar at\u00e9 morrer, ou at\u00e9 completar 75 anos, a idade da aposentadoria obrigat\u00f3ria. Nesta ter\u00e7a (12), o Senado deve sabatinar o jurista Luiz Edson Fachin, indicado pela presidente Dilma Rousseff para uma vaga aberta no STF. Sua indica\u00e7\u00e3o tem enfrentado resist\u00eancias no Senado.<\/p>\n","protected":false},"excerpt":{"rendered":"<p>Da Ag\u00eancia Brasil Deputados pretendem apresentar nesta semana emenda que pro\u00edbe a recondu\u00e7\u00e3o ao cargo do procurador-geral da Rep\u00fablica \u2013incluindo o atual ocupante do posto, Rodrigo Janot, respons\u00e1vel por inqu\u00e9ritos contra pol\u00edticos na Opera\u00e7\u00e3o Lava Jato. O deputado federal Paulinho da For\u00e7a (SDD-SP) j\u00e1 iniciou a coleta de assinaturas para a apresenta\u00e7\u00e3o da emenda, que ser\u00e1 inclu\u00edda na PEC (Proposta de Emenda \u00e0 Constitui\u00e7\u00e3o) que fixa o mandato dos ministros do STF (Supremo Tribunal Federal). C\u00e2mara e Senado acordaram votar essa PEC antes do segundo semestre. Assim, o texto com a emenda pode ser aprovado a tempo de inviabilizar a recondu\u00e7\u00e3o de Janot, cujo mandato termina em setembro. Se reconduzido pela presidente Dilma Rousseff, ele teria direito a mais dois&hellip; <\/p>\n","protected":false},"author":3,"featured_media":0,"comment_status":"open","ping_status":"open","sticky":false,"template":"","format":"standard","meta":{"_acf_changed":false,"footnotes":""},"categories":[1],"tags":[],"class_list":["post-123396","post","type-post","status-publish","format-standard","hentry","category-politica"],"acf":[],"yoast_head":"<!-- This site is optimized with the Yoast SEO plugin v27.4 - https:\/\/yoast.com\/product\/yoast-seo-wordpress\/ -->\n<title>REVANCHISMO: DEPUTADOS QUEREM BARRAR NOVO MANDATO DE PROCURADOR-GERAL - Blog do Farn\u00e9sio<\/title>\n<meta name=\"robots\" content=\"index, follow, max-snippet:-1, max-image-preview:large, max-video-preview:-1\" \/>\n<link rel=\"canonical\" href=\"https:\/\/blogdofarnesio.com.br\/?p=123396\" \/>\n<meta property=\"og:locale\" content=\"pt_BR\" \/>\n<meta property=\"og:type\" content=\"article\" \/>\n<meta property=\"og:title\" content=\"REVANCHISMO: DEPUTADOS QUEREM BARRAR NOVO MANDATO DE PROCURADOR-GERAL - Blog do Farn\u00e9sio\" \/>\n<meta property=\"og:description\" content=\"Da Ag\u00eancia Brasil Deputados pretendem apresentar nesta semana emenda que pro\u00edbe a recondu\u00e7\u00e3o ao cargo do procurador-geral da Rep\u00fablica \u2013incluindo o atual ocupante do posto, Rodrigo Janot, respons\u00e1vel por inqu\u00e9ritos contra pol\u00edticos na Opera\u00e7\u00e3o Lava Jato. O deputado federal Paulinho da For\u00e7a (SDD-SP) j\u00e1 iniciou a coleta de assinaturas para a apresenta\u00e7\u00e3o da emenda, que ser\u00e1 inclu\u00edda na PEC (Proposta de Emenda \u00e0 Constitui\u00e7\u00e3o) que fixa o mandato dos ministros do STF (Supremo Tribunal Federal). C\u00e2mara e Senado acordaram votar essa PEC antes do segundo semestre. Assim, o texto com a emenda pode ser aprovado a tempo de inviabilizar a recondu\u00e7\u00e3o de Janot, cujo mandato termina em setembro. Se reconduzido pela presidente Dilma Rousseff, ele teria direito a mais dois&hellip;\" \/>\n<meta property=\"og:url\" content=\"https:\/\/blogdofarnesio.com.br\/?p=123396\" \/>\n<meta property=\"og:site_name\" content=\"Blog do Farn\u00e9sio\" \/>\n<meta property=\"article:publisher\" content=\"https:\/\/www.facebook.com\/BlogQuerSaberPolitica\/\" \/>\n<meta property=\"article:published_time\" content=\"2015-05-11T14:04:41+00:00\" \/>\n<meta property=\"og:image\" content=\"http:\/\/imagens2.ne10.uol.com.br\/blogsne10\/jamildo\/uploads\/2015\/03\/rodrigo-janot-580x388.jpg\" \/>\n<meta name=\"author\" content=\"teste\" \/>\n<meta name=\"twitter:card\" content=\"summary_large_image\" \/>\n<meta name=\"twitter:label1\" content=\"Escrito por\" \/>\n\t<meta name=\"twitter:data1\" content=\"teste\" \/>\n\t<meta name=\"twitter:label2\" content=\"Est. tempo de leitura\" \/>\n\t<meta name=\"twitter:data2\" content=\"2 minutos\" \/>\n<script type=\"application\/ld+json\" class=\"yoast-schema-graph\">{\"@context\":\"https:\\\/\\\/schema.org\",\"@graph\":[{\"@type\":\"Article\",\"@id\":\"https:\\\/\\\/blogdofarnesio.com.br\\\/?p=123396#article\",\"isPartOf\":{\"@id\":\"https:\\\/\\\/blogdofarnesio.com.br\\\/?p=123396\"},\"author\":{\"name\":\"teste\",\"@id\":\"https:\\\/\\\/blogdofarnesio.com.br\\\/#\\\/schema\\\/person\\\/dd1bf5eba40b687199ba45ca6b97dff9\"},\"headline\":\"REVANCHISMO: DEPUTADOS QUEREM BARRAR NOVO MANDATO DE PROCURADOR-GERAL\",\"datePublished\":\"2015-05-11T14:04:41+00:00\",\"mainEntityOfPage\":{\"@id\":\"https:\\\/\\\/blogdofarnesio.com.br\\\/?p=123396\"},\"wordCount\":436,\"commentCount\":0,\"publisher\":{\"@id\":\"https:\\\/\\\/blogdofarnesio.com.br\\\/#organization\"},\"image\":{\"@id\":\"https:\\\/\\\/blogdofarnesio.com.br\\\/?p=123396#primaryimage\"},\"thumbnailUrl\":\"http:\\\/\\\/imagens2.ne10.uol.com.br\\\/blogsne10\\\/jamildo\\\/uploads\\\/2015\\\/03\\\/rodrigo-janot-580x388.jpg\",\"articleSection\":[\"Pol\u00edtica\"],\"inLanguage\":\"pt-BR\",\"potentialAction\":[{\"@type\":\"CommentAction\",\"name\":\"Comment\",\"target\":[\"https:\\\/\\\/blogdofarnesio.com.br\\\/?p=123396#respond\"]}]},{\"@type\":\"WebPage\",\"@id\":\"https:\\\/\\\/blogdofarnesio.com.br\\\/?p=123396\",\"url\":\"https:\\\/\\\/blogdofarnesio.com.br\\\/?p=123396\",\"name\":\"REVANCHISMO: DEPUTADOS QUEREM BARRAR NOVO MANDATO DE PROCURADOR-GERAL - Blog do Farn\u00e9sio\",\"isPartOf\":{\"@id\":\"https:\\\/\\\/blogdofarnesio.com.br\\\/#website\"},\"primaryImageOfPage\":{\"@id\":\"https:\\\/\\\/blogdofarnesio.com.br\\\/?p=123396#primaryimage\"},\"image\":{\"@id\":\"https:\\\/\\\/blogdofarnesio.com.br\\\/?p=123396#primaryimage\"},\"thumbnailUrl\":\"http:\\\/\\\/imagens2.ne10.uol.com.br\\\/blogsne10\\\/jamildo\\\/uploads\\\/2015\\\/03\\\/rodrigo-janot-580x388.jpg\",\"datePublished\":\"2015-05-11T14:04:41+00:00\",\"breadcrumb\":{\"@id\":\"https:\\\/\\\/blogdofarnesio.com.br\\\/?p=123396#breadcrumb\"},\"inLanguage\":\"pt-BR\",\"potentialAction\":[{\"@type\":\"ReadAction\",\"target\":[\"https:\\\/\\\/blogdofarnesio.com.br\\\/?p=123396\"]}]},{\"@type\":\"ImageObject\",\"inLanguage\":\"pt-BR\",\"@id\":\"https:\\\/\\\/blogdofarnesio.com.br\\\/?p=123396#primaryimage\",\"url\":\"http:\\\/\\\/imagens2.ne10.uol.com.br\\\/blogsne10\\\/jamildo\\\/uploads\\\/2015\\\/03\\\/rodrigo-janot-580x388.jpg\",\"contentUrl\":\"http:\\\/\\\/imagens2.ne10.uol.com.br\\\/blogsne10\\\/jamildo\\\/uploads\\\/2015\\\/03\\\/rodrigo-janot-580x388.jpg\"},{\"@type\":\"BreadcrumbList\",\"@id\":\"https:\\\/\\\/blogdofarnesio.com.br\\\/?p=123396#breadcrumb\",\"itemListElement\":[{\"@type\":\"ListItem\",\"position\":1,\"name\":\"In\u00edcio\",\"item\":\"https:\\\/\\\/blogdofarnesio.com.br\\\/\"},{\"@type\":\"ListItem\",\"position\":2,\"name\":\"REVANCHISMO: DEPUTADOS QUEREM BARRAR NOVO MANDATO DE PROCURADOR-GERAL\"}]},{\"@type\":\"WebSite\",\"@id\":\"https:\\\/\\\/blogdofarnesio.com.br\\\/#website\",\"url\":\"https:\\\/\\\/blogdofarnesio.com.br\\\/\",\"name\":\"Blog do Farn\u00e9sio\",\"description\":\"Quer Saber Pol\u00edtica?\",\"publisher\":{\"@id\":\"https:\\\/\\\/blogdofarnesio.com.br\\\/#organization\"},\"potentialAction\":[{\"@type\":\"SearchAction\",\"target\":{\"@type\":\"EntryPoint\",\"urlTemplate\":\"https:\\\/\\\/blogdofarnesio.com.br\\\/?s={search_term_string}\"},\"query-input\":{\"@type\":\"PropertyValueSpecification\",\"valueRequired\":true,\"valueName\":\"search_term_string\"}}],\"inLanguage\":\"pt-BR\"},{\"@type\":\"Organization\",\"@id\":\"https:\\\/\\\/blogdofarnesio.com.br\\\/#organization\",\"name\":\"Blog do Farn\u00e9sio\",\"url\":\"https:\\\/\\\/blogdofarnesio.com.br\\\/\",\"logo\":{\"@type\":\"ImageObject\",\"inLanguage\":\"pt-BR\",\"@id\":\"https:\\\/\\\/blogdofarnesio.com.br\\\/#\\\/schema\\\/logo\\\/image\\\/\",\"url\":\"https:\\\/\\\/blogdofarnesio.com.br\\\/wp-content\\\/uploads\\\/2026\\\/03\\\/cropped-logo_new-1.png\",\"contentUrl\":\"https:\\\/\\\/blogdofarnesio.com.br\\\/wp-content\\\/uploads\\\/2026\\\/03\\\/cropped-logo_new-1.png\",\"width\":881,\"height\":685,\"caption\":\"Blog do Farn\u00e9sio\"},\"image\":{\"@id\":\"https:\\\/\\\/blogdofarnesio.com.br\\\/#\\\/schema\\\/logo\\\/image\\\/\"},\"sameAs\":[\"https:\\\/\\\/www.facebook.com\\\/BlogQuerSaberPolitica\\\/\"]},{\"@type\":\"Person\",\"@id\":\"https:\\\/\\\/blogdofarnesio.com.br\\\/#\\\/schema\\\/person\\\/dd1bf5eba40b687199ba45ca6b97dff9\",\"name\":\"teste\",\"image\":{\"@type\":\"ImageObject\",\"inLanguage\":\"pt-BR\",\"@id\":\"https:\\\/\\\/secure.gravatar.com\\\/avatar\\\/2172498d4914b51e1d89a0f97957b035ac4938723a5cac208135d389b6972a6d?s=96&d=mm&r=g\",\"url\":\"https:\\\/\\\/secure.gravatar.com\\\/avatar\\\/2172498d4914b51e1d89a0f97957b035ac4938723a5cac208135d389b6972a6d?s=96&d=mm&r=g\",\"contentUrl\":\"https:\\\/\\\/secure.gravatar.com\\\/avatar\\\/2172498d4914b51e1d89a0f97957b035ac4938723a5cac208135d389b6972a6d?s=96&d=mm&r=g\",\"caption\":\"teste\"},\"url\":\"https:\\\/\\\/blogdofarnesio.com.br\\\/?author=3\"}]}<\/script>\n<!-- \/ Yoast SEO plugin. -->","yoast_head_json":{"title":"REVANCHISMO: DEPUTADOS QUEREM BARRAR NOVO MANDATO DE PROCURADOR-GERAL - Blog do Farn\u00e9sio","robots":{"index":"index","follow":"follow","max-snippet":"max-snippet:-1","max-image-preview":"max-image-preview:large","max-video-preview":"max-video-preview:-1"},"canonical":"https:\/\/blogdofarnesio.com.br\/?p=123396","og_locale":"pt_BR","og_type":"article","og_title":"REVANCHISMO: DEPUTADOS QUEREM BARRAR NOVO MANDATO DE PROCURADOR-GERAL - Blog do Farn\u00e9sio","og_description":"Da Ag\u00eancia Brasil Deputados pretendem apresentar nesta semana emenda que pro\u00edbe a recondu\u00e7\u00e3o ao cargo do procurador-geral da Rep\u00fablica \u2013incluindo o atual ocupante do posto, Rodrigo Janot, respons\u00e1vel por inqu\u00e9ritos contra pol\u00edticos na Opera\u00e7\u00e3o Lava Jato. O deputado federal Paulinho da For\u00e7a (SDD-SP) j\u00e1 iniciou a coleta de assinaturas para a apresenta\u00e7\u00e3o da emenda, que ser\u00e1 inclu\u00edda na PEC (Proposta de Emenda \u00e0 Constitui\u00e7\u00e3o) que fixa o mandato dos ministros do STF (Supremo Tribunal Federal). C\u00e2mara e Senado acordaram votar essa PEC antes do segundo semestre. Assim, o texto com a emenda pode ser aprovado a tempo de inviabilizar a recondu\u00e7\u00e3o de Janot, cujo mandato termina em setembro. Se reconduzido pela presidente Dilma Rousseff, ele teria direito a mais dois&hellip;","og_url":"https:\/\/blogdofarnesio.com.br\/?p=123396","og_site_name":"Blog do Farn\u00e9sio","article_publisher":"https:\/\/www.facebook.com\/BlogQuerSaberPolitica\/","article_published_time":"2015-05-11T14:04:41+00:00","og_image":[{"url":"http:\/\/imagens2.ne10.uol.com.br\/blogsne10\/jamildo\/uploads\/2015\/03\/rodrigo-janot-580x388.jpg","type":"","width":"","height":""}],"author":"teste","twitter_card":"summary_large_image","twitter_misc":{"Escrito por":"teste","Est. tempo de leitura":"2 minutos"},"schema":{"@context":"https:\/\/schema.org","@graph":[{"@type":"Article","@id":"https:\/\/blogdofarnesio.com.br\/?p=123396#article","isPartOf":{"@id":"https:\/\/blogdofarnesio.com.br\/?p=123396"},"author":{"name":"teste","@id":"https:\/\/blogdofarnesio.com.br\/#\/schema\/person\/dd1bf5eba40b687199ba45ca6b97dff9"},"headline":"REVANCHISMO: DEPUTADOS QUEREM BARRAR NOVO MANDATO DE PROCURADOR-GERAL","datePublished":"2015-05-11T14:04:41+00:00","mainEntityOfPage":{"@id":"https:\/\/blogdofarnesio.com.br\/?p=123396"},"wordCount":436,"commentCount":0,"publisher":{"@id":"https:\/\/blogdofarnesio.com.br\/#organization"},"image":{"@id":"https:\/\/blogdofarnesio.com.br\/?p=123396#primaryimage"},"thumbnailUrl":"http:\/\/imagens2.ne10.uol.com.br\/blogsne10\/jamildo\/uploads\/2015\/03\/rodrigo-janot-580x388.jpg","articleSection":["Pol\u00edtica"],"inLanguage":"pt-BR","potentialAction":[{"@type":"CommentAction","name":"Comment","target":["https:\/\/blogdofarnesio.com.br\/?p=123396#respond"]}]},{"@type":"WebPage","@id":"https:\/\/blogdofarnesio.com.br\/?p=123396","url":"https:\/\/blogdofarnesio.com.br\/?p=123396","name":"REVANCHISMO: DEPUTADOS QUEREM BARRAR NOVO MANDATO DE PROCURADOR-GERAL - Blog do Farn\u00e9sio","isPartOf":{"@id":"https:\/\/blogdofarnesio.com.br\/#website"},"primaryImageOfPage":{"@id":"https:\/\/blogdofarnesio.com.br\/?p=123396#primaryimage"},"image":{"@id":"https:\/\/blogdofarnesio.com.br\/?p=123396#primaryimage"},"thumbnailUrl":"http:\/\/imagens2.ne10.uol.com.br\/blogsne10\/jamildo\/uploads\/2015\/03\/rodrigo-janot-580x388.jpg","datePublished":"2015-05-11T14:04:41+00:00","breadcrumb":{"@id":"https:\/\/blogdofarnesio.com.br\/?p=123396#breadcrumb"},"inLanguage":"pt-BR","potentialAction":[{"@type":"ReadAction","target":["https:\/\/blogdofarnesio.com.br\/?p=123396"]}]},{"@type":"ImageObject","inLanguage":"pt-BR","@id":"https:\/\/blogdofarnesio.com.br\/?p=123396#primaryimage","url":"http:\/\/imagens2.ne10.uol.com.br\/blogsne10\/jamildo\/uploads\/2015\/03\/rodrigo-janot-580x388.jpg","contentUrl":"http:\/\/imagens2.ne10.uol.com.br\/blogsne10\/jamildo\/uploads\/2015\/03\/rodrigo-janot-580x388.jpg"},{"@type":"BreadcrumbList","@id":"https:\/\/blogdofarnesio.com.br\/?p=123396#breadcrumb","itemListElement":[{"@type":"ListItem","position":1,"name":"In\u00edcio","item":"https:\/\/blogdofarnesio.com.br\/"},{"@type":"ListItem","position":2,"name":"REVANCHISMO: DEPUTADOS QUEREM BARRAR NOVO MANDATO DE PROCURADOR-GERAL"}]},{"@type":"WebSite","@id":"https:\/\/blogdofarnesio.com.br\/#website","url":"https:\/\/blogdofarnesio.com.br\/","name":"Blog do Farn\u00e9sio","description":"Quer Saber Pol\u00edtica?","publisher":{"@id":"https:\/\/blogdofarnesio.com.br\/#organization"},"potentialAction":[{"@type":"SearchAction","target":{"@type":"EntryPoint","urlTemplate":"https:\/\/blogdofarnesio.com.br\/?s={search_term_string}"},"query-input":{"@type":"PropertyValueSpecification","valueRequired":true,"valueName":"search_term_string"}}],"inLanguage":"pt-BR"},{"@type":"Organization","@id":"https:\/\/blogdofarnesio.com.br\/#organization","name":"Blog do Farn\u00e9sio","url":"https:\/\/blogdofarnesio.com.br\/","logo":{"@type":"ImageObject","inLanguage":"pt-BR","@id":"https:\/\/blogdofarnesio.com.br\/#\/schema\/logo\/image\/","url":"https:\/\/blogdofarnesio.com.br\/wp-content\/uploads\/2026\/03\/cropped-logo_new-1.png","contentUrl":"https:\/\/blogdofarnesio.com.br\/wp-content\/uploads\/2026\/03\/cropped-logo_new-1.png","width":881,"height":685,"caption":"Blog do Farn\u00e9sio"},"image":{"@id":"https:\/\/blogdofarnesio.com.br\/#\/schema\/logo\/image\/"},"sameAs":["https:\/\/www.facebook.com\/BlogQuerSaberPolitica\/"]},{"@type":"Person","@id":"https:\/\/blogdofarnesio.com.br\/#\/schema\/person\/dd1bf5eba40b687199ba45ca6b97dff9","name":"teste","image":{"@type":"ImageObject","inLanguage":"pt-BR","@id":"https:\/\/secure.gravatar.com\/avatar\/2172498d4914b51e1d89a0f97957b035ac4938723a5cac208135d389b6972a6d?s=96&d=mm&r=g","url":"https:\/\/secure.gravatar.com\/avatar\/2172498d4914b51e1d89a0f97957b035ac4938723a5cac208135d389b6972a6d?s=96&d=mm&r=g","contentUrl":"https:\/\/secure.gravatar.com\/avatar\/2172498d4914b51e1d89a0f97957b035ac4938723a5cac208135d389b6972a6d?s=96&d=mm&r=g","caption":"teste"},"url":"https:\/\/blogdofarnesio.com.br\/?author=3"}]}},"_links":{"self":[{"href":"https:\/\/blogdofarnesio.com.br\/index.php?rest_route=\/wp\/v2\/posts\/123396","targetHints":{"allow":["GET"]}}],"collection":[{"href":"https:\/\/blogdofarnesio.com.br\/index.php?rest_route=\/wp\/v2\/posts"}],"about":[{"href":"https:\/\/blogdofarnesio.com.br\/index.php?rest_route=\/wp\/v2\/types\/post"}],"author":[{"embeddable":true,"href":"https:\/\/blogdofarnesio.com.br\/index.php?rest_route=\/wp\/v2\/users\/3"}],"replies":[{"embeddable":true,"href":"https:\/\/blogdofarnesio.com.br\/index.php?rest_route=%2Fwp%2Fv2%2Fcomments&post=123396"}],"version-history":[{"count":0,"href":"https:\/\/blogdofarnesio.com.br\/index.php?rest_route=\/wp\/v2\/posts\/123396\/revisions"}],"wp:attachment":[{"href":"https:\/\/blogdofarnesio.com.br\/index.php?rest_route=%2Fwp%2Fv2%2Fmedia&parent=123396"}],"wp:term":[{"taxonomy":"category","embeddable":true,"href":"https:\/\/blogdofarnesio.com.br\/index.php?rest_route=%2Fwp%2Fv2%2Fcategories&post=123396"},{"taxonomy":"post_tag","embeddable":true,"href":"https:\/\/blogdofarnesio.com.br\/index.php?rest_route=%2Fwp%2Fv2%2Ftags&post=123396"}],"curies":[{"name":"wp","href":"https:\/\/api.w.org\/{rel}","templated":true}]}}