{"id":123389,"date":"2015-05-11T13:00:28","date_gmt":"2015-05-11T16:00:28","guid":{"rendered":"http:\/\/www.quersaberpolitica.com.br\/?p=123389"},"modified":"2015-05-11T09:57:53","modified_gmt":"2015-05-11T12:57:53","slug":"policia-rodoviaria-em-petrolina-intensifica-acoes-durante-maio-amarelo","status":"publish","type":"post","link":"https:\/\/blogdofarnesio.com.br\/?p=123389","title":{"rendered":"POLICIA RODOVI\u00c1RIA EM PETROLINA INTENSIFICA A\u00c7\u00d5ES DURANTE MAIO AMARELO"},"content":{"rendered":"<p style=\"text-align: justify\"><a href=\"http:\/\/www.quersaberpolitica.com.br\/2016\/wp-content\/uploads\/2015\/05\/blogqsp.policiafederal.bafometro.jpg\"><img loading=\"lazy\" decoding=\"async\" class=\"  wp-image-123390 aligncenter\" src=\"http:\/\/www.quersaberpolitica.com.br\/2016\/wp-content\/uploads\/2015\/05\/blogqsp.policiafederal.bafometro-300x214.jpg\" alt=\"blogqsp.policiafederal.bafometro\" width=\"447\" height=\"324\" \/><\/a><\/p>\n<p style=\"text-align: justify\">A 6\u00aa Delegacia da Pol\u00edcia Rodovi\u00e1ria Federal realiza, durante todo o m\u00eas, a\u00e7\u00f5es de fiscaliza\u00e7\u00e3o e orienta\u00e7\u00e3o, que comp\u00f5em o maio amarelo, movimento mundial de redu\u00e7\u00e3o de acidentes de tr\u00e1fego.<\/p>\n<p>Durante o per\u00edodo, ser\u00e3o intensificadas atividades em trechos dos KM 185 e KM 166. O objetivo da a\u00e7\u00e3o \u00e9 sensibilizar condutores e pedestres sobre a necessidade de assumir uma conduta respons\u00e1vel no tr\u00e2nsito e, consequentemente, diminuir o n\u00famero de acidentes.<\/p>\n<p>De acordo com o Inspetor chefe da 6\u00aa Delegacia da PRF, Paulo Lima, al\u00e9m do trabalho de fiscaliza\u00e7\u00e3o, que o \u00f3rg\u00e3o realiza ordinariamente, ser\u00e3o intensificadas abordagens de alcoolemia, utiliza\u00e7\u00e3o de radares para controle de velocidade, al\u00e9m de inspe\u00e7\u00f5es e vistorias em ve\u00edculos. O inspetor destaca ainda que o trabalho est\u00e1 sendo intensivo em \u00e1reas pr\u00f3ximas a povoados de Petrolina, locais que t\u00eam alto n\u00edvel de atropelamentos. \u201cNosso trabalho tem foco na diminui\u00e7\u00e3o de acidentes e em evitar que pessoas sejam vitimadas por imprud\u00eancias no tr\u00e2nsito\u201d, ressalta Paulo Lima.<\/p>\n<p style=\"text-align: justify\">O movimento maio Amarelo nasceu com a proposta de chamar a aten\u00e7\u00e3o da sociedade para o alto \u00edndice de mortes e feridos no tr\u00e2nsito em todo o mundo. Seu objetivo \u00e9 contribuir para a diminui\u00e7\u00e3o desses \u00edndices.<\/p>\n<p style=\"text-align: justify\"><em><strong>Assessoria de Imprensa <\/strong><\/em><\/p>\n","protected":false},"excerpt":{"rendered":"<p>A 6\u00aa Delegacia da Pol\u00edcia Rodovi\u00e1ria Federal realiza, durante todo o m\u00eas, a\u00e7\u00f5es de fiscaliza\u00e7\u00e3o e orienta\u00e7\u00e3o, que comp\u00f5em o maio amarelo, movimento mundial de redu\u00e7\u00e3o de acidentes de tr\u00e1fego. Durante o per\u00edodo, ser\u00e3o intensificadas atividades em trechos dos KM 185 e KM 166. O objetivo da a\u00e7\u00e3o \u00e9 sensibilizar condutores e pedestres sobre a necessidade de assumir uma conduta respons\u00e1vel no tr\u00e2nsito e, consequentemente, diminuir o n\u00famero de acidentes. De acordo com o Inspetor chefe da 6\u00aa Delegacia da PRF, Paulo Lima, al\u00e9m do trabalho de fiscaliza\u00e7\u00e3o, que o \u00f3rg\u00e3o realiza ordinariamente, ser\u00e3o intensificadas abordagens de alcoolemia, utiliza\u00e7\u00e3o de radares para controle de velocidade, al\u00e9m de inspe\u00e7\u00f5es e vistorias em ve\u00edculos. O inspetor destaca ainda que o trabalho est\u00e1&hellip; <\/p>\n","protected":false},"author":7,"featured_media":0,"comment_status":"open","ping_status":"open","sticky":false,"template":"","format":"standard","meta":{"_acf_changed":false,"footnotes":""},"categories":[17],"tags":[],"class_list":["post-123389","post","type-post","status-publish","format-standard","hentry","category-estradas"],"acf":[],"yoast_head":"<!-- This site is optimized with the Yoast SEO plugin v27.4 - https:\/\/yoast.com\/product\/yoast-seo-wordpress\/ -->\n<title>POLICIA RODOVI\u00c1RIA EM PETROLINA INTENSIFICA A\u00c7\u00d5ES DURANTE MAIO AMARELO - Blog do Farn\u00e9sio<\/title>\n<meta name=\"robots\" content=\"index, follow, max-snippet:-1, max-image-preview:large, max-video-preview:-1\" \/>\n<link rel=\"canonical\" href=\"https:\/\/blogdofarnesio.com.br\/?p=123389\" \/>\n<meta property=\"og:locale\" content=\"pt_BR\" \/>\n<meta property=\"og:type\" content=\"article\" \/>\n<meta property=\"og:title\" content=\"POLICIA RODOVI\u00c1RIA EM PETROLINA INTENSIFICA A\u00c7\u00d5ES DURANTE MAIO AMARELO - Blog do Farn\u00e9sio\" \/>\n<meta property=\"og:description\" content=\"A 6\u00aa Delegacia da Pol\u00edcia Rodovi\u00e1ria Federal realiza, durante todo o m\u00eas, a\u00e7\u00f5es de fiscaliza\u00e7\u00e3o e orienta\u00e7\u00e3o, que comp\u00f5em o maio amarelo, movimento mundial de redu\u00e7\u00e3o de acidentes de tr\u00e1fego. Durante o per\u00edodo, ser\u00e3o intensificadas atividades em trechos dos KM 185 e KM 166. O objetivo da a\u00e7\u00e3o \u00e9 sensibilizar condutores e pedestres sobre a necessidade de assumir uma conduta respons\u00e1vel no tr\u00e2nsito e, consequentemente, diminuir o n\u00famero de acidentes. De acordo com o Inspetor chefe da 6\u00aa Delegacia da PRF, Paulo Lima, al\u00e9m do trabalho de fiscaliza\u00e7\u00e3o, que o \u00f3rg\u00e3o realiza ordinariamente, ser\u00e3o intensificadas abordagens de alcoolemia, utiliza\u00e7\u00e3o de radares para controle de velocidade, al\u00e9m de inspe\u00e7\u00f5es e vistorias em ve\u00edculos. O inspetor destaca ainda que o trabalho est\u00e1&hellip;\" \/>\n<meta property=\"og:url\" content=\"https:\/\/blogdofarnesio.com.br\/?p=123389\" \/>\n<meta property=\"og:site_name\" content=\"Blog do Farn\u00e9sio\" \/>\n<meta property=\"article:publisher\" content=\"https:\/\/www.facebook.com\/BlogQuerSaberPolitica\/\" \/>\n<meta property=\"article:published_time\" content=\"2015-05-11T16:00:28+00:00\" \/>\n<meta property=\"og:image\" content=\"http:\/\/www.quersaberpolitica.com.br\/2016\/wp-content\/uploads\/2015\/05\/blogqsp.policiafederal.bafometro-300x214.jpg\" \/>\n<meta name=\"twitter:card\" content=\"summary_large_image\" \/>\n<meta name=\"twitter:label1\" content=\"Escrito por\" \/>\n\t<meta name=\"twitter:data1\" content=\"\" \/>\n\t<meta name=\"twitter:label2\" content=\"Est. tempo de leitura\" \/>\n\t<meta name=\"twitter:data2\" content=\"1 minuto\" \/>\n<script type=\"application\/ld+json\" class=\"yoast-schema-graph\">{\"@context\":\"https:\\\/\\\/schema.org\",\"@graph\":[{\"@type\":\"Article\",\"@id\":\"https:\\\/\\\/blogdofarnesio.com.br\\\/?p=123389#article\",\"isPartOf\":{\"@id\":\"https:\\\/\\\/blogdofarnesio.com.br\\\/?p=123389\"},\"author\":{\"name\":\"\",\"@id\":\"\"},\"headline\":\"POLICIA RODOVI\u00c1RIA EM PETROLINA INTENSIFICA A\u00c7\u00d5ES DURANTE MAIO AMARELO\",\"datePublished\":\"2015-05-11T16:00:28+00:00\",\"mainEntityOfPage\":{\"@id\":\"https:\\\/\\\/blogdofarnesio.com.br\\\/?p=123389\"},\"wordCount\":235,\"commentCount\":0,\"publisher\":{\"@id\":\"https:\\\/\\\/blogdofarnesio.com.br\\\/#organization\"},\"image\":{\"@id\":\"https:\\\/\\\/blogdofarnesio.com.br\\\/?p=123389#primaryimage\"},\"thumbnailUrl\":\"http:\\\/\\\/www.quersaberpolitica.com.br\\\/2016\\\/wp-content\\\/uploads\\\/2015\\\/05\\\/blogqsp.policiafederal.bafometro-300x214.jpg\",\"articleSection\":[\"Estradas\"],\"inLanguage\":\"pt-BR\",\"potentialAction\":[{\"@type\":\"CommentAction\",\"name\":\"Comment\",\"target\":[\"https:\\\/\\\/blogdofarnesio.com.br\\\/?p=123389#respond\"]}]},{\"@type\":\"WebPage\",\"@id\":\"https:\\\/\\\/blogdofarnesio.com.br\\\/?p=123389\",\"url\":\"https:\\\/\\\/blogdofarnesio.com.br\\\/?p=123389\",\"name\":\"POLICIA RODOVI\u00c1RIA EM PETROLINA INTENSIFICA A\u00c7\u00d5ES DURANTE MAIO AMARELO - Blog do Farn\u00e9sio\",\"isPartOf\":{\"@id\":\"https:\\\/\\\/blogdofarnesio.com.br\\\/#website\"},\"primaryImageOfPage\":{\"@id\":\"https:\\\/\\\/blogdofarnesio.com.br\\\/?p=123389#primaryimage\"},\"image\":{\"@id\":\"https:\\\/\\\/blogdofarnesio.com.br\\\/?p=123389#primaryimage\"},\"thumbnailUrl\":\"http:\\\/\\\/www.quersaberpolitica.com.br\\\/2016\\\/wp-content\\\/uploads\\\/2015\\\/05\\\/blogqsp.policiafederal.bafometro-300x214.jpg\",\"datePublished\":\"2015-05-11T16:00:28+00:00\",\"breadcrumb\":{\"@id\":\"https:\\\/\\\/blogdofarnesio.com.br\\\/?p=123389#breadcrumb\"},\"inLanguage\":\"pt-BR\",\"potentialAction\":[{\"@type\":\"ReadAction\",\"target\":[\"https:\\\/\\\/blogdofarnesio.com.br\\\/?p=123389\"]}]},{\"@type\":\"ImageObject\",\"inLanguage\":\"pt-BR\",\"@id\":\"https:\\\/\\\/blogdofarnesio.com.br\\\/?p=123389#primaryimage\",\"url\":\"http:\\\/\\\/www.quersaberpolitica.com.br\\\/2016\\\/wp-content\\\/uploads\\\/2015\\\/05\\\/blogqsp.policiafederal.bafometro-300x214.jpg\",\"contentUrl\":\"http:\\\/\\\/www.quersaberpolitica.com.br\\\/2016\\\/wp-content\\\/uploads\\\/2015\\\/05\\\/blogqsp.policiafederal.bafometro-300x214.jpg\"},{\"@type\":\"BreadcrumbList\",\"@id\":\"https:\\\/\\\/blogdofarnesio.com.br\\\/?p=123389#breadcrumb\",\"itemListElement\":[{\"@type\":\"ListItem\",\"position\":1,\"name\":\"In\u00edcio\",\"item\":\"https:\\\/\\\/blogdofarnesio.com.br\\\/\"},{\"@type\":\"ListItem\",\"position\":2,\"name\":\"POLICIA RODOVI\u00c1RIA EM PETROLINA INTENSIFICA A\u00c7\u00d5ES DURANTE MAIO AMARELO\"}]},{\"@type\":\"WebSite\",\"@id\":\"https:\\\/\\\/blogdofarnesio.com.br\\\/#website\",\"url\":\"https:\\\/\\\/blogdofarnesio.com.br\\\/\",\"name\":\"Blog do Farn\u00e9sio\",\"description\":\"Quer Saber Pol\u00edtica?\",\"publisher\":{\"@id\":\"https:\\\/\\\/blogdofarnesio.com.br\\\/#organization\"},\"potentialAction\":[{\"@type\":\"SearchAction\",\"target\":{\"@type\":\"EntryPoint\",\"urlTemplate\":\"https:\\\/\\\/blogdofarnesio.com.br\\\/?s={search_term_string}\"},\"query-input\":{\"@type\":\"PropertyValueSpecification\",\"valueRequired\":true,\"valueName\":\"search_term_string\"}}],\"inLanguage\":\"pt-BR\"},{\"@type\":\"Organization\",\"@id\":\"https:\\\/\\\/blogdofarnesio.com.br\\\/#organization\",\"name\":\"Blog do Farn\u00e9sio\",\"url\":\"https:\\\/\\\/blogdofarnesio.com.br\\\/\",\"logo\":{\"@type\":\"ImageObject\",\"inLanguage\":\"pt-BR\",\"@id\":\"https:\\\/\\\/blogdofarnesio.com.br\\\/#\\\/schema\\\/logo\\\/image\\\/\",\"url\":\"https:\\\/\\\/blogdofarnesio.com.br\\\/wp-content\\\/uploads\\\/2026\\\/03\\\/cropped-logo_new-1.png\",\"contentUrl\":\"https:\\\/\\\/blogdofarnesio.com.br\\\/wp-content\\\/uploads\\\/2026\\\/03\\\/cropped-logo_new-1.png\",\"width\":881,\"height\":685,\"caption\":\"Blog do Farn\u00e9sio\"},\"image\":{\"@id\":\"https:\\\/\\\/blogdofarnesio.com.br\\\/#\\\/schema\\\/logo\\\/image\\\/\"},\"sameAs\":[\"https:\\\/\\\/www.facebook.com\\\/BlogQuerSaberPolitica\\\/\"]},{\"@type\":\"Person\",\"@id\":\"\",\"url\":\"https:\\\/\\\/blogdofarnesio.com.br\\\/?author=7\"}]}<\/script>\n<!-- \/ Yoast SEO plugin. -->","yoast_head_json":{"title":"POLICIA RODOVI\u00c1RIA EM PETROLINA INTENSIFICA A\u00c7\u00d5ES DURANTE MAIO AMARELO - Blog do Farn\u00e9sio","robots":{"index":"index","follow":"follow","max-snippet":"max-snippet:-1","max-image-preview":"max-image-preview:large","max-video-preview":"max-video-preview:-1"},"canonical":"https:\/\/blogdofarnesio.com.br\/?p=123389","og_locale":"pt_BR","og_type":"article","og_title":"POLICIA RODOVI\u00c1RIA EM PETROLINA INTENSIFICA A\u00c7\u00d5ES DURANTE MAIO AMARELO - Blog do Farn\u00e9sio","og_description":"A 6\u00aa Delegacia da Pol\u00edcia Rodovi\u00e1ria Federal realiza, durante todo o m\u00eas, a\u00e7\u00f5es de fiscaliza\u00e7\u00e3o e orienta\u00e7\u00e3o, que comp\u00f5em o maio amarelo, movimento mundial de redu\u00e7\u00e3o de acidentes de tr\u00e1fego. Durante o per\u00edodo, ser\u00e3o intensificadas atividades em trechos dos KM 185 e KM 166. O objetivo da a\u00e7\u00e3o \u00e9 sensibilizar condutores e pedestres sobre a necessidade de assumir uma conduta respons\u00e1vel no tr\u00e2nsito e, consequentemente, diminuir o n\u00famero de acidentes. De acordo com o Inspetor chefe da 6\u00aa Delegacia da PRF, Paulo Lima, al\u00e9m do trabalho de fiscaliza\u00e7\u00e3o, que o \u00f3rg\u00e3o realiza ordinariamente, ser\u00e3o intensificadas abordagens de alcoolemia, utiliza\u00e7\u00e3o de radares para controle de velocidade, al\u00e9m de inspe\u00e7\u00f5es e vistorias em ve\u00edculos. O inspetor destaca ainda que o trabalho est\u00e1&hellip;","og_url":"https:\/\/blogdofarnesio.com.br\/?p=123389","og_site_name":"Blog do Farn\u00e9sio","article_publisher":"https:\/\/www.facebook.com\/BlogQuerSaberPolitica\/","article_published_time":"2015-05-11T16:00:28+00:00","og_image":[{"url":"http:\/\/www.quersaberpolitica.com.br\/2016\/wp-content\/uploads\/2015\/05\/blogqsp.policiafederal.bafometro-300x214.jpg","type":"","width":"","height":""}],"twitter_card":"summary_large_image","twitter_misc":{"Escrito por":"","Est. tempo de leitura":"1 minuto"},"schema":{"@context":"https:\/\/schema.org","@graph":[{"@type":"Article","@id":"https:\/\/blogdofarnesio.com.br\/?p=123389#article","isPartOf":{"@id":"https:\/\/blogdofarnesio.com.br\/?p=123389"},"author":{"name":"","@id":""},"headline":"POLICIA RODOVI\u00c1RIA EM PETROLINA INTENSIFICA A\u00c7\u00d5ES DURANTE MAIO AMARELO","datePublished":"2015-05-11T16:00:28+00:00","mainEntityOfPage":{"@id":"https:\/\/blogdofarnesio.com.br\/?p=123389"},"wordCount":235,"commentCount":0,"publisher":{"@id":"https:\/\/blogdofarnesio.com.br\/#organization"},"image":{"@id":"https:\/\/blogdofarnesio.com.br\/?p=123389#primaryimage"},"thumbnailUrl":"http:\/\/www.quersaberpolitica.com.br\/2016\/wp-content\/uploads\/2015\/05\/blogqsp.policiafederal.bafometro-300x214.jpg","articleSection":["Estradas"],"inLanguage":"pt-BR","potentialAction":[{"@type":"CommentAction","name":"Comment","target":["https:\/\/blogdofarnesio.com.br\/?p=123389#respond"]}]},{"@type":"WebPage","@id":"https:\/\/blogdofarnesio.com.br\/?p=123389","url":"https:\/\/blogdofarnesio.com.br\/?p=123389","name":"POLICIA RODOVI\u00c1RIA EM PETROLINA INTENSIFICA A\u00c7\u00d5ES DURANTE MAIO AMARELO - Blog do Farn\u00e9sio","isPartOf":{"@id":"https:\/\/blogdofarnesio.com.br\/#website"},"primaryImageOfPage":{"@id":"https:\/\/blogdofarnesio.com.br\/?p=123389#primaryimage"},"image":{"@id":"https:\/\/blogdofarnesio.com.br\/?p=123389#primaryimage"},"thumbnailUrl":"http:\/\/www.quersaberpolitica.com.br\/2016\/wp-content\/uploads\/2015\/05\/blogqsp.policiafederal.bafometro-300x214.jpg","datePublished":"2015-05-11T16:00:28+00:00","breadcrumb":{"@id":"https:\/\/blogdofarnesio.com.br\/?p=123389#breadcrumb"},"inLanguage":"pt-BR","potentialAction":[{"@type":"ReadAction","target":["https:\/\/blogdofarnesio.com.br\/?p=123389"]}]},{"@type":"ImageObject","inLanguage":"pt-BR","@id":"https:\/\/blogdofarnesio.com.br\/?p=123389#primaryimage","url":"http:\/\/www.quersaberpolitica.com.br\/2016\/wp-content\/uploads\/2015\/05\/blogqsp.policiafederal.bafometro-300x214.jpg","contentUrl":"http:\/\/www.quersaberpolitica.com.br\/2016\/wp-content\/uploads\/2015\/05\/blogqsp.policiafederal.bafometro-300x214.jpg"},{"@type":"BreadcrumbList","@id":"https:\/\/blogdofarnesio.com.br\/?p=123389#breadcrumb","itemListElement":[{"@type":"ListItem","position":1,"name":"In\u00edcio","item":"https:\/\/blogdofarnesio.com.br\/"},{"@type":"ListItem","position":2,"name":"POLICIA RODOVI\u00c1RIA EM PETROLINA INTENSIFICA A\u00c7\u00d5ES DURANTE MAIO AMARELO"}]},{"@type":"WebSite","@id":"https:\/\/blogdofarnesio.com.br\/#website","url":"https:\/\/blogdofarnesio.com.br\/","name":"Blog do Farn\u00e9sio","description":"Quer Saber Pol\u00edtica?","publisher":{"@id":"https:\/\/blogdofarnesio.com.br\/#organization"},"potentialAction":[{"@type":"SearchAction","target":{"@type":"EntryPoint","urlTemplate":"https:\/\/blogdofarnesio.com.br\/?s={search_term_string}"},"query-input":{"@type":"PropertyValueSpecification","valueRequired":true,"valueName":"search_term_string"}}],"inLanguage":"pt-BR"},{"@type":"Organization","@id":"https:\/\/blogdofarnesio.com.br\/#organization","name":"Blog do Farn\u00e9sio","url":"https:\/\/blogdofarnesio.com.br\/","logo":{"@type":"ImageObject","inLanguage":"pt-BR","@id":"https:\/\/blogdofarnesio.com.br\/#\/schema\/logo\/image\/","url":"https:\/\/blogdofarnesio.com.br\/wp-content\/uploads\/2026\/03\/cropped-logo_new-1.png","contentUrl":"https:\/\/blogdofarnesio.com.br\/wp-content\/uploads\/2026\/03\/cropped-logo_new-1.png","width":881,"height":685,"caption":"Blog do Farn\u00e9sio"},"image":{"@id":"https:\/\/blogdofarnesio.com.br\/#\/schema\/logo\/image\/"},"sameAs":["https:\/\/www.facebook.com\/BlogQuerSaberPolitica\/"]},{"@type":"Person","@id":"","url":"https:\/\/blogdofarnesio.com.br\/?author=7"}]}},"_links":{"self":[{"href":"https:\/\/blogdofarnesio.com.br\/index.php?rest_route=\/wp\/v2\/posts\/123389","targetHints":{"allow":["GET"]}}],"collection":[{"href":"https:\/\/blogdofarnesio.com.br\/index.php?rest_route=\/wp\/v2\/posts"}],"about":[{"href":"https:\/\/blogdofarnesio.com.br\/index.php?rest_route=\/wp\/v2\/types\/post"}],"author":[{"embeddable":true,"href":"https:\/\/blogdofarnesio.com.br\/index.php?rest_route=\/wp\/v2\/users\/7"}],"replies":[{"embeddable":true,"href":"https:\/\/blogdofarnesio.com.br\/index.php?rest_route=%2Fwp%2Fv2%2Fcomments&post=123389"}],"version-history":[{"count":0,"href":"https:\/\/blogdofarnesio.com.br\/index.php?rest_route=\/wp\/v2\/posts\/123389\/revisions"}],"wp:attachment":[{"href":"https:\/\/blogdofarnesio.com.br\/index.php?rest_route=%2Fwp%2Fv2%2Fmedia&parent=123389"}],"wp:term":[{"taxonomy":"category","embeddable":true,"href":"https:\/\/blogdofarnesio.com.br\/index.php?rest_route=%2Fwp%2Fv2%2Fcategories&post=123389"},{"taxonomy":"post_tag","embeddable":true,"href":"https:\/\/blogdofarnesio.com.br\/index.php?rest_route=%2Fwp%2Fv2%2Ftags&post=123389"}],"curies":[{"name":"wp","href":"https:\/\/api.w.org\/{rel}","templated":true}]}}