{"id":123379,"date":"2015-05-11T10:23:37","date_gmt":"2015-05-11T13:23:37","guid":{"rendered":"http:\/\/www.quersaberpolitica.com.br\/?p=123379"},"modified":"2015-05-11T09:48:45","modified_gmt":"2015-05-11T12:48:45","slug":"75a-cipm-preende-em-flagrante-acusado-de-tentar-matar-o-irmao","status":"publish","type":"post","link":"https:\/\/blogdofarnesio.com.br\/?p=123379","title":{"rendered":"75\u00aa CIPM PREENDE EM FLAGRANTE ACUSADO DE TENTAR MATAR O IRM\u00c3O"},"content":{"rendered":"<p style=\"text-align: justify\"><a href=\"http:\/\/www.quersaberpolitica.com.br\/2016\/wp-content\/uploads\/2015\/05\/blogqsp.pris\u00e3o.distritodepinh\u00f5es.juazeiro.jpg\"><img loading=\"lazy\" decoding=\"async\" class=\"  wp-image-123380 aligncenter\" src=\"http:\/\/www.quersaberpolitica.com.br\/2016\/wp-content\/uploads\/2015\/05\/blogqsp.pris\u00e3o.distritodepinh\u00f5es.juazeiro-300x169.jpg\" alt=\"blogqsp.pris\u00e3o.distritodepinh\u00f5es.juazeiro\" width=\"396\" height=\"230\" \/><\/a><\/p>\n<p style=\"text-align: justify\">Policiais Militares da 75\u00aa Companhia Independente de Pol\u00edcia Militar \u2013 \u201cBase Sert\u00e3o\u201d \u2013 prendem em flagrante delito acusado de tentativa de homic\u00eddio logo ap\u00f3s ele ter efetuado dois disparo de arma de fogo contra o pr\u00f3prio irm\u00e3o no Distrito de Pinh\u00f5es, em Juazeiro-Ba, neste dia 10 de maio de 2015.<\/p>\n<p style=\"text-align: justify\">Por volta das 15h, a Guarni\u00e7\u00e3o do Distrito de Pinh\u00f5es realizava policiamento ostensivo no Distrito de Pinh\u00f5es, em Juazeiro, quando recebeu solicita\u00e7\u00e3o do senhor Edemilson da Silva Duarte, 43 anos, que informou ter sido v\u00edtima de dois disparos de arma de fogo efetuados por seu irm\u00e3o Amado da Silva Duarte, 63 anos.<\/p>\n<p style=\"text-align: justify\">De imediato, diante das informa\u00e7\u00f5es da v\u00edtima, a guarni\u00e7\u00e3o da 75\u00aa CIPM deslocou a procura do acusado na zona rural de Pinh\u00f5es, encontrando-o numa ro\u00e7a, num acampamento constru\u00eddo pelo acusado. Ao ser abordado pelos policiais militares, o Acusado tentou empreender fuga, mas foi capturado pela Guarni\u00e7\u00e3o.<!--more--><\/p>\n<p style=\"text-align: justify\">No acampamento do Acusado foram encontradas 02 (duas) espingardas marca\u00a0<em>Rossi,\u00a0<\/em>uma calibre 20, n\u00ba de s\u00e9rie B124047 e outra calibre 32, n\u00ba de s\u00e9rie A1125033, 09 (nove) cartuchos calibre 32 (dois intactos e sete deflagrados), 12 (doze) cartuchos calibre 20 (10 intactos e dois deflagrados), 01 (uma) caixa de espoletas, 01 (um) tubo de p\u00f3lvora, 01 (um) tubo de chumbo e 01 (um) canivete.<\/p>\n<p style=\"text-align: justify\">A v\u00edtima, o Acusado e os objetos encontrados foram apresentados na Delegacia de Pol\u00edcia Civil para as provid\u00eancias legais, conforme Oc. 1\u00aaDT Juazeiro-BO-15-04061.<\/p>\n","protected":false},"excerpt":{"rendered":"<p>Policiais Militares da 75\u00aa Companhia Independente de Pol\u00edcia Militar \u2013 \u201cBase Sert\u00e3o\u201d \u2013 prendem em flagrante delito acusado de tentativa de homic\u00eddio logo ap\u00f3s ele ter efetuado dois disparo de arma de fogo contra o pr\u00f3prio irm\u00e3o no Distrito de Pinh\u00f5es, em Juazeiro-Ba, neste dia 10 de maio de 2015. Por volta das 15h, a Guarni\u00e7\u00e3o do Distrito de Pinh\u00f5es realizava policiamento ostensivo no Distrito de Pinh\u00f5es, em Juazeiro, quando recebeu solicita\u00e7\u00e3o do senhor Edemilson da Silva Duarte, 43 anos, que informou ter sido v\u00edtima de dois disparos de arma de fogo efetuados por seu irm\u00e3o Amado da Silva Duarte, 63 anos. De imediato, diante das informa\u00e7\u00f5es da v\u00edtima, a guarni\u00e7\u00e3o da 75\u00aa CIPM deslocou a procura do acusado na&hellip; <\/p>\n","protected":false},"author":7,"featured_media":0,"comment_status":"open","ping_status":"open","sticky":false,"template":"","format":"standard","meta":{"_acf_changed":false,"footnotes":""},"categories":[9],"tags":[],"class_list":["post-123379","post","type-post","status-publish","format-standard","hentry","category-policia"],"acf":[],"yoast_head":"<!-- This site is optimized with the Yoast SEO plugin v27.4 - https:\/\/yoast.com\/product\/yoast-seo-wordpress\/ -->\n<title>75\u00aa CIPM PREENDE EM FLAGRANTE ACUSADO DE TENTAR MATAR O IRM\u00c3O - Blog do Farn\u00e9sio<\/title>\n<meta name=\"robots\" content=\"index, follow, max-snippet:-1, max-image-preview:large, max-video-preview:-1\" \/>\n<link rel=\"canonical\" href=\"https:\/\/blogdofarnesio.com.br\/?p=123379\" \/>\n<meta property=\"og:locale\" content=\"pt_BR\" \/>\n<meta property=\"og:type\" content=\"article\" \/>\n<meta property=\"og:title\" content=\"75\u00aa CIPM PREENDE EM FLAGRANTE ACUSADO DE TENTAR MATAR O IRM\u00c3O - Blog do Farn\u00e9sio\" \/>\n<meta property=\"og:description\" content=\"Policiais Militares da 75\u00aa Companhia Independente de Pol\u00edcia Militar \u2013 \u201cBase Sert\u00e3o\u201d \u2013 prendem em flagrante delito acusado de tentativa de homic\u00eddio logo ap\u00f3s ele ter efetuado dois disparo de arma de fogo contra o pr\u00f3prio irm\u00e3o no Distrito de Pinh\u00f5es, em Juazeiro-Ba, neste dia 10 de maio de 2015. Por volta das 15h, a Guarni\u00e7\u00e3o do Distrito de Pinh\u00f5es realizava policiamento ostensivo no Distrito de Pinh\u00f5es, em Juazeiro, quando recebeu solicita\u00e7\u00e3o do senhor Edemilson da Silva Duarte, 43 anos, que informou ter sido v\u00edtima de dois disparos de arma de fogo efetuados por seu irm\u00e3o Amado da Silva Duarte, 63 anos. De imediato, diante das informa\u00e7\u00f5es da v\u00edtima, a guarni\u00e7\u00e3o da 75\u00aa CIPM deslocou a procura do acusado na&hellip;\" \/>\n<meta property=\"og:url\" content=\"https:\/\/blogdofarnesio.com.br\/?p=123379\" \/>\n<meta property=\"og:site_name\" content=\"Blog do Farn\u00e9sio\" \/>\n<meta property=\"article:publisher\" content=\"https:\/\/www.facebook.com\/BlogQuerSaberPolitica\/\" \/>\n<meta property=\"article:published_time\" content=\"2015-05-11T13:23:37+00:00\" \/>\n<meta name=\"twitter:card\" content=\"summary_large_image\" \/>\n<meta name=\"twitter:label1\" content=\"Escrito por\" \/>\n\t<meta name=\"twitter:data1\" content=\"\" \/>\n\t<meta name=\"twitter:label2\" content=\"Est. tempo de leitura\" \/>\n\t<meta name=\"twitter:data2\" content=\"1 minuto\" \/>\n<script type=\"application\/ld+json\" class=\"yoast-schema-graph\">{\"@context\":\"https:\\\/\\\/schema.org\",\"@graph\":[{\"@type\":\"Article\",\"@id\":\"https:\\\/\\\/blogdofarnesio.com.br\\\/?p=123379#article\",\"isPartOf\":{\"@id\":\"https:\\\/\\\/blogdofarnesio.com.br\\\/?p=123379\"},\"author\":{\"name\":\"\",\"@id\":\"\"},\"headline\":\"75\u00aa CIPM PREENDE EM FLAGRANTE ACUSADO DE TENTAR MATAR O IRM\u00c3O\",\"datePublished\":\"2015-05-11T13:23:37+00:00\",\"mainEntityOfPage\":{\"@id\":\"https:\\\/\\\/blogdofarnesio.com.br\\\/?p=123379\"},\"wordCount\":254,\"commentCount\":0,\"publisher\":{\"@id\":\"https:\\\/\\\/blogdofarnesio.com.br\\\/#organization\"},\"articleSection\":[\"Pol\u00edcia\"],\"inLanguage\":\"pt-BR\",\"potentialAction\":[{\"@type\":\"CommentAction\",\"name\":\"Comment\",\"target\":[\"https:\\\/\\\/blogdofarnesio.com.br\\\/?p=123379#respond\"]}]},{\"@type\":\"WebPage\",\"@id\":\"https:\\\/\\\/blogdofarnesio.com.br\\\/?p=123379\",\"url\":\"https:\\\/\\\/blogdofarnesio.com.br\\\/?p=123379\",\"name\":\"75\u00aa CIPM PREENDE EM FLAGRANTE ACUSADO DE TENTAR MATAR O IRM\u00c3O - Blog do Farn\u00e9sio\",\"isPartOf\":{\"@id\":\"https:\\\/\\\/blogdofarnesio.com.br\\\/#website\"},\"datePublished\":\"2015-05-11T13:23:37+00:00\",\"breadcrumb\":{\"@id\":\"https:\\\/\\\/blogdofarnesio.com.br\\\/?p=123379#breadcrumb\"},\"inLanguage\":\"pt-BR\",\"potentialAction\":[{\"@type\":\"ReadAction\",\"target\":[\"https:\\\/\\\/blogdofarnesio.com.br\\\/?p=123379\"]}]},{\"@type\":\"BreadcrumbList\",\"@id\":\"https:\\\/\\\/blogdofarnesio.com.br\\\/?p=123379#breadcrumb\",\"itemListElement\":[{\"@type\":\"ListItem\",\"position\":1,\"name\":\"In\u00edcio\",\"item\":\"https:\\\/\\\/blogdofarnesio.com.br\\\/\"},{\"@type\":\"ListItem\",\"position\":2,\"name\":\"75\u00aa CIPM PREENDE EM FLAGRANTE ACUSADO DE TENTAR MATAR O IRM\u00c3O\"}]},{\"@type\":\"WebSite\",\"@id\":\"https:\\\/\\\/blogdofarnesio.com.br\\\/#website\",\"url\":\"https:\\\/\\\/blogdofarnesio.com.br\\\/\",\"name\":\"Blog do Farn\u00e9sio\",\"description\":\"Quer Saber Pol\u00edtica?\",\"publisher\":{\"@id\":\"https:\\\/\\\/blogdofarnesio.com.br\\\/#organization\"},\"potentialAction\":[{\"@type\":\"SearchAction\",\"target\":{\"@type\":\"EntryPoint\",\"urlTemplate\":\"https:\\\/\\\/blogdofarnesio.com.br\\\/?s={search_term_string}\"},\"query-input\":{\"@type\":\"PropertyValueSpecification\",\"valueRequired\":true,\"valueName\":\"search_term_string\"}}],\"inLanguage\":\"pt-BR\"},{\"@type\":\"Organization\",\"@id\":\"https:\\\/\\\/blogdofarnesio.com.br\\\/#organization\",\"name\":\"Blog do Farn\u00e9sio\",\"url\":\"https:\\\/\\\/blogdofarnesio.com.br\\\/\",\"logo\":{\"@type\":\"ImageObject\",\"inLanguage\":\"pt-BR\",\"@id\":\"https:\\\/\\\/blogdofarnesio.com.br\\\/#\\\/schema\\\/logo\\\/image\\\/\",\"url\":\"https:\\\/\\\/blogdofarnesio.com.br\\\/wp-content\\\/uploads\\\/2026\\\/03\\\/cropped-logo_new-1.png\",\"contentUrl\":\"https:\\\/\\\/blogdofarnesio.com.br\\\/wp-content\\\/uploads\\\/2026\\\/03\\\/cropped-logo_new-1.png\",\"width\":881,\"height\":685,\"caption\":\"Blog do Farn\u00e9sio\"},\"image\":{\"@id\":\"https:\\\/\\\/blogdofarnesio.com.br\\\/#\\\/schema\\\/logo\\\/image\\\/\"},\"sameAs\":[\"https:\\\/\\\/www.facebook.com\\\/BlogQuerSaberPolitica\\\/\"]},{\"@type\":\"Person\",\"@id\":\"\",\"url\":\"https:\\\/\\\/blogdofarnesio.com.br\\\/?author=7\"}]}<\/script>\n<!-- \/ Yoast SEO plugin. -->","yoast_head_json":{"title":"75\u00aa CIPM PREENDE EM FLAGRANTE ACUSADO DE TENTAR MATAR O IRM\u00c3O - Blog do Farn\u00e9sio","robots":{"index":"index","follow":"follow","max-snippet":"max-snippet:-1","max-image-preview":"max-image-preview:large","max-video-preview":"max-video-preview:-1"},"canonical":"https:\/\/blogdofarnesio.com.br\/?p=123379","og_locale":"pt_BR","og_type":"article","og_title":"75\u00aa CIPM PREENDE EM FLAGRANTE ACUSADO DE TENTAR MATAR O IRM\u00c3O - Blog do Farn\u00e9sio","og_description":"Policiais Militares da 75\u00aa Companhia Independente de Pol\u00edcia Militar \u2013 \u201cBase Sert\u00e3o\u201d \u2013 prendem em flagrante delito acusado de tentativa de homic\u00eddio logo ap\u00f3s ele ter efetuado dois disparo de arma de fogo contra o pr\u00f3prio irm\u00e3o no Distrito de Pinh\u00f5es, em Juazeiro-Ba, neste dia 10 de maio de 2015. Por volta das 15h, a Guarni\u00e7\u00e3o do Distrito de Pinh\u00f5es realizava policiamento ostensivo no Distrito de Pinh\u00f5es, em Juazeiro, quando recebeu solicita\u00e7\u00e3o do senhor Edemilson da Silva Duarte, 43 anos, que informou ter sido v\u00edtima de dois disparos de arma de fogo efetuados por seu irm\u00e3o Amado da Silva Duarte, 63 anos. De imediato, diante das informa\u00e7\u00f5es da v\u00edtima, a guarni\u00e7\u00e3o da 75\u00aa CIPM deslocou a procura do acusado na&hellip;","og_url":"https:\/\/blogdofarnesio.com.br\/?p=123379","og_site_name":"Blog do Farn\u00e9sio","article_publisher":"https:\/\/www.facebook.com\/BlogQuerSaberPolitica\/","article_published_time":"2015-05-11T13:23:37+00:00","twitter_card":"summary_large_image","twitter_misc":{"Escrito por":"","Est. tempo de leitura":"1 minuto"},"schema":{"@context":"https:\/\/schema.org","@graph":[{"@type":"Article","@id":"https:\/\/blogdofarnesio.com.br\/?p=123379#article","isPartOf":{"@id":"https:\/\/blogdofarnesio.com.br\/?p=123379"},"author":{"name":"","@id":""},"headline":"75\u00aa CIPM PREENDE EM FLAGRANTE ACUSADO DE TENTAR MATAR O IRM\u00c3O","datePublished":"2015-05-11T13:23:37+00:00","mainEntityOfPage":{"@id":"https:\/\/blogdofarnesio.com.br\/?p=123379"},"wordCount":254,"commentCount":0,"publisher":{"@id":"https:\/\/blogdofarnesio.com.br\/#organization"},"articleSection":["Pol\u00edcia"],"inLanguage":"pt-BR","potentialAction":[{"@type":"CommentAction","name":"Comment","target":["https:\/\/blogdofarnesio.com.br\/?p=123379#respond"]}]},{"@type":"WebPage","@id":"https:\/\/blogdofarnesio.com.br\/?p=123379","url":"https:\/\/blogdofarnesio.com.br\/?p=123379","name":"75\u00aa CIPM PREENDE EM FLAGRANTE ACUSADO DE TENTAR MATAR O IRM\u00c3O - Blog do Farn\u00e9sio","isPartOf":{"@id":"https:\/\/blogdofarnesio.com.br\/#website"},"datePublished":"2015-05-11T13:23:37+00:00","breadcrumb":{"@id":"https:\/\/blogdofarnesio.com.br\/?p=123379#breadcrumb"},"inLanguage":"pt-BR","potentialAction":[{"@type":"ReadAction","target":["https:\/\/blogdofarnesio.com.br\/?p=123379"]}]},{"@type":"BreadcrumbList","@id":"https:\/\/blogdofarnesio.com.br\/?p=123379#breadcrumb","itemListElement":[{"@type":"ListItem","position":1,"name":"In\u00edcio","item":"https:\/\/blogdofarnesio.com.br\/"},{"@type":"ListItem","position":2,"name":"75\u00aa CIPM PREENDE EM FLAGRANTE ACUSADO DE TENTAR MATAR O IRM\u00c3O"}]},{"@type":"WebSite","@id":"https:\/\/blogdofarnesio.com.br\/#website","url":"https:\/\/blogdofarnesio.com.br\/","name":"Blog do Farn\u00e9sio","description":"Quer Saber Pol\u00edtica?","publisher":{"@id":"https:\/\/blogdofarnesio.com.br\/#organization"},"potentialAction":[{"@type":"SearchAction","target":{"@type":"EntryPoint","urlTemplate":"https:\/\/blogdofarnesio.com.br\/?s={search_term_string}"},"query-input":{"@type":"PropertyValueSpecification","valueRequired":true,"valueName":"search_term_string"}}],"inLanguage":"pt-BR"},{"@type":"Organization","@id":"https:\/\/blogdofarnesio.com.br\/#organization","name":"Blog do Farn\u00e9sio","url":"https:\/\/blogdofarnesio.com.br\/","logo":{"@type":"ImageObject","inLanguage":"pt-BR","@id":"https:\/\/blogdofarnesio.com.br\/#\/schema\/logo\/image\/","url":"https:\/\/blogdofarnesio.com.br\/wp-content\/uploads\/2026\/03\/cropped-logo_new-1.png","contentUrl":"https:\/\/blogdofarnesio.com.br\/wp-content\/uploads\/2026\/03\/cropped-logo_new-1.png","width":881,"height":685,"caption":"Blog do Farn\u00e9sio"},"image":{"@id":"https:\/\/blogdofarnesio.com.br\/#\/schema\/logo\/image\/"},"sameAs":["https:\/\/www.facebook.com\/BlogQuerSaberPolitica\/"]},{"@type":"Person","@id":"","url":"https:\/\/blogdofarnesio.com.br\/?author=7"}]}},"_links":{"self":[{"href":"https:\/\/blogdofarnesio.com.br\/index.php?rest_route=\/wp\/v2\/posts\/123379","targetHints":{"allow":["GET"]}}],"collection":[{"href":"https:\/\/blogdofarnesio.com.br\/index.php?rest_route=\/wp\/v2\/posts"}],"about":[{"href":"https:\/\/blogdofarnesio.com.br\/index.php?rest_route=\/wp\/v2\/types\/post"}],"author":[{"embeddable":true,"href":"https:\/\/blogdofarnesio.com.br\/index.php?rest_route=\/wp\/v2\/users\/7"}],"replies":[{"embeddable":true,"href":"https:\/\/blogdofarnesio.com.br\/index.php?rest_route=%2Fwp%2Fv2%2Fcomments&post=123379"}],"version-history":[{"count":0,"href":"https:\/\/blogdofarnesio.com.br\/index.php?rest_route=\/wp\/v2\/posts\/123379\/revisions"}],"wp:attachment":[{"href":"https:\/\/blogdofarnesio.com.br\/index.php?rest_route=%2Fwp%2Fv2%2Fmedia&parent=123379"}],"wp:term":[{"taxonomy":"category","embeddable":true,"href":"https:\/\/blogdofarnesio.com.br\/index.php?rest_route=%2Fwp%2Fv2%2Fcategories&post=123379"},{"taxonomy":"post_tag","embeddable":true,"href":"https:\/\/blogdofarnesio.com.br\/index.php?rest_route=%2Fwp%2Fv2%2Ftags&post=123379"}],"curies":[{"name":"wp","href":"https:\/\/api.w.org\/{rel}","templated":true}]}}