{"id":123365,"date":"2015-05-11T08:33:48","date_gmt":"2015-05-11T11:33:48","guid":{"rendered":"http:\/\/www.quersaberpolitica.com.br\/?p=123365"},"modified":"2015-05-10T10:14:47","modified_gmt":"2015-05-10T13:14:47","slug":"governador-anuncia-concurso-para-a-policia-militar-civil-e-peritos","status":"publish","type":"post","link":"https:\/\/blogdofarnesio.com.br\/?p=123365","title":{"rendered":"GOVERNADOR ANUNCIA CONCURSO PARA A POL\u00cdCIA MILITAR, CIVIL E PERITOS"},"content":{"rendered":"<div style=\"text-align: justify\"><a href=\"http:\/\/www.quersaberpolitica.com.br\/2016\/wp-content\/uploads\/2014\/10\/seguran\u00e7a.jpg\"><img loading=\"lazy\" decoding=\"async\" class=\"aligncenter  wp-image-103640\" src=\"http:\/\/www.quersaberpolitica.com.br\/2016\/wp-content\/uploads\/2014\/10\/seguran\u00e7a.jpg\" alt=\"seguran\u00e7a\" width=\"453\" height=\"319\" \/><\/a>O governador de Pernambuco, Paulo C\u00e2mara anunciou que\u00a0ainda este ano ser\u00e1 lan\u00e7ado um edital para realiza\u00e7\u00e3o do concurso p\u00fablico para os \u00f3rg\u00e3os operativos da Secretaria de Defesa Social. Ser\u00e3o oferecidas vagas para a Pol\u00edcia Militar (1.500 soldados), Pol\u00edcia Civil (500 agentes e 50 escriv\u00e3es) e Pol\u00edcia Cient\u00edfica (316 cargos). J\u00e1 est\u00e1 em andamento outro certame do tipo para a sele\u00e7\u00e3o de 100 delegados.<\/div>\n<div style=\"text-align: justify\"><\/div>\n<div style=\"text-align: justify\">\u201cOs concursos da \u00e1rea de seguran\u00e7a s\u00e3o realizados em v\u00e1rias etapas, que exigem tanto prova escrita quanto treinamento; al\u00e9m de exames m\u00e9dicos e investiga\u00e7\u00e3o social. Eles estar\u00e3o prontos para, a partir de 2016, ingressarem em nossos quadros\u201d, explicou Paulo C\u00e2mara, lembrando que no pr\u00f3ximo ano Estado e Uni\u00e3o devem estar com as finan\u00e7as em melhor situa\u00e7\u00e3o.<\/div>\n<div style=\"text-align: justify\"><\/div>\n<div style=\"text-align: justify\">Na \u00e1rea de Seguran\u00e7a, figura entre as a\u00e7\u00f5es anunciadas pelo governador o remanejamento, sem custo, de 100 c\u00e2meras, que deixar\u00e3o postes de sete metros e ser\u00e3o instaladas na cobertura de edif\u00edcios. Com isso, o videomonitoramento no Estado ser\u00e1 potencializado de um raio de 400 metros para at\u00e9 tr\u00eas quil\u00f4metros. Al\u00e9m da Regi\u00e3o Metropolitana do Recife, o processo de eleva\u00e7\u00e3o das c\u00e2meras ser\u00e1 feito nas cidades de Caruaru (Agreste) e Petrolina (Sert\u00e3o do S\u00e3o Francisco).<\/div>\n<div style=\"text-align: justify\"><\/div>\n<div style=\"text-align: justify\">Ainda nesse segmento, Paulo C\u00e2mara assinou um termo de coopera\u00e7\u00e3o t\u00e9cnica para a presta\u00e7\u00e3o de assist\u00eancia jur\u00eddica integral e gratuita, pela Defensoria P\u00fablica do Estado, em processos judiciais criminais. O servi\u00e7o ser\u00e1 oferecido aos policiais militares e civis, al\u00e9m de bombeiros militares, que n\u00e3o possuam condi\u00e7\u00f5es financeiras de custear as despesas processuais e os honor\u00e1rios advocat\u00edcios.<\/div>\n","protected":false},"excerpt":{"rendered":"<p>O governador de Pernambuco, Paulo C\u00e2mara anunciou que\u00a0ainda este ano ser\u00e1 lan\u00e7ado um edital para realiza\u00e7\u00e3o do concurso p\u00fablico para os \u00f3rg\u00e3os operativos da Secretaria de Defesa Social. Ser\u00e3o oferecidas vagas para a Pol\u00edcia Militar (1.500 soldados), Pol\u00edcia Civil (500 agentes e 50 escriv\u00e3es) e Pol\u00edcia Cient\u00edfica (316 cargos). J\u00e1 est\u00e1 em andamento outro certame do tipo para a sele\u00e7\u00e3o de 100 delegados. \u201cOs concursos da \u00e1rea de seguran\u00e7a s\u00e3o realizados em v\u00e1rias etapas, que exigem tanto prova escrita quanto treinamento; al\u00e9m de exames m\u00e9dicos e investiga\u00e7\u00e3o social. Eles estar\u00e3o prontos para, a partir de 2016, ingressarem em nossos quadros\u201d, explicou Paulo C\u00e2mara, lembrando que no pr\u00f3ximo ano Estado e Uni\u00e3o devem estar com as finan\u00e7as em melhor situa\u00e7\u00e3o. Na&hellip; <\/p>\n","protected":false},"author":3,"featured_media":0,"comment_status":"open","ping_status":"open","sticky":false,"template":"","format":"standard","meta":{"_acf_changed":false,"footnotes":""},"categories":[31,5],"tags":[],"class_list":["post-123365","post","type-post","status-publish","format-standard","hentry","category-concursos","category-seguranca"],"acf":[],"yoast_head":"<!-- This site is optimized with the Yoast SEO plugin v27.4 - https:\/\/yoast.com\/product\/yoast-seo-wordpress\/ -->\n<title>GOVERNADOR ANUNCIA CONCURSO PARA A POL\u00cdCIA MILITAR, CIVIL E PERITOS - Blog do Farn\u00e9sio<\/title>\n<meta name=\"robots\" content=\"index, follow, max-snippet:-1, max-image-preview:large, max-video-preview:-1\" \/>\n<link rel=\"canonical\" href=\"https:\/\/blogdofarnesio.com.br\/?p=123365\" \/>\n<meta property=\"og:locale\" content=\"pt_BR\" \/>\n<meta property=\"og:type\" content=\"article\" \/>\n<meta property=\"og:title\" content=\"GOVERNADOR ANUNCIA CONCURSO PARA A POL\u00cdCIA MILITAR, CIVIL E PERITOS - Blog do Farn\u00e9sio\" \/>\n<meta property=\"og:description\" content=\"O governador de Pernambuco, Paulo C\u00e2mara anunciou que\u00a0ainda este ano ser\u00e1 lan\u00e7ado um edital para realiza\u00e7\u00e3o do concurso p\u00fablico para os \u00f3rg\u00e3os operativos da Secretaria de Defesa Social. Ser\u00e3o oferecidas vagas para a Pol\u00edcia Militar (1.500 soldados), Pol\u00edcia Civil (500 agentes e 50 escriv\u00e3es) e Pol\u00edcia Cient\u00edfica (316 cargos). J\u00e1 est\u00e1 em andamento outro certame do tipo para a sele\u00e7\u00e3o de 100 delegados. \u201cOs concursos da \u00e1rea de seguran\u00e7a s\u00e3o realizados em v\u00e1rias etapas, que exigem tanto prova escrita quanto treinamento; al\u00e9m de exames m\u00e9dicos e investiga\u00e7\u00e3o social. Eles estar\u00e3o prontos para, a partir de 2016, ingressarem em nossos quadros\u201d, explicou Paulo C\u00e2mara, lembrando que no pr\u00f3ximo ano Estado e Uni\u00e3o devem estar com as finan\u00e7as em melhor situa\u00e7\u00e3o. Na&hellip;\" \/>\n<meta property=\"og:url\" content=\"https:\/\/blogdofarnesio.com.br\/?p=123365\" \/>\n<meta property=\"og:site_name\" content=\"Blog do Farn\u00e9sio\" \/>\n<meta property=\"article:publisher\" content=\"https:\/\/www.facebook.com\/BlogQuerSaberPolitica\/\" \/>\n<meta property=\"article:published_time\" content=\"2015-05-11T11:33:48+00:00\" \/>\n<meta name=\"author\" content=\"teste\" \/>\n<meta name=\"twitter:card\" content=\"summary_large_image\" \/>\n<meta name=\"twitter:label1\" content=\"Escrito por\" \/>\n\t<meta name=\"twitter:data1\" content=\"teste\" \/>\n\t<meta name=\"twitter:label2\" content=\"Est. tempo de leitura\" \/>\n\t<meta name=\"twitter:data2\" content=\"1 minuto\" \/>\n<script type=\"application\/ld+json\" class=\"yoast-schema-graph\">{\"@context\":\"https:\\\/\\\/schema.org\",\"@graph\":[{\"@type\":\"Article\",\"@id\":\"https:\\\/\\\/blogdofarnesio.com.br\\\/?p=123365#article\",\"isPartOf\":{\"@id\":\"https:\\\/\\\/blogdofarnesio.com.br\\\/?p=123365\"},\"author\":{\"name\":\"teste\",\"@id\":\"https:\\\/\\\/blogdofarnesio.com.br\\\/#\\\/schema\\\/person\\\/dd1bf5eba40b687199ba45ca6b97dff9\"},\"headline\":\"GOVERNADOR ANUNCIA CONCURSO PARA A POL\u00cdCIA MILITAR, CIVIL E PERITOS\",\"datePublished\":\"2015-05-11T11:33:48+00:00\",\"mainEntityOfPage\":{\"@id\":\"https:\\\/\\\/blogdofarnesio.com.br\\\/?p=123365\"},\"wordCount\":304,\"commentCount\":0,\"publisher\":{\"@id\":\"https:\\\/\\\/blogdofarnesio.com.br\\\/#organization\"},\"articleSection\":[\"Concursos\",\"Seguran\u00e7a\"],\"inLanguage\":\"pt-BR\",\"potentialAction\":[{\"@type\":\"CommentAction\",\"name\":\"Comment\",\"target\":[\"https:\\\/\\\/blogdofarnesio.com.br\\\/?p=123365#respond\"]}]},{\"@type\":\"WebPage\",\"@id\":\"https:\\\/\\\/blogdofarnesio.com.br\\\/?p=123365\",\"url\":\"https:\\\/\\\/blogdofarnesio.com.br\\\/?p=123365\",\"name\":\"GOVERNADOR ANUNCIA CONCURSO PARA A POL\u00cdCIA MILITAR, CIVIL E PERITOS - Blog do Farn\u00e9sio\",\"isPartOf\":{\"@id\":\"https:\\\/\\\/blogdofarnesio.com.br\\\/#website\"},\"datePublished\":\"2015-05-11T11:33:48+00:00\",\"breadcrumb\":{\"@id\":\"https:\\\/\\\/blogdofarnesio.com.br\\\/?p=123365#breadcrumb\"},\"inLanguage\":\"pt-BR\",\"potentialAction\":[{\"@type\":\"ReadAction\",\"target\":[\"https:\\\/\\\/blogdofarnesio.com.br\\\/?p=123365\"]}]},{\"@type\":\"BreadcrumbList\",\"@id\":\"https:\\\/\\\/blogdofarnesio.com.br\\\/?p=123365#breadcrumb\",\"itemListElement\":[{\"@type\":\"ListItem\",\"position\":1,\"name\":\"In\u00edcio\",\"item\":\"https:\\\/\\\/blogdofarnesio.com.br\\\/\"},{\"@type\":\"ListItem\",\"position\":2,\"name\":\"GOVERNADOR ANUNCIA CONCURSO PARA A POL\u00cdCIA MILITAR, CIVIL E PERITOS\"}]},{\"@type\":\"WebSite\",\"@id\":\"https:\\\/\\\/blogdofarnesio.com.br\\\/#website\",\"url\":\"https:\\\/\\\/blogdofarnesio.com.br\\\/\",\"name\":\"Blog do Farn\u00e9sio\",\"description\":\"Quer Saber Pol\u00edtica?\",\"publisher\":{\"@id\":\"https:\\\/\\\/blogdofarnesio.com.br\\\/#organization\"},\"potentialAction\":[{\"@type\":\"SearchAction\",\"target\":{\"@type\":\"EntryPoint\",\"urlTemplate\":\"https:\\\/\\\/blogdofarnesio.com.br\\\/?s={search_term_string}\"},\"query-input\":{\"@type\":\"PropertyValueSpecification\",\"valueRequired\":true,\"valueName\":\"search_term_string\"}}],\"inLanguage\":\"pt-BR\"},{\"@type\":\"Organization\",\"@id\":\"https:\\\/\\\/blogdofarnesio.com.br\\\/#organization\",\"name\":\"Blog do Farn\u00e9sio\",\"url\":\"https:\\\/\\\/blogdofarnesio.com.br\\\/\",\"logo\":{\"@type\":\"ImageObject\",\"inLanguage\":\"pt-BR\",\"@id\":\"https:\\\/\\\/blogdofarnesio.com.br\\\/#\\\/schema\\\/logo\\\/image\\\/\",\"url\":\"https:\\\/\\\/blogdofarnesio.com.br\\\/wp-content\\\/uploads\\\/2026\\\/03\\\/cropped-logo_new-1.png\",\"contentUrl\":\"https:\\\/\\\/blogdofarnesio.com.br\\\/wp-content\\\/uploads\\\/2026\\\/03\\\/cropped-logo_new-1.png\",\"width\":881,\"height\":685,\"caption\":\"Blog do Farn\u00e9sio\"},\"image\":{\"@id\":\"https:\\\/\\\/blogdofarnesio.com.br\\\/#\\\/schema\\\/logo\\\/image\\\/\"},\"sameAs\":[\"https:\\\/\\\/www.facebook.com\\\/BlogQuerSaberPolitica\\\/\"]},{\"@type\":\"Person\",\"@id\":\"https:\\\/\\\/blogdofarnesio.com.br\\\/#\\\/schema\\\/person\\\/dd1bf5eba40b687199ba45ca6b97dff9\",\"name\":\"teste\",\"image\":{\"@type\":\"ImageObject\",\"inLanguage\":\"pt-BR\",\"@id\":\"https:\\\/\\\/secure.gravatar.com\\\/avatar\\\/2172498d4914b51e1d89a0f97957b035ac4938723a5cac208135d389b6972a6d?s=96&d=mm&r=g\",\"url\":\"https:\\\/\\\/secure.gravatar.com\\\/avatar\\\/2172498d4914b51e1d89a0f97957b035ac4938723a5cac208135d389b6972a6d?s=96&d=mm&r=g\",\"contentUrl\":\"https:\\\/\\\/secure.gravatar.com\\\/avatar\\\/2172498d4914b51e1d89a0f97957b035ac4938723a5cac208135d389b6972a6d?s=96&d=mm&r=g\",\"caption\":\"teste\"},\"url\":\"https:\\\/\\\/blogdofarnesio.com.br\\\/?author=3\"}]}<\/script>\n<!-- \/ Yoast SEO plugin. -->","yoast_head_json":{"title":"GOVERNADOR ANUNCIA CONCURSO PARA A POL\u00cdCIA MILITAR, CIVIL E PERITOS - Blog do Farn\u00e9sio","robots":{"index":"index","follow":"follow","max-snippet":"max-snippet:-1","max-image-preview":"max-image-preview:large","max-video-preview":"max-video-preview:-1"},"canonical":"https:\/\/blogdofarnesio.com.br\/?p=123365","og_locale":"pt_BR","og_type":"article","og_title":"GOVERNADOR ANUNCIA CONCURSO PARA A POL\u00cdCIA MILITAR, CIVIL E PERITOS - Blog do Farn\u00e9sio","og_description":"O governador de Pernambuco, Paulo C\u00e2mara anunciou que\u00a0ainda este ano ser\u00e1 lan\u00e7ado um edital para realiza\u00e7\u00e3o do concurso p\u00fablico para os \u00f3rg\u00e3os operativos da Secretaria de Defesa Social. Ser\u00e3o oferecidas vagas para a Pol\u00edcia Militar (1.500 soldados), Pol\u00edcia Civil (500 agentes e 50 escriv\u00e3es) e Pol\u00edcia Cient\u00edfica (316 cargos). J\u00e1 est\u00e1 em andamento outro certame do tipo para a sele\u00e7\u00e3o de 100 delegados. \u201cOs concursos da \u00e1rea de seguran\u00e7a s\u00e3o realizados em v\u00e1rias etapas, que exigem tanto prova escrita quanto treinamento; al\u00e9m de exames m\u00e9dicos e investiga\u00e7\u00e3o social. Eles estar\u00e3o prontos para, a partir de 2016, ingressarem em nossos quadros\u201d, explicou Paulo C\u00e2mara, lembrando que no pr\u00f3ximo ano Estado e Uni\u00e3o devem estar com as finan\u00e7as em melhor situa\u00e7\u00e3o. Na&hellip;","og_url":"https:\/\/blogdofarnesio.com.br\/?p=123365","og_site_name":"Blog do Farn\u00e9sio","article_publisher":"https:\/\/www.facebook.com\/BlogQuerSaberPolitica\/","article_published_time":"2015-05-11T11:33:48+00:00","author":"teste","twitter_card":"summary_large_image","twitter_misc":{"Escrito por":"teste","Est. tempo de leitura":"1 minuto"},"schema":{"@context":"https:\/\/schema.org","@graph":[{"@type":"Article","@id":"https:\/\/blogdofarnesio.com.br\/?p=123365#article","isPartOf":{"@id":"https:\/\/blogdofarnesio.com.br\/?p=123365"},"author":{"name":"teste","@id":"https:\/\/blogdofarnesio.com.br\/#\/schema\/person\/dd1bf5eba40b687199ba45ca6b97dff9"},"headline":"GOVERNADOR ANUNCIA CONCURSO PARA A POL\u00cdCIA MILITAR, CIVIL E PERITOS","datePublished":"2015-05-11T11:33:48+00:00","mainEntityOfPage":{"@id":"https:\/\/blogdofarnesio.com.br\/?p=123365"},"wordCount":304,"commentCount":0,"publisher":{"@id":"https:\/\/blogdofarnesio.com.br\/#organization"},"articleSection":["Concursos","Seguran\u00e7a"],"inLanguage":"pt-BR","potentialAction":[{"@type":"CommentAction","name":"Comment","target":["https:\/\/blogdofarnesio.com.br\/?p=123365#respond"]}]},{"@type":"WebPage","@id":"https:\/\/blogdofarnesio.com.br\/?p=123365","url":"https:\/\/blogdofarnesio.com.br\/?p=123365","name":"GOVERNADOR ANUNCIA CONCURSO PARA A POL\u00cdCIA MILITAR, CIVIL E PERITOS - Blog do Farn\u00e9sio","isPartOf":{"@id":"https:\/\/blogdofarnesio.com.br\/#website"},"datePublished":"2015-05-11T11:33:48+00:00","breadcrumb":{"@id":"https:\/\/blogdofarnesio.com.br\/?p=123365#breadcrumb"},"inLanguage":"pt-BR","potentialAction":[{"@type":"ReadAction","target":["https:\/\/blogdofarnesio.com.br\/?p=123365"]}]},{"@type":"BreadcrumbList","@id":"https:\/\/blogdofarnesio.com.br\/?p=123365#breadcrumb","itemListElement":[{"@type":"ListItem","position":1,"name":"In\u00edcio","item":"https:\/\/blogdofarnesio.com.br\/"},{"@type":"ListItem","position":2,"name":"GOVERNADOR ANUNCIA CONCURSO PARA A POL\u00cdCIA MILITAR, CIVIL E PERITOS"}]},{"@type":"WebSite","@id":"https:\/\/blogdofarnesio.com.br\/#website","url":"https:\/\/blogdofarnesio.com.br\/","name":"Blog do Farn\u00e9sio","description":"Quer Saber Pol\u00edtica?","publisher":{"@id":"https:\/\/blogdofarnesio.com.br\/#organization"},"potentialAction":[{"@type":"SearchAction","target":{"@type":"EntryPoint","urlTemplate":"https:\/\/blogdofarnesio.com.br\/?s={search_term_string}"},"query-input":{"@type":"PropertyValueSpecification","valueRequired":true,"valueName":"search_term_string"}}],"inLanguage":"pt-BR"},{"@type":"Organization","@id":"https:\/\/blogdofarnesio.com.br\/#organization","name":"Blog do Farn\u00e9sio","url":"https:\/\/blogdofarnesio.com.br\/","logo":{"@type":"ImageObject","inLanguage":"pt-BR","@id":"https:\/\/blogdofarnesio.com.br\/#\/schema\/logo\/image\/","url":"https:\/\/blogdofarnesio.com.br\/wp-content\/uploads\/2026\/03\/cropped-logo_new-1.png","contentUrl":"https:\/\/blogdofarnesio.com.br\/wp-content\/uploads\/2026\/03\/cropped-logo_new-1.png","width":881,"height":685,"caption":"Blog do Farn\u00e9sio"},"image":{"@id":"https:\/\/blogdofarnesio.com.br\/#\/schema\/logo\/image\/"},"sameAs":["https:\/\/www.facebook.com\/BlogQuerSaberPolitica\/"]},{"@type":"Person","@id":"https:\/\/blogdofarnesio.com.br\/#\/schema\/person\/dd1bf5eba40b687199ba45ca6b97dff9","name":"teste","image":{"@type":"ImageObject","inLanguage":"pt-BR","@id":"https:\/\/secure.gravatar.com\/avatar\/2172498d4914b51e1d89a0f97957b035ac4938723a5cac208135d389b6972a6d?s=96&d=mm&r=g","url":"https:\/\/secure.gravatar.com\/avatar\/2172498d4914b51e1d89a0f97957b035ac4938723a5cac208135d389b6972a6d?s=96&d=mm&r=g","contentUrl":"https:\/\/secure.gravatar.com\/avatar\/2172498d4914b51e1d89a0f97957b035ac4938723a5cac208135d389b6972a6d?s=96&d=mm&r=g","caption":"teste"},"url":"https:\/\/blogdofarnesio.com.br\/?author=3"}]}},"_links":{"self":[{"href":"https:\/\/blogdofarnesio.com.br\/index.php?rest_route=\/wp\/v2\/posts\/123365","targetHints":{"allow":["GET"]}}],"collection":[{"href":"https:\/\/blogdofarnesio.com.br\/index.php?rest_route=\/wp\/v2\/posts"}],"about":[{"href":"https:\/\/blogdofarnesio.com.br\/index.php?rest_route=\/wp\/v2\/types\/post"}],"author":[{"embeddable":true,"href":"https:\/\/blogdofarnesio.com.br\/index.php?rest_route=\/wp\/v2\/users\/3"}],"replies":[{"embeddable":true,"href":"https:\/\/blogdofarnesio.com.br\/index.php?rest_route=%2Fwp%2Fv2%2Fcomments&post=123365"}],"version-history":[{"count":0,"href":"https:\/\/blogdofarnesio.com.br\/index.php?rest_route=\/wp\/v2\/posts\/123365\/revisions"}],"wp:attachment":[{"href":"https:\/\/blogdofarnesio.com.br\/index.php?rest_route=%2Fwp%2Fv2%2Fmedia&parent=123365"}],"wp:term":[{"taxonomy":"category","embeddable":true,"href":"https:\/\/blogdofarnesio.com.br\/index.php?rest_route=%2Fwp%2Fv2%2Fcategories&post=123365"},{"taxonomy":"post_tag","embeddable":true,"href":"https:\/\/blogdofarnesio.com.br\/index.php?rest_route=%2Fwp%2Fv2%2Ftags&post=123365"}],"curies":[{"name":"wp","href":"https:\/\/api.w.org\/{rel}","templated":true}]}}