{"id":123318,"date":"2015-05-11T08:04:44","date_gmt":"2015-05-11T11:04:44","guid":{"rendered":"http:\/\/www.quersaberpolitica.com.br\/?p=123318"},"modified":"2015-05-08T15:57:11","modified_gmt":"2015-05-08T18:57:11","slug":"pode-ser-ela-pra-prefeita","status":"publish","type":"post","link":"https:\/\/blogdofarnesio.com.br\/?p=123318","title":{"rendered":"PODE SER ELA PRA PREFEITA !"},"content":{"rendered":"<figure id=\"attachment_26044\" aria-describedby=\"caption-attachment-26044\" style=\"width: 405px\" class=\"wp-caption aligncenter\"><a href=\"http:\/\/www.quersaberpolitica.com.br\/2016\/wp-content\/uploads\/2013\/02\/blogqspceliadaniel-Foto-Farn\u00e9sio-silva.jpg\"><img loading=\"lazy\" decoding=\"async\" class=\"wp-image-26044\" src=\"http:\/\/www.quersaberpolitica.com.br\/2016\/wp-content\/uploads\/2013\/02\/blogqspceliadaniel-Foto-Farn\u00e9sio-silva.jpg\" alt=\"blogqspceliadaniel Foto Farn\u00e9sio silva\" width=\"405\" height=\"308\" \/><\/a><figcaption id=\"caption-attachment-26044\" class=\"wp-caption-text\">Prof\u00aa C\u00e9lia Regina \u00a0 \u00a0 \u00a0 \u00a0 \u00a0 \u00a0 \u00a0 \u00a0 \u00a0 \u00a0 \u00a0 Cor Daniel \u00a0 Foto Farn\u00e9sio Silva<\/figcaption><\/figure>\n<p style=\"text-align: justify\">As mais diversas conversas em cada canto da cidade est\u00e3o sendo passadas atrav\u00e9s dos burburinhos. Esses dias ouvi tanta conversa \u00a0que fiquei pensando&#8230;esse povo sabe muito!<\/p>\n<p style=\"text-align: justify\">Como bem sabemos Petrolina \u00e9 politizada desde a sua inf\u00e2ncia, quando ainda, a Avenida Guararapes era cantada como o maior centro comercial da cidade, e isso faz muito tempo. Ainda a sorveteria Iglu era o ponto de encontro da juventude e dos bo\u00eamios da cidade.<\/p>\n<p style=\"text-align: justify\">Trazendo para os dias atuais, a cidade em nada \u00a0mudou quando o assunto \u00e9 politica.\u00a0Pois ent\u00e3o, como dantes estava contando, os burburinho para a sucess\u00e3o municipal j\u00e1 come\u00e7am a aparecer. As resenhas, as apostas \u00a0come\u00e7am a correr a partir do momento que um novo mandato come\u00e7a.<\/p>\n<p style=\"text-align: justify\">Quem vai ser o candidato ou a candidata do prefeito? Ser\u00e3o duas candidatas ? Dois candidatos? Um candidato e uma candidata? bom, o que sabemos \u00e9 que eles vir\u00e3o! e quais s\u00e3o os nomes? Tolentino, Cl\u00e9ber, Guilherme, Geraldo Junior, Ricardo Rocha, Marcelo Cavalcante, Daniel Campos?<\/p>\n<p style=\"text-align: justify\">O prefeito tem uma infinidade de nomes bons e que podem ser eleitos ou n\u00e3o pela popula\u00e7\u00e3o, no entanto o que vejo s\u00e3o poucos nomes femininos sendo ventilados na imprensa , e vou te falar ele ( o prefeito) tem um excelente nome que est\u00e1 sendo poupado para talvez, n\u00e3o se criar ranhuras em um nome que pode ser a futura prefeita do munic\u00edpio. Falo de C\u00e9lia Regina Carvalho, secret\u00e1ria de cidadania, que j\u00e1 esteve \u00e0 frente da pasta de educa\u00e7\u00e3o e por l\u00e1 deixou a marca de um excelente trabalho.<\/p>\n<p style=\"text-align: justify\">Ela \u00e9 de extrema confian\u00e7a do Prefeito, e revela isso com muita simplicidade. e engajada nas lutas pelos vulner\u00e1veis e mantem uma excelente aproxima\u00e7\u00e3o com o alto escal\u00e3o de Brasilia, que sempre referencia a secretaria de cidadania como uma das melhores pastas do governo Lossio.<\/p>\n<p style=\"text-align: justify\">Resolvi tamb\u00e9m entrar no p\u00e1reo das apostas e acho que C\u00e9lia Regina vem com toda for\u00e7a para ser a futura candidata a prefeita de Julio para as pr\u00f3ximas elei\u00e7\u00f5es.<\/p>\n<p style=\"text-align: justify\"><em>Eu sou Cauby Fernandes.<\/em><\/p>\n","protected":false},"excerpt":{"rendered":"<p>As mais diversas conversas em cada canto da cidade est\u00e3o sendo passadas atrav\u00e9s dos burburinhos. Esses dias ouvi tanta conversa \u00a0que fiquei pensando&#8230;esse povo sabe muito! Como bem sabemos Petrolina \u00e9 politizada desde a sua inf\u00e2ncia, quando ainda, a Avenida Guararapes era cantada como o maior centro comercial da cidade, e isso faz muito tempo. Ainda a sorveteria Iglu era o ponto de encontro da juventude e dos bo\u00eamios da cidade. Trazendo para os dias atuais, a cidade em nada \u00a0mudou quando o assunto \u00e9 politica.\u00a0Pois ent\u00e3o, como dantes estava contando, os burburinho para a sucess\u00e3o municipal j\u00e1 come\u00e7am a aparecer. As resenhas, as apostas \u00a0come\u00e7am a correr a partir do momento que um novo mandato come\u00e7a. Quem vai ser&hellip; <\/p>\n","protected":false},"author":7,"featured_media":0,"comment_status":"open","ping_status":"open","sticky":false,"template":"","format":"standard","meta":{"_acf_changed":false,"footnotes":""},"categories":[30],"tags":[],"class_list":["post-123318","post","type-post","status-publish","format-standard","hentry","category-artigo"],"acf":[],"yoast_head":"<!-- This site is optimized with the Yoast SEO plugin v27.4 - https:\/\/yoast.com\/product\/yoast-seo-wordpress\/ -->\n<title>PODE SER ELA PRA PREFEITA ! - Blog do Farn\u00e9sio<\/title>\n<meta name=\"robots\" content=\"index, follow, max-snippet:-1, max-image-preview:large, max-video-preview:-1\" \/>\n<link rel=\"canonical\" href=\"https:\/\/blogdofarnesio.com.br\/?p=123318\" \/>\n<meta property=\"og:locale\" content=\"pt_BR\" \/>\n<meta property=\"og:type\" content=\"article\" \/>\n<meta property=\"og:title\" content=\"PODE SER ELA PRA PREFEITA ! - Blog do Farn\u00e9sio\" \/>\n<meta property=\"og:description\" content=\"As mais diversas conversas em cada canto da cidade est\u00e3o sendo passadas atrav\u00e9s dos burburinhos. Esses dias ouvi tanta conversa \u00a0que fiquei pensando&#8230;esse povo sabe muito! Como bem sabemos Petrolina \u00e9 politizada desde a sua inf\u00e2ncia, quando ainda, a Avenida Guararapes era cantada como o maior centro comercial da cidade, e isso faz muito tempo. Ainda a sorveteria Iglu era o ponto de encontro da juventude e dos bo\u00eamios da cidade. Trazendo para os dias atuais, a cidade em nada \u00a0mudou quando o assunto \u00e9 politica.\u00a0Pois ent\u00e3o, como dantes estava contando, os burburinho para a sucess\u00e3o municipal j\u00e1 come\u00e7am a aparecer. As resenhas, as apostas \u00a0come\u00e7am a correr a partir do momento que um novo mandato come\u00e7a. Quem vai ser&hellip;\" \/>\n<meta property=\"og:url\" content=\"https:\/\/blogdofarnesio.com.br\/?p=123318\" \/>\n<meta property=\"og:site_name\" content=\"Blog do Farn\u00e9sio\" \/>\n<meta property=\"article:publisher\" content=\"https:\/\/www.facebook.com\/BlogQuerSaberPolitica\/\" \/>\n<meta property=\"article:published_time\" content=\"2015-05-11T11:04:44+00:00\" \/>\n<meta name=\"twitter:card\" content=\"summary_large_image\" \/>\n<meta name=\"twitter:label1\" content=\"Escrito por\" \/>\n\t<meta name=\"twitter:data1\" content=\"\" \/>\n\t<meta name=\"twitter:label2\" content=\"Est. tempo de leitura\" \/>\n\t<meta name=\"twitter:data2\" content=\"2 minutos\" \/>\n<script type=\"application\/ld+json\" class=\"yoast-schema-graph\">{\"@context\":\"https:\\\/\\\/schema.org\",\"@graph\":[{\"@type\":\"Article\",\"@id\":\"https:\\\/\\\/blogdofarnesio.com.br\\\/?p=123318#article\",\"isPartOf\":{\"@id\":\"https:\\\/\\\/blogdofarnesio.com.br\\\/?p=123318\"},\"author\":{\"name\":\"\",\"@id\":\"\"},\"headline\":\"PODE SER ELA PRA PREFEITA !\",\"datePublished\":\"2015-05-11T11:04:44+00:00\",\"mainEntityOfPage\":{\"@id\":\"https:\\\/\\\/blogdofarnesio.com.br\\\/?p=123318\"},\"wordCount\":378,\"commentCount\":0,\"publisher\":{\"@id\":\"https:\\\/\\\/blogdofarnesio.com.br\\\/#organization\"},\"articleSection\":[\"Artigo\"],\"inLanguage\":\"pt-BR\",\"potentialAction\":[{\"@type\":\"CommentAction\",\"name\":\"Comment\",\"target\":[\"https:\\\/\\\/blogdofarnesio.com.br\\\/?p=123318#respond\"]}]},{\"@type\":\"WebPage\",\"@id\":\"https:\\\/\\\/blogdofarnesio.com.br\\\/?p=123318\",\"url\":\"https:\\\/\\\/blogdofarnesio.com.br\\\/?p=123318\",\"name\":\"PODE SER ELA PRA PREFEITA ! - Blog do Farn\u00e9sio\",\"isPartOf\":{\"@id\":\"https:\\\/\\\/blogdofarnesio.com.br\\\/#website\"},\"datePublished\":\"2015-05-11T11:04:44+00:00\",\"breadcrumb\":{\"@id\":\"https:\\\/\\\/blogdofarnesio.com.br\\\/?p=123318#breadcrumb\"},\"inLanguage\":\"pt-BR\",\"potentialAction\":[{\"@type\":\"ReadAction\",\"target\":[\"https:\\\/\\\/blogdofarnesio.com.br\\\/?p=123318\"]}]},{\"@type\":\"BreadcrumbList\",\"@id\":\"https:\\\/\\\/blogdofarnesio.com.br\\\/?p=123318#breadcrumb\",\"itemListElement\":[{\"@type\":\"ListItem\",\"position\":1,\"name\":\"In\u00edcio\",\"item\":\"https:\\\/\\\/blogdofarnesio.com.br\\\/\"},{\"@type\":\"ListItem\",\"position\":2,\"name\":\"PODE SER ELA PRA PREFEITA !\"}]},{\"@type\":\"WebSite\",\"@id\":\"https:\\\/\\\/blogdofarnesio.com.br\\\/#website\",\"url\":\"https:\\\/\\\/blogdofarnesio.com.br\\\/\",\"name\":\"Blog do Farn\u00e9sio\",\"description\":\"Quer Saber Pol\u00edtica?\",\"publisher\":{\"@id\":\"https:\\\/\\\/blogdofarnesio.com.br\\\/#organization\"},\"potentialAction\":[{\"@type\":\"SearchAction\",\"target\":{\"@type\":\"EntryPoint\",\"urlTemplate\":\"https:\\\/\\\/blogdofarnesio.com.br\\\/?s={search_term_string}\"},\"query-input\":{\"@type\":\"PropertyValueSpecification\",\"valueRequired\":true,\"valueName\":\"search_term_string\"}}],\"inLanguage\":\"pt-BR\"},{\"@type\":\"Organization\",\"@id\":\"https:\\\/\\\/blogdofarnesio.com.br\\\/#organization\",\"name\":\"Blog do Farn\u00e9sio\",\"url\":\"https:\\\/\\\/blogdofarnesio.com.br\\\/\",\"logo\":{\"@type\":\"ImageObject\",\"inLanguage\":\"pt-BR\",\"@id\":\"https:\\\/\\\/blogdofarnesio.com.br\\\/#\\\/schema\\\/logo\\\/image\\\/\",\"url\":\"https:\\\/\\\/blogdofarnesio.com.br\\\/wp-content\\\/uploads\\\/2026\\\/03\\\/cropped-logo_new-1.png\",\"contentUrl\":\"https:\\\/\\\/blogdofarnesio.com.br\\\/wp-content\\\/uploads\\\/2026\\\/03\\\/cropped-logo_new-1.png\",\"width\":881,\"height\":685,\"caption\":\"Blog do Farn\u00e9sio\"},\"image\":{\"@id\":\"https:\\\/\\\/blogdofarnesio.com.br\\\/#\\\/schema\\\/logo\\\/image\\\/\"},\"sameAs\":[\"https:\\\/\\\/www.facebook.com\\\/BlogQuerSaberPolitica\\\/\"]},{\"@type\":\"Person\",\"@id\":\"\",\"url\":\"https:\\\/\\\/blogdofarnesio.com.br\\\/?author=7\"}]}<\/script>\n<!-- \/ Yoast SEO plugin. -->","yoast_head_json":{"title":"PODE SER ELA PRA PREFEITA ! - Blog do Farn\u00e9sio","robots":{"index":"index","follow":"follow","max-snippet":"max-snippet:-1","max-image-preview":"max-image-preview:large","max-video-preview":"max-video-preview:-1"},"canonical":"https:\/\/blogdofarnesio.com.br\/?p=123318","og_locale":"pt_BR","og_type":"article","og_title":"PODE SER ELA PRA PREFEITA ! - Blog do Farn\u00e9sio","og_description":"As mais diversas conversas em cada canto da cidade est\u00e3o sendo passadas atrav\u00e9s dos burburinhos. Esses dias ouvi tanta conversa \u00a0que fiquei pensando&#8230;esse povo sabe muito! Como bem sabemos Petrolina \u00e9 politizada desde a sua inf\u00e2ncia, quando ainda, a Avenida Guararapes era cantada como o maior centro comercial da cidade, e isso faz muito tempo. Ainda a sorveteria Iglu era o ponto de encontro da juventude e dos bo\u00eamios da cidade. Trazendo para os dias atuais, a cidade em nada \u00a0mudou quando o assunto \u00e9 politica.\u00a0Pois ent\u00e3o, como dantes estava contando, os burburinho para a sucess\u00e3o municipal j\u00e1 come\u00e7am a aparecer. As resenhas, as apostas \u00a0come\u00e7am a correr a partir do momento que um novo mandato come\u00e7a. Quem vai ser&hellip;","og_url":"https:\/\/blogdofarnesio.com.br\/?p=123318","og_site_name":"Blog do Farn\u00e9sio","article_publisher":"https:\/\/www.facebook.com\/BlogQuerSaberPolitica\/","article_published_time":"2015-05-11T11:04:44+00:00","twitter_card":"summary_large_image","twitter_misc":{"Escrito por":"","Est. tempo de leitura":"2 minutos"},"schema":{"@context":"https:\/\/schema.org","@graph":[{"@type":"Article","@id":"https:\/\/blogdofarnesio.com.br\/?p=123318#article","isPartOf":{"@id":"https:\/\/blogdofarnesio.com.br\/?p=123318"},"author":{"name":"","@id":""},"headline":"PODE SER ELA PRA PREFEITA !","datePublished":"2015-05-11T11:04:44+00:00","mainEntityOfPage":{"@id":"https:\/\/blogdofarnesio.com.br\/?p=123318"},"wordCount":378,"commentCount":0,"publisher":{"@id":"https:\/\/blogdofarnesio.com.br\/#organization"},"articleSection":["Artigo"],"inLanguage":"pt-BR","potentialAction":[{"@type":"CommentAction","name":"Comment","target":["https:\/\/blogdofarnesio.com.br\/?p=123318#respond"]}]},{"@type":"WebPage","@id":"https:\/\/blogdofarnesio.com.br\/?p=123318","url":"https:\/\/blogdofarnesio.com.br\/?p=123318","name":"PODE SER ELA PRA PREFEITA ! - Blog do Farn\u00e9sio","isPartOf":{"@id":"https:\/\/blogdofarnesio.com.br\/#website"},"datePublished":"2015-05-11T11:04:44+00:00","breadcrumb":{"@id":"https:\/\/blogdofarnesio.com.br\/?p=123318#breadcrumb"},"inLanguage":"pt-BR","potentialAction":[{"@type":"ReadAction","target":["https:\/\/blogdofarnesio.com.br\/?p=123318"]}]},{"@type":"BreadcrumbList","@id":"https:\/\/blogdofarnesio.com.br\/?p=123318#breadcrumb","itemListElement":[{"@type":"ListItem","position":1,"name":"In\u00edcio","item":"https:\/\/blogdofarnesio.com.br\/"},{"@type":"ListItem","position":2,"name":"PODE SER ELA PRA PREFEITA !"}]},{"@type":"WebSite","@id":"https:\/\/blogdofarnesio.com.br\/#website","url":"https:\/\/blogdofarnesio.com.br\/","name":"Blog do Farn\u00e9sio","description":"Quer Saber Pol\u00edtica?","publisher":{"@id":"https:\/\/blogdofarnesio.com.br\/#organization"},"potentialAction":[{"@type":"SearchAction","target":{"@type":"EntryPoint","urlTemplate":"https:\/\/blogdofarnesio.com.br\/?s={search_term_string}"},"query-input":{"@type":"PropertyValueSpecification","valueRequired":true,"valueName":"search_term_string"}}],"inLanguage":"pt-BR"},{"@type":"Organization","@id":"https:\/\/blogdofarnesio.com.br\/#organization","name":"Blog do Farn\u00e9sio","url":"https:\/\/blogdofarnesio.com.br\/","logo":{"@type":"ImageObject","inLanguage":"pt-BR","@id":"https:\/\/blogdofarnesio.com.br\/#\/schema\/logo\/image\/","url":"https:\/\/blogdofarnesio.com.br\/wp-content\/uploads\/2026\/03\/cropped-logo_new-1.png","contentUrl":"https:\/\/blogdofarnesio.com.br\/wp-content\/uploads\/2026\/03\/cropped-logo_new-1.png","width":881,"height":685,"caption":"Blog do Farn\u00e9sio"},"image":{"@id":"https:\/\/blogdofarnesio.com.br\/#\/schema\/logo\/image\/"},"sameAs":["https:\/\/www.facebook.com\/BlogQuerSaberPolitica\/"]},{"@type":"Person","@id":"","url":"https:\/\/blogdofarnesio.com.br\/?author=7"}]}},"_links":{"self":[{"href":"https:\/\/blogdofarnesio.com.br\/index.php?rest_route=\/wp\/v2\/posts\/123318","targetHints":{"allow":["GET"]}}],"collection":[{"href":"https:\/\/blogdofarnesio.com.br\/index.php?rest_route=\/wp\/v2\/posts"}],"about":[{"href":"https:\/\/blogdofarnesio.com.br\/index.php?rest_route=\/wp\/v2\/types\/post"}],"author":[{"embeddable":true,"href":"https:\/\/blogdofarnesio.com.br\/index.php?rest_route=\/wp\/v2\/users\/7"}],"replies":[{"embeddable":true,"href":"https:\/\/blogdofarnesio.com.br\/index.php?rest_route=%2Fwp%2Fv2%2Fcomments&post=123318"}],"version-history":[{"count":0,"href":"https:\/\/blogdofarnesio.com.br\/index.php?rest_route=\/wp\/v2\/posts\/123318\/revisions"}],"wp:attachment":[{"href":"https:\/\/blogdofarnesio.com.br\/index.php?rest_route=%2Fwp%2Fv2%2Fmedia&parent=123318"}],"wp:term":[{"taxonomy":"category","embeddable":true,"href":"https:\/\/blogdofarnesio.com.br\/index.php?rest_route=%2Fwp%2Fv2%2Fcategories&post=123318"},{"taxonomy":"post_tag","embeddable":true,"href":"https:\/\/blogdofarnesio.com.br\/index.php?rest_route=%2Fwp%2Fv2%2Ftags&post=123318"}],"curies":[{"name":"wp","href":"https:\/\/api.w.org\/{rel}","templated":true}]}}