{"id":123244,"date":"2024-05-12T10:30:07","date_gmt":"2024-05-12T13:30:07","guid":{"rendered":"http:\/\/www.quersaberpolitica.com.br\/?p=123244"},"modified":"2024-05-12T08:14:56","modified_gmt":"2024-05-12T11:14:56","slug":"reflexao-sobre-o-dia-das-maes","status":"publish","type":"post","link":"https:\/\/blogdofarnesio.com.br\/?p=123244","title":{"rendered":"REFLEX\u00c3O SOBRE O DIA DAS M\u00c3ES"},"content":{"rendered":"<p style=\"text-align: justify;\"><em>*ENOOC EVANGELISTA<\/em><\/p>\n<p style=\"text-align: justify;\">No segundo domingo de Maio comemoramos o dia das m\u00e3es, dia que deve ser lembrado e vivenciado por todos que tem a sua m\u00e3e. A m\u00e3e \u00e9 maior Professora de seus filhos, \u00e9 com ela que as crian\u00e7as ainda no ventre, recebem as primeiras instru\u00e7\u00f5es.<\/p>\n<p style=\"text-align: justify;\">Todos os dias \u00e9 dia de comemorar aquela que nos trouxe ao mundo, que nos ensina as coisas da vida, que nos protege nos momentos dif\u00edceis, que nos entendem quando n\u00f3s erramos.<\/p>\n<p style=\"text-align: justify;\">Sou do tempo em que ao acordar, ao anoitecer, chegar ou voltar de viagem, pedir a ben\u00e7\u00e3o ao meu pai e a minha m\u00e3e, de chamar meu pai de Senhor e Minha m\u00e3e de Senhora, mas para muitas pessoas, esse respeito n\u00e3o existe mais, muitas m\u00e3es s\u00e3o tratadas como se fossem irm\u00e3os ou empregados de seus filhos, n\u00e3o existe em muitos casos o respeito a sua m\u00e3e.<\/p>\n<p style=\"text-align: justify;\">Na sociedade em que vivemos \u00e9 muito comum ouvir situa\u00e7\u00e3o do tipo: ESTOU DE MAU DE MINHA M\u00c3E, AQUELA VELHA NUM VALE NADA, CALE A BOCA MINHA M\u00c3E E ETC,\u00a0 lament\u00e1vel tal comportamento, infelizmente muitos s\u00f3 d\u00e3o valor quando perdem (MORRE).<\/p>\n<p style=\"text-align: justify;\">Nesse dia das m\u00e3es seria bom que cada um analisasse a forma que sua m\u00e3e est\u00e1 sendo tratada por voc\u00ea, fa\u00e7a um teste e procure dar mais valor a pessoa que Deus usou para lhe trazer ao mundo.<\/p>\n<p style=\"text-align: justify;\">Obs.: Isso \u00e9 apenas o meu ponto de vista.<\/p>\n<p><em>*PROFESSOR: ENOOC EVANGELISTA.<\/em><\/p>\n","protected":false},"excerpt":{"rendered":"<p>*ENOOC EVANGELISTA No segundo domingo de Maio comemoramos o dia das m\u00e3es, dia que deve ser lembrado e vivenciado por todos que tem a sua m\u00e3e. A m\u00e3e \u00e9 maior Professora de seus filhos, \u00e9 com ela que as crian\u00e7as ainda no ventre, recebem as primeiras instru\u00e7\u00f5es. Todos os dias \u00e9 dia de comemorar aquela que nos trouxe ao mundo, que nos ensina as coisas da vida, que nos protege nos momentos dif\u00edceis, que nos entendem quando n\u00f3s erramos. Sou do tempo em que ao acordar, ao anoitecer, chegar ou voltar de viagem, pedir a ben\u00e7\u00e3o ao meu pai e a minha m\u00e3e, de chamar meu pai de Senhor e Minha m\u00e3e de Senhora, mas para muitas pessoas, esse respeito&hellip; <\/p>\n","protected":false},"author":2,"featured_media":197415,"comment_status":"open","ping_status":"open","sticky":false,"template":"","format":"standard","meta":{"_acf_changed":false,"footnotes":""},"categories":[30],"tags":[],"class_list":["post-123244","post","type-post","status-publish","format-standard","has-post-thumbnail","hentry","category-artigo"],"acf":[],"yoast_head":"<!-- This site is optimized with the Yoast SEO plugin v27.4 - https:\/\/yoast.com\/product\/yoast-seo-wordpress\/ -->\n<title>REFLEX\u00c3O SOBRE O DIA DAS M\u00c3ES - Blog do Farn\u00e9sio<\/title>\n<meta name=\"robots\" content=\"index, follow, max-snippet:-1, max-image-preview:large, max-video-preview:-1\" \/>\n<link rel=\"canonical\" href=\"https:\/\/blogdofarnesio.com.br\/?p=123244\" \/>\n<meta property=\"og:locale\" content=\"pt_BR\" \/>\n<meta property=\"og:type\" content=\"article\" \/>\n<meta property=\"og:title\" content=\"REFLEX\u00c3O SOBRE O DIA DAS M\u00c3ES - Blog do Farn\u00e9sio\" \/>\n<meta property=\"og:description\" content=\"*ENOOC EVANGELISTA No segundo domingo de Maio comemoramos o dia das m\u00e3es, dia que deve ser lembrado e vivenciado por todos que tem a sua m\u00e3e. A m\u00e3e \u00e9 maior Professora de seus filhos, \u00e9 com ela que as crian\u00e7as ainda no ventre, recebem as primeiras instru\u00e7\u00f5es. Todos os dias \u00e9 dia de comemorar aquela que nos trouxe ao mundo, que nos ensina as coisas da vida, que nos protege nos momentos dif\u00edceis, que nos entendem quando n\u00f3s erramos. Sou do tempo em que ao acordar, ao anoitecer, chegar ou voltar de viagem, pedir a ben\u00e7\u00e3o ao meu pai e a minha m\u00e3e, de chamar meu pai de Senhor e Minha m\u00e3e de Senhora, mas para muitas pessoas, esse respeito&hellip;\" \/>\n<meta property=\"og:url\" content=\"https:\/\/blogdofarnesio.com.br\/?p=123244\" \/>\n<meta property=\"og:site_name\" content=\"Blog do Farn\u00e9sio\" \/>\n<meta property=\"article:publisher\" content=\"https:\/\/www.facebook.com\/BlogQuerSaberPolitica\/\" \/>\n<meta property=\"article:author\" content=\"https:\/\/www.facebook.com\/?ref=tn_tnmn\" \/>\n<meta property=\"article:published_time\" content=\"2024-05-12T13:30:07+00:00\" \/>\n<meta property=\"og:image\" content=\"https:\/\/blogdofarnesio.com.br\/wp-content\/uploads\/2018\/05\/blogqsp-felizdiadasmaes-e1746964142735.jpg\" \/>\n\t<meta property=\"og:image:width\" content=\"596\" \/>\n\t<meta property=\"og:image:height\" content=\"403\" \/>\n\t<meta property=\"og:image:type\" content=\"image\/jpeg\" \/>\n<meta name=\"author\" content=\"Farn\u00e9sio\" \/>\n<meta name=\"twitter:card\" content=\"summary_large_image\" \/>\n<meta name=\"twitter:label1\" content=\"Escrito por\" \/>\n\t<meta name=\"twitter:data1\" content=\"Farn\u00e9sio\" \/>\n\t<meta name=\"twitter:label2\" content=\"Est. tempo de leitura\" \/>\n\t<meta name=\"twitter:data2\" content=\"2 minutos\" \/>\n<script type=\"application\/ld+json\" class=\"yoast-schema-graph\">{\"@context\":\"https:\\\/\\\/schema.org\",\"@graph\":[{\"@type\":\"Article\",\"@id\":\"https:\\\/\\\/blogdofarnesio.com.br\\\/?p=123244#article\",\"isPartOf\":{\"@id\":\"https:\\\/\\\/blogdofarnesio.com.br\\\/?p=123244\"},\"author\":{\"name\":\"Farn\u00e9sio\",\"@id\":\"https:\\\/\\\/blogdofarnesio.com.br\\\/#\\\/schema\\\/person\\\/bb9b23ae3ad0609ce8df7b6c9e76824d\"},\"headline\":\"REFLEX\u00c3O SOBRE O DIA DAS M\u00c3ES\",\"datePublished\":\"2024-05-12T13:30:07+00:00\",\"mainEntityOfPage\":{\"@id\":\"https:\\\/\\\/blogdofarnesio.com.br\\\/?p=123244\"},\"wordCount\":264,\"commentCount\":0,\"publisher\":{\"@id\":\"https:\\\/\\\/blogdofarnesio.com.br\\\/#organization\"},\"image\":{\"@id\":\"https:\\\/\\\/blogdofarnesio.com.br\\\/?p=123244#primaryimage\"},\"thumbnailUrl\":\"https:\\\/\\\/blogdofarnesio.com.br\\\/wp-content\\\/uploads\\\/2018\\\/05\\\/blogqsp-felizdiadasmaes-e1746964142735.jpg\",\"articleSection\":[\"Artigo\"],\"inLanguage\":\"pt-BR\",\"potentialAction\":[{\"@type\":\"CommentAction\",\"name\":\"Comment\",\"target\":[\"https:\\\/\\\/blogdofarnesio.com.br\\\/?p=123244#respond\"]}]},{\"@type\":\"WebPage\",\"@id\":\"https:\\\/\\\/blogdofarnesio.com.br\\\/?p=123244\",\"url\":\"https:\\\/\\\/blogdofarnesio.com.br\\\/?p=123244\",\"name\":\"REFLEX\u00c3O SOBRE O DIA DAS M\u00c3ES - Blog do Farn\u00e9sio\",\"isPartOf\":{\"@id\":\"https:\\\/\\\/blogdofarnesio.com.br\\\/#website\"},\"primaryImageOfPage\":{\"@id\":\"https:\\\/\\\/blogdofarnesio.com.br\\\/?p=123244#primaryimage\"},\"image\":{\"@id\":\"https:\\\/\\\/blogdofarnesio.com.br\\\/?p=123244#primaryimage\"},\"thumbnailUrl\":\"https:\\\/\\\/blogdofarnesio.com.br\\\/wp-content\\\/uploads\\\/2018\\\/05\\\/blogqsp-felizdiadasmaes-e1746964142735.jpg\",\"datePublished\":\"2024-05-12T13:30:07+00:00\",\"breadcrumb\":{\"@id\":\"https:\\\/\\\/blogdofarnesio.com.br\\\/?p=123244#breadcrumb\"},\"inLanguage\":\"pt-BR\",\"potentialAction\":[{\"@type\":\"ReadAction\",\"target\":[\"https:\\\/\\\/blogdofarnesio.com.br\\\/?p=123244\"]}]},{\"@type\":\"ImageObject\",\"inLanguage\":\"pt-BR\",\"@id\":\"https:\\\/\\\/blogdofarnesio.com.br\\\/?p=123244#primaryimage\",\"url\":\"https:\\\/\\\/blogdofarnesio.com.br\\\/wp-content\\\/uploads\\\/2018\\\/05\\\/blogqsp-felizdiadasmaes-e1746964142735.jpg\",\"contentUrl\":\"https:\\\/\\\/blogdofarnesio.com.br\\\/wp-content\\\/uploads\\\/2018\\\/05\\\/blogqsp-felizdiadasmaes-e1746964142735.jpg\",\"width\":596,\"height\":403},{\"@type\":\"BreadcrumbList\",\"@id\":\"https:\\\/\\\/blogdofarnesio.com.br\\\/?p=123244#breadcrumb\",\"itemListElement\":[{\"@type\":\"ListItem\",\"position\":1,\"name\":\"In\u00edcio\",\"item\":\"https:\\\/\\\/blogdofarnesio.com.br\\\/\"},{\"@type\":\"ListItem\",\"position\":2,\"name\":\"REFLEX\u00c3O SOBRE O DIA DAS M\u00c3ES\"}]},{\"@type\":\"WebSite\",\"@id\":\"https:\\\/\\\/blogdofarnesio.com.br\\\/#website\",\"url\":\"https:\\\/\\\/blogdofarnesio.com.br\\\/\",\"name\":\"Blog do Farn\u00e9sio\",\"description\":\"Quer Saber Pol\u00edtica?\",\"publisher\":{\"@id\":\"https:\\\/\\\/blogdofarnesio.com.br\\\/#organization\"},\"potentialAction\":[{\"@type\":\"SearchAction\",\"target\":{\"@type\":\"EntryPoint\",\"urlTemplate\":\"https:\\\/\\\/blogdofarnesio.com.br\\\/?s={search_term_string}\"},\"query-input\":{\"@type\":\"PropertyValueSpecification\",\"valueRequired\":true,\"valueName\":\"search_term_string\"}}],\"inLanguage\":\"pt-BR\"},{\"@type\":\"Organization\",\"@id\":\"https:\\\/\\\/blogdofarnesio.com.br\\\/#organization\",\"name\":\"Blog do Farn\u00e9sio\",\"url\":\"https:\\\/\\\/blogdofarnesio.com.br\\\/\",\"logo\":{\"@type\":\"ImageObject\",\"inLanguage\":\"pt-BR\",\"@id\":\"https:\\\/\\\/blogdofarnesio.com.br\\\/#\\\/schema\\\/logo\\\/image\\\/\",\"url\":\"https:\\\/\\\/blogdofarnesio.com.br\\\/wp-content\\\/uploads\\\/2026\\\/03\\\/cropped-logo_new-1.png\",\"contentUrl\":\"https:\\\/\\\/blogdofarnesio.com.br\\\/wp-content\\\/uploads\\\/2026\\\/03\\\/cropped-logo_new-1.png\",\"width\":881,\"height\":685,\"caption\":\"Blog do Farn\u00e9sio\"},\"image\":{\"@id\":\"https:\\\/\\\/blogdofarnesio.com.br\\\/#\\\/schema\\\/logo\\\/image\\\/\"},\"sameAs\":[\"https:\\\/\\\/www.facebook.com\\\/BlogQuerSaberPolitica\\\/\"]},{\"@type\":\"Person\",\"@id\":\"https:\\\/\\\/blogdofarnesio.com.br\\\/#\\\/schema\\\/person\\\/bb9b23ae3ad0609ce8df7b6c9e76824d\",\"name\":\"Farn\u00e9sio\",\"image\":{\"@type\":\"ImageObject\",\"inLanguage\":\"pt-BR\",\"@id\":\"https:\\\/\\\/secure.gravatar.com\\\/avatar\\\/986aa4c61ccdb66f8555bf88fc2a65609d00bcabd4d2d94377a727547345cbca?s=96&d=mm&r=g\",\"url\":\"https:\\\/\\\/secure.gravatar.com\\\/avatar\\\/986aa4c61ccdb66f8555bf88fc2a65609d00bcabd4d2d94377a727547345cbca?s=96&d=mm&r=g\",\"contentUrl\":\"https:\\\/\\\/secure.gravatar.com\\\/avatar\\\/986aa4c61ccdb66f8555bf88fc2a65609d00bcabd4d2d94377a727547345cbca?s=96&d=mm&r=g\",\"caption\":\"Farn\u00e9sio\"},\"description\":\"Radialista blogueiro, chegou a Petrolina\\\/Juazeiro em setembro de 1980, Farn\u00e9sio Silva \u00e9 de Arapiraca-Alagoas.\",\"sameAs\":[\"http:\\\/\\\/blogdofarnesio.com.br\",\"https:\\\/\\\/www.facebook.com\\\/?ref=tn_tnmn\",\"https:\\\/\\\/www.instagram.com\\\/?utm_source=pwa_homescreen\",\"https:\\\/\\\/youtube.com.br\\\/\"],\"url\":\"https:\\\/\\\/blogdofarnesio.com.br\\\/?author=2\"}]}<\/script>\n<!-- \/ Yoast SEO plugin. -->","yoast_head_json":{"title":"REFLEX\u00c3O SOBRE O DIA DAS M\u00c3ES - Blog do Farn\u00e9sio","robots":{"index":"index","follow":"follow","max-snippet":"max-snippet:-1","max-image-preview":"max-image-preview:large","max-video-preview":"max-video-preview:-1"},"canonical":"https:\/\/blogdofarnesio.com.br\/?p=123244","og_locale":"pt_BR","og_type":"article","og_title":"REFLEX\u00c3O SOBRE O DIA DAS M\u00c3ES - Blog do Farn\u00e9sio","og_description":"*ENOOC EVANGELISTA No segundo domingo de Maio comemoramos o dia das m\u00e3es, dia que deve ser lembrado e vivenciado por todos que tem a sua m\u00e3e. A m\u00e3e \u00e9 maior Professora de seus filhos, \u00e9 com ela que as crian\u00e7as ainda no ventre, recebem as primeiras instru\u00e7\u00f5es. Todos os dias \u00e9 dia de comemorar aquela que nos trouxe ao mundo, que nos ensina as coisas da vida, que nos protege nos momentos dif\u00edceis, que nos entendem quando n\u00f3s erramos. Sou do tempo em que ao acordar, ao anoitecer, chegar ou voltar de viagem, pedir a ben\u00e7\u00e3o ao meu pai e a minha m\u00e3e, de chamar meu pai de Senhor e Minha m\u00e3e de Senhora, mas para muitas pessoas, esse respeito&hellip;","og_url":"https:\/\/blogdofarnesio.com.br\/?p=123244","og_site_name":"Blog do Farn\u00e9sio","article_publisher":"https:\/\/www.facebook.com\/BlogQuerSaberPolitica\/","article_author":"https:\/\/www.facebook.com\/?ref=tn_tnmn","article_published_time":"2024-05-12T13:30:07+00:00","og_image":[{"width":596,"height":403,"url":"https:\/\/blogdofarnesio.com.br\/wp-content\/uploads\/2018\/05\/blogqsp-felizdiadasmaes-e1746964142735.jpg","type":"image\/jpeg"}],"author":"Farn\u00e9sio","twitter_card":"summary_large_image","twitter_misc":{"Escrito por":"Farn\u00e9sio","Est. tempo de leitura":"2 minutos"},"schema":{"@context":"https:\/\/schema.org","@graph":[{"@type":"Article","@id":"https:\/\/blogdofarnesio.com.br\/?p=123244#article","isPartOf":{"@id":"https:\/\/blogdofarnesio.com.br\/?p=123244"},"author":{"name":"Farn\u00e9sio","@id":"https:\/\/blogdofarnesio.com.br\/#\/schema\/person\/bb9b23ae3ad0609ce8df7b6c9e76824d"},"headline":"REFLEX\u00c3O SOBRE O DIA DAS M\u00c3ES","datePublished":"2024-05-12T13:30:07+00:00","mainEntityOfPage":{"@id":"https:\/\/blogdofarnesio.com.br\/?p=123244"},"wordCount":264,"commentCount":0,"publisher":{"@id":"https:\/\/blogdofarnesio.com.br\/#organization"},"image":{"@id":"https:\/\/blogdofarnesio.com.br\/?p=123244#primaryimage"},"thumbnailUrl":"https:\/\/blogdofarnesio.com.br\/wp-content\/uploads\/2018\/05\/blogqsp-felizdiadasmaes-e1746964142735.jpg","articleSection":["Artigo"],"inLanguage":"pt-BR","potentialAction":[{"@type":"CommentAction","name":"Comment","target":["https:\/\/blogdofarnesio.com.br\/?p=123244#respond"]}]},{"@type":"WebPage","@id":"https:\/\/blogdofarnesio.com.br\/?p=123244","url":"https:\/\/blogdofarnesio.com.br\/?p=123244","name":"REFLEX\u00c3O SOBRE O DIA DAS M\u00c3ES - Blog do Farn\u00e9sio","isPartOf":{"@id":"https:\/\/blogdofarnesio.com.br\/#website"},"primaryImageOfPage":{"@id":"https:\/\/blogdofarnesio.com.br\/?p=123244#primaryimage"},"image":{"@id":"https:\/\/blogdofarnesio.com.br\/?p=123244#primaryimage"},"thumbnailUrl":"https:\/\/blogdofarnesio.com.br\/wp-content\/uploads\/2018\/05\/blogqsp-felizdiadasmaes-e1746964142735.jpg","datePublished":"2024-05-12T13:30:07+00:00","breadcrumb":{"@id":"https:\/\/blogdofarnesio.com.br\/?p=123244#breadcrumb"},"inLanguage":"pt-BR","potentialAction":[{"@type":"ReadAction","target":["https:\/\/blogdofarnesio.com.br\/?p=123244"]}]},{"@type":"ImageObject","inLanguage":"pt-BR","@id":"https:\/\/blogdofarnesio.com.br\/?p=123244#primaryimage","url":"https:\/\/blogdofarnesio.com.br\/wp-content\/uploads\/2018\/05\/blogqsp-felizdiadasmaes-e1746964142735.jpg","contentUrl":"https:\/\/blogdofarnesio.com.br\/wp-content\/uploads\/2018\/05\/blogqsp-felizdiadasmaes-e1746964142735.jpg","width":596,"height":403},{"@type":"BreadcrumbList","@id":"https:\/\/blogdofarnesio.com.br\/?p=123244#breadcrumb","itemListElement":[{"@type":"ListItem","position":1,"name":"In\u00edcio","item":"https:\/\/blogdofarnesio.com.br\/"},{"@type":"ListItem","position":2,"name":"REFLEX\u00c3O SOBRE O DIA DAS M\u00c3ES"}]},{"@type":"WebSite","@id":"https:\/\/blogdofarnesio.com.br\/#website","url":"https:\/\/blogdofarnesio.com.br\/","name":"Blog do Farn\u00e9sio","description":"Quer Saber Pol\u00edtica?","publisher":{"@id":"https:\/\/blogdofarnesio.com.br\/#organization"},"potentialAction":[{"@type":"SearchAction","target":{"@type":"EntryPoint","urlTemplate":"https:\/\/blogdofarnesio.com.br\/?s={search_term_string}"},"query-input":{"@type":"PropertyValueSpecification","valueRequired":true,"valueName":"search_term_string"}}],"inLanguage":"pt-BR"},{"@type":"Organization","@id":"https:\/\/blogdofarnesio.com.br\/#organization","name":"Blog do Farn\u00e9sio","url":"https:\/\/blogdofarnesio.com.br\/","logo":{"@type":"ImageObject","inLanguage":"pt-BR","@id":"https:\/\/blogdofarnesio.com.br\/#\/schema\/logo\/image\/","url":"https:\/\/blogdofarnesio.com.br\/wp-content\/uploads\/2026\/03\/cropped-logo_new-1.png","contentUrl":"https:\/\/blogdofarnesio.com.br\/wp-content\/uploads\/2026\/03\/cropped-logo_new-1.png","width":881,"height":685,"caption":"Blog do Farn\u00e9sio"},"image":{"@id":"https:\/\/blogdofarnesio.com.br\/#\/schema\/logo\/image\/"},"sameAs":["https:\/\/www.facebook.com\/BlogQuerSaberPolitica\/"]},{"@type":"Person","@id":"https:\/\/blogdofarnesio.com.br\/#\/schema\/person\/bb9b23ae3ad0609ce8df7b6c9e76824d","name":"Farn\u00e9sio","image":{"@type":"ImageObject","inLanguage":"pt-BR","@id":"https:\/\/secure.gravatar.com\/avatar\/986aa4c61ccdb66f8555bf88fc2a65609d00bcabd4d2d94377a727547345cbca?s=96&d=mm&r=g","url":"https:\/\/secure.gravatar.com\/avatar\/986aa4c61ccdb66f8555bf88fc2a65609d00bcabd4d2d94377a727547345cbca?s=96&d=mm&r=g","contentUrl":"https:\/\/secure.gravatar.com\/avatar\/986aa4c61ccdb66f8555bf88fc2a65609d00bcabd4d2d94377a727547345cbca?s=96&d=mm&r=g","caption":"Farn\u00e9sio"},"description":"Radialista blogueiro, chegou a Petrolina\/Juazeiro em setembro de 1980, Farn\u00e9sio Silva \u00e9 de Arapiraca-Alagoas.","sameAs":["http:\/\/blogdofarnesio.com.br","https:\/\/www.facebook.com\/?ref=tn_tnmn","https:\/\/www.instagram.com\/?utm_source=pwa_homescreen","https:\/\/youtube.com.br\/"],"url":"https:\/\/blogdofarnesio.com.br\/?author=2"}]}},"_links":{"self":[{"href":"https:\/\/blogdofarnesio.com.br\/index.php?rest_route=\/wp\/v2\/posts\/123244","targetHints":{"allow":["GET"]}}],"collection":[{"href":"https:\/\/blogdofarnesio.com.br\/index.php?rest_route=\/wp\/v2\/posts"}],"about":[{"href":"https:\/\/blogdofarnesio.com.br\/index.php?rest_route=\/wp\/v2\/types\/post"}],"author":[{"embeddable":true,"href":"https:\/\/blogdofarnesio.com.br\/index.php?rest_route=\/wp\/v2\/users\/2"}],"replies":[{"embeddable":true,"href":"https:\/\/blogdofarnesio.com.br\/index.php?rest_route=%2Fwp%2Fv2%2Fcomments&post=123244"}],"version-history":[{"count":0,"href":"https:\/\/blogdofarnesio.com.br\/index.php?rest_route=\/wp\/v2\/posts\/123244\/revisions"}],"wp:featuredmedia":[{"embeddable":true,"href":"https:\/\/blogdofarnesio.com.br\/index.php?rest_route=\/wp\/v2\/media\/197415"}],"wp:attachment":[{"href":"https:\/\/blogdofarnesio.com.br\/index.php?rest_route=%2Fwp%2Fv2%2Fmedia&parent=123244"}],"wp:term":[{"taxonomy":"category","embeddable":true,"href":"https:\/\/blogdofarnesio.com.br\/index.php?rest_route=%2Fwp%2Fv2%2Fcategories&post=123244"},{"taxonomy":"post_tag","embeddable":true,"href":"https:\/\/blogdofarnesio.com.br\/index.php?rest_route=%2Fwp%2Fv2%2Ftags&post=123244"}],"curies":[{"name":"wp","href":"https:\/\/api.w.org\/{rel}","templated":true}]}}