{"id":12318,"date":"2012-03-23T14:22:07","date_gmt":"2012-03-23T14:22:07","guid":{"rendered":"http:\/\/www.quersaberpolitica.com.br?p=12318"},"modified":"-0001-11-30T00:00:00","modified_gmt":"-0001-11-30T03:00:00","slug":"para-pedro-filho-oposicao-so-faz-festa-ao-conhecer-resultados-negativos","status":"publish","type":"post","link":"https:\/\/blogdofarnesio.com.br\/2012\/03\/para-pedro-filho-oposicao-so-faz-festa-ao-conhecer-resultados-negativos\/","title":{"rendered":"Para Pedro Filho oposi\u00e7\u00e3o s\u00f3  \u201cfaz festa\u201d ao conhecer resultados negativos"},"content":{"rendered":"<p style=\"text-align: justify;\"><span style=\"font-size: small;\"><a rel=\"lightbox\" href=\"http:\/\/www.quersaberpolitica.com.br\/2016\/wp-content\/uploads\/2012\/12\/blogqspverpedrofilhojua3.jpg\"><img loading=\"lazy\" decoding=\"async\" style=\"margin-top: 5px; margin-bottom: 5px; margin-left: 10px; margin-right: 10px; float: left;\" title=\"Imagem Divulga&ccedil;&atilde;o\" src=\"http:\/\/www.quersaberpolitica.com.br\/2016\/wp-content\/uploads\/2012\/12\/blogqspverpedrofilhojua3.jpg\" alt=\"\" width=\"200\" height=\"133\" \/><\/a>Irritado com os vereadores de oposi&ccedil;&atilde;o, que segundo ele, &#8220;colocaram palavras em minha boca&#8221;, o vereador Pedro Filho, da tribuna da C&acirc;mara de Juazeiro, na tarde desta quarta feira (21), voltou a falar sobre os resultados apontados pelo IDSUS, que coloca Juazeiro como a primeira cidade do interior da Bahia em qualidade de sa&uacute;de p&uacute;blica e a 4&ordf; do Nordeste:<\/span><\/p>\n<p style=\"text-align: justify;\"><span style=\"font-size: small;\">&#8220;Vereador Alex Tanuri entre  sua opini&atilde;o e a do Ministro o senhor acha que fico com qual?&#8221; &#8211; indagou Pedro Filho &#8211; &#8220;Nunca disse aqui que a sa&uacute;de p&uacute;blica em Juazeiro era excelente. N&atilde;o coloquem palavras em minha boca. Isso n&atilde;o vou admitir. Sempre disse que precisava melhorar e muito, mas j&aacute; est&aacute; entre as melhores da Bahia e do Nordeste. E essa n&atilde;o &eacute; minha opini&atilde;o, mas a opini&atilde;o do ministro depois de an&aacute;lises e compara&ccedil;&otilde;es&#8221;.<\/span><\/p>\n<p style=\"text-align: justify;\"><span style=\"font-size: small;\">&#8220;Se os dados fossem ao contr&aacute;rio a oposi&ccedil;&atilde;o estaria fazendo a maior festa&#8221; &#8211; desabafou, deixando impl&iacute;cito que,  para os vereadores de oposi&ccedil;&atilde;o,  pouco importa a sa&uacute;de da popula&ccedil;&atilde;o e sim ganhos partid&aacute;rios e eleitorais  &#8211; &#8220;O que sabemos &eacute; que a sa&uacute;de precisa melhorar e muito, mas temos o melhor sistema de sa&uacute;de do mundo, o SUS que s&oacute; funciona a contento com o trabalho de todos&#8221;.<\/span><\/p>\n<p style=\"text-align: justify;\"><span style=\"font-size: small;\">&#8220;Entendo a preocupa&ccedil;&atilde;o e as cr&iacute;ticas, falar sobre sa&uacute;de &eacute; falar sobre a vida das pessoas&#8221; e emendou: &#8220;Respeito e defendo o direito de criticar, como quero que respeitem o meu direito de elogiar. At&eacute; porque criticar &eacute; f&aacute;cil, ir visitar postos de sa&uacute;de &eacute; f&aacute;cil&#8221; &#8211; referindo-se &agrave; visita sugerida pelo vereador Alex Tanuri &#8211;  &#8220;O dif&iacute;cil &eacute; admitir que a Maternidade Municipal fez seis mil partos, que a Policl&iacute;nica funciona a contento, que o Hospital da Crian&ccedil;a funciona e atende bem, que temos o Hospital Regional uma refer&ecirc;ncia em todo o S&atilde;o Francisco, que n&atilde;o h&aacute; doentes morrendo nos corredores de hospitais&#8221;.<br \/>Lembrando que deixa o mandato no dia 07 de abril, o vereador disse: &#8220;N&atilde;o posso dizer que saio daqui com a sensa&ccedil;&atilde;o do dever cumprido, mas saio com a certeza que fiz o que pude&#8221;.<\/p>\n<p>(Ascom CMJ)<\/span><\/p>\n","protected":false},"excerpt":{"rendered":"<p>Irritado com os vereadores de oposi&ccedil;&atilde;o, que segundo ele, &#8220;colocaram palavras em minha boca&#8221;, o vereador Pedro Filho, da tribuna da C&acirc;mara de Juazeiro, na tarde desta quarta feira (21), voltou a falar sobre os resultados apontados pelo IDSUS, que coloca Juazeiro como a primeira cidade do interior da Bahia em qualidade de sa&uacute;de p&uacute;blica e a 4&ordf; do Nordeste: &#8220;Vereador Alex Tanuri entre sua opini&atilde;o e a do Ministro o senhor acha que fico com qual?&#8221; &#8211; indagou Pedro Filho &#8211; &#8220;Nunca disse aqui que a sa&uacute;de p&uacute;blica em Juazeiro era excelente. N&atilde;o coloquem palavras em minha boca. Isso n&atilde;o vou admitir. Sempre disse que precisava melhorar e muito, mas j&aacute; est&aacute; entre as melhores da Bahia e do&hellip; <\/p>\n","protected":false},"author":0,"featured_media":0,"comment_status":"open","ping_status":"open","sticky":false,"template":"","format":"standard","meta":{"_acf_changed":false,"footnotes":""},"categories":[43],"tags":[],"class_list":["post-12318","post","type-post","status-publish","format-standard","hentry","category-sem-categoria"],"acf":[],"yoast_head":"<!-- This site is optimized with the Yoast SEO plugin v27.5 - https:\/\/yoast.com\/product\/yoast-seo-wordpress\/ -->\n<title>Para Pedro Filho oposi\u00e7\u00e3o s\u00f3 \u201cfaz festa\u201d ao conhecer resultados negativos - Blog do Farn\u00e9sio<\/title>\n<meta name=\"robots\" content=\"index, follow, max-snippet:-1, max-image-preview:large, max-video-preview:-1\" \/>\n<link rel=\"canonical\" href=\"https:\/\/blogdofarnesio.com.br\/2012\/03\/para-pedro-filho-oposicao-so-faz-festa-ao-conhecer-resultados-negativos\/\" \/>\n<meta property=\"og:locale\" content=\"pt_BR\" \/>\n<meta property=\"og:type\" content=\"article\" \/>\n<meta property=\"og:title\" content=\"Para Pedro Filho oposi\u00e7\u00e3o s\u00f3 \u201cfaz festa\u201d ao conhecer resultados negativos - Blog do Farn\u00e9sio\" \/>\n<meta property=\"og:description\" content=\"Irritado com os vereadores de oposi&ccedil;&atilde;o, que segundo ele, &#8220;colocaram palavras em minha boca&#8221;, o vereador Pedro Filho, da tribuna da C&acirc;mara de Juazeiro, na tarde desta quarta feira (21), voltou a falar sobre os resultados apontados pelo IDSUS, que coloca Juazeiro como a primeira cidade do interior da Bahia em qualidade de sa&uacute;de p&uacute;blica e a 4&ordf; do Nordeste: &#8220;Vereador Alex Tanuri entre sua opini&atilde;o e a do Ministro o senhor acha que fico com qual?&#8221; &#8211; indagou Pedro Filho &#8211; &#8220;Nunca disse aqui que a sa&uacute;de p&uacute;blica em Juazeiro era excelente. N&atilde;o coloquem palavras em minha boca. Isso n&atilde;o vou admitir. Sempre disse que precisava melhorar e muito, mas j&aacute; est&aacute; entre as melhores da Bahia e do&hellip;\" \/>\n<meta property=\"og:url\" content=\"https:\/\/blogdofarnesio.com.br\/2012\/03\/para-pedro-filho-oposicao-so-faz-festa-ao-conhecer-resultados-negativos\/\" \/>\n<meta property=\"og:site_name\" content=\"Blog do Farn\u00e9sio\" \/>\n<meta property=\"article:publisher\" content=\"https:\/\/www.facebook.com\/BlogQuerSaberPolitica\/\" \/>\n<meta property=\"article:published_time\" content=\"2012-03-23T14:22:07+00:00\" \/>\n<meta property=\"og:image\" content=\"http:\/\/www.quersaberpolitica.com.br\/2016\/wp-content\/uploads\/2012\/12\/blogqspverpedrofilhojua3.jpg\" \/>\n<meta name=\"twitter:card\" content=\"summary_large_image\" \/>\n<meta name=\"twitter:label1\" content=\"Est. tempo de leitura\" \/>\n\t<meta name=\"twitter:data1\" content=\"2 minutos\" \/>\n<script type=\"application\/ld+json\" class=\"yoast-schema-graph\">{\"@context\":\"https:\\\/\\\/schema.org\",\"@graph\":[{\"@type\":\"Article\",\"@id\":\"https:\\\/\\\/blogdofarnesio.com.br\\\/2012\\\/03\\\/para-pedro-filho-oposicao-so-faz-festa-ao-conhecer-resultados-negativos\\\/#article\",\"isPartOf\":{\"@id\":\"https:\\\/\\\/blogdofarnesio.com.br\\\/2012\\\/03\\\/para-pedro-filho-oposicao-so-faz-festa-ao-conhecer-resultados-negativos\\\/\"},\"author\":{\"name\":\"\",\"@id\":\"\"},\"headline\":\"Para Pedro Filho oposi\u00e7\u00e3o s\u00f3 \u201cfaz festa\u201d ao conhecer resultados negativos\",\"datePublished\":\"2012-03-23T14:22:07+00:00\",\"mainEntityOfPage\":{\"@id\":\"https:\\\/\\\/blogdofarnesio.com.br\\\/2012\\\/03\\\/para-pedro-filho-oposicao-so-faz-festa-ao-conhecer-resultados-negativos\\\/\"},\"wordCount\":442,\"commentCount\":0,\"publisher\":{\"@id\":\"https:\\\/\\\/blogdofarnesio.com.br\\\/#organization\"},\"image\":{\"@id\":\"https:\\\/\\\/blogdofarnesio.com.br\\\/2012\\\/03\\\/para-pedro-filho-oposicao-so-faz-festa-ao-conhecer-resultados-negativos\\\/#primaryimage\"},\"thumbnailUrl\":\"http:\\\/\\\/www.quersaberpolitica.com.br\\\/2016\\\/wp-content\\\/uploads\\\/2012\\\/12\\\/blogqspverpedrofilhojua3.jpg\",\"inLanguage\":\"pt-BR\",\"potentialAction\":[{\"@type\":\"CommentAction\",\"name\":\"Comment\",\"target\":[\"https:\\\/\\\/blogdofarnesio.com.br\\\/2012\\\/03\\\/para-pedro-filho-oposicao-so-faz-festa-ao-conhecer-resultados-negativos\\\/#respond\"]}]},{\"@type\":\"WebPage\",\"@id\":\"https:\\\/\\\/blogdofarnesio.com.br\\\/2012\\\/03\\\/para-pedro-filho-oposicao-so-faz-festa-ao-conhecer-resultados-negativos\\\/\",\"url\":\"https:\\\/\\\/blogdofarnesio.com.br\\\/2012\\\/03\\\/para-pedro-filho-oposicao-so-faz-festa-ao-conhecer-resultados-negativos\\\/\",\"name\":\"Para Pedro Filho oposi\u00e7\u00e3o s\u00f3 \u201cfaz festa\u201d ao conhecer resultados negativos - Blog do Farn\u00e9sio\",\"isPartOf\":{\"@id\":\"https:\\\/\\\/blogdofarnesio.com.br\\\/#website\"},\"primaryImageOfPage\":{\"@id\":\"https:\\\/\\\/blogdofarnesio.com.br\\\/2012\\\/03\\\/para-pedro-filho-oposicao-so-faz-festa-ao-conhecer-resultados-negativos\\\/#primaryimage\"},\"image\":{\"@id\":\"https:\\\/\\\/blogdofarnesio.com.br\\\/2012\\\/03\\\/para-pedro-filho-oposicao-so-faz-festa-ao-conhecer-resultados-negativos\\\/#primaryimage\"},\"thumbnailUrl\":\"http:\\\/\\\/www.quersaberpolitica.com.br\\\/2016\\\/wp-content\\\/uploads\\\/2012\\\/12\\\/blogqspverpedrofilhojua3.jpg\",\"datePublished\":\"2012-03-23T14:22:07+00:00\",\"breadcrumb\":{\"@id\":\"https:\\\/\\\/blogdofarnesio.com.br\\\/2012\\\/03\\\/para-pedro-filho-oposicao-so-faz-festa-ao-conhecer-resultados-negativos\\\/#breadcrumb\"},\"inLanguage\":\"pt-BR\",\"potentialAction\":[{\"@type\":\"ReadAction\",\"target\":[\"https:\\\/\\\/blogdofarnesio.com.br\\\/2012\\\/03\\\/para-pedro-filho-oposicao-so-faz-festa-ao-conhecer-resultados-negativos\\\/\"]}]},{\"@type\":\"ImageObject\",\"inLanguage\":\"pt-BR\",\"@id\":\"https:\\\/\\\/blogdofarnesio.com.br\\\/2012\\\/03\\\/para-pedro-filho-oposicao-so-faz-festa-ao-conhecer-resultados-negativos\\\/#primaryimage\",\"url\":\"http:\\\/\\\/www.quersaberpolitica.com.br\\\/2016\\\/wp-content\\\/uploads\\\/2012\\\/12\\\/blogqspverpedrofilhojua3.jpg\",\"contentUrl\":\"http:\\\/\\\/www.quersaberpolitica.com.br\\\/2016\\\/wp-content\\\/uploads\\\/2012\\\/12\\\/blogqspverpedrofilhojua3.jpg\"},{\"@type\":\"BreadcrumbList\",\"@id\":\"https:\\\/\\\/blogdofarnesio.com.br\\\/2012\\\/03\\\/para-pedro-filho-oposicao-so-faz-festa-ao-conhecer-resultados-negativos\\\/#breadcrumb\",\"itemListElement\":[{\"@type\":\"ListItem\",\"position\":1,\"name\":\"In\u00edcio\",\"item\":\"https:\\\/\\\/blogdofarnesio.com.br\\\/\"},{\"@type\":\"ListItem\",\"position\":2,\"name\":\"Para Pedro Filho oposi\u00e7\u00e3o s\u00f3 \u201cfaz festa\u201d ao conhecer resultados negativos\"}]},{\"@type\":\"WebSite\",\"@id\":\"https:\\\/\\\/blogdofarnesio.com.br\\\/#website\",\"url\":\"https:\\\/\\\/blogdofarnesio.com.br\\\/\",\"name\":\"Blog do Farn\u00e9sio\",\"description\":\"Quer Saber Pol\u00edtica?\",\"publisher\":{\"@id\":\"https:\\\/\\\/blogdofarnesio.com.br\\\/#organization\"},\"potentialAction\":[{\"@type\":\"SearchAction\",\"target\":{\"@type\":\"EntryPoint\",\"urlTemplate\":\"https:\\\/\\\/blogdofarnesio.com.br\\\/?s={search_term_string}\"},\"query-input\":{\"@type\":\"PropertyValueSpecification\",\"valueRequired\":true,\"valueName\":\"search_term_string\"}}],\"inLanguage\":\"pt-BR\"},{\"@type\":\"Organization\",\"@id\":\"https:\\\/\\\/blogdofarnesio.com.br\\\/#organization\",\"name\":\"Blog do Farn\u00e9sio\",\"url\":\"https:\\\/\\\/blogdofarnesio.com.br\\\/\",\"logo\":{\"@type\":\"ImageObject\",\"inLanguage\":\"pt-BR\",\"@id\":\"https:\\\/\\\/blogdofarnesio.com.br\\\/#\\\/schema\\\/logo\\\/image\\\/\",\"url\":\"https:\\\/\\\/blogdofarnesio.com.br\\\/wp-content\\\/uploads\\\/2026\\\/03\\\/cropped-logo_new-1.png\",\"contentUrl\":\"https:\\\/\\\/blogdofarnesio.com.br\\\/wp-content\\\/uploads\\\/2026\\\/03\\\/cropped-logo_new-1.png\",\"width\":881,\"height\":685,\"caption\":\"Blog do Farn\u00e9sio\"},\"image\":{\"@id\":\"https:\\\/\\\/blogdofarnesio.com.br\\\/#\\\/schema\\\/logo\\\/image\\\/\"},\"sameAs\":[\"https:\\\/\\\/www.facebook.com\\\/BlogQuerSaberPolitica\\\/\"]}]}<\/script>\n<!-- \/ Yoast SEO plugin. -->","yoast_head_json":{"title":"Para Pedro Filho oposi\u00e7\u00e3o s\u00f3 \u201cfaz festa\u201d ao conhecer resultados negativos - Blog do Farn\u00e9sio","robots":{"index":"index","follow":"follow","max-snippet":"max-snippet:-1","max-image-preview":"max-image-preview:large","max-video-preview":"max-video-preview:-1"},"canonical":"https:\/\/blogdofarnesio.com.br\/2012\/03\/para-pedro-filho-oposicao-so-faz-festa-ao-conhecer-resultados-negativos\/","og_locale":"pt_BR","og_type":"article","og_title":"Para Pedro Filho oposi\u00e7\u00e3o s\u00f3 \u201cfaz festa\u201d ao conhecer resultados negativos - Blog do Farn\u00e9sio","og_description":"Irritado com os vereadores de oposi&ccedil;&atilde;o, que segundo ele, &#8220;colocaram palavras em minha boca&#8221;, o vereador Pedro Filho, da tribuna da C&acirc;mara de Juazeiro, na tarde desta quarta feira (21), voltou a falar sobre os resultados apontados pelo IDSUS, que coloca Juazeiro como a primeira cidade do interior da Bahia em qualidade de sa&uacute;de p&uacute;blica e a 4&ordf; do Nordeste: &#8220;Vereador Alex Tanuri entre sua opini&atilde;o e a do Ministro o senhor acha que fico com qual?&#8221; &#8211; indagou Pedro Filho &#8211; &#8220;Nunca disse aqui que a sa&uacute;de p&uacute;blica em Juazeiro era excelente. N&atilde;o coloquem palavras em minha boca. Isso n&atilde;o vou admitir. Sempre disse que precisava melhorar e muito, mas j&aacute; est&aacute; entre as melhores da Bahia e do&hellip;","og_url":"https:\/\/blogdofarnesio.com.br\/2012\/03\/para-pedro-filho-oposicao-so-faz-festa-ao-conhecer-resultados-negativos\/","og_site_name":"Blog do Farn\u00e9sio","article_publisher":"https:\/\/www.facebook.com\/BlogQuerSaberPolitica\/","article_published_time":"2012-03-23T14:22:07+00:00","og_image":[{"url":"http:\/\/www.quersaberpolitica.com.br\/2016\/wp-content\/uploads\/2012\/12\/blogqspverpedrofilhojua3.jpg","type":"","width":"","height":""}],"twitter_card":"summary_large_image","twitter_misc":{"Est. tempo de leitura":"2 minutos"},"schema":{"@context":"https:\/\/schema.org","@graph":[{"@type":"Article","@id":"https:\/\/blogdofarnesio.com.br\/2012\/03\/para-pedro-filho-oposicao-so-faz-festa-ao-conhecer-resultados-negativos\/#article","isPartOf":{"@id":"https:\/\/blogdofarnesio.com.br\/2012\/03\/para-pedro-filho-oposicao-so-faz-festa-ao-conhecer-resultados-negativos\/"},"author":{"name":"","@id":""},"headline":"Para Pedro Filho oposi\u00e7\u00e3o s\u00f3 \u201cfaz festa\u201d ao conhecer resultados negativos","datePublished":"2012-03-23T14:22:07+00:00","mainEntityOfPage":{"@id":"https:\/\/blogdofarnesio.com.br\/2012\/03\/para-pedro-filho-oposicao-so-faz-festa-ao-conhecer-resultados-negativos\/"},"wordCount":442,"commentCount":0,"publisher":{"@id":"https:\/\/blogdofarnesio.com.br\/#organization"},"image":{"@id":"https:\/\/blogdofarnesio.com.br\/2012\/03\/para-pedro-filho-oposicao-so-faz-festa-ao-conhecer-resultados-negativos\/#primaryimage"},"thumbnailUrl":"http:\/\/www.quersaberpolitica.com.br\/2016\/wp-content\/uploads\/2012\/12\/blogqspverpedrofilhojua3.jpg","inLanguage":"pt-BR","potentialAction":[{"@type":"CommentAction","name":"Comment","target":["https:\/\/blogdofarnesio.com.br\/2012\/03\/para-pedro-filho-oposicao-so-faz-festa-ao-conhecer-resultados-negativos\/#respond"]}]},{"@type":"WebPage","@id":"https:\/\/blogdofarnesio.com.br\/2012\/03\/para-pedro-filho-oposicao-so-faz-festa-ao-conhecer-resultados-negativos\/","url":"https:\/\/blogdofarnesio.com.br\/2012\/03\/para-pedro-filho-oposicao-so-faz-festa-ao-conhecer-resultados-negativos\/","name":"Para Pedro Filho oposi\u00e7\u00e3o s\u00f3 \u201cfaz festa\u201d ao conhecer resultados negativos - Blog do Farn\u00e9sio","isPartOf":{"@id":"https:\/\/blogdofarnesio.com.br\/#website"},"primaryImageOfPage":{"@id":"https:\/\/blogdofarnesio.com.br\/2012\/03\/para-pedro-filho-oposicao-so-faz-festa-ao-conhecer-resultados-negativos\/#primaryimage"},"image":{"@id":"https:\/\/blogdofarnesio.com.br\/2012\/03\/para-pedro-filho-oposicao-so-faz-festa-ao-conhecer-resultados-negativos\/#primaryimage"},"thumbnailUrl":"http:\/\/www.quersaberpolitica.com.br\/2016\/wp-content\/uploads\/2012\/12\/blogqspverpedrofilhojua3.jpg","datePublished":"2012-03-23T14:22:07+00:00","breadcrumb":{"@id":"https:\/\/blogdofarnesio.com.br\/2012\/03\/para-pedro-filho-oposicao-so-faz-festa-ao-conhecer-resultados-negativos\/#breadcrumb"},"inLanguage":"pt-BR","potentialAction":[{"@type":"ReadAction","target":["https:\/\/blogdofarnesio.com.br\/2012\/03\/para-pedro-filho-oposicao-so-faz-festa-ao-conhecer-resultados-negativos\/"]}]},{"@type":"ImageObject","inLanguage":"pt-BR","@id":"https:\/\/blogdofarnesio.com.br\/2012\/03\/para-pedro-filho-oposicao-so-faz-festa-ao-conhecer-resultados-negativos\/#primaryimage","url":"http:\/\/www.quersaberpolitica.com.br\/2016\/wp-content\/uploads\/2012\/12\/blogqspverpedrofilhojua3.jpg","contentUrl":"http:\/\/www.quersaberpolitica.com.br\/2016\/wp-content\/uploads\/2012\/12\/blogqspverpedrofilhojua3.jpg"},{"@type":"BreadcrumbList","@id":"https:\/\/blogdofarnesio.com.br\/2012\/03\/para-pedro-filho-oposicao-so-faz-festa-ao-conhecer-resultados-negativos\/#breadcrumb","itemListElement":[{"@type":"ListItem","position":1,"name":"In\u00edcio","item":"https:\/\/blogdofarnesio.com.br\/"},{"@type":"ListItem","position":2,"name":"Para Pedro Filho oposi\u00e7\u00e3o s\u00f3 \u201cfaz festa\u201d ao conhecer resultados negativos"}]},{"@type":"WebSite","@id":"https:\/\/blogdofarnesio.com.br\/#website","url":"https:\/\/blogdofarnesio.com.br\/","name":"Blog do Farn\u00e9sio","description":"Quer Saber Pol\u00edtica?","publisher":{"@id":"https:\/\/blogdofarnesio.com.br\/#organization"},"potentialAction":[{"@type":"SearchAction","target":{"@type":"EntryPoint","urlTemplate":"https:\/\/blogdofarnesio.com.br\/?s={search_term_string}"},"query-input":{"@type":"PropertyValueSpecification","valueRequired":true,"valueName":"search_term_string"}}],"inLanguage":"pt-BR"},{"@type":"Organization","@id":"https:\/\/blogdofarnesio.com.br\/#organization","name":"Blog do Farn\u00e9sio","url":"https:\/\/blogdofarnesio.com.br\/","logo":{"@type":"ImageObject","inLanguage":"pt-BR","@id":"https:\/\/blogdofarnesio.com.br\/#\/schema\/logo\/image\/","url":"https:\/\/blogdofarnesio.com.br\/wp-content\/uploads\/2026\/03\/cropped-logo_new-1.png","contentUrl":"https:\/\/blogdofarnesio.com.br\/wp-content\/uploads\/2026\/03\/cropped-logo_new-1.png","width":881,"height":685,"caption":"Blog do Farn\u00e9sio"},"image":{"@id":"https:\/\/blogdofarnesio.com.br\/#\/schema\/logo\/image\/"},"sameAs":["https:\/\/www.facebook.com\/BlogQuerSaberPolitica\/"]}]}},"_links":{"self":[{"href":"https:\/\/blogdofarnesio.com.br\/wp-json\/wp\/v2\/posts\/12318","targetHints":{"allow":["GET"]}}],"collection":[{"href":"https:\/\/blogdofarnesio.com.br\/wp-json\/wp\/v2\/posts"}],"about":[{"href":"https:\/\/blogdofarnesio.com.br\/wp-json\/wp\/v2\/types\/post"}],"replies":[{"embeddable":true,"href":"https:\/\/blogdofarnesio.com.br\/wp-json\/wp\/v2\/comments?post=12318"}],"version-history":[{"count":0,"href":"https:\/\/blogdofarnesio.com.br\/wp-json\/wp\/v2\/posts\/12318\/revisions"}],"wp:attachment":[{"href":"https:\/\/blogdofarnesio.com.br\/wp-json\/wp\/v2\/media?parent=12318"}],"wp:term":[{"taxonomy":"category","embeddable":true,"href":"https:\/\/blogdofarnesio.com.br\/wp-json\/wp\/v2\/categories?post=12318"},{"taxonomy":"post_tag","embeddable":true,"href":"https:\/\/blogdofarnesio.com.br\/wp-json\/wp\/v2\/tags?post=12318"}],"curies":[{"name":"wp","href":"https:\/\/api.w.org\/{rel}","templated":true}]}}