{"id":12308,"date":"2012-03-22T09:46:02","date_gmt":"2012-03-22T09:46:02","guid":{"rendered":"http:\/\/www.quersaberpolitica.com.br?p=12308"},"modified":"-0001-11-30T00:00:00","modified_gmt":"-0001-11-30T03:00:00","slug":"agentes-de-transito-de-juazeiro-participam-de-curso-de-capacitacao","status":"publish","type":"post","link":"https:\/\/blogdofarnesio.com.br\/?p=12308","title":{"rendered":"Agentes de Tr\u00e2nsito de Juazeiro participam de curso de capacita\u00e7\u00e3o"},"content":{"rendered":"<p style=\"text-align: justify;\"><span style=\"font-size: small;\"><a rel=\"lightbox\" href=\"http:\/\/www.quersaberpolitica.com.br\/2016\/wp-content\/uploads\/2012\/12\/blogqspcapacitacaoagentetransitojua4.jpg\"><img loading=\"lazy\" decoding=\"async\" style=\"margin-top: 5px; margin-bottom: 5px; margin-left: 10px; margin-right: 10px; float: left;\" title=\"Imagem Divulga&ccedil;&atilde;o\" src=\"http:\/\/www.quersaberpolitica.com.br\/2016\/wp-content\/uploads\/2012\/12\/blogqspcapacitacaoagentetransitojua4.jpg\" alt=\"\" width=\"200\" height=\"150\" \/><\/a>Vinte agentes de tr&acirc;nsito da Companhia Municipal de Tr&acirc;nsito e Transportes (CMTT) de Juazeiro est&atilde;o participando de curso de capacita&ccedil;&atilde;o no Sest\/Senat, em Petrolina. O curso com 180 horas, tem como objetivo a reciclagem dos profissionais no &acirc;mbito te&oacute;rico, para posterior aplica&ccedil;&atilde;o do aprendizado no momento da atua&ccedil;&atilde;o nas ruas.<\/span><\/p>\n<p style=\"text-align: justify;\"><span style=\"font-size: small;\">O agente de tr&acirc;nsito, Marcos Passos, agradece a iniciativa da Prefeitura Municipal  e da CMTT em proporcionar esta forma&ccedil;&atilde;o: &#8220;&eacute; de suma import&acirc;ncia para os agentes estes ensinos, pois s&oacute; tem contribu&iacute;do para o aprendizado do exerc&iacute;cio com efici&ecirc;ncia&#8221;, disse. Atualizar os conhecimentos destes profissionais &eacute; uma das metas do curso. &#8220;A aula pr&aacute;tica tem me chamado muita aten&ccedil;&atilde;o, pois aprendo bastante e estou me policiando mais em v&aacute;rios aspectos. Na parte te&oacute;rica estamos acrescentando novas informa&ccedil;&otilde;es que at&eacute; ent&atilde;o s&oacute; t&iacute;nhamos uma id&eacute;ia, mas agora podemos nos aprofundar&#8221;, afirma o agente Ant&ocirc;nio Carlos Bomfim.<\/span><\/p>\n<p style=\"text-align: justify;\"><span style=\"font-size: small;\">Al&eacute;m dos agentes, mais nove guardas municipais que s&atilde;o lotados na CMTT fazem parte do curso. &#8220;Aqui na CMTT os guardas municipais trabalham dando apoio aos agentes, ent&atilde;o entendemos que eles tinham que acompanhar o n&iacute;vel de ensino do curso para terem uma no&ccedil;&atilde;o mais ampla da sua import&acirc;ncia nas vias p&uacute;blicas&#8221;, disse Marcos Cardoso, gerente de tr&acirc;nsito da CMTT. Em sala, eles ser&atilde;o avaliados diariamente, e s&oacute; obter&atilde;o o certificado sendo aprovados em todas as vezes que forem avaliados. &#8220;Esse curso foi tra&ccedil;ado como meta pelo Prefeito Isaac em reuni&atilde;o para estabelecer uma melhoria na atua&ccedil;&atilde;o desses profissionais do tr&acirc;nsito, e com isso, aprimorar os conhecimentos e suas a&ccedil;&otilde;es nas ruas&#8221;, afirma Paulo Bomfim, diretor-presidente da CMTT e secret&aacute;rio de servi&ccedil;o p&uacute;blico.<\/span><\/p>\n<p style=\"text-align: justify;\"><span style=\"font-size: small;\">(Ascom PMJ)<\/span><\/p>\n","protected":false},"excerpt":{"rendered":"<p>Vinte agentes de tr&acirc;nsito da Companhia Municipal de Tr&acirc;nsito e Transportes (CMTT) de Juazeiro est&atilde;o participando de curso de capacita&ccedil;&atilde;o no Sest\/Senat, em Petrolina. O curso com 180 horas, tem como objetivo a reciclagem dos profissionais no &acirc;mbito te&oacute;rico, para posterior aplica&ccedil;&atilde;o do aprendizado no momento da atua&ccedil;&atilde;o nas ruas. O agente de tr&acirc;nsito, Marcos Passos, agradece a iniciativa da Prefeitura Municipal e da CMTT em proporcionar esta forma&ccedil;&atilde;o: &#8220;&eacute; de suma import&acirc;ncia para os agentes estes ensinos, pois s&oacute; tem contribu&iacute;do para o aprendizado do exerc&iacute;cio com efici&ecirc;ncia&#8221;, disse. Atualizar os conhecimentos destes profissionais &eacute; uma das metas do curso. &#8220;A aula pr&aacute;tica tem me chamado muita aten&ccedil;&atilde;o, pois aprendo bastante e estou me policiando mais em v&aacute;rios aspectos.&hellip; <\/p>\n","protected":false},"author":0,"featured_media":0,"comment_status":"open","ping_status":"open","sticky":false,"template":"","format":"standard","meta":{"_acf_changed":false,"footnotes":""},"categories":[43],"tags":[],"class_list":["post-12308","post","type-post","status-publish","format-standard","hentry","category-sem-categoria"],"acf":[],"yoast_head":"<!-- This site is optimized with the Yoast SEO plugin v27.4 - https:\/\/yoast.com\/product\/yoast-seo-wordpress\/ -->\n<title>Agentes de Tr\u00e2nsito de Juazeiro participam de curso de capacita\u00e7\u00e3o - Blog do Farn\u00e9sio<\/title>\n<meta name=\"robots\" content=\"index, follow, max-snippet:-1, max-image-preview:large, max-video-preview:-1\" \/>\n<link rel=\"canonical\" href=\"https:\/\/blogdofarnesio.com.br\/?p=12308\" \/>\n<meta property=\"og:locale\" content=\"pt_BR\" \/>\n<meta property=\"og:type\" content=\"article\" \/>\n<meta property=\"og:title\" content=\"Agentes de Tr\u00e2nsito de Juazeiro participam de curso de capacita\u00e7\u00e3o - Blog do Farn\u00e9sio\" \/>\n<meta property=\"og:description\" content=\"Vinte agentes de tr&acirc;nsito da Companhia Municipal de Tr&acirc;nsito e Transportes (CMTT) de Juazeiro est&atilde;o participando de curso de capacita&ccedil;&atilde;o no Sest\/Senat, em Petrolina. O curso com 180 horas, tem como objetivo a reciclagem dos profissionais no &acirc;mbito te&oacute;rico, para posterior aplica&ccedil;&atilde;o do aprendizado no momento da atua&ccedil;&atilde;o nas ruas. O agente de tr&acirc;nsito, Marcos Passos, agradece a iniciativa da Prefeitura Municipal e da CMTT em proporcionar esta forma&ccedil;&atilde;o: &#8220;&eacute; de suma import&acirc;ncia para os agentes estes ensinos, pois s&oacute; tem contribu&iacute;do para o aprendizado do exerc&iacute;cio com efici&ecirc;ncia&#8221;, disse. Atualizar os conhecimentos destes profissionais &eacute; uma das metas do curso. &#8220;A aula pr&aacute;tica tem me chamado muita aten&ccedil;&atilde;o, pois aprendo bastante e estou me policiando mais em v&aacute;rios aspectos.&hellip;\" \/>\n<meta property=\"og:url\" content=\"https:\/\/blogdofarnesio.com.br\/?p=12308\" \/>\n<meta property=\"og:site_name\" content=\"Blog do Farn\u00e9sio\" \/>\n<meta property=\"article:publisher\" content=\"https:\/\/www.facebook.com\/BlogQuerSaberPolitica\/\" \/>\n<meta property=\"article:published_time\" content=\"2012-03-22T09:46:02+00:00\" \/>\n<meta property=\"og:image\" content=\"http:\/\/www.quersaberpolitica.com.br\/2016\/wp-content\/uploads\/2012\/12\/blogqspcapacitacaoagentetransitojua4.jpg\" \/>\n<meta name=\"twitter:card\" content=\"summary_large_image\" \/>\n<meta name=\"twitter:label1\" content=\"Est. tempo de leitura\" \/>\n\t<meta name=\"twitter:data1\" content=\"2 minutos\" \/>\n<script type=\"application\/ld+json\" class=\"yoast-schema-graph\">{\"@context\":\"https:\\\/\\\/schema.org\",\"@graph\":[{\"@type\":\"Article\",\"@id\":\"https:\\\/\\\/blogdofarnesio.com.br\\\/?p=12308#article\",\"isPartOf\":{\"@id\":\"https:\\\/\\\/blogdofarnesio.com.br\\\/?p=12308\"},\"author\":{\"name\":\"\",\"@id\":\"\"},\"headline\":\"Agentes de Tr\u00e2nsito de Juazeiro participam de curso de capacita\u00e7\u00e3o\",\"datePublished\":\"2012-03-22T09:46:02+00:00\",\"mainEntityOfPage\":{\"@id\":\"https:\\\/\\\/blogdofarnesio.com.br\\\/?p=12308\"},\"wordCount\":376,\"commentCount\":0,\"publisher\":{\"@id\":\"https:\\\/\\\/blogdofarnesio.com.br\\\/#organization\"},\"image\":{\"@id\":\"https:\\\/\\\/blogdofarnesio.com.br\\\/?p=12308#primaryimage\"},\"thumbnailUrl\":\"http:\\\/\\\/www.quersaberpolitica.com.br\\\/2016\\\/wp-content\\\/uploads\\\/2012\\\/12\\\/blogqspcapacitacaoagentetransitojua4.jpg\",\"inLanguage\":\"pt-BR\",\"potentialAction\":[{\"@type\":\"CommentAction\",\"name\":\"Comment\",\"target\":[\"https:\\\/\\\/blogdofarnesio.com.br\\\/?p=12308#respond\"]}]},{\"@type\":\"WebPage\",\"@id\":\"https:\\\/\\\/blogdofarnesio.com.br\\\/?p=12308\",\"url\":\"https:\\\/\\\/blogdofarnesio.com.br\\\/?p=12308\",\"name\":\"Agentes de Tr\u00e2nsito de Juazeiro participam de curso de capacita\u00e7\u00e3o - Blog do Farn\u00e9sio\",\"isPartOf\":{\"@id\":\"https:\\\/\\\/blogdofarnesio.com.br\\\/#website\"},\"primaryImageOfPage\":{\"@id\":\"https:\\\/\\\/blogdofarnesio.com.br\\\/?p=12308#primaryimage\"},\"image\":{\"@id\":\"https:\\\/\\\/blogdofarnesio.com.br\\\/?p=12308#primaryimage\"},\"thumbnailUrl\":\"http:\\\/\\\/www.quersaberpolitica.com.br\\\/2016\\\/wp-content\\\/uploads\\\/2012\\\/12\\\/blogqspcapacitacaoagentetransitojua4.jpg\",\"datePublished\":\"2012-03-22T09:46:02+00:00\",\"breadcrumb\":{\"@id\":\"https:\\\/\\\/blogdofarnesio.com.br\\\/?p=12308#breadcrumb\"},\"inLanguage\":\"pt-BR\",\"potentialAction\":[{\"@type\":\"ReadAction\",\"target\":[\"https:\\\/\\\/blogdofarnesio.com.br\\\/?p=12308\"]}]},{\"@type\":\"ImageObject\",\"inLanguage\":\"pt-BR\",\"@id\":\"https:\\\/\\\/blogdofarnesio.com.br\\\/?p=12308#primaryimage\",\"url\":\"http:\\\/\\\/www.quersaberpolitica.com.br\\\/2016\\\/wp-content\\\/uploads\\\/2012\\\/12\\\/blogqspcapacitacaoagentetransitojua4.jpg\",\"contentUrl\":\"http:\\\/\\\/www.quersaberpolitica.com.br\\\/2016\\\/wp-content\\\/uploads\\\/2012\\\/12\\\/blogqspcapacitacaoagentetransitojua4.jpg\"},{\"@type\":\"BreadcrumbList\",\"@id\":\"https:\\\/\\\/blogdofarnesio.com.br\\\/?p=12308#breadcrumb\",\"itemListElement\":[{\"@type\":\"ListItem\",\"position\":1,\"name\":\"In\u00edcio\",\"item\":\"https:\\\/\\\/blogdofarnesio.com.br\\\/\"},{\"@type\":\"ListItem\",\"position\":2,\"name\":\"Agentes de Tr\u00e2nsito de Juazeiro participam de curso de capacita\u00e7\u00e3o\"}]},{\"@type\":\"WebSite\",\"@id\":\"https:\\\/\\\/blogdofarnesio.com.br\\\/#website\",\"url\":\"https:\\\/\\\/blogdofarnesio.com.br\\\/\",\"name\":\"Blog do Farn\u00e9sio\",\"description\":\"Quer Saber Pol\u00edtica?\",\"publisher\":{\"@id\":\"https:\\\/\\\/blogdofarnesio.com.br\\\/#organization\"},\"potentialAction\":[{\"@type\":\"SearchAction\",\"target\":{\"@type\":\"EntryPoint\",\"urlTemplate\":\"https:\\\/\\\/blogdofarnesio.com.br\\\/?s={search_term_string}\"},\"query-input\":{\"@type\":\"PropertyValueSpecification\",\"valueRequired\":true,\"valueName\":\"search_term_string\"}}],\"inLanguage\":\"pt-BR\"},{\"@type\":\"Organization\",\"@id\":\"https:\\\/\\\/blogdofarnesio.com.br\\\/#organization\",\"name\":\"Blog do Farn\u00e9sio\",\"url\":\"https:\\\/\\\/blogdofarnesio.com.br\\\/\",\"logo\":{\"@type\":\"ImageObject\",\"inLanguage\":\"pt-BR\",\"@id\":\"https:\\\/\\\/blogdofarnesio.com.br\\\/#\\\/schema\\\/logo\\\/image\\\/\",\"url\":\"https:\\\/\\\/blogdofarnesio.com.br\\\/wp-content\\\/uploads\\\/2026\\\/03\\\/cropped-logo_new-1.png\",\"contentUrl\":\"https:\\\/\\\/blogdofarnesio.com.br\\\/wp-content\\\/uploads\\\/2026\\\/03\\\/cropped-logo_new-1.png\",\"width\":881,\"height\":685,\"caption\":\"Blog do Farn\u00e9sio\"},\"image\":{\"@id\":\"https:\\\/\\\/blogdofarnesio.com.br\\\/#\\\/schema\\\/logo\\\/image\\\/\"},\"sameAs\":[\"https:\\\/\\\/www.facebook.com\\\/BlogQuerSaberPolitica\\\/\"]}]}<\/script>\n<!-- \/ Yoast SEO plugin. -->","yoast_head_json":{"title":"Agentes de Tr\u00e2nsito de Juazeiro participam de curso de capacita\u00e7\u00e3o - Blog do Farn\u00e9sio","robots":{"index":"index","follow":"follow","max-snippet":"max-snippet:-1","max-image-preview":"max-image-preview:large","max-video-preview":"max-video-preview:-1"},"canonical":"https:\/\/blogdofarnesio.com.br\/?p=12308","og_locale":"pt_BR","og_type":"article","og_title":"Agentes de Tr\u00e2nsito de Juazeiro participam de curso de capacita\u00e7\u00e3o - Blog do Farn\u00e9sio","og_description":"Vinte agentes de tr&acirc;nsito da Companhia Municipal de Tr&acirc;nsito e Transportes (CMTT) de Juazeiro est&atilde;o participando de curso de capacita&ccedil;&atilde;o no Sest\/Senat, em Petrolina. O curso com 180 horas, tem como objetivo a reciclagem dos profissionais no &acirc;mbito te&oacute;rico, para posterior aplica&ccedil;&atilde;o do aprendizado no momento da atua&ccedil;&atilde;o nas ruas. O agente de tr&acirc;nsito, Marcos Passos, agradece a iniciativa da Prefeitura Municipal e da CMTT em proporcionar esta forma&ccedil;&atilde;o: &#8220;&eacute; de suma import&acirc;ncia para os agentes estes ensinos, pois s&oacute; tem contribu&iacute;do para o aprendizado do exerc&iacute;cio com efici&ecirc;ncia&#8221;, disse. Atualizar os conhecimentos destes profissionais &eacute; uma das metas do curso. &#8220;A aula pr&aacute;tica tem me chamado muita aten&ccedil;&atilde;o, pois aprendo bastante e estou me policiando mais em v&aacute;rios aspectos.&hellip;","og_url":"https:\/\/blogdofarnesio.com.br\/?p=12308","og_site_name":"Blog do Farn\u00e9sio","article_publisher":"https:\/\/www.facebook.com\/BlogQuerSaberPolitica\/","article_published_time":"2012-03-22T09:46:02+00:00","og_image":[{"url":"http:\/\/www.quersaberpolitica.com.br\/2016\/wp-content\/uploads\/2012\/12\/blogqspcapacitacaoagentetransitojua4.jpg","type":"","width":"","height":""}],"twitter_card":"summary_large_image","twitter_misc":{"Est. tempo de leitura":"2 minutos"},"schema":{"@context":"https:\/\/schema.org","@graph":[{"@type":"Article","@id":"https:\/\/blogdofarnesio.com.br\/?p=12308#article","isPartOf":{"@id":"https:\/\/blogdofarnesio.com.br\/?p=12308"},"author":{"name":"","@id":""},"headline":"Agentes de Tr\u00e2nsito de Juazeiro participam de curso de capacita\u00e7\u00e3o","datePublished":"2012-03-22T09:46:02+00:00","mainEntityOfPage":{"@id":"https:\/\/blogdofarnesio.com.br\/?p=12308"},"wordCount":376,"commentCount":0,"publisher":{"@id":"https:\/\/blogdofarnesio.com.br\/#organization"},"image":{"@id":"https:\/\/blogdofarnesio.com.br\/?p=12308#primaryimage"},"thumbnailUrl":"http:\/\/www.quersaberpolitica.com.br\/2016\/wp-content\/uploads\/2012\/12\/blogqspcapacitacaoagentetransitojua4.jpg","inLanguage":"pt-BR","potentialAction":[{"@type":"CommentAction","name":"Comment","target":["https:\/\/blogdofarnesio.com.br\/?p=12308#respond"]}]},{"@type":"WebPage","@id":"https:\/\/blogdofarnesio.com.br\/?p=12308","url":"https:\/\/blogdofarnesio.com.br\/?p=12308","name":"Agentes de Tr\u00e2nsito de Juazeiro participam de curso de capacita\u00e7\u00e3o - Blog do Farn\u00e9sio","isPartOf":{"@id":"https:\/\/blogdofarnesio.com.br\/#website"},"primaryImageOfPage":{"@id":"https:\/\/blogdofarnesio.com.br\/?p=12308#primaryimage"},"image":{"@id":"https:\/\/blogdofarnesio.com.br\/?p=12308#primaryimage"},"thumbnailUrl":"http:\/\/www.quersaberpolitica.com.br\/2016\/wp-content\/uploads\/2012\/12\/blogqspcapacitacaoagentetransitojua4.jpg","datePublished":"2012-03-22T09:46:02+00:00","breadcrumb":{"@id":"https:\/\/blogdofarnesio.com.br\/?p=12308#breadcrumb"},"inLanguage":"pt-BR","potentialAction":[{"@type":"ReadAction","target":["https:\/\/blogdofarnesio.com.br\/?p=12308"]}]},{"@type":"ImageObject","inLanguage":"pt-BR","@id":"https:\/\/blogdofarnesio.com.br\/?p=12308#primaryimage","url":"http:\/\/www.quersaberpolitica.com.br\/2016\/wp-content\/uploads\/2012\/12\/blogqspcapacitacaoagentetransitojua4.jpg","contentUrl":"http:\/\/www.quersaberpolitica.com.br\/2016\/wp-content\/uploads\/2012\/12\/blogqspcapacitacaoagentetransitojua4.jpg"},{"@type":"BreadcrumbList","@id":"https:\/\/blogdofarnesio.com.br\/?p=12308#breadcrumb","itemListElement":[{"@type":"ListItem","position":1,"name":"In\u00edcio","item":"https:\/\/blogdofarnesio.com.br\/"},{"@type":"ListItem","position":2,"name":"Agentes de Tr\u00e2nsito de Juazeiro participam de curso de capacita\u00e7\u00e3o"}]},{"@type":"WebSite","@id":"https:\/\/blogdofarnesio.com.br\/#website","url":"https:\/\/blogdofarnesio.com.br\/","name":"Blog do Farn\u00e9sio","description":"Quer Saber Pol\u00edtica?","publisher":{"@id":"https:\/\/blogdofarnesio.com.br\/#organization"},"potentialAction":[{"@type":"SearchAction","target":{"@type":"EntryPoint","urlTemplate":"https:\/\/blogdofarnesio.com.br\/?s={search_term_string}"},"query-input":{"@type":"PropertyValueSpecification","valueRequired":true,"valueName":"search_term_string"}}],"inLanguage":"pt-BR"},{"@type":"Organization","@id":"https:\/\/blogdofarnesio.com.br\/#organization","name":"Blog do Farn\u00e9sio","url":"https:\/\/blogdofarnesio.com.br\/","logo":{"@type":"ImageObject","inLanguage":"pt-BR","@id":"https:\/\/blogdofarnesio.com.br\/#\/schema\/logo\/image\/","url":"https:\/\/blogdofarnesio.com.br\/wp-content\/uploads\/2026\/03\/cropped-logo_new-1.png","contentUrl":"https:\/\/blogdofarnesio.com.br\/wp-content\/uploads\/2026\/03\/cropped-logo_new-1.png","width":881,"height":685,"caption":"Blog do Farn\u00e9sio"},"image":{"@id":"https:\/\/blogdofarnesio.com.br\/#\/schema\/logo\/image\/"},"sameAs":["https:\/\/www.facebook.com\/BlogQuerSaberPolitica\/"]}]}},"_links":{"self":[{"href":"https:\/\/blogdofarnesio.com.br\/index.php?rest_route=\/wp\/v2\/posts\/12308","targetHints":{"allow":["GET"]}}],"collection":[{"href":"https:\/\/blogdofarnesio.com.br\/index.php?rest_route=\/wp\/v2\/posts"}],"about":[{"href":"https:\/\/blogdofarnesio.com.br\/index.php?rest_route=\/wp\/v2\/types\/post"}],"replies":[{"embeddable":true,"href":"https:\/\/blogdofarnesio.com.br\/index.php?rest_route=%2Fwp%2Fv2%2Fcomments&post=12308"}],"version-history":[{"count":0,"href":"https:\/\/blogdofarnesio.com.br\/index.php?rest_route=\/wp\/v2\/posts\/12308\/revisions"}],"wp:attachment":[{"href":"https:\/\/blogdofarnesio.com.br\/index.php?rest_route=%2Fwp%2Fv2%2Fmedia&parent=12308"}],"wp:term":[{"taxonomy":"category","embeddable":true,"href":"https:\/\/blogdofarnesio.com.br\/index.php?rest_route=%2Fwp%2Fv2%2Fcategories&post=12308"},{"taxonomy":"post_tag","embeddable":true,"href":"https:\/\/blogdofarnesio.com.br\/index.php?rest_route=%2Fwp%2Fv2%2Ftags&post=12308"}],"curies":[{"name":"wp","href":"https:\/\/api.w.org\/{rel}","templated":true}]}}