{"id":122914,"date":"2015-05-03T09:42:09","date_gmt":"2015-05-03T12:42:09","guid":{"rendered":"http:\/\/www.quersaberpolitica.com.br\/?p=122914"},"modified":"2015-05-03T22:49:32","modified_gmt":"2015-05-04T01:49:32","slug":"juazeiro-tambem-comeca-hoje-campanha-de-vacinacao-contra-influenza","status":"publish","type":"post","link":"https:\/\/blogdofarnesio.com.br\/?p=122914","title":{"rendered":"JUAZEIRO TAMB\u00c9M COME\u00c7A HOJE CAMPANHA DE VACINA\u00c7\u00c3O CONTRA INFLUENZA"},"content":{"rendered":"<p style=\"text-align: justify\"><img loading=\"lazy\" decoding=\"async\" class=\" size-medium wp-image-37248 alignleft\" src=\"http:\/\/www.quersaberpolitica.com.br\/2016\/wp-content\/uploads\/2013\/04\/blogqsp.vacinagripe2-300x200.jpg\" alt=\"blogqsp.vacinagripe2\" width=\"300\" height=\"200\" srcset=\"https:\/\/blogdofarnesio.com.br\/wp-content\/uploads\/2013\/04\/blogqsp.vacinagripe2-300x200.jpg 300w, https:\/\/blogdofarnesio.com.br\/wp-content\/uploads\/2013\/04\/blogqsp.vacinagripe2.jpg 448w\" sizes=\"auto, (max-width: 300px) 100vw, 300px\" \/>A Secretaria da Sa\u00fade de Juazeiro (Sesau) inicia nesta segunda-feira (04), a 17\u00ba Campanha Nacional de Vacina\u00e7\u00e3o contra a Influenza (v\u00edrus que causa a gripe).<\/p>\n<p style=\"text-align: justify\">O hor\u00e1rio de atendimento para vacina\u00e7\u00e3o em todas as Unidades B\u00e1sicas de Sa\u00fade (UBS) ser\u00e1, das 8h \u00e0s 12h e das 14h \u00e0s 17h na zona urbana, e das 7h30 \u00e0s 13h na zona rural.<\/p>\n<p style=\"text-align: justify\">Nesta campanha, al\u00e9m de indiv\u00edduos com 60 anos ou mais de idade, tamb\u00e9m ser\u00e3o vacinados os trabalhadores de sa\u00fade, os povos ind\u00edgenas, as crian\u00e7as na faixa et\u00e1ria de seis meses a menores de cinco anos de idade (quatro anos, 11 meses e 29 dias), as gestantes, as pu\u00e9rperas (at\u00e9 45 dias ap\u00f3s o parto), os grupos portadores de doen\u00e7as cr\u00f4nicas n\u00e3o transmiss\u00edveis e outras condi\u00e7\u00f5es cl\u00ednicas especiais, a popula\u00e7\u00e3o privada de liberdade e os funcion\u00e1rios do sistema prisional.<\/p>\n<p style=\"text-align: justify\"><!--more--><\/p>\n<p style=\"text-align: justify\">Os portadores de doen\u00e7as cr\u00f4nicas devem seguir a listagem definida pelo Minist\u00e9rio da Sa\u00fade e levar a prescri\u00e7\u00e3o m\u00e9dica no ato da vacina\u00e7\u00e3o. Qualquer d\u00favida procurar os postos de sa\u00fade. A meta \u00e9 vacinar 80% do p\u00fablico alvo da campanha, que \u00e9 mais de 49,6 mil pessoas.<\/p>\n<p style=\"text-align: justify\">A mobiliza\u00e7\u00e3o vai proteger o p\u00fablico dos seguintes v\u00edrus: influenza A (H1N1), influenza A (H3N2) e v\u00edrus influenza B. Segundo informa\u00e7\u00f5es do Minist\u00e9rio da Sa\u00fade, a influenza \u00e9 uma doen\u00e7a respirat\u00f3ria infecciosa de origem viral que pode levar complica\u00e7\u00f5es graves, al\u00e9m de ser um problema de sa\u00fade p\u00fablica no Brasil. A transmiss\u00e3o ocorre por meio de secre\u00e7\u00f5es das vias respirat\u00f3rias da pessoa contaminada ao falar, tossir, espirrar ou pelas m\u00e3os, que ap\u00f3s contato com superf\u00edcies rec\u00e9m\u2010contaminadas por secre\u00e7\u00f5es respirat\u00f3rias pode levar o agente infeccioso direto a boca, olhos e nariz.<\/p>\n<p style=\"text-align: justify\">De acordo com a Organiza\u00e7\u00e3o Mundial da Sa\u00fade, estima-se que a influenza acomete 5 a 15% da popula\u00e7\u00e3o, causando 3 a 5 milh\u00f5es de casos graves e 250.000 a 500.000 mortes todos os anos.<\/p>\n<p style=\"text-align: justify\">O objetivo \u00e9 reduzir as mortes e interna\u00e7\u00f5es causadas pela doen\u00e7a e a principal interven\u00e7\u00e3o preventiva para este agravo \u00e9 a vacina\u00e7\u00e3o.<\/p>\n<p style=\"text-align: justify\">A Campanha segue at\u00e9 dia 22 de maio e o dia \u201cD\u201d, Dia Nacional de Mobiliza\u00e7\u00e3o contra a Influenza est\u00e1 marcado para dia 9 de maio, quando a Secretaria da Sa\u00fade colocar\u00e1 \u2013 a disposi\u00e7\u00e3o da comunidade \u2013 v\u00e1rios postos volantes, al\u00e9m dos fixos.<\/p>\n<p style=\"text-align: justify\"><em>Por Daniela Duarte\/SESAU<\/em><\/p>\n","protected":false},"excerpt":{"rendered":"<p>A Secretaria da Sa\u00fade de Juazeiro (Sesau) inicia nesta segunda-feira (04), a 17\u00ba Campanha Nacional de Vacina\u00e7\u00e3o contra a Influenza (v\u00edrus que causa a gripe). O hor\u00e1rio de atendimento para vacina\u00e7\u00e3o em todas as Unidades B\u00e1sicas de Sa\u00fade (UBS) ser\u00e1, das 8h \u00e0s 12h e das 14h \u00e0s 17h na zona urbana, e das 7h30 \u00e0s 13h na zona rural. Nesta campanha, al\u00e9m de indiv\u00edduos com 60 anos ou mais de idade, tamb\u00e9m ser\u00e3o vacinados os trabalhadores de sa\u00fade, os povos ind\u00edgenas, as crian\u00e7as na faixa et\u00e1ria de seis meses a menores de cinco anos de idade (quatro anos, 11 meses e 29 dias), as gestantes, as pu\u00e9rperas (at\u00e9 45 dias ap\u00f3s o parto), os grupos portadores de doen\u00e7as cr\u00f4nicas&hellip; <\/p>\n","protected":false},"author":7,"featured_media":0,"comment_status":"open","ping_status":"open","sticky":false,"template":"","format":"standard","meta":{"_acf_changed":false,"footnotes":""},"categories":[4],"tags":[],"class_list":["post-122914","post","type-post","status-publish","format-standard","hentry","category-saude"],"acf":[],"yoast_head":"<!-- This site is optimized with the Yoast SEO plugin v27.4 - https:\/\/yoast.com\/product\/yoast-seo-wordpress\/ -->\n<title>JUAZEIRO TAMB\u00c9M COME\u00c7A HOJE CAMPANHA DE VACINA\u00c7\u00c3O CONTRA INFLUENZA - Blog do Farn\u00e9sio<\/title>\n<meta name=\"robots\" content=\"index, follow, max-snippet:-1, max-image-preview:large, max-video-preview:-1\" \/>\n<link rel=\"canonical\" href=\"https:\/\/blogdofarnesio.com.br\/?p=122914\" \/>\n<meta property=\"og:locale\" content=\"pt_BR\" \/>\n<meta property=\"og:type\" content=\"article\" \/>\n<meta property=\"og:title\" content=\"JUAZEIRO TAMB\u00c9M COME\u00c7A HOJE CAMPANHA DE VACINA\u00c7\u00c3O CONTRA INFLUENZA - Blog do Farn\u00e9sio\" \/>\n<meta property=\"og:description\" content=\"A Secretaria da Sa\u00fade de Juazeiro (Sesau) inicia nesta segunda-feira (04), a 17\u00ba Campanha Nacional de Vacina\u00e7\u00e3o contra a Influenza (v\u00edrus que causa a gripe). O hor\u00e1rio de atendimento para vacina\u00e7\u00e3o em todas as Unidades B\u00e1sicas de Sa\u00fade (UBS) ser\u00e1, das 8h \u00e0s 12h e das 14h \u00e0s 17h na zona urbana, e das 7h30 \u00e0s 13h na zona rural. Nesta campanha, al\u00e9m de indiv\u00edduos com 60 anos ou mais de idade, tamb\u00e9m ser\u00e3o vacinados os trabalhadores de sa\u00fade, os povos ind\u00edgenas, as crian\u00e7as na faixa et\u00e1ria de seis meses a menores de cinco anos de idade (quatro anos, 11 meses e 29 dias), as gestantes, as pu\u00e9rperas (at\u00e9 45 dias ap\u00f3s o parto), os grupos portadores de doen\u00e7as cr\u00f4nicas&hellip;\" \/>\n<meta property=\"og:url\" content=\"https:\/\/blogdofarnesio.com.br\/?p=122914\" \/>\n<meta property=\"og:site_name\" content=\"Blog do Farn\u00e9sio\" \/>\n<meta property=\"article:publisher\" content=\"https:\/\/www.facebook.com\/BlogQuerSaberPolitica\/\" \/>\n<meta property=\"article:published_time\" content=\"2015-05-03T12:42:09+00:00\" \/>\n<meta property=\"article:modified_time\" content=\"2015-05-04T01:49:32+00:00\" \/>\n<meta property=\"og:image\" content=\"http:\/\/www.quersaberpolitica.com.br\/2016\/wp-content\/uploads\/2013\/04\/blogqsp.vacinagripe2-300x200.jpg\" \/>\n<meta name=\"twitter:card\" content=\"summary_large_image\" \/>\n<meta name=\"twitter:label1\" content=\"Escrito por\" \/>\n\t<meta name=\"twitter:data1\" content=\"\" \/>\n\t<meta name=\"twitter:label2\" content=\"Est. tempo de leitura\" \/>\n\t<meta name=\"twitter:data2\" content=\"2 minutos\" \/>\n<script type=\"application\/ld+json\" class=\"yoast-schema-graph\">{\"@context\":\"https:\\\/\\\/schema.org\",\"@graph\":[{\"@type\":\"Article\",\"@id\":\"https:\\\/\\\/blogdofarnesio.com.br\\\/?p=122914#article\",\"isPartOf\":{\"@id\":\"https:\\\/\\\/blogdofarnesio.com.br\\\/?p=122914\"},\"author\":{\"name\":\"\",\"@id\":\"\"},\"headline\":\"JUAZEIRO TAMB\u00c9M COME\u00c7A HOJE CAMPANHA DE VACINA\u00c7\u00c3O CONTRA INFLUENZA\",\"datePublished\":\"2015-05-03T12:42:09+00:00\",\"dateModified\":\"2015-05-04T01:49:32+00:00\",\"mainEntityOfPage\":{\"@id\":\"https:\\\/\\\/blogdofarnesio.com.br\\\/?p=122914\"},\"wordCount\":441,\"commentCount\":0,\"publisher\":{\"@id\":\"https:\\\/\\\/blogdofarnesio.com.br\\\/#organization\"},\"image\":{\"@id\":\"https:\\\/\\\/blogdofarnesio.com.br\\\/?p=122914#primaryimage\"},\"thumbnailUrl\":\"http:\\\/\\\/www.quersaberpolitica.com.br\\\/2016\\\/wp-content\\\/uploads\\\/2013\\\/04\\\/blogqsp.vacinagripe2-300x200.jpg\",\"articleSection\":[\"Sa\u00fade\"],\"inLanguage\":\"pt-BR\",\"potentialAction\":[{\"@type\":\"CommentAction\",\"name\":\"Comment\",\"target\":[\"https:\\\/\\\/blogdofarnesio.com.br\\\/?p=122914#respond\"]}]},{\"@type\":\"WebPage\",\"@id\":\"https:\\\/\\\/blogdofarnesio.com.br\\\/?p=122914\",\"url\":\"https:\\\/\\\/blogdofarnesio.com.br\\\/?p=122914\",\"name\":\"JUAZEIRO TAMB\u00c9M COME\u00c7A HOJE CAMPANHA DE VACINA\u00c7\u00c3O CONTRA INFLUENZA - Blog do Farn\u00e9sio\",\"isPartOf\":{\"@id\":\"https:\\\/\\\/blogdofarnesio.com.br\\\/#website\"},\"primaryImageOfPage\":{\"@id\":\"https:\\\/\\\/blogdofarnesio.com.br\\\/?p=122914#primaryimage\"},\"image\":{\"@id\":\"https:\\\/\\\/blogdofarnesio.com.br\\\/?p=122914#primaryimage\"},\"thumbnailUrl\":\"http:\\\/\\\/www.quersaberpolitica.com.br\\\/2016\\\/wp-content\\\/uploads\\\/2013\\\/04\\\/blogqsp.vacinagripe2-300x200.jpg\",\"datePublished\":\"2015-05-03T12:42:09+00:00\",\"dateModified\":\"2015-05-04T01:49:32+00:00\",\"breadcrumb\":{\"@id\":\"https:\\\/\\\/blogdofarnesio.com.br\\\/?p=122914#breadcrumb\"},\"inLanguage\":\"pt-BR\",\"potentialAction\":[{\"@type\":\"ReadAction\",\"target\":[\"https:\\\/\\\/blogdofarnesio.com.br\\\/?p=122914\"]}]},{\"@type\":\"ImageObject\",\"inLanguage\":\"pt-BR\",\"@id\":\"https:\\\/\\\/blogdofarnesio.com.br\\\/?p=122914#primaryimage\",\"url\":\"http:\\\/\\\/www.quersaberpolitica.com.br\\\/2016\\\/wp-content\\\/uploads\\\/2013\\\/04\\\/blogqsp.vacinagripe2-300x200.jpg\",\"contentUrl\":\"http:\\\/\\\/www.quersaberpolitica.com.br\\\/2016\\\/wp-content\\\/uploads\\\/2013\\\/04\\\/blogqsp.vacinagripe2-300x200.jpg\"},{\"@type\":\"BreadcrumbList\",\"@id\":\"https:\\\/\\\/blogdofarnesio.com.br\\\/?p=122914#breadcrumb\",\"itemListElement\":[{\"@type\":\"ListItem\",\"position\":1,\"name\":\"In\u00edcio\",\"item\":\"https:\\\/\\\/blogdofarnesio.com.br\\\/\"},{\"@type\":\"ListItem\",\"position\":2,\"name\":\"JUAZEIRO TAMB\u00c9M COME\u00c7A HOJE CAMPANHA DE VACINA\u00c7\u00c3O CONTRA INFLUENZA\"}]},{\"@type\":\"WebSite\",\"@id\":\"https:\\\/\\\/blogdofarnesio.com.br\\\/#website\",\"url\":\"https:\\\/\\\/blogdofarnesio.com.br\\\/\",\"name\":\"Blog do Farn\u00e9sio\",\"description\":\"Quer Saber Pol\u00edtica?\",\"publisher\":{\"@id\":\"https:\\\/\\\/blogdofarnesio.com.br\\\/#organization\"},\"potentialAction\":[{\"@type\":\"SearchAction\",\"target\":{\"@type\":\"EntryPoint\",\"urlTemplate\":\"https:\\\/\\\/blogdofarnesio.com.br\\\/?s={search_term_string}\"},\"query-input\":{\"@type\":\"PropertyValueSpecification\",\"valueRequired\":true,\"valueName\":\"search_term_string\"}}],\"inLanguage\":\"pt-BR\"},{\"@type\":\"Organization\",\"@id\":\"https:\\\/\\\/blogdofarnesio.com.br\\\/#organization\",\"name\":\"Blog do Farn\u00e9sio\",\"url\":\"https:\\\/\\\/blogdofarnesio.com.br\\\/\",\"logo\":{\"@type\":\"ImageObject\",\"inLanguage\":\"pt-BR\",\"@id\":\"https:\\\/\\\/blogdofarnesio.com.br\\\/#\\\/schema\\\/logo\\\/image\\\/\",\"url\":\"https:\\\/\\\/blogdofarnesio.com.br\\\/wp-content\\\/uploads\\\/2026\\\/03\\\/cropped-logo_new-1.png\",\"contentUrl\":\"https:\\\/\\\/blogdofarnesio.com.br\\\/wp-content\\\/uploads\\\/2026\\\/03\\\/cropped-logo_new-1.png\",\"width\":881,\"height\":685,\"caption\":\"Blog do Farn\u00e9sio\"},\"image\":{\"@id\":\"https:\\\/\\\/blogdofarnesio.com.br\\\/#\\\/schema\\\/logo\\\/image\\\/\"},\"sameAs\":[\"https:\\\/\\\/www.facebook.com\\\/BlogQuerSaberPolitica\\\/\"]},{\"@type\":\"Person\",\"@id\":\"\",\"url\":\"https:\\\/\\\/blogdofarnesio.com.br\\\/?author=7\"}]}<\/script>\n<!-- \/ Yoast SEO plugin. -->","yoast_head_json":{"title":"JUAZEIRO TAMB\u00c9M COME\u00c7A HOJE CAMPANHA DE VACINA\u00c7\u00c3O CONTRA INFLUENZA - Blog do Farn\u00e9sio","robots":{"index":"index","follow":"follow","max-snippet":"max-snippet:-1","max-image-preview":"max-image-preview:large","max-video-preview":"max-video-preview:-1"},"canonical":"https:\/\/blogdofarnesio.com.br\/?p=122914","og_locale":"pt_BR","og_type":"article","og_title":"JUAZEIRO TAMB\u00c9M COME\u00c7A HOJE CAMPANHA DE VACINA\u00c7\u00c3O CONTRA INFLUENZA - Blog do Farn\u00e9sio","og_description":"A Secretaria da Sa\u00fade de Juazeiro (Sesau) inicia nesta segunda-feira (04), a 17\u00ba Campanha Nacional de Vacina\u00e7\u00e3o contra a Influenza (v\u00edrus que causa a gripe). O hor\u00e1rio de atendimento para vacina\u00e7\u00e3o em todas as Unidades B\u00e1sicas de Sa\u00fade (UBS) ser\u00e1, das 8h \u00e0s 12h e das 14h \u00e0s 17h na zona urbana, e das 7h30 \u00e0s 13h na zona rural. Nesta campanha, al\u00e9m de indiv\u00edduos com 60 anos ou mais de idade, tamb\u00e9m ser\u00e3o vacinados os trabalhadores de sa\u00fade, os povos ind\u00edgenas, as crian\u00e7as na faixa et\u00e1ria de seis meses a menores de cinco anos de idade (quatro anos, 11 meses e 29 dias), as gestantes, as pu\u00e9rperas (at\u00e9 45 dias ap\u00f3s o parto), os grupos portadores de doen\u00e7as cr\u00f4nicas&hellip;","og_url":"https:\/\/blogdofarnesio.com.br\/?p=122914","og_site_name":"Blog do Farn\u00e9sio","article_publisher":"https:\/\/www.facebook.com\/BlogQuerSaberPolitica\/","article_published_time":"2015-05-03T12:42:09+00:00","article_modified_time":"2015-05-04T01:49:32+00:00","og_image":[{"url":"http:\/\/www.quersaberpolitica.com.br\/2016\/wp-content\/uploads\/2013\/04\/blogqsp.vacinagripe2-300x200.jpg","type":"","width":"","height":""}],"twitter_card":"summary_large_image","twitter_misc":{"Escrito por":"","Est. tempo de leitura":"2 minutos"},"schema":{"@context":"https:\/\/schema.org","@graph":[{"@type":"Article","@id":"https:\/\/blogdofarnesio.com.br\/?p=122914#article","isPartOf":{"@id":"https:\/\/blogdofarnesio.com.br\/?p=122914"},"author":{"name":"","@id":""},"headline":"JUAZEIRO TAMB\u00c9M COME\u00c7A HOJE CAMPANHA DE VACINA\u00c7\u00c3O CONTRA INFLUENZA","datePublished":"2015-05-03T12:42:09+00:00","dateModified":"2015-05-04T01:49:32+00:00","mainEntityOfPage":{"@id":"https:\/\/blogdofarnesio.com.br\/?p=122914"},"wordCount":441,"commentCount":0,"publisher":{"@id":"https:\/\/blogdofarnesio.com.br\/#organization"},"image":{"@id":"https:\/\/blogdofarnesio.com.br\/?p=122914#primaryimage"},"thumbnailUrl":"http:\/\/www.quersaberpolitica.com.br\/2016\/wp-content\/uploads\/2013\/04\/blogqsp.vacinagripe2-300x200.jpg","articleSection":["Sa\u00fade"],"inLanguage":"pt-BR","potentialAction":[{"@type":"CommentAction","name":"Comment","target":["https:\/\/blogdofarnesio.com.br\/?p=122914#respond"]}]},{"@type":"WebPage","@id":"https:\/\/blogdofarnesio.com.br\/?p=122914","url":"https:\/\/blogdofarnesio.com.br\/?p=122914","name":"JUAZEIRO TAMB\u00c9M COME\u00c7A HOJE CAMPANHA DE VACINA\u00c7\u00c3O CONTRA INFLUENZA - Blog do Farn\u00e9sio","isPartOf":{"@id":"https:\/\/blogdofarnesio.com.br\/#website"},"primaryImageOfPage":{"@id":"https:\/\/blogdofarnesio.com.br\/?p=122914#primaryimage"},"image":{"@id":"https:\/\/blogdofarnesio.com.br\/?p=122914#primaryimage"},"thumbnailUrl":"http:\/\/www.quersaberpolitica.com.br\/2016\/wp-content\/uploads\/2013\/04\/blogqsp.vacinagripe2-300x200.jpg","datePublished":"2015-05-03T12:42:09+00:00","dateModified":"2015-05-04T01:49:32+00:00","breadcrumb":{"@id":"https:\/\/blogdofarnesio.com.br\/?p=122914#breadcrumb"},"inLanguage":"pt-BR","potentialAction":[{"@type":"ReadAction","target":["https:\/\/blogdofarnesio.com.br\/?p=122914"]}]},{"@type":"ImageObject","inLanguage":"pt-BR","@id":"https:\/\/blogdofarnesio.com.br\/?p=122914#primaryimage","url":"http:\/\/www.quersaberpolitica.com.br\/2016\/wp-content\/uploads\/2013\/04\/blogqsp.vacinagripe2-300x200.jpg","contentUrl":"http:\/\/www.quersaberpolitica.com.br\/2016\/wp-content\/uploads\/2013\/04\/blogqsp.vacinagripe2-300x200.jpg"},{"@type":"BreadcrumbList","@id":"https:\/\/blogdofarnesio.com.br\/?p=122914#breadcrumb","itemListElement":[{"@type":"ListItem","position":1,"name":"In\u00edcio","item":"https:\/\/blogdofarnesio.com.br\/"},{"@type":"ListItem","position":2,"name":"JUAZEIRO TAMB\u00c9M COME\u00c7A HOJE CAMPANHA DE VACINA\u00c7\u00c3O CONTRA INFLUENZA"}]},{"@type":"WebSite","@id":"https:\/\/blogdofarnesio.com.br\/#website","url":"https:\/\/blogdofarnesio.com.br\/","name":"Blog do Farn\u00e9sio","description":"Quer Saber Pol\u00edtica?","publisher":{"@id":"https:\/\/blogdofarnesio.com.br\/#organization"},"potentialAction":[{"@type":"SearchAction","target":{"@type":"EntryPoint","urlTemplate":"https:\/\/blogdofarnesio.com.br\/?s={search_term_string}"},"query-input":{"@type":"PropertyValueSpecification","valueRequired":true,"valueName":"search_term_string"}}],"inLanguage":"pt-BR"},{"@type":"Organization","@id":"https:\/\/blogdofarnesio.com.br\/#organization","name":"Blog do Farn\u00e9sio","url":"https:\/\/blogdofarnesio.com.br\/","logo":{"@type":"ImageObject","inLanguage":"pt-BR","@id":"https:\/\/blogdofarnesio.com.br\/#\/schema\/logo\/image\/","url":"https:\/\/blogdofarnesio.com.br\/wp-content\/uploads\/2026\/03\/cropped-logo_new-1.png","contentUrl":"https:\/\/blogdofarnesio.com.br\/wp-content\/uploads\/2026\/03\/cropped-logo_new-1.png","width":881,"height":685,"caption":"Blog do Farn\u00e9sio"},"image":{"@id":"https:\/\/blogdofarnesio.com.br\/#\/schema\/logo\/image\/"},"sameAs":["https:\/\/www.facebook.com\/BlogQuerSaberPolitica\/"]},{"@type":"Person","@id":"","url":"https:\/\/blogdofarnesio.com.br\/?author=7"}]}},"_links":{"self":[{"href":"https:\/\/blogdofarnesio.com.br\/index.php?rest_route=\/wp\/v2\/posts\/122914","targetHints":{"allow":["GET"]}}],"collection":[{"href":"https:\/\/blogdofarnesio.com.br\/index.php?rest_route=\/wp\/v2\/posts"}],"about":[{"href":"https:\/\/blogdofarnesio.com.br\/index.php?rest_route=\/wp\/v2\/types\/post"}],"author":[{"embeddable":true,"href":"https:\/\/blogdofarnesio.com.br\/index.php?rest_route=\/wp\/v2\/users\/7"}],"replies":[{"embeddable":true,"href":"https:\/\/blogdofarnesio.com.br\/index.php?rest_route=%2Fwp%2Fv2%2Fcomments&post=122914"}],"version-history":[{"count":0,"href":"https:\/\/blogdofarnesio.com.br\/index.php?rest_route=\/wp\/v2\/posts\/122914\/revisions"}],"wp:attachment":[{"href":"https:\/\/blogdofarnesio.com.br\/index.php?rest_route=%2Fwp%2Fv2%2Fmedia&parent=122914"}],"wp:term":[{"taxonomy":"category","embeddable":true,"href":"https:\/\/blogdofarnesio.com.br\/index.php?rest_route=%2Fwp%2Fv2%2Fcategories&post=122914"},{"taxonomy":"post_tag","embeddable":true,"href":"https:\/\/blogdofarnesio.com.br\/index.php?rest_route=%2Fwp%2Fv2%2Ftags&post=122914"}],"curies":[{"name":"wp","href":"https:\/\/api.w.org\/{rel}","templated":true}]}}