{"id":122854,"date":"2015-04-29T15:00:34","date_gmt":"2015-04-29T18:00:34","guid":{"rendered":"http:\/\/www.quersaberpolitica.com.br\/?p=122854"},"modified":"2015-04-29T14:38:26","modified_gmt":"2015-04-29T17:38:26","slug":"petrolina-no-congemas","status":"publish","type":"post","link":"https:\/\/blogdofarnesio.com.br\/?p=122854","title":{"rendered":"PETROLINA NO CONGEMAS"},"content":{"rendered":"<p style=\"text-align: justify\"><a href=\"http:\/\/www.quersaberpolitica.com.br\/2016\/wp-content\/uploads\/2015\/04\/blogqsp.PETROLINA-NO-CONGEMAS.jpg\"><img loading=\"lazy\" decoding=\"async\" class=\" size-medium wp-image-122855 alignleft\" src=\"http:\/\/www.quersaberpolitica.com.br\/2016\/wp-content\/uploads\/2015\/04\/blogqsp.PETROLINA-NO-CONGEMAS-300x225.jpg\" alt=\"blogqsp.PETROLINA NO CONGEMAS\" width=\"300\" height=\"225\" srcset=\"https:\/\/blogdofarnesio.com.br\/wp-content\/uploads\/2015\/04\/blogqsp.PETROLINA-NO-CONGEMAS-300x225.jpg 300w, https:\/\/blogdofarnesio.com.br\/wp-content\/uploads\/2015\/04\/blogqsp.PETROLINA-NO-CONGEMAS-400x300.jpg 400w, https:\/\/blogdofarnesio.com.br\/wp-content\/uploads\/2015\/04\/blogqsp.PETROLINA-NO-CONGEMAS.jpg 448w\" sizes=\"auto, (max-width: 300px) 100vw, 300px\" \/><\/a>A capital Cearense \u2013 Fortaleza, recebe nestes\u00a0dias 28 a 30 de abril , no Centro de Eventos, o XVII Encontro Nacional do Colegiado de Gestores Municipais de Assist\u00eancia Social (CONGEMAS).<\/p>\n<p>O Sistema \u00danico de Assist\u00eancia Social (Suas) completa 10 anos de apoio e prote\u00e7\u00e3o \u00e0 popula\u00e7\u00e3o. Ap\u00f3s uma d\u00e9cada, a assist\u00eancia social segue como prioridade no governo federal, auxiliando a popula\u00e7\u00e3o com recursos e profissionais qualificados para garantir direitos, enfrentar a pobreza e proteger as pessoas mais vulner\u00e1veis.<\/p>\n<p style=\"text-align: justify\">O evento recebe cerca de tr\u00eas mil participantes e conta com a presen\u00e7a da ministra do Desenvolvimento Social e Combate \u00e0 Fome, Tereza Campello, do presidente do Congemas, Jos\u00e9 Rodrigues J\u00fanior, al\u00e9m de representantes de secretarias diversas do MDS, Governo do Estado, Prefeitura de Petrolina e demais cidades convidadas.<!--more--><\/p>\n<p>O tema central \u00e9 \u201cImplementa\u00e7\u00e3o do SUAS na pr\u00e1tica cotidiana da Gest\u00e3o P\u00fablica\u201d, ou seja, Sistema Unificado de Assist\u00eancia Social. \u00c9 desafio para governantes e, em especial, a Uni\u00e3o, provarem que h\u00e1 algo mais na \u00e1rea do que liberar Bolsa Fam\u00edlia, mostrando todos os programas sociais que s\u00e3o desenvolvidos pelo Sistema \u00fanico de Assist\u00eancia Social .<\/p>\n<p style=\"text-align: justify\"><!--more--><\/p>\n<p>A secret\u00e1ria nacional de Assist\u00eancia Social do Minist\u00e9rio do Desenvolvimento Social e Combate \u00e0 Fome (MDS), Ieda Castro, destaca que, em 2015, o objetivo \u00e9 fortalecer o Suas. O grande desafio, afirma a secret\u00e1ria, \u00e9 criar condi\u00e7\u00f5es para que a assist\u00eancia social seja vista como um direito da popula\u00e7\u00e3o e n\u00e3o como uma pol\u00edtica assistencialista. &#8220;N\u00f3s ainda temos algumas adversidades, como uma cultura pol\u00edtica muito conservadora de que a assist\u00eancia social \u00e9 uma ajuda. Vamos continuar investindo e apostando n\u00e3o s\u00f3 na pol\u00edtica de benef\u00edcio, mas na sustenta\u00e7\u00e3o da pol\u00edtica de assist\u00eancia social&#8221;, explica.<\/p>\n<p>Petrolina enviou sua comitiva com seis (06)participantes, que trar\u00e3o novos conceitos para serem implementadas na cidade , haja visto que o munic\u00edpio tem sido referencial para tantos outros em termos de assist\u00eancia social. Petrolina est\u00e1 entre as cem (100) melhores cidades no Pa\u00eds para se viver, segundo a revista EXAME , e isso reflete o trabalho do social que aqui \u00e9 desenvolvido.<\/p>\n<p>\u201cParticipar de um evento como esse, al\u00e9m de trazer novas id\u00e9ias, esclarece ainda mais o nosso papel como gestor de uma pasta t\u00e3o importante. \u00c9 preciso que esse conhecimento e entendimento esteja pautado no cotidiano da cidadania do munic\u00edpio\u201d. Disse a secret\u00e1ria de Cidadania C\u00e9lia Regina Carvalho.<\/p>\n<p>O Colegiado Nacional de Gestores Municipais de Assist\u00eancia Social (CONGEMAS) \u00e9 uma Associa\u00e7\u00e3o Civil, sem fins lucrativos, com autonomia administrativa, financeira e patrimonial, de dura\u00e7\u00e3o indeterminada, com sede e foro em Bras\u00edlia &#8211; DF desde abril de 2001, regendo-se por estatuto e normas pr\u00f3prias, representando os 5.570 munic\u00edpios brasileiros junto ao Governo Federal, especialmente junto ao Minist\u00e9rio do Desenvolvimento Social e Combate \u00e0 Fome &#8211; MDS, e aos governos estaduais, para fortalecer a representa\u00e7\u00e3o municipal nos Conselhos, Comiss\u00f5es e Colegiados, em todo o territ\u00f3rio nacional.<\/p>\n<p><em>Texto Cauby Fernandes\/Ascom Cidadania<\/em><\/p>\n","protected":false},"excerpt":{"rendered":"<p>A capital Cearense \u2013 Fortaleza, recebe nestes\u00a0dias 28 a 30 de abril , no Centro de Eventos, o XVII Encontro Nacional do Colegiado de Gestores Municipais de Assist\u00eancia Social (CONGEMAS). O Sistema \u00danico de Assist\u00eancia Social (Suas) completa 10 anos de apoio e prote\u00e7\u00e3o \u00e0 popula\u00e7\u00e3o. Ap\u00f3s uma d\u00e9cada, a assist\u00eancia social segue como prioridade no governo federal, auxiliando a popula\u00e7\u00e3o com recursos e profissionais qualificados para garantir direitos, enfrentar a pobreza e proteger as pessoas mais vulner\u00e1veis. O evento recebe cerca de tr\u00eas mil participantes e conta com a presen\u00e7a da ministra do Desenvolvimento Social e Combate \u00e0 Fome, Tereza Campello, do presidente do Congemas, Jos\u00e9 Rodrigues J\u00fanior, al\u00e9m de representantes de secretarias diversas do MDS, Governo do Estado,&hellip; <\/p>\n","protected":false},"author":7,"featured_media":0,"comment_status":"open","ping_status":"open","sticky":false,"template":"","format":"standard","meta":{"_acf_changed":false,"footnotes":""},"categories":[1],"tags":[],"class_list":["post-122854","post","type-post","status-publish","format-standard","hentry","category-politica"],"acf":[],"yoast_head":"<!-- This site is optimized with the Yoast SEO plugin v27.4 - https:\/\/yoast.com\/product\/yoast-seo-wordpress\/ -->\n<title>PETROLINA NO CONGEMAS - Blog do Farn\u00e9sio<\/title>\n<meta name=\"robots\" content=\"index, follow, max-snippet:-1, max-image-preview:large, max-video-preview:-1\" \/>\n<link rel=\"canonical\" href=\"https:\/\/blogdofarnesio.com.br\/?p=122854\" \/>\n<meta property=\"og:locale\" content=\"pt_BR\" \/>\n<meta property=\"og:type\" content=\"article\" \/>\n<meta property=\"og:title\" content=\"PETROLINA NO CONGEMAS - Blog do Farn\u00e9sio\" \/>\n<meta property=\"og:description\" content=\"A capital Cearense \u2013 Fortaleza, recebe nestes\u00a0dias 28 a 30 de abril , no Centro de Eventos, o XVII Encontro Nacional do Colegiado de Gestores Municipais de Assist\u00eancia Social (CONGEMAS). O Sistema \u00danico de Assist\u00eancia Social (Suas) completa 10 anos de apoio e prote\u00e7\u00e3o \u00e0 popula\u00e7\u00e3o. Ap\u00f3s uma d\u00e9cada, a assist\u00eancia social segue como prioridade no governo federal, auxiliando a popula\u00e7\u00e3o com recursos e profissionais qualificados para garantir direitos, enfrentar a pobreza e proteger as pessoas mais vulner\u00e1veis. O evento recebe cerca de tr\u00eas mil participantes e conta com a presen\u00e7a da ministra do Desenvolvimento Social e Combate \u00e0 Fome, Tereza Campello, do presidente do Congemas, Jos\u00e9 Rodrigues J\u00fanior, al\u00e9m de representantes de secretarias diversas do MDS, Governo do Estado,&hellip;\" \/>\n<meta property=\"og:url\" content=\"https:\/\/blogdofarnesio.com.br\/?p=122854\" \/>\n<meta property=\"og:site_name\" content=\"Blog do Farn\u00e9sio\" \/>\n<meta property=\"article:publisher\" content=\"https:\/\/www.facebook.com\/BlogQuerSaberPolitica\/\" \/>\n<meta property=\"article:published_time\" content=\"2015-04-29T18:00:34+00:00\" \/>\n<meta property=\"og:image\" content=\"http:\/\/www.quersaberpolitica.com.br\/2016\/wp-content\/uploads\/2015\/04\/blogqsp.PETROLINA-NO-CONGEMAS-300x225.jpg\" \/>\n<meta name=\"twitter:card\" content=\"summary_large_image\" \/>\n<meta name=\"twitter:label1\" content=\"Escrito por\" \/>\n\t<meta name=\"twitter:data1\" content=\"\" \/>\n\t<meta name=\"twitter:label2\" content=\"Est. tempo de leitura\" \/>\n\t<meta name=\"twitter:data2\" content=\"3 minutos\" \/>\n<script type=\"application\/ld+json\" class=\"yoast-schema-graph\">{\"@context\":\"https:\\\/\\\/schema.org\",\"@graph\":[{\"@type\":\"Article\",\"@id\":\"https:\\\/\\\/blogdofarnesio.com.br\\\/?p=122854#article\",\"isPartOf\":{\"@id\":\"https:\\\/\\\/blogdofarnesio.com.br\\\/?p=122854\"},\"author\":{\"name\":\"\",\"@id\":\"\"},\"headline\":\"PETROLINA NO CONGEMAS\",\"datePublished\":\"2015-04-29T18:00:34+00:00\",\"mainEntityOfPage\":{\"@id\":\"https:\\\/\\\/blogdofarnesio.com.br\\\/?p=122854\"},\"wordCount\":516,\"commentCount\":0,\"publisher\":{\"@id\":\"https:\\\/\\\/blogdofarnesio.com.br\\\/#organization\"},\"image\":{\"@id\":\"https:\\\/\\\/blogdofarnesio.com.br\\\/?p=122854#primaryimage\"},\"thumbnailUrl\":\"http:\\\/\\\/www.quersaberpolitica.com.br\\\/2016\\\/wp-content\\\/uploads\\\/2015\\\/04\\\/blogqsp.PETROLINA-NO-CONGEMAS-300x225.jpg\",\"articleSection\":[\"Pol\u00edtica\"],\"inLanguage\":\"pt-BR\",\"potentialAction\":[{\"@type\":\"CommentAction\",\"name\":\"Comment\",\"target\":[\"https:\\\/\\\/blogdofarnesio.com.br\\\/?p=122854#respond\"]}]},{\"@type\":\"WebPage\",\"@id\":\"https:\\\/\\\/blogdofarnesio.com.br\\\/?p=122854\",\"url\":\"https:\\\/\\\/blogdofarnesio.com.br\\\/?p=122854\",\"name\":\"PETROLINA NO CONGEMAS - Blog do Farn\u00e9sio\",\"isPartOf\":{\"@id\":\"https:\\\/\\\/blogdofarnesio.com.br\\\/#website\"},\"primaryImageOfPage\":{\"@id\":\"https:\\\/\\\/blogdofarnesio.com.br\\\/?p=122854#primaryimage\"},\"image\":{\"@id\":\"https:\\\/\\\/blogdofarnesio.com.br\\\/?p=122854#primaryimage\"},\"thumbnailUrl\":\"http:\\\/\\\/www.quersaberpolitica.com.br\\\/2016\\\/wp-content\\\/uploads\\\/2015\\\/04\\\/blogqsp.PETROLINA-NO-CONGEMAS-300x225.jpg\",\"datePublished\":\"2015-04-29T18:00:34+00:00\",\"breadcrumb\":{\"@id\":\"https:\\\/\\\/blogdofarnesio.com.br\\\/?p=122854#breadcrumb\"},\"inLanguage\":\"pt-BR\",\"potentialAction\":[{\"@type\":\"ReadAction\",\"target\":[\"https:\\\/\\\/blogdofarnesio.com.br\\\/?p=122854\"]}]},{\"@type\":\"ImageObject\",\"inLanguage\":\"pt-BR\",\"@id\":\"https:\\\/\\\/blogdofarnesio.com.br\\\/?p=122854#primaryimage\",\"url\":\"http:\\\/\\\/www.quersaberpolitica.com.br\\\/2016\\\/wp-content\\\/uploads\\\/2015\\\/04\\\/blogqsp.PETROLINA-NO-CONGEMAS-300x225.jpg\",\"contentUrl\":\"http:\\\/\\\/www.quersaberpolitica.com.br\\\/2016\\\/wp-content\\\/uploads\\\/2015\\\/04\\\/blogqsp.PETROLINA-NO-CONGEMAS-300x225.jpg\"},{\"@type\":\"BreadcrumbList\",\"@id\":\"https:\\\/\\\/blogdofarnesio.com.br\\\/?p=122854#breadcrumb\",\"itemListElement\":[{\"@type\":\"ListItem\",\"position\":1,\"name\":\"In\u00edcio\",\"item\":\"https:\\\/\\\/blogdofarnesio.com.br\\\/\"},{\"@type\":\"ListItem\",\"position\":2,\"name\":\"PETROLINA NO CONGEMAS\"}]},{\"@type\":\"WebSite\",\"@id\":\"https:\\\/\\\/blogdofarnesio.com.br\\\/#website\",\"url\":\"https:\\\/\\\/blogdofarnesio.com.br\\\/\",\"name\":\"Blog do Farn\u00e9sio\",\"description\":\"Quer Saber Pol\u00edtica?\",\"publisher\":{\"@id\":\"https:\\\/\\\/blogdofarnesio.com.br\\\/#organization\"},\"potentialAction\":[{\"@type\":\"SearchAction\",\"target\":{\"@type\":\"EntryPoint\",\"urlTemplate\":\"https:\\\/\\\/blogdofarnesio.com.br\\\/?s={search_term_string}\"},\"query-input\":{\"@type\":\"PropertyValueSpecification\",\"valueRequired\":true,\"valueName\":\"search_term_string\"}}],\"inLanguage\":\"pt-BR\"},{\"@type\":\"Organization\",\"@id\":\"https:\\\/\\\/blogdofarnesio.com.br\\\/#organization\",\"name\":\"Blog do Farn\u00e9sio\",\"url\":\"https:\\\/\\\/blogdofarnesio.com.br\\\/\",\"logo\":{\"@type\":\"ImageObject\",\"inLanguage\":\"pt-BR\",\"@id\":\"https:\\\/\\\/blogdofarnesio.com.br\\\/#\\\/schema\\\/logo\\\/image\\\/\",\"url\":\"https:\\\/\\\/blogdofarnesio.com.br\\\/wp-content\\\/uploads\\\/2026\\\/03\\\/cropped-logo_new-1.png\",\"contentUrl\":\"https:\\\/\\\/blogdofarnesio.com.br\\\/wp-content\\\/uploads\\\/2026\\\/03\\\/cropped-logo_new-1.png\",\"width\":881,\"height\":685,\"caption\":\"Blog do Farn\u00e9sio\"},\"image\":{\"@id\":\"https:\\\/\\\/blogdofarnesio.com.br\\\/#\\\/schema\\\/logo\\\/image\\\/\"},\"sameAs\":[\"https:\\\/\\\/www.facebook.com\\\/BlogQuerSaberPolitica\\\/\"]},{\"@type\":\"Person\",\"@id\":\"\",\"url\":\"https:\\\/\\\/blogdofarnesio.com.br\\\/?author=7\"}]}<\/script>\n<!-- \/ Yoast SEO plugin. -->","yoast_head_json":{"title":"PETROLINA NO CONGEMAS - Blog do Farn\u00e9sio","robots":{"index":"index","follow":"follow","max-snippet":"max-snippet:-1","max-image-preview":"max-image-preview:large","max-video-preview":"max-video-preview:-1"},"canonical":"https:\/\/blogdofarnesio.com.br\/?p=122854","og_locale":"pt_BR","og_type":"article","og_title":"PETROLINA NO CONGEMAS - Blog do Farn\u00e9sio","og_description":"A capital Cearense \u2013 Fortaleza, recebe nestes\u00a0dias 28 a 30 de abril , no Centro de Eventos, o XVII Encontro Nacional do Colegiado de Gestores Municipais de Assist\u00eancia Social (CONGEMAS). O Sistema \u00danico de Assist\u00eancia Social (Suas) completa 10 anos de apoio e prote\u00e7\u00e3o \u00e0 popula\u00e7\u00e3o. Ap\u00f3s uma d\u00e9cada, a assist\u00eancia social segue como prioridade no governo federal, auxiliando a popula\u00e7\u00e3o com recursos e profissionais qualificados para garantir direitos, enfrentar a pobreza e proteger as pessoas mais vulner\u00e1veis. O evento recebe cerca de tr\u00eas mil participantes e conta com a presen\u00e7a da ministra do Desenvolvimento Social e Combate \u00e0 Fome, Tereza Campello, do presidente do Congemas, Jos\u00e9 Rodrigues J\u00fanior, al\u00e9m de representantes de secretarias diversas do MDS, Governo do Estado,&hellip;","og_url":"https:\/\/blogdofarnesio.com.br\/?p=122854","og_site_name":"Blog do Farn\u00e9sio","article_publisher":"https:\/\/www.facebook.com\/BlogQuerSaberPolitica\/","article_published_time":"2015-04-29T18:00:34+00:00","og_image":[{"url":"http:\/\/www.quersaberpolitica.com.br\/2016\/wp-content\/uploads\/2015\/04\/blogqsp.PETROLINA-NO-CONGEMAS-300x225.jpg","type":"","width":"","height":""}],"twitter_card":"summary_large_image","twitter_misc":{"Escrito por":"","Est. tempo de leitura":"3 minutos"},"schema":{"@context":"https:\/\/schema.org","@graph":[{"@type":"Article","@id":"https:\/\/blogdofarnesio.com.br\/?p=122854#article","isPartOf":{"@id":"https:\/\/blogdofarnesio.com.br\/?p=122854"},"author":{"name":"","@id":""},"headline":"PETROLINA NO CONGEMAS","datePublished":"2015-04-29T18:00:34+00:00","mainEntityOfPage":{"@id":"https:\/\/blogdofarnesio.com.br\/?p=122854"},"wordCount":516,"commentCount":0,"publisher":{"@id":"https:\/\/blogdofarnesio.com.br\/#organization"},"image":{"@id":"https:\/\/blogdofarnesio.com.br\/?p=122854#primaryimage"},"thumbnailUrl":"http:\/\/www.quersaberpolitica.com.br\/2016\/wp-content\/uploads\/2015\/04\/blogqsp.PETROLINA-NO-CONGEMAS-300x225.jpg","articleSection":["Pol\u00edtica"],"inLanguage":"pt-BR","potentialAction":[{"@type":"CommentAction","name":"Comment","target":["https:\/\/blogdofarnesio.com.br\/?p=122854#respond"]}]},{"@type":"WebPage","@id":"https:\/\/blogdofarnesio.com.br\/?p=122854","url":"https:\/\/blogdofarnesio.com.br\/?p=122854","name":"PETROLINA NO CONGEMAS - Blog do Farn\u00e9sio","isPartOf":{"@id":"https:\/\/blogdofarnesio.com.br\/#website"},"primaryImageOfPage":{"@id":"https:\/\/blogdofarnesio.com.br\/?p=122854#primaryimage"},"image":{"@id":"https:\/\/blogdofarnesio.com.br\/?p=122854#primaryimage"},"thumbnailUrl":"http:\/\/www.quersaberpolitica.com.br\/2016\/wp-content\/uploads\/2015\/04\/blogqsp.PETROLINA-NO-CONGEMAS-300x225.jpg","datePublished":"2015-04-29T18:00:34+00:00","breadcrumb":{"@id":"https:\/\/blogdofarnesio.com.br\/?p=122854#breadcrumb"},"inLanguage":"pt-BR","potentialAction":[{"@type":"ReadAction","target":["https:\/\/blogdofarnesio.com.br\/?p=122854"]}]},{"@type":"ImageObject","inLanguage":"pt-BR","@id":"https:\/\/blogdofarnesio.com.br\/?p=122854#primaryimage","url":"http:\/\/www.quersaberpolitica.com.br\/2016\/wp-content\/uploads\/2015\/04\/blogqsp.PETROLINA-NO-CONGEMAS-300x225.jpg","contentUrl":"http:\/\/www.quersaberpolitica.com.br\/2016\/wp-content\/uploads\/2015\/04\/blogqsp.PETROLINA-NO-CONGEMAS-300x225.jpg"},{"@type":"BreadcrumbList","@id":"https:\/\/blogdofarnesio.com.br\/?p=122854#breadcrumb","itemListElement":[{"@type":"ListItem","position":1,"name":"In\u00edcio","item":"https:\/\/blogdofarnesio.com.br\/"},{"@type":"ListItem","position":2,"name":"PETROLINA NO CONGEMAS"}]},{"@type":"WebSite","@id":"https:\/\/blogdofarnesio.com.br\/#website","url":"https:\/\/blogdofarnesio.com.br\/","name":"Blog do Farn\u00e9sio","description":"Quer Saber Pol\u00edtica?","publisher":{"@id":"https:\/\/blogdofarnesio.com.br\/#organization"},"potentialAction":[{"@type":"SearchAction","target":{"@type":"EntryPoint","urlTemplate":"https:\/\/blogdofarnesio.com.br\/?s={search_term_string}"},"query-input":{"@type":"PropertyValueSpecification","valueRequired":true,"valueName":"search_term_string"}}],"inLanguage":"pt-BR"},{"@type":"Organization","@id":"https:\/\/blogdofarnesio.com.br\/#organization","name":"Blog do Farn\u00e9sio","url":"https:\/\/blogdofarnesio.com.br\/","logo":{"@type":"ImageObject","inLanguage":"pt-BR","@id":"https:\/\/blogdofarnesio.com.br\/#\/schema\/logo\/image\/","url":"https:\/\/blogdofarnesio.com.br\/wp-content\/uploads\/2026\/03\/cropped-logo_new-1.png","contentUrl":"https:\/\/blogdofarnesio.com.br\/wp-content\/uploads\/2026\/03\/cropped-logo_new-1.png","width":881,"height":685,"caption":"Blog do Farn\u00e9sio"},"image":{"@id":"https:\/\/blogdofarnesio.com.br\/#\/schema\/logo\/image\/"},"sameAs":["https:\/\/www.facebook.com\/BlogQuerSaberPolitica\/"]},{"@type":"Person","@id":"","url":"https:\/\/blogdofarnesio.com.br\/?author=7"}]}},"_links":{"self":[{"href":"https:\/\/blogdofarnesio.com.br\/index.php?rest_route=\/wp\/v2\/posts\/122854","targetHints":{"allow":["GET"]}}],"collection":[{"href":"https:\/\/blogdofarnesio.com.br\/index.php?rest_route=\/wp\/v2\/posts"}],"about":[{"href":"https:\/\/blogdofarnesio.com.br\/index.php?rest_route=\/wp\/v2\/types\/post"}],"author":[{"embeddable":true,"href":"https:\/\/blogdofarnesio.com.br\/index.php?rest_route=\/wp\/v2\/users\/7"}],"replies":[{"embeddable":true,"href":"https:\/\/blogdofarnesio.com.br\/index.php?rest_route=%2Fwp%2Fv2%2Fcomments&post=122854"}],"version-history":[{"count":0,"href":"https:\/\/blogdofarnesio.com.br\/index.php?rest_route=\/wp\/v2\/posts\/122854\/revisions"}],"wp:attachment":[{"href":"https:\/\/blogdofarnesio.com.br\/index.php?rest_route=%2Fwp%2Fv2%2Fmedia&parent=122854"}],"wp:term":[{"taxonomy":"category","embeddable":true,"href":"https:\/\/blogdofarnesio.com.br\/index.php?rest_route=%2Fwp%2Fv2%2Fcategories&post=122854"},{"taxonomy":"post_tag","embeddable":true,"href":"https:\/\/blogdofarnesio.com.br\/index.php?rest_route=%2Fwp%2Fv2%2Ftags&post=122854"}],"curies":[{"name":"wp","href":"https:\/\/api.w.org\/{rel}","templated":true}]}}