{"id":122825,"date":"2015-04-29T14:41:34","date_gmt":"2015-04-29T17:41:34","guid":{"rendered":"http:\/\/www.quersaberpolitica.com.br\/?p=122825"},"modified":"2015-04-29T10:35:35","modified_gmt":"2015-04-29T13:35:35","slug":"unicef-marcara-presenca-na-5a-semana-do-bebe-de-juazeiro","status":"publish","type":"post","link":"https:\/\/blogdofarnesio.com.br\/?p=122825","title":{"rendered":"UNICEF MARCAR\u00c1 PRESEN\u00c7A NA 5\u00aa SEMANA DO BEB\u00ca DE JUAZEIRO"},"content":{"rendered":"<p style=\"text-align: justify\"><a href=\"http:\/\/www.quersaberpolitica.com.br\/2016\/wp-content\/uploads\/2015\/04\/blogqspsemanadobebe-1.jpg\"><img loading=\"lazy\" decoding=\"async\" class=\"aligncenter size-full wp-image-122350\" src=\"http:\/\/www.quersaberpolitica.com.br\/2016\/wp-content\/uploads\/2015\/04\/blogqspsemanadobebe-1.jpg\" alt=\"blogqspsemanadobebe (1)\" width=\"350\" height=\"211\" srcset=\"https:\/\/blogdofarnesio.com.br\/wp-content\/uploads\/2015\/04\/blogqspsemanadobebe-1.jpg 350w, https:\/\/blogdofarnesio.com.br\/wp-content\/uploads\/2015\/04\/blogqspsemanadobebe-1-300x181.jpg 300w\" sizes=\"auto, (max-width: 350px) 100vw, 350px\" \/><\/a><\/p>\n<p style=\"text-align: justify\">A Semana do Beb\u00ea \u00e9 uma estrat\u00e9gia de mobiliza\u00e7\u00e3o social apoiada pelo UNICEF, realizada atrav\u00e9s de oficinas, cursos, palestras e atividades art\u00edsticas e culturais e tem como objetivo tornar o direito \u00e0 sobreviv\u00eancia e ao desenvolvimento de crian\u00e7as de at\u00e9 seis anos prioridade na agenda dos munic\u00edpios brasileiros. Em Juazeiro, o evento acontece de 10 a 16 de maio sendo a 5\u00aa Semana do Beb\u00ea no munic\u00edpio.<\/p>\n<p style=\"text-align: justify\">Essa edi\u00e7\u00e3o est\u00e1 cheia de novidades, pois o munic\u00edpio convidou Petrolina e Sobradinho para a realiza\u00e7\u00e3o de a\u00e7\u00f5es que envolvem os direitos da primeira inf\u00e2ncia. Em Sobradinho ser\u00e1 realizada a primeira Semana do Beb\u00ea, com o tema &#8220;Fortalecendo a Primeira Inf\u00e2ncia no Semi\u00e1rido&#8221;, j\u00e1 em Petrolina, acontece no m\u00eas de novembro, mas as equipes estar\u00e3o mobilizadas durante a semana com atividades voltadas ao tema.<\/p>\n<p style=\"text-align: justify\">Essa iniciativa tem o objetivo de fazer uma integra\u00e7\u00e3o regional entre as cidades do Vale do S\u00e3o Francisco, incentivando outras a realizarem o evento, t\u00e3o importante para garantir os direitos da primeira inf\u00e2ncia, dos adolescentes, da fam\u00edlia e sociedade.<\/p>\n<p style=\"text-align: justify\"><!--more--><\/p>\n<p style=\"text-align: justify\">Este ano, haver\u00e1 a presen\u00e7a de representantes do UNICEF ministrando palestras na 5\u00aa Semana do Beb\u00ea 2015. A presidente da Rede pela Humaniza\u00e7\u00e3o do Parto e Nascimento &#8211; ReHuNa, Daphnne Rattner, ir\u00e1 ministrar a palestra magna do Parto e Nascimento Humanizado. Carolina Velho, tamb\u00e9m representante do UNICEF,\u00a0 ir\u00e1 palestrar sobre \u2018O direito de brincar\u2019.<\/p>\n<p style=\"text-align: justify\">\u00a0A UNIVASF tamb\u00e9m tem parceira na comiss\u00e3o da 5\u00aa Semana do Beb\u00ea de Juazeiro com a realiza\u00e7\u00e3o de palestras, mesas redondas, minicursos e est\u00e1 com uma programa\u00e7\u00e3o ampla, as vagas s\u00e3o direcionadas a todos os interessados. Ser\u00e3o 140 vagas na abertura do evento, realizado no mini-audit\u00f3rio e 58 vagas por turno nas outras.<\/p>\n<p style=\"text-align: justify\">Durante a programa\u00e7\u00e3o a Univasf de Juazeiro e Petrolina realizar\u00e3o capacita\u00e7\u00f5es para os profissionais de diversas \u00e1reas, tamb\u00e9m abertas a outras cidades, bem como estudantes e popula\u00e7\u00e3o. Qualquer cidad\u00e3o poder\u00e1 participar, atrav\u00e9s do N\u00facleo de Humaniza\u00e7\u00e3o ou pelo telefone <a href=\"tel:74-3612-3631\">74-3612-3631<\/a> e realizar a pr\u00e9-inscri\u00e7\u00e3o para os temas dispon\u00edveis no evento.<\/p>\n<p style=\"text-align: justify\">&#8220;\u00c9 impressionante ver a receptividade e mobiliza\u00e7\u00e3o dos munic\u00edpios participantes da Semana do Beb\u00ea. A proposta de uni\u00e3o pelos direitos da primeira inf\u00e2ncia foi completamente aceita e todos se sentem co-respons\u00e1veis&#8221;, disse Carla Lorena Pesqueira,\u00a0 diretora de Humaniza\u00e7\u00e3o .<\/p>\n<p style=\"text-align: justify\"><em>Por Daniela Duarte\/SESAU<\/em><\/p>\n","protected":false},"excerpt":{"rendered":"<p>A Semana do Beb\u00ea \u00e9 uma estrat\u00e9gia de mobiliza\u00e7\u00e3o social apoiada pelo UNICEF, realizada atrav\u00e9s de oficinas, cursos, palestras e atividades art\u00edsticas e culturais e tem como objetivo tornar o direito \u00e0 sobreviv\u00eancia e ao desenvolvimento de crian\u00e7as de at\u00e9 seis anos prioridade na agenda dos munic\u00edpios brasileiros. Em Juazeiro, o evento acontece de 10 a 16 de maio sendo a 5\u00aa Semana do Beb\u00ea no munic\u00edpio. Essa edi\u00e7\u00e3o est\u00e1 cheia de novidades, pois o munic\u00edpio convidou Petrolina e Sobradinho para a realiza\u00e7\u00e3o de a\u00e7\u00f5es que envolvem os direitos da primeira inf\u00e2ncia. Em Sobradinho ser\u00e1 realizada a primeira Semana do Beb\u00ea, com o tema &#8220;Fortalecendo a Primeira Inf\u00e2ncia no Semi\u00e1rido&#8221;, j\u00e1 em Petrolina, acontece no m\u00eas de novembro, mas as&hellip; <\/p>\n","protected":false},"author":7,"featured_media":0,"comment_status":"open","ping_status":"open","sticky":false,"template":"","format":"standard","meta":{"_acf_changed":false,"footnotes":""},"categories":[1],"tags":[],"class_list":["post-122825","post","type-post","status-publish","format-standard","hentry","category-politica"],"acf":[],"yoast_head":"<!-- This site is optimized with the Yoast SEO plugin v27.4 - https:\/\/yoast.com\/product\/yoast-seo-wordpress\/ -->\n<title>UNICEF MARCAR\u00c1 PRESEN\u00c7A NA 5\u00aa SEMANA DO BEB\u00ca DE JUAZEIRO - Blog do Farn\u00e9sio<\/title>\n<meta name=\"robots\" content=\"index, follow, max-snippet:-1, max-image-preview:large, max-video-preview:-1\" \/>\n<link rel=\"canonical\" href=\"https:\/\/blogdofarnesio.com.br\/?p=122825\" \/>\n<meta property=\"og:locale\" content=\"pt_BR\" \/>\n<meta property=\"og:type\" content=\"article\" \/>\n<meta property=\"og:title\" content=\"UNICEF MARCAR\u00c1 PRESEN\u00c7A NA 5\u00aa SEMANA DO BEB\u00ca DE JUAZEIRO - Blog do Farn\u00e9sio\" \/>\n<meta property=\"og:description\" content=\"A Semana do Beb\u00ea \u00e9 uma estrat\u00e9gia de mobiliza\u00e7\u00e3o social apoiada pelo UNICEF, realizada atrav\u00e9s de oficinas, cursos, palestras e atividades art\u00edsticas e culturais e tem como objetivo tornar o direito \u00e0 sobreviv\u00eancia e ao desenvolvimento de crian\u00e7as de at\u00e9 seis anos prioridade na agenda dos munic\u00edpios brasileiros. Em Juazeiro, o evento acontece de 10 a 16 de maio sendo a 5\u00aa Semana do Beb\u00ea no munic\u00edpio. Essa edi\u00e7\u00e3o est\u00e1 cheia de novidades, pois o munic\u00edpio convidou Petrolina e Sobradinho para a realiza\u00e7\u00e3o de a\u00e7\u00f5es que envolvem os direitos da primeira inf\u00e2ncia. Em Sobradinho ser\u00e1 realizada a primeira Semana do Beb\u00ea, com o tema &#8220;Fortalecendo a Primeira Inf\u00e2ncia no Semi\u00e1rido&#8221;, j\u00e1 em Petrolina, acontece no m\u00eas de novembro, mas as&hellip;\" \/>\n<meta property=\"og:url\" content=\"https:\/\/blogdofarnesio.com.br\/?p=122825\" \/>\n<meta property=\"og:site_name\" content=\"Blog do Farn\u00e9sio\" \/>\n<meta property=\"article:publisher\" content=\"https:\/\/www.facebook.com\/BlogQuerSaberPolitica\/\" \/>\n<meta property=\"article:published_time\" content=\"2015-04-29T17:41:34+00:00\" \/>\n<meta property=\"og:image\" content=\"http:\/\/www.quersaberpolitica.com.br\/2016\/wp-content\/uploads\/2015\/04\/blogqspsemanadobebe-1.jpg\" \/>\n<meta name=\"twitter:card\" content=\"summary_large_image\" \/>\n<meta name=\"twitter:label1\" content=\"Escrito por\" \/>\n\t<meta name=\"twitter:data1\" content=\"\" \/>\n\t<meta name=\"twitter:label2\" content=\"Est. tempo de leitura\" \/>\n\t<meta name=\"twitter:data2\" content=\"2 minutos\" \/>\n<script type=\"application\/ld+json\" class=\"yoast-schema-graph\">{\"@context\":\"https:\\\/\\\/schema.org\",\"@graph\":[{\"@type\":\"Article\",\"@id\":\"https:\\\/\\\/blogdofarnesio.com.br\\\/?p=122825#article\",\"isPartOf\":{\"@id\":\"https:\\\/\\\/blogdofarnesio.com.br\\\/?p=122825\"},\"author\":{\"name\":\"\",\"@id\":\"\"},\"headline\":\"UNICEF MARCAR\u00c1 PRESEN\u00c7A NA 5\u00aa SEMANA DO BEB\u00ca DE JUAZEIRO\",\"datePublished\":\"2015-04-29T17:41:34+00:00\",\"mainEntityOfPage\":{\"@id\":\"https:\\\/\\\/blogdofarnesio.com.br\\\/?p=122825\"},\"wordCount\":419,\"commentCount\":0,\"publisher\":{\"@id\":\"https:\\\/\\\/blogdofarnesio.com.br\\\/#organization\"},\"image\":{\"@id\":\"https:\\\/\\\/blogdofarnesio.com.br\\\/?p=122825#primaryimage\"},\"thumbnailUrl\":\"http:\\\/\\\/www.quersaberpolitica.com.br\\\/2016\\\/wp-content\\\/uploads\\\/2015\\\/04\\\/blogqspsemanadobebe-1.jpg\",\"articleSection\":[\"Pol\u00edtica\"],\"inLanguage\":\"pt-BR\",\"potentialAction\":[{\"@type\":\"CommentAction\",\"name\":\"Comment\",\"target\":[\"https:\\\/\\\/blogdofarnesio.com.br\\\/?p=122825#respond\"]}]},{\"@type\":\"WebPage\",\"@id\":\"https:\\\/\\\/blogdofarnesio.com.br\\\/?p=122825\",\"url\":\"https:\\\/\\\/blogdofarnesio.com.br\\\/?p=122825\",\"name\":\"UNICEF MARCAR\u00c1 PRESEN\u00c7A NA 5\u00aa SEMANA DO BEB\u00ca DE JUAZEIRO - Blog do Farn\u00e9sio\",\"isPartOf\":{\"@id\":\"https:\\\/\\\/blogdofarnesio.com.br\\\/#website\"},\"primaryImageOfPage\":{\"@id\":\"https:\\\/\\\/blogdofarnesio.com.br\\\/?p=122825#primaryimage\"},\"image\":{\"@id\":\"https:\\\/\\\/blogdofarnesio.com.br\\\/?p=122825#primaryimage\"},\"thumbnailUrl\":\"http:\\\/\\\/www.quersaberpolitica.com.br\\\/2016\\\/wp-content\\\/uploads\\\/2015\\\/04\\\/blogqspsemanadobebe-1.jpg\",\"datePublished\":\"2015-04-29T17:41:34+00:00\",\"breadcrumb\":{\"@id\":\"https:\\\/\\\/blogdofarnesio.com.br\\\/?p=122825#breadcrumb\"},\"inLanguage\":\"pt-BR\",\"potentialAction\":[{\"@type\":\"ReadAction\",\"target\":[\"https:\\\/\\\/blogdofarnesio.com.br\\\/?p=122825\"]}]},{\"@type\":\"ImageObject\",\"inLanguage\":\"pt-BR\",\"@id\":\"https:\\\/\\\/blogdofarnesio.com.br\\\/?p=122825#primaryimage\",\"url\":\"http:\\\/\\\/www.quersaberpolitica.com.br\\\/2016\\\/wp-content\\\/uploads\\\/2015\\\/04\\\/blogqspsemanadobebe-1.jpg\",\"contentUrl\":\"http:\\\/\\\/www.quersaberpolitica.com.br\\\/2016\\\/wp-content\\\/uploads\\\/2015\\\/04\\\/blogqspsemanadobebe-1.jpg\"},{\"@type\":\"BreadcrumbList\",\"@id\":\"https:\\\/\\\/blogdofarnesio.com.br\\\/?p=122825#breadcrumb\",\"itemListElement\":[{\"@type\":\"ListItem\",\"position\":1,\"name\":\"In\u00edcio\",\"item\":\"https:\\\/\\\/blogdofarnesio.com.br\\\/\"},{\"@type\":\"ListItem\",\"position\":2,\"name\":\"UNICEF MARCAR\u00c1 PRESEN\u00c7A NA 5\u00aa SEMANA DO BEB\u00ca DE JUAZEIRO\"}]},{\"@type\":\"WebSite\",\"@id\":\"https:\\\/\\\/blogdofarnesio.com.br\\\/#website\",\"url\":\"https:\\\/\\\/blogdofarnesio.com.br\\\/\",\"name\":\"Blog do Farn\u00e9sio\",\"description\":\"Quer Saber Pol\u00edtica?\",\"publisher\":{\"@id\":\"https:\\\/\\\/blogdofarnesio.com.br\\\/#organization\"},\"potentialAction\":[{\"@type\":\"SearchAction\",\"target\":{\"@type\":\"EntryPoint\",\"urlTemplate\":\"https:\\\/\\\/blogdofarnesio.com.br\\\/?s={search_term_string}\"},\"query-input\":{\"@type\":\"PropertyValueSpecification\",\"valueRequired\":true,\"valueName\":\"search_term_string\"}}],\"inLanguage\":\"pt-BR\"},{\"@type\":\"Organization\",\"@id\":\"https:\\\/\\\/blogdofarnesio.com.br\\\/#organization\",\"name\":\"Blog do Farn\u00e9sio\",\"url\":\"https:\\\/\\\/blogdofarnesio.com.br\\\/\",\"logo\":{\"@type\":\"ImageObject\",\"inLanguage\":\"pt-BR\",\"@id\":\"https:\\\/\\\/blogdofarnesio.com.br\\\/#\\\/schema\\\/logo\\\/image\\\/\",\"url\":\"https:\\\/\\\/blogdofarnesio.com.br\\\/wp-content\\\/uploads\\\/2026\\\/03\\\/cropped-logo_new-1.png\",\"contentUrl\":\"https:\\\/\\\/blogdofarnesio.com.br\\\/wp-content\\\/uploads\\\/2026\\\/03\\\/cropped-logo_new-1.png\",\"width\":881,\"height\":685,\"caption\":\"Blog do Farn\u00e9sio\"},\"image\":{\"@id\":\"https:\\\/\\\/blogdofarnesio.com.br\\\/#\\\/schema\\\/logo\\\/image\\\/\"},\"sameAs\":[\"https:\\\/\\\/www.facebook.com\\\/BlogQuerSaberPolitica\\\/\"]},{\"@type\":\"Person\",\"@id\":\"\",\"url\":\"https:\\\/\\\/blogdofarnesio.com.br\\\/?author=7\"}]}<\/script>\n<!-- \/ Yoast SEO plugin. -->","yoast_head_json":{"title":"UNICEF MARCAR\u00c1 PRESEN\u00c7A NA 5\u00aa SEMANA DO BEB\u00ca DE JUAZEIRO - Blog do Farn\u00e9sio","robots":{"index":"index","follow":"follow","max-snippet":"max-snippet:-1","max-image-preview":"max-image-preview:large","max-video-preview":"max-video-preview:-1"},"canonical":"https:\/\/blogdofarnesio.com.br\/?p=122825","og_locale":"pt_BR","og_type":"article","og_title":"UNICEF MARCAR\u00c1 PRESEN\u00c7A NA 5\u00aa SEMANA DO BEB\u00ca DE JUAZEIRO - Blog do Farn\u00e9sio","og_description":"A Semana do Beb\u00ea \u00e9 uma estrat\u00e9gia de mobiliza\u00e7\u00e3o social apoiada pelo UNICEF, realizada atrav\u00e9s de oficinas, cursos, palestras e atividades art\u00edsticas e culturais e tem como objetivo tornar o direito \u00e0 sobreviv\u00eancia e ao desenvolvimento de crian\u00e7as de at\u00e9 seis anos prioridade na agenda dos munic\u00edpios brasileiros. Em Juazeiro, o evento acontece de 10 a 16 de maio sendo a 5\u00aa Semana do Beb\u00ea no munic\u00edpio. Essa edi\u00e7\u00e3o est\u00e1 cheia de novidades, pois o munic\u00edpio convidou Petrolina e Sobradinho para a realiza\u00e7\u00e3o de a\u00e7\u00f5es que envolvem os direitos da primeira inf\u00e2ncia. Em Sobradinho ser\u00e1 realizada a primeira Semana do Beb\u00ea, com o tema &#8220;Fortalecendo a Primeira Inf\u00e2ncia no Semi\u00e1rido&#8221;, j\u00e1 em Petrolina, acontece no m\u00eas de novembro, mas as&hellip;","og_url":"https:\/\/blogdofarnesio.com.br\/?p=122825","og_site_name":"Blog do Farn\u00e9sio","article_publisher":"https:\/\/www.facebook.com\/BlogQuerSaberPolitica\/","article_published_time":"2015-04-29T17:41:34+00:00","og_image":[{"url":"http:\/\/www.quersaberpolitica.com.br\/2016\/wp-content\/uploads\/2015\/04\/blogqspsemanadobebe-1.jpg","type":"","width":"","height":""}],"twitter_card":"summary_large_image","twitter_misc":{"Escrito por":"","Est. tempo de leitura":"2 minutos"},"schema":{"@context":"https:\/\/schema.org","@graph":[{"@type":"Article","@id":"https:\/\/blogdofarnesio.com.br\/?p=122825#article","isPartOf":{"@id":"https:\/\/blogdofarnesio.com.br\/?p=122825"},"author":{"name":"","@id":""},"headline":"UNICEF MARCAR\u00c1 PRESEN\u00c7A NA 5\u00aa SEMANA DO BEB\u00ca DE JUAZEIRO","datePublished":"2015-04-29T17:41:34+00:00","mainEntityOfPage":{"@id":"https:\/\/blogdofarnesio.com.br\/?p=122825"},"wordCount":419,"commentCount":0,"publisher":{"@id":"https:\/\/blogdofarnesio.com.br\/#organization"},"image":{"@id":"https:\/\/blogdofarnesio.com.br\/?p=122825#primaryimage"},"thumbnailUrl":"http:\/\/www.quersaberpolitica.com.br\/2016\/wp-content\/uploads\/2015\/04\/blogqspsemanadobebe-1.jpg","articleSection":["Pol\u00edtica"],"inLanguage":"pt-BR","potentialAction":[{"@type":"CommentAction","name":"Comment","target":["https:\/\/blogdofarnesio.com.br\/?p=122825#respond"]}]},{"@type":"WebPage","@id":"https:\/\/blogdofarnesio.com.br\/?p=122825","url":"https:\/\/blogdofarnesio.com.br\/?p=122825","name":"UNICEF MARCAR\u00c1 PRESEN\u00c7A NA 5\u00aa SEMANA DO BEB\u00ca DE JUAZEIRO - Blog do Farn\u00e9sio","isPartOf":{"@id":"https:\/\/blogdofarnesio.com.br\/#website"},"primaryImageOfPage":{"@id":"https:\/\/blogdofarnesio.com.br\/?p=122825#primaryimage"},"image":{"@id":"https:\/\/blogdofarnesio.com.br\/?p=122825#primaryimage"},"thumbnailUrl":"http:\/\/www.quersaberpolitica.com.br\/2016\/wp-content\/uploads\/2015\/04\/blogqspsemanadobebe-1.jpg","datePublished":"2015-04-29T17:41:34+00:00","breadcrumb":{"@id":"https:\/\/blogdofarnesio.com.br\/?p=122825#breadcrumb"},"inLanguage":"pt-BR","potentialAction":[{"@type":"ReadAction","target":["https:\/\/blogdofarnesio.com.br\/?p=122825"]}]},{"@type":"ImageObject","inLanguage":"pt-BR","@id":"https:\/\/blogdofarnesio.com.br\/?p=122825#primaryimage","url":"http:\/\/www.quersaberpolitica.com.br\/2016\/wp-content\/uploads\/2015\/04\/blogqspsemanadobebe-1.jpg","contentUrl":"http:\/\/www.quersaberpolitica.com.br\/2016\/wp-content\/uploads\/2015\/04\/blogqspsemanadobebe-1.jpg"},{"@type":"BreadcrumbList","@id":"https:\/\/blogdofarnesio.com.br\/?p=122825#breadcrumb","itemListElement":[{"@type":"ListItem","position":1,"name":"In\u00edcio","item":"https:\/\/blogdofarnesio.com.br\/"},{"@type":"ListItem","position":2,"name":"UNICEF MARCAR\u00c1 PRESEN\u00c7A NA 5\u00aa SEMANA DO BEB\u00ca DE JUAZEIRO"}]},{"@type":"WebSite","@id":"https:\/\/blogdofarnesio.com.br\/#website","url":"https:\/\/blogdofarnesio.com.br\/","name":"Blog do Farn\u00e9sio","description":"Quer Saber Pol\u00edtica?","publisher":{"@id":"https:\/\/blogdofarnesio.com.br\/#organization"},"potentialAction":[{"@type":"SearchAction","target":{"@type":"EntryPoint","urlTemplate":"https:\/\/blogdofarnesio.com.br\/?s={search_term_string}"},"query-input":{"@type":"PropertyValueSpecification","valueRequired":true,"valueName":"search_term_string"}}],"inLanguage":"pt-BR"},{"@type":"Organization","@id":"https:\/\/blogdofarnesio.com.br\/#organization","name":"Blog do Farn\u00e9sio","url":"https:\/\/blogdofarnesio.com.br\/","logo":{"@type":"ImageObject","inLanguage":"pt-BR","@id":"https:\/\/blogdofarnesio.com.br\/#\/schema\/logo\/image\/","url":"https:\/\/blogdofarnesio.com.br\/wp-content\/uploads\/2026\/03\/cropped-logo_new-1.png","contentUrl":"https:\/\/blogdofarnesio.com.br\/wp-content\/uploads\/2026\/03\/cropped-logo_new-1.png","width":881,"height":685,"caption":"Blog do Farn\u00e9sio"},"image":{"@id":"https:\/\/blogdofarnesio.com.br\/#\/schema\/logo\/image\/"},"sameAs":["https:\/\/www.facebook.com\/BlogQuerSaberPolitica\/"]},{"@type":"Person","@id":"","url":"https:\/\/blogdofarnesio.com.br\/?author=7"}]}},"_links":{"self":[{"href":"https:\/\/blogdofarnesio.com.br\/index.php?rest_route=\/wp\/v2\/posts\/122825","targetHints":{"allow":["GET"]}}],"collection":[{"href":"https:\/\/blogdofarnesio.com.br\/index.php?rest_route=\/wp\/v2\/posts"}],"about":[{"href":"https:\/\/blogdofarnesio.com.br\/index.php?rest_route=\/wp\/v2\/types\/post"}],"author":[{"embeddable":true,"href":"https:\/\/blogdofarnesio.com.br\/index.php?rest_route=\/wp\/v2\/users\/7"}],"replies":[{"embeddable":true,"href":"https:\/\/blogdofarnesio.com.br\/index.php?rest_route=%2Fwp%2Fv2%2Fcomments&post=122825"}],"version-history":[{"count":0,"href":"https:\/\/blogdofarnesio.com.br\/index.php?rest_route=\/wp\/v2\/posts\/122825\/revisions"}],"wp:attachment":[{"href":"https:\/\/blogdofarnesio.com.br\/index.php?rest_route=%2Fwp%2Fv2%2Fmedia&parent=122825"}],"wp:term":[{"taxonomy":"category","embeddable":true,"href":"https:\/\/blogdofarnesio.com.br\/index.php?rest_route=%2Fwp%2Fv2%2Fcategories&post=122825"},{"taxonomy":"post_tag","embeddable":true,"href":"https:\/\/blogdofarnesio.com.br\/index.php?rest_route=%2Fwp%2Fv2%2Ftags&post=122825"}],"curies":[{"name":"wp","href":"https:\/\/api.w.org\/{rel}","templated":true}]}}