{"id":12282,"date":"2012-03-22T10:40:24","date_gmt":"2012-03-22T10:40:24","guid":{"rendered":"http:\/\/www.quersaberpolitica.com.br?p=12282"},"modified":"-0001-11-30T00:00:00","modified_gmt":"-0001-11-30T03:00:00","slug":"philarmonica-21-de-setembro-e-convidada-para-realizar-apresentacoes-em-eventos-da-cidade","status":"publish","type":"post","link":"https:\/\/blogdofarnesio.com.br\/?p=12282","title":{"rendered":"Philarm\u00f4nica 21 de Setembro \u00e9 convidada para realizar apresenta\u00e7\u00f5es em eventos da cidade"},"content":{"rendered":"<p style=\"text-align: justify;\"><span style=\"font-size: small;\"><a rel=\"lightbox\" href=\"http:\/\/www.quersaberpolitica.com.br\/2016\/wp-content\/uploads\/2012\/12\/blogqspphilarmonica21.jpg\"><img loading=\"lazy\" decoding=\"async\" style=\"margin-top: 5px; margin-bottom: 5px; margin-left: 10px; margin-right: 10px; float: left;\" title=\"Imagem Divulga&ccedil;&atilde;o\" src=\"http:\/\/www.quersaberpolitica.com.br\/2016\/wp-content\/uploads\/2012\/12\/blogqspphilarmonica21.jpg\" alt=\"\" width=\"200\" height=\"150\" \/><\/a>O calend&aacute;rio de Petrolina est&aacute; movimentado e a Philarm&ocirc;nica Municipal 21 de Setembro &eacute; convidada para garantir a anima&ccedil;&atilde;o do p&uacute;blico.<\/span><\/p>\n<p style=\"text-align: justify;\"><span style=\"font-size: small;\">Debutando nesta quinta-feira (22), a Escola de Aplica&ccedil;&atilde;o Professora Vande de Souza Ferreira da Universidade de Pernambuco em Petrolina realiza suas comemora&ccedil;&otilde;es a partir das 10h no audit&oacute;rio da institui&ccedil;&atilde;o.<\/span><\/p>\n<p style=\"text-align: justify;\"><span style=\"font-size: small;\">Completando 30 anos de exist&ecirc;ncia, o Grupo Nova Vida tamb&eacute;m realiza sua festa de anivers&aacute;rio no s&aacute;bado (24), a partir das 20h, no Centro Cultural Dom Bosco, em frente &agrave; Pra&ccedil;a Dom Malan, no Centro.<\/span><\/p>\n<p style=\"text-align: justify;\"><span style=\"font-size: small;\">Atualmente composta por 17 m&uacute;sicos, a Philarm&ocirc;nica 21 de Setembro &eacute; um dos baluartes da cultura petrolinense, alinhando tradi&ccedil;&atilde;o e contemporaneidade musical. De acordo com a secret&aacute;ria de Cultura, Roberta Duarte, a Philarm&ocirc;nica 21 de Setembro est&aacute; sob a responsabilidade da Secretaria de Cultura e est&aacute; dispon&iacute;vel para apresenta&ccedil;&otilde;es em eventos p&uacute;blicos. O agendamento deve ser feito atrav&eacute;s da pr&oacute;pria Secretaria ou do Gerente da Philarm&ocirc;nica, H&eacute;lio Lima, m&uacute;sico da banda.<\/span><\/p>\n<p style=\"text-align: justify;\"><span style=\"font-size: small;\">(Ascom PMP)<\/span><\/p>\n","protected":false},"excerpt":{"rendered":"<p>O calend&aacute;rio de Petrolina est&aacute; movimentado e a Philarm&ocirc;nica Municipal 21 de Setembro &eacute; convidada para garantir a anima&ccedil;&atilde;o do p&uacute;blico. Debutando nesta quinta-feira (22), a Escola de Aplica&ccedil;&atilde;o Professora Vande de Souza Ferreira da Universidade de Pernambuco em Petrolina realiza suas comemora&ccedil;&otilde;es a partir das 10h no audit&oacute;rio da institui&ccedil;&atilde;o. Completando 30 anos de exist&ecirc;ncia, o Grupo Nova Vida tamb&eacute;m realiza sua festa de anivers&aacute;rio no s&aacute;bado (24), a partir das 20h, no Centro Cultural Dom Bosco, em frente &agrave; Pra&ccedil;a Dom Malan, no Centro. Atualmente composta por 17 m&uacute;sicos, a Philarm&ocirc;nica 21 de Setembro &eacute; um dos baluartes da cultura petrolinense, alinhando tradi&ccedil;&atilde;o e contemporaneidade musical. De acordo com a secret&aacute;ria de Cultura, Roberta Duarte, a Philarm&ocirc;nica 21&hellip; <\/p>\n","protected":false},"author":0,"featured_media":0,"comment_status":"open","ping_status":"open","sticky":false,"template":"","format":"standard","meta":{"_acf_changed":false,"footnotes":""},"categories":[43],"tags":[],"class_list":["post-12282","post","type-post","status-publish","format-standard","hentry","category-sem-categoria"],"acf":[],"yoast_head":"<!-- This site is optimized with the Yoast SEO plugin v27.4 - https:\/\/yoast.com\/product\/yoast-seo-wordpress\/ -->\n<title>Philarm\u00f4nica 21 de Setembro \u00e9 convidada para realizar apresenta\u00e7\u00f5es em eventos da cidade - Blog do Farn\u00e9sio<\/title>\n<meta name=\"robots\" content=\"index, follow, max-snippet:-1, max-image-preview:large, max-video-preview:-1\" \/>\n<link rel=\"canonical\" href=\"https:\/\/blogdofarnesio.com.br\/?p=12282\" \/>\n<meta property=\"og:locale\" content=\"pt_BR\" \/>\n<meta property=\"og:type\" content=\"article\" \/>\n<meta property=\"og:title\" content=\"Philarm\u00f4nica 21 de Setembro \u00e9 convidada para realizar apresenta\u00e7\u00f5es em eventos da cidade - Blog do Farn\u00e9sio\" \/>\n<meta property=\"og:description\" content=\"O calend&aacute;rio de Petrolina est&aacute; movimentado e a Philarm&ocirc;nica Municipal 21 de Setembro &eacute; convidada para garantir a anima&ccedil;&atilde;o do p&uacute;blico. Debutando nesta quinta-feira (22), a Escola de Aplica&ccedil;&atilde;o Professora Vande de Souza Ferreira da Universidade de Pernambuco em Petrolina realiza suas comemora&ccedil;&otilde;es a partir das 10h no audit&oacute;rio da institui&ccedil;&atilde;o. Completando 30 anos de exist&ecirc;ncia, o Grupo Nova Vida tamb&eacute;m realiza sua festa de anivers&aacute;rio no s&aacute;bado (24), a partir das 20h, no Centro Cultural Dom Bosco, em frente &agrave; Pra&ccedil;a Dom Malan, no Centro. Atualmente composta por 17 m&uacute;sicos, a Philarm&ocirc;nica 21 de Setembro &eacute; um dos baluartes da cultura petrolinense, alinhando tradi&ccedil;&atilde;o e contemporaneidade musical. De acordo com a secret&aacute;ria de Cultura, Roberta Duarte, a Philarm&ocirc;nica 21&hellip;\" \/>\n<meta property=\"og:url\" content=\"https:\/\/blogdofarnesio.com.br\/?p=12282\" \/>\n<meta property=\"og:site_name\" content=\"Blog do Farn\u00e9sio\" \/>\n<meta property=\"article:publisher\" content=\"https:\/\/www.facebook.com\/BlogQuerSaberPolitica\/\" \/>\n<meta property=\"article:published_time\" content=\"2012-03-22T10:40:24+00:00\" \/>\n<meta property=\"og:image\" content=\"http:\/\/www.quersaberpolitica.com.br\/2016\/wp-content\/uploads\/2012\/12\/blogqspphilarmonica21.jpg\" \/>\n<meta name=\"twitter:card\" content=\"summary_large_image\" \/>\n<meta name=\"twitter:label1\" content=\"Est. tempo de leitura\" \/>\n\t<meta name=\"twitter:data1\" content=\"1 minuto\" \/>\n<script type=\"application\/ld+json\" class=\"yoast-schema-graph\">{\"@context\":\"https:\\\/\\\/schema.org\",\"@graph\":[{\"@type\":\"Article\",\"@id\":\"https:\\\/\\\/blogdofarnesio.com.br\\\/?p=12282#article\",\"isPartOf\":{\"@id\":\"https:\\\/\\\/blogdofarnesio.com.br\\\/?p=12282\"},\"author\":{\"name\":\"\",\"@id\":\"\"},\"headline\":\"Philarm\u00f4nica 21 de Setembro \u00e9 convidada para realizar apresenta\u00e7\u00f5es em eventos da cidade\",\"datePublished\":\"2012-03-22T10:40:24+00:00\",\"mainEntityOfPage\":{\"@id\":\"https:\\\/\\\/blogdofarnesio.com.br\\\/?p=12282\"},\"wordCount\":226,\"commentCount\":0,\"publisher\":{\"@id\":\"https:\\\/\\\/blogdofarnesio.com.br\\\/#organization\"},\"image\":{\"@id\":\"https:\\\/\\\/blogdofarnesio.com.br\\\/?p=12282#primaryimage\"},\"thumbnailUrl\":\"http:\\\/\\\/www.quersaberpolitica.com.br\\\/2016\\\/wp-content\\\/uploads\\\/2012\\\/12\\\/blogqspphilarmonica21.jpg\",\"inLanguage\":\"pt-BR\",\"potentialAction\":[{\"@type\":\"CommentAction\",\"name\":\"Comment\",\"target\":[\"https:\\\/\\\/blogdofarnesio.com.br\\\/?p=12282#respond\"]}]},{\"@type\":\"WebPage\",\"@id\":\"https:\\\/\\\/blogdofarnesio.com.br\\\/?p=12282\",\"url\":\"https:\\\/\\\/blogdofarnesio.com.br\\\/?p=12282\",\"name\":\"Philarm\u00f4nica 21 de Setembro \u00e9 convidada para realizar apresenta\u00e7\u00f5es em eventos da cidade - Blog do Farn\u00e9sio\",\"isPartOf\":{\"@id\":\"https:\\\/\\\/blogdofarnesio.com.br\\\/#website\"},\"primaryImageOfPage\":{\"@id\":\"https:\\\/\\\/blogdofarnesio.com.br\\\/?p=12282#primaryimage\"},\"image\":{\"@id\":\"https:\\\/\\\/blogdofarnesio.com.br\\\/?p=12282#primaryimage\"},\"thumbnailUrl\":\"http:\\\/\\\/www.quersaberpolitica.com.br\\\/2016\\\/wp-content\\\/uploads\\\/2012\\\/12\\\/blogqspphilarmonica21.jpg\",\"datePublished\":\"2012-03-22T10:40:24+00:00\",\"breadcrumb\":{\"@id\":\"https:\\\/\\\/blogdofarnesio.com.br\\\/?p=12282#breadcrumb\"},\"inLanguage\":\"pt-BR\",\"potentialAction\":[{\"@type\":\"ReadAction\",\"target\":[\"https:\\\/\\\/blogdofarnesio.com.br\\\/?p=12282\"]}]},{\"@type\":\"ImageObject\",\"inLanguage\":\"pt-BR\",\"@id\":\"https:\\\/\\\/blogdofarnesio.com.br\\\/?p=12282#primaryimage\",\"url\":\"http:\\\/\\\/www.quersaberpolitica.com.br\\\/2016\\\/wp-content\\\/uploads\\\/2012\\\/12\\\/blogqspphilarmonica21.jpg\",\"contentUrl\":\"http:\\\/\\\/www.quersaberpolitica.com.br\\\/2016\\\/wp-content\\\/uploads\\\/2012\\\/12\\\/blogqspphilarmonica21.jpg\"},{\"@type\":\"BreadcrumbList\",\"@id\":\"https:\\\/\\\/blogdofarnesio.com.br\\\/?p=12282#breadcrumb\",\"itemListElement\":[{\"@type\":\"ListItem\",\"position\":1,\"name\":\"In\u00edcio\",\"item\":\"https:\\\/\\\/blogdofarnesio.com.br\\\/\"},{\"@type\":\"ListItem\",\"position\":2,\"name\":\"Philarm\u00f4nica 21 de Setembro \u00e9 convidada para realizar apresenta\u00e7\u00f5es em eventos da cidade\"}]},{\"@type\":\"WebSite\",\"@id\":\"https:\\\/\\\/blogdofarnesio.com.br\\\/#website\",\"url\":\"https:\\\/\\\/blogdofarnesio.com.br\\\/\",\"name\":\"Blog do Farn\u00e9sio\",\"description\":\"Quer Saber Pol\u00edtica?\",\"publisher\":{\"@id\":\"https:\\\/\\\/blogdofarnesio.com.br\\\/#organization\"},\"potentialAction\":[{\"@type\":\"SearchAction\",\"target\":{\"@type\":\"EntryPoint\",\"urlTemplate\":\"https:\\\/\\\/blogdofarnesio.com.br\\\/?s={search_term_string}\"},\"query-input\":{\"@type\":\"PropertyValueSpecification\",\"valueRequired\":true,\"valueName\":\"search_term_string\"}}],\"inLanguage\":\"pt-BR\"},{\"@type\":\"Organization\",\"@id\":\"https:\\\/\\\/blogdofarnesio.com.br\\\/#organization\",\"name\":\"Blog do Farn\u00e9sio\",\"url\":\"https:\\\/\\\/blogdofarnesio.com.br\\\/\",\"logo\":{\"@type\":\"ImageObject\",\"inLanguage\":\"pt-BR\",\"@id\":\"https:\\\/\\\/blogdofarnesio.com.br\\\/#\\\/schema\\\/logo\\\/image\\\/\",\"url\":\"https:\\\/\\\/blogdofarnesio.com.br\\\/wp-content\\\/uploads\\\/2026\\\/03\\\/cropped-logo_new-1.png\",\"contentUrl\":\"https:\\\/\\\/blogdofarnesio.com.br\\\/wp-content\\\/uploads\\\/2026\\\/03\\\/cropped-logo_new-1.png\",\"width\":881,\"height\":685,\"caption\":\"Blog do Farn\u00e9sio\"},\"image\":{\"@id\":\"https:\\\/\\\/blogdofarnesio.com.br\\\/#\\\/schema\\\/logo\\\/image\\\/\"},\"sameAs\":[\"https:\\\/\\\/www.facebook.com\\\/BlogQuerSaberPolitica\\\/\"]}]}<\/script>\n<!-- \/ Yoast SEO plugin. -->","yoast_head_json":{"title":"Philarm\u00f4nica 21 de Setembro \u00e9 convidada para realizar apresenta\u00e7\u00f5es em eventos da cidade - Blog do Farn\u00e9sio","robots":{"index":"index","follow":"follow","max-snippet":"max-snippet:-1","max-image-preview":"max-image-preview:large","max-video-preview":"max-video-preview:-1"},"canonical":"https:\/\/blogdofarnesio.com.br\/?p=12282","og_locale":"pt_BR","og_type":"article","og_title":"Philarm\u00f4nica 21 de Setembro \u00e9 convidada para realizar apresenta\u00e7\u00f5es em eventos da cidade - Blog do Farn\u00e9sio","og_description":"O calend&aacute;rio de Petrolina est&aacute; movimentado e a Philarm&ocirc;nica Municipal 21 de Setembro &eacute; convidada para garantir a anima&ccedil;&atilde;o do p&uacute;blico. Debutando nesta quinta-feira (22), a Escola de Aplica&ccedil;&atilde;o Professora Vande de Souza Ferreira da Universidade de Pernambuco em Petrolina realiza suas comemora&ccedil;&otilde;es a partir das 10h no audit&oacute;rio da institui&ccedil;&atilde;o. Completando 30 anos de exist&ecirc;ncia, o Grupo Nova Vida tamb&eacute;m realiza sua festa de anivers&aacute;rio no s&aacute;bado (24), a partir das 20h, no Centro Cultural Dom Bosco, em frente &agrave; Pra&ccedil;a Dom Malan, no Centro. Atualmente composta por 17 m&uacute;sicos, a Philarm&ocirc;nica 21 de Setembro &eacute; um dos baluartes da cultura petrolinense, alinhando tradi&ccedil;&atilde;o e contemporaneidade musical. De acordo com a secret&aacute;ria de Cultura, Roberta Duarte, a Philarm&ocirc;nica 21&hellip;","og_url":"https:\/\/blogdofarnesio.com.br\/?p=12282","og_site_name":"Blog do Farn\u00e9sio","article_publisher":"https:\/\/www.facebook.com\/BlogQuerSaberPolitica\/","article_published_time":"2012-03-22T10:40:24+00:00","og_image":[{"url":"http:\/\/www.quersaberpolitica.com.br\/2016\/wp-content\/uploads\/2012\/12\/blogqspphilarmonica21.jpg","type":"","width":"","height":""}],"twitter_card":"summary_large_image","twitter_misc":{"Est. tempo de leitura":"1 minuto"},"schema":{"@context":"https:\/\/schema.org","@graph":[{"@type":"Article","@id":"https:\/\/blogdofarnesio.com.br\/?p=12282#article","isPartOf":{"@id":"https:\/\/blogdofarnesio.com.br\/?p=12282"},"author":{"name":"","@id":""},"headline":"Philarm\u00f4nica 21 de Setembro \u00e9 convidada para realizar apresenta\u00e7\u00f5es em eventos da cidade","datePublished":"2012-03-22T10:40:24+00:00","mainEntityOfPage":{"@id":"https:\/\/blogdofarnesio.com.br\/?p=12282"},"wordCount":226,"commentCount":0,"publisher":{"@id":"https:\/\/blogdofarnesio.com.br\/#organization"},"image":{"@id":"https:\/\/blogdofarnesio.com.br\/?p=12282#primaryimage"},"thumbnailUrl":"http:\/\/www.quersaberpolitica.com.br\/2016\/wp-content\/uploads\/2012\/12\/blogqspphilarmonica21.jpg","inLanguage":"pt-BR","potentialAction":[{"@type":"CommentAction","name":"Comment","target":["https:\/\/blogdofarnesio.com.br\/?p=12282#respond"]}]},{"@type":"WebPage","@id":"https:\/\/blogdofarnesio.com.br\/?p=12282","url":"https:\/\/blogdofarnesio.com.br\/?p=12282","name":"Philarm\u00f4nica 21 de Setembro \u00e9 convidada para realizar apresenta\u00e7\u00f5es em eventos da cidade - Blog do Farn\u00e9sio","isPartOf":{"@id":"https:\/\/blogdofarnesio.com.br\/#website"},"primaryImageOfPage":{"@id":"https:\/\/blogdofarnesio.com.br\/?p=12282#primaryimage"},"image":{"@id":"https:\/\/blogdofarnesio.com.br\/?p=12282#primaryimage"},"thumbnailUrl":"http:\/\/www.quersaberpolitica.com.br\/2016\/wp-content\/uploads\/2012\/12\/blogqspphilarmonica21.jpg","datePublished":"2012-03-22T10:40:24+00:00","breadcrumb":{"@id":"https:\/\/blogdofarnesio.com.br\/?p=12282#breadcrumb"},"inLanguage":"pt-BR","potentialAction":[{"@type":"ReadAction","target":["https:\/\/blogdofarnesio.com.br\/?p=12282"]}]},{"@type":"ImageObject","inLanguage":"pt-BR","@id":"https:\/\/blogdofarnesio.com.br\/?p=12282#primaryimage","url":"http:\/\/www.quersaberpolitica.com.br\/2016\/wp-content\/uploads\/2012\/12\/blogqspphilarmonica21.jpg","contentUrl":"http:\/\/www.quersaberpolitica.com.br\/2016\/wp-content\/uploads\/2012\/12\/blogqspphilarmonica21.jpg"},{"@type":"BreadcrumbList","@id":"https:\/\/blogdofarnesio.com.br\/?p=12282#breadcrumb","itemListElement":[{"@type":"ListItem","position":1,"name":"In\u00edcio","item":"https:\/\/blogdofarnesio.com.br\/"},{"@type":"ListItem","position":2,"name":"Philarm\u00f4nica 21 de Setembro \u00e9 convidada para realizar apresenta\u00e7\u00f5es em eventos da cidade"}]},{"@type":"WebSite","@id":"https:\/\/blogdofarnesio.com.br\/#website","url":"https:\/\/blogdofarnesio.com.br\/","name":"Blog do Farn\u00e9sio","description":"Quer Saber Pol\u00edtica?","publisher":{"@id":"https:\/\/blogdofarnesio.com.br\/#organization"},"potentialAction":[{"@type":"SearchAction","target":{"@type":"EntryPoint","urlTemplate":"https:\/\/blogdofarnesio.com.br\/?s={search_term_string}"},"query-input":{"@type":"PropertyValueSpecification","valueRequired":true,"valueName":"search_term_string"}}],"inLanguage":"pt-BR"},{"@type":"Organization","@id":"https:\/\/blogdofarnesio.com.br\/#organization","name":"Blog do Farn\u00e9sio","url":"https:\/\/blogdofarnesio.com.br\/","logo":{"@type":"ImageObject","inLanguage":"pt-BR","@id":"https:\/\/blogdofarnesio.com.br\/#\/schema\/logo\/image\/","url":"https:\/\/blogdofarnesio.com.br\/wp-content\/uploads\/2026\/03\/cropped-logo_new-1.png","contentUrl":"https:\/\/blogdofarnesio.com.br\/wp-content\/uploads\/2026\/03\/cropped-logo_new-1.png","width":881,"height":685,"caption":"Blog do Farn\u00e9sio"},"image":{"@id":"https:\/\/blogdofarnesio.com.br\/#\/schema\/logo\/image\/"},"sameAs":["https:\/\/www.facebook.com\/BlogQuerSaberPolitica\/"]}]}},"_links":{"self":[{"href":"https:\/\/blogdofarnesio.com.br\/index.php?rest_route=\/wp\/v2\/posts\/12282","targetHints":{"allow":["GET"]}}],"collection":[{"href":"https:\/\/blogdofarnesio.com.br\/index.php?rest_route=\/wp\/v2\/posts"}],"about":[{"href":"https:\/\/blogdofarnesio.com.br\/index.php?rest_route=\/wp\/v2\/types\/post"}],"replies":[{"embeddable":true,"href":"https:\/\/blogdofarnesio.com.br\/index.php?rest_route=%2Fwp%2Fv2%2Fcomments&post=12282"}],"version-history":[{"count":0,"href":"https:\/\/blogdofarnesio.com.br\/index.php?rest_route=\/wp\/v2\/posts\/12282\/revisions"}],"wp:attachment":[{"href":"https:\/\/blogdofarnesio.com.br\/index.php?rest_route=%2Fwp%2Fv2%2Fmedia&parent=12282"}],"wp:term":[{"taxonomy":"category","embeddable":true,"href":"https:\/\/blogdofarnesio.com.br\/index.php?rest_route=%2Fwp%2Fv2%2Fcategories&post=12282"},{"taxonomy":"post_tag","embeddable":true,"href":"https:\/\/blogdofarnesio.com.br\/index.php?rest_route=%2Fwp%2Fv2%2Ftags&post=12282"}],"curies":[{"name":"wp","href":"https:\/\/api.w.org\/{rel}","templated":true}]}}