{"id":122786,"date":"2015-04-28T07:44:34","date_gmt":"2015-04-28T10:44:34","guid":{"rendered":"http:\/\/www.quersaberpolitica.com.br\/?p=122786"},"modified":"2015-04-27T20:41:17","modified_gmt":"2015-04-27T23:41:17","slug":"prefeito-isaac-participa-de-debate-sobre-educacao-na-sede-da-upb-em-salvador","status":"publish","type":"post","link":"https:\/\/blogdofarnesio.com.br\/?p=122786","title":{"rendered":"PREFEITO ISAAC PARTICIPA DE DEBATE SOBRE EDUCA\u00c7\u00c3O NA UPB\/SALVADOR E AMANHECE ESTA TER\u00c7A EM BRAS\u00cdLIA"},"content":{"rendered":"<p style=\"text-align: justify\"><a href=\"http:\/\/www.quersaberpolitica.com.br\/2016\/wp-content\/uploads\/2015\/04\/blogqsp.Reuni\u00e3o-Isaac-na-UPB.jpg\"><img loading=\"lazy\" decoding=\"async\" class=\"  wp-image-122787 aligncenter\" src=\"http:\/\/www.quersaberpolitica.com.br\/2016\/wp-content\/uploads\/2015\/04\/blogqsp.Reuni\u00e3o-Isaac-na-UPB-300x194.jpg\" alt=\"blogqsp.Reuni\u00e3o Isaac na UPB\" width=\"453\" height=\"299\" \/><\/a><\/p>\n<p style=\"text-align: justify\">Nesta segunda-feira (27), o Prefeito Isaac Carvalho, acompanhado do secret\u00e1rio Paulo Bomfim, participou na sede da Uni\u00e3o dos Prefeitos da Bahia (UPB), em Salvador, de um debate sobre os avan\u00e7os da Educa\u00e7\u00e3o nos munic\u00edpios baianos.<\/p>\n<p style=\"text-align: justify\">Na pauta, o Plano Municipal de Educa\u00e7\u00e3o, a discuss\u00e3o de um estudo para a cria\u00e7\u00e3o no Estado de um Plano de Cargos e Sal\u00e1rios unificado, o custo do transporte escolar e o subfinanciamento da Educa\u00e7\u00e3o.<\/p>\n<p style=\"text-align: justify\">Na condi\u00e7\u00e3o de diretor e membro da comiss\u00e3o de Educa\u00e7\u00e3o da UPB, Isaac afirmou que em Juazeiro o Plano est\u00e1 bastante avan\u00e7ado. \u201cDiferentemente de muitas cidades que n\u00e3o v\u00e3o conseguir cumprir o prazo estabelecido, vamos mais uma vez chegar \u00e0 frente porque essa \u00e1rea tem sido uma de nossas prioridades, se tornando uma marca do nosso governo\u201d, frisou o Prefeito.<\/p>\n<p style=\"text-align: justify\">Nesta ter\u00e7a-feira o prefeito Isaac come\u00e7a uma longa agenda em Bras\u00edlia, onde o principal foco ser\u00e1 em uma audi\u00eancia com o ministro dos Transportes, para tratar de pavimenta\u00e7\u00e3o, BR 235 e principalmente sobre a travessia Urbana<\/p>\n","protected":false},"excerpt":{"rendered":"<p>Nesta segunda-feira (27), o Prefeito Isaac Carvalho, acompanhado do secret\u00e1rio Paulo Bomfim, participou na sede da Uni\u00e3o dos Prefeitos da Bahia (UPB), em Salvador, de um debate sobre os avan\u00e7os da Educa\u00e7\u00e3o nos munic\u00edpios baianos. Na pauta, o Plano Municipal de Educa\u00e7\u00e3o, a discuss\u00e3o de um estudo para a cria\u00e7\u00e3o no Estado de um Plano de Cargos e Sal\u00e1rios unificado, o custo do transporte escolar e o subfinanciamento da Educa\u00e7\u00e3o. Na condi\u00e7\u00e3o de diretor e membro da comiss\u00e3o de Educa\u00e7\u00e3o da UPB, Isaac afirmou que em Juazeiro o Plano est\u00e1 bastante avan\u00e7ado. \u201cDiferentemente de muitas cidades que n\u00e3o v\u00e3o conseguir cumprir o prazo estabelecido, vamos mais uma vez chegar \u00e0 frente porque essa \u00e1rea tem sido uma de nossas prioridades,&hellip; <\/p>\n","protected":false},"author":7,"featured_media":0,"comment_status":"open","ping_status":"open","sticky":false,"template":"","format":"standard","meta":{"_acf_changed":false,"footnotes":""},"categories":[1],"tags":[],"class_list":["post-122786","post","type-post","status-publish","format-standard","hentry","category-politica"],"acf":[],"yoast_head":"<!-- This site is optimized with the Yoast SEO plugin v27.4 - https:\/\/yoast.com\/product\/yoast-seo-wordpress\/ -->\n<title>PREFEITO ISAAC PARTICIPA DE DEBATE SOBRE EDUCA\u00c7\u00c3O NA UPB\/SALVADOR E AMANHECE ESTA TER\u00c7A EM BRAS\u00cdLIA - Blog do Farn\u00e9sio<\/title>\n<meta name=\"robots\" content=\"index, follow, max-snippet:-1, max-image-preview:large, max-video-preview:-1\" \/>\n<link rel=\"canonical\" href=\"https:\/\/blogdofarnesio.com.br\/?p=122786\" \/>\n<meta property=\"og:locale\" content=\"pt_BR\" \/>\n<meta property=\"og:type\" content=\"article\" \/>\n<meta property=\"og:title\" content=\"PREFEITO ISAAC PARTICIPA DE DEBATE SOBRE EDUCA\u00c7\u00c3O NA UPB\/SALVADOR E AMANHECE ESTA TER\u00c7A EM BRAS\u00cdLIA - Blog do Farn\u00e9sio\" \/>\n<meta property=\"og:description\" content=\"Nesta segunda-feira (27), o Prefeito Isaac Carvalho, acompanhado do secret\u00e1rio Paulo Bomfim, participou na sede da Uni\u00e3o dos Prefeitos da Bahia (UPB), em Salvador, de um debate sobre os avan\u00e7os da Educa\u00e7\u00e3o nos munic\u00edpios baianos. Na pauta, o Plano Municipal de Educa\u00e7\u00e3o, a discuss\u00e3o de um estudo para a cria\u00e7\u00e3o no Estado de um Plano de Cargos e Sal\u00e1rios unificado, o custo do transporte escolar e o subfinanciamento da Educa\u00e7\u00e3o. Na condi\u00e7\u00e3o de diretor e membro da comiss\u00e3o de Educa\u00e7\u00e3o da UPB, Isaac afirmou que em Juazeiro o Plano est\u00e1 bastante avan\u00e7ado. \u201cDiferentemente de muitas cidades que n\u00e3o v\u00e3o conseguir cumprir o prazo estabelecido, vamos mais uma vez chegar \u00e0 frente porque essa \u00e1rea tem sido uma de nossas prioridades,&hellip;\" \/>\n<meta property=\"og:url\" content=\"https:\/\/blogdofarnesio.com.br\/?p=122786\" \/>\n<meta property=\"og:site_name\" content=\"Blog do Farn\u00e9sio\" \/>\n<meta property=\"article:publisher\" content=\"https:\/\/www.facebook.com\/BlogQuerSaberPolitica\/\" \/>\n<meta property=\"article:published_time\" content=\"2015-04-28T10:44:34+00:00\" \/>\n<meta name=\"twitter:card\" content=\"summary_large_image\" \/>\n<meta name=\"twitter:label1\" content=\"Escrito por\" \/>\n\t<meta name=\"twitter:data1\" content=\"\" \/>\n\t<meta name=\"twitter:label2\" content=\"Est. tempo de leitura\" \/>\n\t<meta name=\"twitter:data2\" content=\"1 minuto\" \/>\n<script type=\"application\/ld+json\" class=\"yoast-schema-graph\">{\"@context\":\"https:\\\/\\\/schema.org\",\"@graph\":[{\"@type\":\"Article\",\"@id\":\"https:\\\/\\\/blogdofarnesio.com.br\\\/?p=122786#article\",\"isPartOf\":{\"@id\":\"https:\\\/\\\/blogdofarnesio.com.br\\\/?p=122786\"},\"author\":{\"name\":\"\",\"@id\":\"\"},\"headline\":\"PREFEITO ISAAC PARTICIPA DE DEBATE SOBRE EDUCA\u00c7\u00c3O NA UPB\\\/SALVADOR E AMANHECE ESTA TER\u00c7A EM BRAS\u00cdLIA\",\"datePublished\":\"2015-04-28T10:44:34+00:00\",\"mainEntityOfPage\":{\"@id\":\"https:\\\/\\\/blogdofarnesio.com.br\\\/?p=122786\"},\"wordCount\":203,\"commentCount\":0,\"publisher\":{\"@id\":\"https:\\\/\\\/blogdofarnesio.com.br\\\/#organization\"},\"articleSection\":[\"Pol\u00edtica\"],\"inLanguage\":\"pt-BR\",\"potentialAction\":[{\"@type\":\"CommentAction\",\"name\":\"Comment\",\"target\":[\"https:\\\/\\\/blogdofarnesio.com.br\\\/?p=122786#respond\"]}]},{\"@type\":\"WebPage\",\"@id\":\"https:\\\/\\\/blogdofarnesio.com.br\\\/?p=122786\",\"url\":\"https:\\\/\\\/blogdofarnesio.com.br\\\/?p=122786\",\"name\":\"PREFEITO ISAAC PARTICIPA DE DEBATE SOBRE EDUCA\u00c7\u00c3O NA UPB\\\/SALVADOR E AMANHECE ESTA TER\u00c7A EM BRAS\u00cdLIA - Blog do Farn\u00e9sio\",\"isPartOf\":{\"@id\":\"https:\\\/\\\/blogdofarnesio.com.br\\\/#website\"},\"datePublished\":\"2015-04-28T10:44:34+00:00\",\"breadcrumb\":{\"@id\":\"https:\\\/\\\/blogdofarnesio.com.br\\\/?p=122786#breadcrumb\"},\"inLanguage\":\"pt-BR\",\"potentialAction\":[{\"@type\":\"ReadAction\",\"target\":[\"https:\\\/\\\/blogdofarnesio.com.br\\\/?p=122786\"]}]},{\"@type\":\"BreadcrumbList\",\"@id\":\"https:\\\/\\\/blogdofarnesio.com.br\\\/?p=122786#breadcrumb\",\"itemListElement\":[{\"@type\":\"ListItem\",\"position\":1,\"name\":\"In\u00edcio\",\"item\":\"https:\\\/\\\/blogdofarnesio.com.br\\\/\"},{\"@type\":\"ListItem\",\"position\":2,\"name\":\"PREFEITO ISAAC PARTICIPA DE DEBATE SOBRE EDUCA\u00c7\u00c3O NA UPB\\\/SALVADOR E AMANHECE ESTA TER\u00c7A EM BRAS\u00cdLIA\"}]},{\"@type\":\"WebSite\",\"@id\":\"https:\\\/\\\/blogdofarnesio.com.br\\\/#website\",\"url\":\"https:\\\/\\\/blogdofarnesio.com.br\\\/\",\"name\":\"Blog do Farn\u00e9sio\",\"description\":\"Quer Saber Pol\u00edtica?\",\"publisher\":{\"@id\":\"https:\\\/\\\/blogdofarnesio.com.br\\\/#organization\"},\"potentialAction\":[{\"@type\":\"SearchAction\",\"target\":{\"@type\":\"EntryPoint\",\"urlTemplate\":\"https:\\\/\\\/blogdofarnesio.com.br\\\/?s={search_term_string}\"},\"query-input\":{\"@type\":\"PropertyValueSpecification\",\"valueRequired\":true,\"valueName\":\"search_term_string\"}}],\"inLanguage\":\"pt-BR\"},{\"@type\":\"Organization\",\"@id\":\"https:\\\/\\\/blogdofarnesio.com.br\\\/#organization\",\"name\":\"Blog do Farn\u00e9sio\",\"url\":\"https:\\\/\\\/blogdofarnesio.com.br\\\/\",\"logo\":{\"@type\":\"ImageObject\",\"inLanguage\":\"pt-BR\",\"@id\":\"https:\\\/\\\/blogdofarnesio.com.br\\\/#\\\/schema\\\/logo\\\/image\\\/\",\"url\":\"https:\\\/\\\/blogdofarnesio.com.br\\\/wp-content\\\/uploads\\\/2026\\\/03\\\/cropped-logo_new-1.png\",\"contentUrl\":\"https:\\\/\\\/blogdofarnesio.com.br\\\/wp-content\\\/uploads\\\/2026\\\/03\\\/cropped-logo_new-1.png\",\"width\":881,\"height\":685,\"caption\":\"Blog do Farn\u00e9sio\"},\"image\":{\"@id\":\"https:\\\/\\\/blogdofarnesio.com.br\\\/#\\\/schema\\\/logo\\\/image\\\/\"},\"sameAs\":[\"https:\\\/\\\/www.facebook.com\\\/BlogQuerSaberPolitica\\\/\"]},{\"@type\":\"Person\",\"@id\":\"\",\"url\":\"https:\\\/\\\/blogdofarnesio.com.br\\\/?author=7\"}]}<\/script>\n<!-- \/ Yoast SEO plugin. -->","yoast_head_json":{"title":"PREFEITO ISAAC PARTICIPA DE DEBATE SOBRE EDUCA\u00c7\u00c3O NA UPB\/SALVADOR E AMANHECE ESTA TER\u00c7A EM BRAS\u00cdLIA - Blog do Farn\u00e9sio","robots":{"index":"index","follow":"follow","max-snippet":"max-snippet:-1","max-image-preview":"max-image-preview:large","max-video-preview":"max-video-preview:-1"},"canonical":"https:\/\/blogdofarnesio.com.br\/?p=122786","og_locale":"pt_BR","og_type":"article","og_title":"PREFEITO ISAAC PARTICIPA DE DEBATE SOBRE EDUCA\u00c7\u00c3O NA UPB\/SALVADOR E AMANHECE ESTA TER\u00c7A EM BRAS\u00cdLIA - Blog do Farn\u00e9sio","og_description":"Nesta segunda-feira (27), o Prefeito Isaac Carvalho, acompanhado do secret\u00e1rio Paulo Bomfim, participou na sede da Uni\u00e3o dos Prefeitos da Bahia (UPB), em Salvador, de um debate sobre os avan\u00e7os da Educa\u00e7\u00e3o nos munic\u00edpios baianos. Na pauta, o Plano Municipal de Educa\u00e7\u00e3o, a discuss\u00e3o de um estudo para a cria\u00e7\u00e3o no Estado de um Plano de Cargos e Sal\u00e1rios unificado, o custo do transporte escolar e o subfinanciamento da Educa\u00e7\u00e3o. Na condi\u00e7\u00e3o de diretor e membro da comiss\u00e3o de Educa\u00e7\u00e3o da UPB, Isaac afirmou que em Juazeiro o Plano est\u00e1 bastante avan\u00e7ado. \u201cDiferentemente de muitas cidades que n\u00e3o v\u00e3o conseguir cumprir o prazo estabelecido, vamos mais uma vez chegar \u00e0 frente porque essa \u00e1rea tem sido uma de nossas prioridades,&hellip;","og_url":"https:\/\/blogdofarnesio.com.br\/?p=122786","og_site_name":"Blog do Farn\u00e9sio","article_publisher":"https:\/\/www.facebook.com\/BlogQuerSaberPolitica\/","article_published_time":"2015-04-28T10:44:34+00:00","twitter_card":"summary_large_image","twitter_misc":{"Escrito por":"","Est. tempo de leitura":"1 minuto"},"schema":{"@context":"https:\/\/schema.org","@graph":[{"@type":"Article","@id":"https:\/\/blogdofarnesio.com.br\/?p=122786#article","isPartOf":{"@id":"https:\/\/blogdofarnesio.com.br\/?p=122786"},"author":{"name":"","@id":""},"headline":"PREFEITO ISAAC PARTICIPA DE DEBATE SOBRE EDUCA\u00c7\u00c3O NA UPB\/SALVADOR E AMANHECE ESTA TER\u00c7A EM BRAS\u00cdLIA","datePublished":"2015-04-28T10:44:34+00:00","mainEntityOfPage":{"@id":"https:\/\/blogdofarnesio.com.br\/?p=122786"},"wordCount":203,"commentCount":0,"publisher":{"@id":"https:\/\/blogdofarnesio.com.br\/#organization"},"articleSection":["Pol\u00edtica"],"inLanguage":"pt-BR","potentialAction":[{"@type":"CommentAction","name":"Comment","target":["https:\/\/blogdofarnesio.com.br\/?p=122786#respond"]}]},{"@type":"WebPage","@id":"https:\/\/blogdofarnesio.com.br\/?p=122786","url":"https:\/\/blogdofarnesio.com.br\/?p=122786","name":"PREFEITO ISAAC PARTICIPA DE DEBATE SOBRE EDUCA\u00c7\u00c3O NA UPB\/SALVADOR E AMANHECE ESTA TER\u00c7A EM BRAS\u00cdLIA - Blog do Farn\u00e9sio","isPartOf":{"@id":"https:\/\/blogdofarnesio.com.br\/#website"},"datePublished":"2015-04-28T10:44:34+00:00","breadcrumb":{"@id":"https:\/\/blogdofarnesio.com.br\/?p=122786#breadcrumb"},"inLanguage":"pt-BR","potentialAction":[{"@type":"ReadAction","target":["https:\/\/blogdofarnesio.com.br\/?p=122786"]}]},{"@type":"BreadcrumbList","@id":"https:\/\/blogdofarnesio.com.br\/?p=122786#breadcrumb","itemListElement":[{"@type":"ListItem","position":1,"name":"In\u00edcio","item":"https:\/\/blogdofarnesio.com.br\/"},{"@type":"ListItem","position":2,"name":"PREFEITO ISAAC PARTICIPA DE DEBATE SOBRE EDUCA\u00c7\u00c3O NA UPB\/SALVADOR E AMANHECE ESTA TER\u00c7A EM BRAS\u00cdLIA"}]},{"@type":"WebSite","@id":"https:\/\/blogdofarnesio.com.br\/#website","url":"https:\/\/blogdofarnesio.com.br\/","name":"Blog do Farn\u00e9sio","description":"Quer Saber Pol\u00edtica?","publisher":{"@id":"https:\/\/blogdofarnesio.com.br\/#organization"},"potentialAction":[{"@type":"SearchAction","target":{"@type":"EntryPoint","urlTemplate":"https:\/\/blogdofarnesio.com.br\/?s={search_term_string}"},"query-input":{"@type":"PropertyValueSpecification","valueRequired":true,"valueName":"search_term_string"}}],"inLanguage":"pt-BR"},{"@type":"Organization","@id":"https:\/\/blogdofarnesio.com.br\/#organization","name":"Blog do Farn\u00e9sio","url":"https:\/\/blogdofarnesio.com.br\/","logo":{"@type":"ImageObject","inLanguage":"pt-BR","@id":"https:\/\/blogdofarnesio.com.br\/#\/schema\/logo\/image\/","url":"https:\/\/blogdofarnesio.com.br\/wp-content\/uploads\/2026\/03\/cropped-logo_new-1.png","contentUrl":"https:\/\/blogdofarnesio.com.br\/wp-content\/uploads\/2026\/03\/cropped-logo_new-1.png","width":881,"height":685,"caption":"Blog do Farn\u00e9sio"},"image":{"@id":"https:\/\/blogdofarnesio.com.br\/#\/schema\/logo\/image\/"},"sameAs":["https:\/\/www.facebook.com\/BlogQuerSaberPolitica\/"]},{"@type":"Person","@id":"","url":"https:\/\/blogdofarnesio.com.br\/?author=7"}]}},"_links":{"self":[{"href":"https:\/\/blogdofarnesio.com.br\/index.php?rest_route=\/wp\/v2\/posts\/122786","targetHints":{"allow":["GET"]}}],"collection":[{"href":"https:\/\/blogdofarnesio.com.br\/index.php?rest_route=\/wp\/v2\/posts"}],"about":[{"href":"https:\/\/blogdofarnesio.com.br\/index.php?rest_route=\/wp\/v2\/types\/post"}],"author":[{"embeddable":true,"href":"https:\/\/blogdofarnesio.com.br\/index.php?rest_route=\/wp\/v2\/users\/7"}],"replies":[{"embeddable":true,"href":"https:\/\/blogdofarnesio.com.br\/index.php?rest_route=%2Fwp%2Fv2%2Fcomments&post=122786"}],"version-history":[{"count":0,"href":"https:\/\/blogdofarnesio.com.br\/index.php?rest_route=\/wp\/v2\/posts\/122786\/revisions"}],"wp:attachment":[{"href":"https:\/\/blogdofarnesio.com.br\/index.php?rest_route=%2Fwp%2Fv2%2Fmedia&parent=122786"}],"wp:term":[{"taxonomy":"category","embeddable":true,"href":"https:\/\/blogdofarnesio.com.br\/index.php?rest_route=%2Fwp%2Fv2%2Fcategories&post=122786"},{"taxonomy":"post_tag","embeddable":true,"href":"https:\/\/blogdofarnesio.com.br\/index.php?rest_route=%2Fwp%2Fv2%2Ftags&post=122786"}],"curies":[{"name":"wp","href":"https:\/\/api.w.org\/{rel}","templated":true}]}}