{"id":122771,"date":"2015-04-28T08:04:03","date_gmt":"2015-04-28T11:04:03","guid":{"rendered":"http:\/\/www.quersaberpolitica.com.br\/?p=122771"},"modified":"2015-04-27T20:06:11","modified_gmt":"2015-04-27T23:06:11","slug":"codevasf-foca-acoes-de-preservacao-do-bioma-caatinga-em-pernambuco","status":"publish","type":"post","link":"https:\/\/blogdofarnesio.com.br\/?p=122771","title":{"rendered":"CODEVASF FOCA A\u00c7\u00d5ES DE PRESERVA\u00c7\u00c3O DO BIOMA CAATINGA EM PERNAMBUCO"},"content":{"rendered":"<figure id=\"attachment_109516\" aria-describedby=\"caption-attachment-109516\" style=\"width: 432px\" class=\"wp-caption aligncenter\"><a href=\"http:\/\/www.quersaberpolitica.com.br\/2016\/wp-content\/uploads\/2014\/12\/Blogqspcaatinga0-Foto-Farn\u00e9sio-Silva.jpg\"><img loading=\"lazy\" decoding=\"async\" class=\"wp-image-109516\" src=\"http:\/\/www.quersaberpolitica.com.br\/2016\/wp-content\/uploads\/2014\/12\/Blogqspcaatinga0-Foto-Farn\u00e9sio-Silva.jpg\" alt=\"Blogqspcaatinga0 Foto Farn\u00e9sio Silva\" width=\"432\" height=\"225\" \/><\/a><figcaption id=\"caption-attachment-109516\" class=\"wp-caption-text\">Cena destru\u00edda por projeto imobili\u00e1rio em Petrolina Foto Farn\u00e9sio Silva<\/figcaption><\/figure>\n<p style=\"text-align: justify\">\n<p style=\"text-align: justify\">A preserva\u00e7\u00e3o da Caatinga, \u00fanico Bioma de origem brasileira, tem sido foco de a\u00e7\u00f5es diversas da Companhia de Desenvolvimento dos Vales do S\u00e3o Francisco e do Parna\u00edba (Codevasf), todas visando \u00e0 conserva\u00e7\u00e3o desta \u00e1rea que ocupa 11% do territ\u00f3rio nacional.<\/p>\n<p style=\"text-align: justify\">As a\u00e7\u00f5es s\u00e3o motivo de comemora\u00e7\u00e3o neste 28 de abril, quando \u00e9 celebrado o Dia Nacional da Caatinga. Uma das principais a\u00e7\u00f5es da institui\u00e7\u00e3o \u00e9 a implanta\u00e7\u00e3o de Unidades de Conserva\u00e7\u00e3o (UCs) destinadas \u00e0 preserva\u00e7\u00e3o, pesquisa e educa\u00e7\u00e3o ambiental.<\/p>\n<p style=\"text-align: justify\">Em Pernambuco, foram criadas duas unidades de conserva\u00e7\u00e3o nas \u00e1reas destinadas \u00e0 reserva legal do Projeto de Irriga\u00e7\u00e3o Pontal \u2013 \u00c1reas Norte e Sul, em Petrolina, no sert\u00e3o do S\u00e3o Francisco. \u201cA Codevasf est\u00e1 realizando o repasse das terras para o governo estadual, e a Secretaria Estadual de Meio Ambiente e Sustentabilidade de Pernambuco (Semas) est\u00e1 elaborando o plano de manejo das \u00e1reas\u201d, explica Gl\u00e1ucia Oliveira, chefe da Unidade de Meio Ambiente da Codevasf em Pernambuco que \u00e9 sediada em Petrolina.<\/p>\n<p style=\"text-align: justify\"><!--more--><\/p>\n<p style=\"text-align: justify\">O marco inicial para implanta\u00e7\u00e3o das unidades de conserva\u00e7\u00e3o da Caatinga foram os decretos publicados no Di\u00e1rio Oficial do Estado, em mar\u00e7o de 2014, criando o Parque Estadual Serra do Areal, com 1.596,56 hectares, na \u00e1rea Norte do Pontal; e o Parque Ref\u00fagio de Vida Silvestre Riacho do Pontal, com 4.819,63 hectares, na \u00e1rea Sul do projeto.<\/p>\n<p style=\"text-align: justify\">\u201cO objetivo geral dessas unidades \u00e9 contribuir para a preserva\u00e7\u00e3o e a restaura\u00e7\u00e3o da diversidade ecol\u00f3gica da Caatinga, ampliando a representatividade dos ecossistemas estaduais protegidos como unidades de conserva\u00e7\u00e3o\u201d, explicou Gl\u00e1ucia.<\/p>\n<p style=\"text-align: justify\">Al\u00e9m da doa\u00e7\u00e3o das \u00e1reas, a Codevasf tamb\u00e9m ter\u00e1 participa\u00e7\u00e3o nos Conselhos Gestores das UCs do Pontal, ao lado de outros representantes do poder p\u00fablico e da sociedade civil, como Embrapa, Secretaria de Meio Ambiente e Sustentabilidade de Pernambuco, Ag\u00eancia Estadual do Meio Ambiente (CPRH), Ibama, Instituto Chico Mendes de Conserva\u00e7\u00e3o da Biodiversidade (ICMBio), prefeitura de Petrolina, por meio da Ag\u00eancia Municipal do Meio Ambiente e Instituto Agron\u00f4mico de Pernambuco (IPA), bem como sindicatos e associa\u00e7\u00f5es que atuam na \u00e1rea.<\/p>\n<p style=\"text-align: justify\">Tamb\u00e9m como a\u00e7\u00e3o ligada \u00e0 preserva\u00e7\u00e3o da Caatinga, a Codevasf em Pernambuco est\u00e1 buscando adquirir \u00e1reas dentro da Unidade de Conserva\u00e7\u00e3o Esta\u00e7\u00e3o Ecol\u00f3gica Serra da Canoa, localizada no munic\u00edpio de Floresta, sert\u00e3o de Itaparica. A inten\u00e7\u00e3o \u00e9 resolver o d\u00e9bito da empresa em rela\u00e7\u00e3o \u00e0 reserva legal do per\u00edmetro de Irriga\u00e7\u00e3o Nilo Coelho, em Petrolina.<\/p>\n<p style=\"text-align: justify\">A unidade Serra da Canoa resultou de parceria entre o estado e a Companhia de Desenvolvimento dos Vales do S\u00e3o Francisco e do Parna\u00edba (Codevasf) e atende \u00e0 solicita\u00e7\u00e3o do Comit\u00ea Estadual da Reserva da Biosfera da Caatinga (CERBCAA\/PE) e da organiza\u00e7\u00e3o SOS Caatinga. A UC foi criada pelo governo do estado em 2012 e conta com \u00e1rea total 7.598,71 hectares.<\/p>\n<p style=\"text-align: justify\">\u201cNo momento, estamos buscando recursos para identifica\u00e7\u00e3o das \u00e1reas e posterior aquisi\u00e7\u00e3o\u201d, pontuou Gl\u00e1ucia Oliveira.<\/p>\n<p style=\"text-align: justify\"><em>CODEVASF EM PERNAMBUCO &#8211; 3\u00aa SR<\/em><\/p>\n","protected":false},"excerpt":{"rendered":"<p>A preserva\u00e7\u00e3o da Caatinga, \u00fanico Bioma de origem brasileira, tem sido foco de a\u00e7\u00f5es diversas da Companhia de Desenvolvimento dos Vales do S\u00e3o Francisco e do Parna\u00edba (Codevasf), todas visando \u00e0 conserva\u00e7\u00e3o desta \u00e1rea que ocupa 11% do territ\u00f3rio nacional. As a\u00e7\u00f5es s\u00e3o motivo de comemora\u00e7\u00e3o neste 28 de abril, quando \u00e9 celebrado o Dia Nacional da Caatinga. Uma das principais a\u00e7\u00f5es da institui\u00e7\u00e3o \u00e9 a implanta\u00e7\u00e3o de Unidades de Conserva\u00e7\u00e3o (UCs) destinadas \u00e0 preserva\u00e7\u00e3o, pesquisa e educa\u00e7\u00e3o ambiental. Em Pernambuco, foram criadas duas unidades de conserva\u00e7\u00e3o nas \u00e1reas destinadas \u00e0 reserva legal do Projeto de Irriga\u00e7\u00e3o Pontal \u2013 \u00c1reas Norte e Sul, em Petrolina, no sert\u00e3o do S\u00e3o Francisco. \u201cA Codevasf est\u00e1 realizando o repasse das terras para o&hellip; <\/p>\n","protected":false},"author":7,"featured_media":0,"comment_status":"open","ping_status":"open","sticky":false,"template":"","format":"standard","meta":{"_acf_changed":false,"footnotes":""},"categories":[29,1],"tags":[],"class_list":["post-122771","post","type-post","status-publish","format-standard","hentry","category-meio-ambiente","category-politica"],"acf":[],"yoast_head":"<!-- This site is optimized with the Yoast SEO plugin v27.4 - https:\/\/yoast.com\/product\/yoast-seo-wordpress\/ -->\n<title>CODEVASF FOCA A\u00c7\u00d5ES DE PRESERVA\u00c7\u00c3O DO BIOMA CAATINGA EM PERNAMBUCO - Blog do Farn\u00e9sio<\/title>\n<meta name=\"robots\" content=\"index, follow, max-snippet:-1, max-image-preview:large, max-video-preview:-1\" \/>\n<link rel=\"canonical\" href=\"https:\/\/blogdofarnesio.com.br\/?p=122771\" \/>\n<meta property=\"og:locale\" content=\"pt_BR\" \/>\n<meta property=\"og:type\" content=\"article\" \/>\n<meta property=\"og:title\" content=\"CODEVASF FOCA A\u00c7\u00d5ES DE PRESERVA\u00c7\u00c3O DO BIOMA CAATINGA EM PERNAMBUCO - Blog do Farn\u00e9sio\" \/>\n<meta property=\"og:description\" content=\"A preserva\u00e7\u00e3o da Caatinga, \u00fanico Bioma de origem brasileira, tem sido foco de a\u00e7\u00f5es diversas da Companhia de Desenvolvimento dos Vales do S\u00e3o Francisco e do Parna\u00edba (Codevasf), todas visando \u00e0 conserva\u00e7\u00e3o desta \u00e1rea que ocupa 11% do territ\u00f3rio nacional. As a\u00e7\u00f5es s\u00e3o motivo de comemora\u00e7\u00e3o neste 28 de abril, quando \u00e9 celebrado o Dia Nacional da Caatinga. Uma das principais a\u00e7\u00f5es da institui\u00e7\u00e3o \u00e9 a implanta\u00e7\u00e3o de Unidades de Conserva\u00e7\u00e3o (UCs) destinadas \u00e0 preserva\u00e7\u00e3o, pesquisa e educa\u00e7\u00e3o ambiental. Em Pernambuco, foram criadas duas unidades de conserva\u00e7\u00e3o nas \u00e1reas destinadas \u00e0 reserva legal do Projeto de Irriga\u00e7\u00e3o Pontal \u2013 \u00c1reas Norte e Sul, em Petrolina, no sert\u00e3o do S\u00e3o Francisco. \u201cA Codevasf est\u00e1 realizando o repasse das terras para o&hellip;\" \/>\n<meta property=\"og:url\" content=\"https:\/\/blogdofarnesio.com.br\/?p=122771\" \/>\n<meta property=\"og:site_name\" content=\"Blog do Farn\u00e9sio\" \/>\n<meta property=\"article:publisher\" content=\"https:\/\/www.facebook.com\/BlogQuerSaberPolitica\/\" \/>\n<meta property=\"article:published_time\" content=\"2015-04-28T11:04:03+00:00\" \/>\n<meta name=\"twitter:card\" content=\"summary_large_image\" \/>\n<meta name=\"twitter:label1\" content=\"Escrito por\" \/>\n\t<meta name=\"twitter:data1\" content=\"\" \/>\n\t<meta name=\"twitter:label2\" content=\"Est. tempo de leitura\" \/>\n\t<meta name=\"twitter:data2\" content=\"3 minutos\" \/>\n<script type=\"application\/ld+json\" class=\"yoast-schema-graph\">{\"@context\":\"https:\\\/\\\/schema.org\",\"@graph\":[{\"@type\":\"Article\",\"@id\":\"https:\\\/\\\/blogdofarnesio.com.br\\\/?p=122771#article\",\"isPartOf\":{\"@id\":\"https:\\\/\\\/blogdofarnesio.com.br\\\/?p=122771\"},\"author\":{\"name\":\"\",\"@id\":\"\"},\"headline\":\"CODEVASF FOCA A\u00c7\u00d5ES DE PRESERVA\u00c7\u00c3O DO BIOMA CAATINGA EM PERNAMBUCO\",\"datePublished\":\"2015-04-28T11:04:03+00:00\",\"mainEntityOfPage\":{\"@id\":\"https:\\\/\\\/blogdofarnesio.com.br\\\/?p=122771\"},\"wordCount\":538,\"commentCount\":0,\"publisher\":{\"@id\":\"https:\\\/\\\/blogdofarnesio.com.br\\\/#organization\"},\"articleSection\":[\"Meio Ambiente\",\"Pol\u00edtica\"],\"inLanguage\":\"pt-BR\",\"potentialAction\":[{\"@type\":\"CommentAction\",\"name\":\"Comment\",\"target\":[\"https:\\\/\\\/blogdofarnesio.com.br\\\/?p=122771#respond\"]}]},{\"@type\":\"WebPage\",\"@id\":\"https:\\\/\\\/blogdofarnesio.com.br\\\/?p=122771\",\"url\":\"https:\\\/\\\/blogdofarnesio.com.br\\\/?p=122771\",\"name\":\"CODEVASF FOCA A\u00c7\u00d5ES DE PRESERVA\u00c7\u00c3O DO BIOMA CAATINGA EM PERNAMBUCO - Blog do Farn\u00e9sio\",\"isPartOf\":{\"@id\":\"https:\\\/\\\/blogdofarnesio.com.br\\\/#website\"},\"datePublished\":\"2015-04-28T11:04:03+00:00\",\"breadcrumb\":{\"@id\":\"https:\\\/\\\/blogdofarnesio.com.br\\\/?p=122771#breadcrumb\"},\"inLanguage\":\"pt-BR\",\"potentialAction\":[{\"@type\":\"ReadAction\",\"target\":[\"https:\\\/\\\/blogdofarnesio.com.br\\\/?p=122771\"]}]},{\"@type\":\"BreadcrumbList\",\"@id\":\"https:\\\/\\\/blogdofarnesio.com.br\\\/?p=122771#breadcrumb\",\"itemListElement\":[{\"@type\":\"ListItem\",\"position\":1,\"name\":\"In\u00edcio\",\"item\":\"https:\\\/\\\/blogdofarnesio.com.br\\\/\"},{\"@type\":\"ListItem\",\"position\":2,\"name\":\"CODEVASF FOCA A\u00c7\u00d5ES DE PRESERVA\u00c7\u00c3O DO BIOMA CAATINGA EM PERNAMBUCO\"}]},{\"@type\":\"WebSite\",\"@id\":\"https:\\\/\\\/blogdofarnesio.com.br\\\/#website\",\"url\":\"https:\\\/\\\/blogdofarnesio.com.br\\\/\",\"name\":\"Blog do Farn\u00e9sio\",\"description\":\"Quer Saber Pol\u00edtica?\",\"publisher\":{\"@id\":\"https:\\\/\\\/blogdofarnesio.com.br\\\/#organization\"},\"potentialAction\":[{\"@type\":\"SearchAction\",\"target\":{\"@type\":\"EntryPoint\",\"urlTemplate\":\"https:\\\/\\\/blogdofarnesio.com.br\\\/?s={search_term_string}\"},\"query-input\":{\"@type\":\"PropertyValueSpecification\",\"valueRequired\":true,\"valueName\":\"search_term_string\"}}],\"inLanguage\":\"pt-BR\"},{\"@type\":\"Organization\",\"@id\":\"https:\\\/\\\/blogdofarnesio.com.br\\\/#organization\",\"name\":\"Blog do Farn\u00e9sio\",\"url\":\"https:\\\/\\\/blogdofarnesio.com.br\\\/\",\"logo\":{\"@type\":\"ImageObject\",\"inLanguage\":\"pt-BR\",\"@id\":\"https:\\\/\\\/blogdofarnesio.com.br\\\/#\\\/schema\\\/logo\\\/image\\\/\",\"url\":\"https:\\\/\\\/blogdofarnesio.com.br\\\/wp-content\\\/uploads\\\/2026\\\/03\\\/cropped-logo_new-1.png\",\"contentUrl\":\"https:\\\/\\\/blogdofarnesio.com.br\\\/wp-content\\\/uploads\\\/2026\\\/03\\\/cropped-logo_new-1.png\",\"width\":881,\"height\":685,\"caption\":\"Blog do Farn\u00e9sio\"},\"image\":{\"@id\":\"https:\\\/\\\/blogdofarnesio.com.br\\\/#\\\/schema\\\/logo\\\/image\\\/\"},\"sameAs\":[\"https:\\\/\\\/www.facebook.com\\\/BlogQuerSaberPolitica\\\/\"]},{\"@type\":\"Person\",\"@id\":\"\",\"url\":\"https:\\\/\\\/blogdofarnesio.com.br\\\/?author=7\"}]}<\/script>\n<!-- \/ Yoast SEO plugin. -->","yoast_head_json":{"title":"CODEVASF FOCA A\u00c7\u00d5ES DE PRESERVA\u00c7\u00c3O DO BIOMA CAATINGA EM PERNAMBUCO - Blog do Farn\u00e9sio","robots":{"index":"index","follow":"follow","max-snippet":"max-snippet:-1","max-image-preview":"max-image-preview:large","max-video-preview":"max-video-preview:-1"},"canonical":"https:\/\/blogdofarnesio.com.br\/?p=122771","og_locale":"pt_BR","og_type":"article","og_title":"CODEVASF FOCA A\u00c7\u00d5ES DE PRESERVA\u00c7\u00c3O DO BIOMA CAATINGA EM PERNAMBUCO - Blog do Farn\u00e9sio","og_description":"A preserva\u00e7\u00e3o da Caatinga, \u00fanico Bioma de origem brasileira, tem sido foco de a\u00e7\u00f5es diversas da Companhia de Desenvolvimento dos Vales do S\u00e3o Francisco e do Parna\u00edba (Codevasf), todas visando \u00e0 conserva\u00e7\u00e3o desta \u00e1rea que ocupa 11% do territ\u00f3rio nacional. As a\u00e7\u00f5es s\u00e3o motivo de comemora\u00e7\u00e3o neste 28 de abril, quando \u00e9 celebrado o Dia Nacional da Caatinga. Uma das principais a\u00e7\u00f5es da institui\u00e7\u00e3o \u00e9 a implanta\u00e7\u00e3o de Unidades de Conserva\u00e7\u00e3o (UCs) destinadas \u00e0 preserva\u00e7\u00e3o, pesquisa e educa\u00e7\u00e3o ambiental. Em Pernambuco, foram criadas duas unidades de conserva\u00e7\u00e3o nas \u00e1reas destinadas \u00e0 reserva legal do Projeto de Irriga\u00e7\u00e3o Pontal \u2013 \u00c1reas Norte e Sul, em Petrolina, no sert\u00e3o do S\u00e3o Francisco. \u201cA Codevasf est\u00e1 realizando o repasse das terras para o&hellip;","og_url":"https:\/\/blogdofarnesio.com.br\/?p=122771","og_site_name":"Blog do Farn\u00e9sio","article_publisher":"https:\/\/www.facebook.com\/BlogQuerSaberPolitica\/","article_published_time":"2015-04-28T11:04:03+00:00","twitter_card":"summary_large_image","twitter_misc":{"Escrito por":"","Est. tempo de leitura":"3 minutos"},"schema":{"@context":"https:\/\/schema.org","@graph":[{"@type":"Article","@id":"https:\/\/blogdofarnesio.com.br\/?p=122771#article","isPartOf":{"@id":"https:\/\/blogdofarnesio.com.br\/?p=122771"},"author":{"name":"","@id":""},"headline":"CODEVASF FOCA A\u00c7\u00d5ES DE PRESERVA\u00c7\u00c3O DO BIOMA CAATINGA EM PERNAMBUCO","datePublished":"2015-04-28T11:04:03+00:00","mainEntityOfPage":{"@id":"https:\/\/blogdofarnesio.com.br\/?p=122771"},"wordCount":538,"commentCount":0,"publisher":{"@id":"https:\/\/blogdofarnesio.com.br\/#organization"},"articleSection":["Meio Ambiente","Pol\u00edtica"],"inLanguage":"pt-BR","potentialAction":[{"@type":"CommentAction","name":"Comment","target":["https:\/\/blogdofarnesio.com.br\/?p=122771#respond"]}]},{"@type":"WebPage","@id":"https:\/\/blogdofarnesio.com.br\/?p=122771","url":"https:\/\/blogdofarnesio.com.br\/?p=122771","name":"CODEVASF FOCA A\u00c7\u00d5ES DE PRESERVA\u00c7\u00c3O DO BIOMA CAATINGA EM PERNAMBUCO - Blog do Farn\u00e9sio","isPartOf":{"@id":"https:\/\/blogdofarnesio.com.br\/#website"},"datePublished":"2015-04-28T11:04:03+00:00","breadcrumb":{"@id":"https:\/\/blogdofarnesio.com.br\/?p=122771#breadcrumb"},"inLanguage":"pt-BR","potentialAction":[{"@type":"ReadAction","target":["https:\/\/blogdofarnesio.com.br\/?p=122771"]}]},{"@type":"BreadcrumbList","@id":"https:\/\/blogdofarnesio.com.br\/?p=122771#breadcrumb","itemListElement":[{"@type":"ListItem","position":1,"name":"In\u00edcio","item":"https:\/\/blogdofarnesio.com.br\/"},{"@type":"ListItem","position":2,"name":"CODEVASF FOCA A\u00c7\u00d5ES DE PRESERVA\u00c7\u00c3O DO BIOMA CAATINGA EM PERNAMBUCO"}]},{"@type":"WebSite","@id":"https:\/\/blogdofarnesio.com.br\/#website","url":"https:\/\/blogdofarnesio.com.br\/","name":"Blog do Farn\u00e9sio","description":"Quer Saber Pol\u00edtica?","publisher":{"@id":"https:\/\/blogdofarnesio.com.br\/#organization"},"potentialAction":[{"@type":"SearchAction","target":{"@type":"EntryPoint","urlTemplate":"https:\/\/blogdofarnesio.com.br\/?s={search_term_string}"},"query-input":{"@type":"PropertyValueSpecification","valueRequired":true,"valueName":"search_term_string"}}],"inLanguage":"pt-BR"},{"@type":"Organization","@id":"https:\/\/blogdofarnesio.com.br\/#organization","name":"Blog do Farn\u00e9sio","url":"https:\/\/blogdofarnesio.com.br\/","logo":{"@type":"ImageObject","inLanguage":"pt-BR","@id":"https:\/\/blogdofarnesio.com.br\/#\/schema\/logo\/image\/","url":"https:\/\/blogdofarnesio.com.br\/wp-content\/uploads\/2026\/03\/cropped-logo_new-1.png","contentUrl":"https:\/\/blogdofarnesio.com.br\/wp-content\/uploads\/2026\/03\/cropped-logo_new-1.png","width":881,"height":685,"caption":"Blog do Farn\u00e9sio"},"image":{"@id":"https:\/\/blogdofarnesio.com.br\/#\/schema\/logo\/image\/"},"sameAs":["https:\/\/www.facebook.com\/BlogQuerSaberPolitica\/"]},{"@type":"Person","@id":"","url":"https:\/\/blogdofarnesio.com.br\/?author=7"}]}},"_links":{"self":[{"href":"https:\/\/blogdofarnesio.com.br\/index.php?rest_route=\/wp\/v2\/posts\/122771","targetHints":{"allow":["GET"]}}],"collection":[{"href":"https:\/\/blogdofarnesio.com.br\/index.php?rest_route=\/wp\/v2\/posts"}],"about":[{"href":"https:\/\/blogdofarnesio.com.br\/index.php?rest_route=\/wp\/v2\/types\/post"}],"author":[{"embeddable":true,"href":"https:\/\/blogdofarnesio.com.br\/index.php?rest_route=\/wp\/v2\/users\/7"}],"replies":[{"embeddable":true,"href":"https:\/\/blogdofarnesio.com.br\/index.php?rest_route=%2Fwp%2Fv2%2Fcomments&post=122771"}],"version-history":[{"count":0,"href":"https:\/\/blogdofarnesio.com.br\/index.php?rest_route=\/wp\/v2\/posts\/122771\/revisions"}],"wp:attachment":[{"href":"https:\/\/blogdofarnesio.com.br\/index.php?rest_route=%2Fwp%2Fv2%2Fmedia&parent=122771"}],"wp:term":[{"taxonomy":"category","embeddable":true,"href":"https:\/\/blogdofarnesio.com.br\/index.php?rest_route=%2Fwp%2Fv2%2Fcategories&post=122771"},{"taxonomy":"post_tag","embeddable":true,"href":"https:\/\/blogdofarnesio.com.br\/index.php?rest_route=%2Fwp%2Fv2%2Ftags&post=122771"}],"curies":[{"name":"wp","href":"https:\/\/api.w.org\/{rel}","templated":true}]}}