{"id":122767,"date":"2015-04-28T07:22:31","date_gmt":"2015-04-28T10:22:31","guid":{"rendered":"http:\/\/www.quersaberpolitica.com.br\/?p=122767"},"modified":"2015-04-27T20:01:42","modified_gmt":"2015-04-27T23:01:42","slug":"julio-lossio-se-reune-com-vereador-de-oposicao-no-cardapio-solucao-para-o-ceape","status":"publish","type":"post","link":"https:\/\/blogdofarnesio.com.br\/?p=122767","title":{"rendered":"JULIO LOSSIO SE RE\u00daNE COM VEREADOR DE OPOSI\u00c7\u00c3O. NO CARD\u00c1PIO, SOLU\u00c7\u00c3O PARA O CEAPE"},"content":{"rendered":"<p style=\"text-align: justify\" align=\"justify\"><a href=\"http:\/\/www.quersaberpolitica.com.br\/2016\/wp-content\/uploads\/2015\/04\/blogqsp.lossio.Reuniao_Ceape.jpg\"><img loading=\"lazy\" decoding=\"async\" class=\"  wp-image-122768 aligncenter\" src=\"http:\/\/www.quersaberpolitica.com.br\/2016\/wp-content\/uploads\/2015\/04\/blogqsp.lossio.Reuniao_Ceape-300x225.jpg\" alt=\"blogqsp.lossio.Reuniao_Ceape\" width=\"419\" height=\"318\" \/><\/a><\/p>\n<p style=\"text-align: justify\" align=\"justify\">Na busca de solu\u00e7\u00f5es vi\u00e1veis e pac\u00edficas para os debates que envolvem o Centro de Abastecimento de Petrolina \u2013 Ceape, o prefeito, Julio Lossio, se reuniu com o vereador Adalberto Filho, Bet\u00e3o, durante um almo\u00e7o nesta segunda-feira (27). Bet\u00e3o \u00e9 um dos representantes dos permission\u00e1rios na Casa Pl\u00ednio Amorim.<\/p>\n<p style=\"text-align: justify\" align=\"justify\">Durante o encontro, foram discutidas medidas que possibilitem um entendimento entre os comerciantes, que atuam no local, e o governo municipal. Para intermediar as discuss\u00f5es entre as partes, o prefeito Julio Lossio e o vereador Bet\u00e3o elegeram como interlocutor o diretor-presidente da Vigil\u00e2ncia Sanit\u00e1ria do Munic\u00edpio, Jarbas Costa, que tamb\u00e9m participou da reuni\u00e3o.<\/p>\n<p style=\"text-align: justify\" align=\"justify\">A desativa\u00e7\u00e3o do Ceape e a reloca\u00e7\u00e3o dos permission\u00e1rios acontece para a constru\u00e7\u00e3o do Centro Administrativo de Petrolina, espa\u00e7o que vai agregar em um s\u00f3 lugar, todos os servi\u00e7os disponibilizados pelo munic\u00edpio, em uma estrutura moderna e equipada.<\/p>\n<p align=\"justify\"><em>Texto: Thirza Santos<\/em><\/p>\n","protected":false},"excerpt":{"rendered":"<p>Na busca de solu\u00e7\u00f5es vi\u00e1veis e pac\u00edficas para os debates que envolvem o Centro de Abastecimento de Petrolina \u2013 Ceape, o prefeito, Julio Lossio, se reuniu com o vereador Adalberto Filho, Bet\u00e3o, durante um almo\u00e7o nesta segunda-feira (27). Bet\u00e3o \u00e9 um dos representantes dos permission\u00e1rios na Casa Pl\u00ednio Amorim. Durante o encontro, foram discutidas medidas que possibilitem um entendimento entre os comerciantes, que atuam no local, e o governo municipal. Para intermediar as discuss\u00f5es entre as partes, o prefeito Julio Lossio e o vereador Bet\u00e3o elegeram como interlocutor o diretor-presidente da Vigil\u00e2ncia Sanit\u00e1ria do Munic\u00edpio, Jarbas Costa, que tamb\u00e9m participou da reuni\u00e3o. A desativa\u00e7\u00e3o do Ceape e a reloca\u00e7\u00e3o dos permission\u00e1rios acontece para a constru\u00e7\u00e3o do Centro Administrativo de Petrolina,&hellip; <\/p>\n","protected":false},"author":7,"featured_media":0,"comment_status":"open","ping_status":"open","sticky":false,"template":"","format":"standard","meta":{"_acf_changed":false,"footnotes":""},"categories":[1],"tags":[],"class_list":["post-122767","post","type-post","status-publish","format-standard","hentry","category-politica"],"acf":[],"yoast_head":"<!-- This site is optimized with the Yoast SEO plugin v27.4 - https:\/\/yoast.com\/product\/yoast-seo-wordpress\/ -->\n<title>JULIO LOSSIO SE RE\u00daNE COM VEREADOR DE OPOSI\u00c7\u00c3O. NO CARD\u00c1PIO, SOLU\u00c7\u00c3O PARA O CEAPE - Blog do Farn\u00e9sio<\/title>\n<meta name=\"robots\" content=\"index, follow, max-snippet:-1, max-image-preview:large, max-video-preview:-1\" \/>\n<link rel=\"canonical\" href=\"https:\/\/blogdofarnesio.com.br\/?p=122767\" \/>\n<meta property=\"og:locale\" content=\"pt_BR\" \/>\n<meta property=\"og:type\" content=\"article\" \/>\n<meta property=\"og:title\" content=\"JULIO LOSSIO SE RE\u00daNE COM VEREADOR DE OPOSI\u00c7\u00c3O. NO CARD\u00c1PIO, SOLU\u00c7\u00c3O PARA O CEAPE - Blog do Farn\u00e9sio\" \/>\n<meta property=\"og:description\" content=\"Na busca de solu\u00e7\u00f5es vi\u00e1veis e pac\u00edficas para os debates que envolvem o Centro de Abastecimento de Petrolina \u2013 Ceape, o prefeito, Julio Lossio, se reuniu com o vereador Adalberto Filho, Bet\u00e3o, durante um almo\u00e7o nesta segunda-feira (27). Bet\u00e3o \u00e9 um dos representantes dos permission\u00e1rios na Casa Pl\u00ednio Amorim. Durante o encontro, foram discutidas medidas que possibilitem um entendimento entre os comerciantes, que atuam no local, e o governo municipal. Para intermediar as discuss\u00f5es entre as partes, o prefeito Julio Lossio e o vereador Bet\u00e3o elegeram como interlocutor o diretor-presidente da Vigil\u00e2ncia Sanit\u00e1ria do Munic\u00edpio, Jarbas Costa, que tamb\u00e9m participou da reuni\u00e3o. A desativa\u00e7\u00e3o do Ceape e a reloca\u00e7\u00e3o dos permission\u00e1rios acontece para a constru\u00e7\u00e3o do Centro Administrativo de Petrolina,&hellip;\" \/>\n<meta property=\"og:url\" content=\"https:\/\/blogdofarnesio.com.br\/?p=122767\" \/>\n<meta property=\"og:site_name\" content=\"Blog do Farn\u00e9sio\" \/>\n<meta property=\"article:publisher\" content=\"https:\/\/www.facebook.com\/BlogQuerSaberPolitica\/\" \/>\n<meta property=\"article:published_time\" content=\"2015-04-28T10:22:31+00:00\" \/>\n<meta property=\"og:image\" content=\"http:\/\/www.quersaberpolitica.com.br\/2016\/wp-content\/uploads\/2015\/04\/blogqsp.lossio.Reuniao_Ceape-300x225.jpg\" \/>\n<meta name=\"twitter:card\" content=\"summary_large_image\" \/>\n<meta name=\"twitter:label1\" content=\"Escrito por\" \/>\n\t<meta name=\"twitter:data1\" content=\"\" \/>\n\t<meta name=\"twitter:label2\" content=\"Est. tempo de leitura\" \/>\n\t<meta name=\"twitter:data2\" content=\"1 minuto\" \/>\n<script type=\"application\/ld+json\" class=\"yoast-schema-graph\">{\"@context\":\"https:\\\/\\\/schema.org\",\"@graph\":[{\"@type\":\"Article\",\"@id\":\"https:\\\/\\\/blogdofarnesio.com.br\\\/?p=122767#article\",\"isPartOf\":{\"@id\":\"https:\\\/\\\/blogdofarnesio.com.br\\\/?p=122767\"},\"author\":{\"name\":\"\",\"@id\":\"\"},\"headline\":\"JULIO LOSSIO SE RE\u00daNE COM VEREADOR DE OPOSI\u00c7\u00c3O. NO CARD\u00c1PIO, SOLU\u00c7\u00c3O PARA O CEAPE\",\"datePublished\":\"2015-04-28T10:22:31+00:00\",\"mainEntityOfPage\":{\"@id\":\"https:\\\/\\\/blogdofarnesio.com.br\\\/?p=122767\"},\"wordCount\":180,\"commentCount\":0,\"publisher\":{\"@id\":\"https:\\\/\\\/blogdofarnesio.com.br\\\/#organization\"},\"image\":{\"@id\":\"https:\\\/\\\/blogdofarnesio.com.br\\\/?p=122767#primaryimage\"},\"thumbnailUrl\":\"http:\\\/\\\/www.quersaberpolitica.com.br\\\/2016\\\/wp-content\\\/uploads\\\/2015\\\/04\\\/blogqsp.lossio.Reuniao_Ceape-300x225.jpg\",\"articleSection\":[\"Pol\u00edtica\"],\"inLanguage\":\"pt-BR\",\"potentialAction\":[{\"@type\":\"CommentAction\",\"name\":\"Comment\",\"target\":[\"https:\\\/\\\/blogdofarnesio.com.br\\\/?p=122767#respond\"]}]},{\"@type\":\"WebPage\",\"@id\":\"https:\\\/\\\/blogdofarnesio.com.br\\\/?p=122767\",\"url\":\"https:\\\/\\\/blogdofarnesio.com.br\\\/?p=122767\",\"name\":\"JULIO LOSSIO SE RE\u00daNE COM VEREADOR DE OPOSI\u00c7\u00c3O. NO CARD\u00c1PIO, SOLU\u00c7\u00c3O PARA O CEAPE - Blog do Farn\u00e9sio\",\"isPartOf\":{\"@id\":\"https:\\\/\\\/blogdofarnesio.com.br\\\/#website\"},\"primaryImageOfPage\":{\"@id\":\"https:\\\/\\\/blogdofarnesio.com.br\\\/?p=122767#primaryimage\"},\"image\":{\"@id\":\"https:\\\/\\\/blogdofarnesio.com.br\\\/?p=122767#primaryimage\"},\"thumbnailUrl\":\"http:\\\/\\\/www.quersaberpolitica.com.br\\\/2016\\\/wp-content\\\/uploads\\\/2015\\\/04\\\/blogqsp.lossio.Reuniao_Ceape-300x225.jpg\",\"datePublished\":\"2015-04-28T10:22:31+00:00\",\"breadcrumb\":{\"@id\":\"https:\\\/\\\/blogdofarnesio.com.br\\\/?p=122767#breadcrumb\"},\"inLanguage\":\"pt-BR\",\"potentialAction\":[{\"@type\":\"ReadAction\",\"target\":[\"https:\\\/\\\/blogdofarnesio.com.br\\\/?p=122767\"]}]},{\"@type\":\"ImageObject\",\"inLanguage\":\"pt-BR\",\"@id\":\"https:\\\/\\\/blogdofarnesio.com.br\\\/?p=122767#primaryimage\",\"url\":\"http:\\\/\\\/www.quersaberpolitica.com.br\\\/2016\\\/wp-content\\\/uploads\\\/2015\\\/04\\\/blogqsp.lossio.Reuniao_Ceape-300x225.jpg\",\"contentUrl\":\"http:\\\/\\\/www.quersaberpolitica.com.br\\\/2016\\\/wp-content\\\/uploads\\\/2015\\\/04\\\/blogqsp.lossio.Reuniao_Ceape-300x225.jpg\"},{\"@type\":\"BreadcrumbList\",\"@id\":\"https:\\\/\\\/blogdofarnesio.com.br\\\/?p=122767#breadcrumb\",\"itemListElement\":[{\"@type\":\"ListItem\",\"position\":1,\"name\":\"In\u00edcio\",\"item\":\"https:\\\/\\\/blogdofarnesio.com.br\\\/\"},{\"@type\":\"ListItem\",\"position\":2,\"name\":\"JULIO LOSSIO SE RE\u00daNE COM VEREADOR DE OPOSI\u00c7\u00c3O. NO CARD\u00c1PIO, SOLU\u00c7\u00c3O PARA O CEAPE\"}]},{\"@type\":\"WebSite\",\"@id\":\"https:\\\/\\\/blogdofarnesio.com.br\\\/#website\",\"url\":\"https:\\\/\\\/blogdofarnesio.com.br\\\/\",\"name\":\"Blog do Farn\u00e9sio\",\"description\":\"Quer Saber Pol\u00edtica?\",\"publisher\":{\"@id\":\"https:\\\/\\\/blogdofarnesio.com.br\\\/#organization\"},\"potentialAction\":[{\"@type\":\"SearchAction\",\"target\":{\"@type\":\"EntryPoint\",\"urlTemplate\":\"https:\\\/\\\/blogdofarnesio.com.br\\\/?s={search_term_string}\"},\"query-input\":{\"@type\":\"PropertyValueSpecification\",\"valueRequired\":true,\"valueName\":\"search_term_string\"}}],\"inLanguage\":\"pt-BR\"},{\"@type\":\"Organization\",\"@id\":\"https:\\\/\\\/blogdofarnesio.com.br\\\/#organization\",\"name\":\"Blog do Farn\u00e9sio\",\"url\":\"https:\\\/\\\/blogdofarnesio.com.br\\\/\",\"logo\":{\"@type\":\"ImageObject\",\"inLanguage\":\"pt-BR\",\"@id\":\"https:\\\/\\\/blogdofarnesio.com.br\\\/#\\\/schema\\\/logo\\\/image\\\/\",\"url\":\"https:\\\/\\\/blogdofarnesio.com.br\\\/wp-content\\\/uploads\\\/2026\\\/03\\\/cropped-logo_new-1.png\",\"contentUrl\":\"https:\\\/\\\/blogdofarnesio.com.br\\\/wp-content\\\/uploads\\\/2026\\\/03\\\/cropped-logo_new-1.png\",\"width\":881,\"height\":685,\"caption\":\"Blog do Farn\u00e9sio\"},\"image\":{\"@id\":\"https:\\\/\\\/blogdofarnesio.com.br\\\/#\\\/schema\\\/logo\\\/image\\\/\"},\"sameAs\":[\"https:\\\/\\\/www.facebook.com\\\/BlogQuerSaberPolitica\\\/\"]},{\"@type\":\"Person\",\"@id\":\"\",\"url\":\"https:\\\/\\\/blogdofarnesio.com.br\\\/?author=7\"}]}<\/script>\n<!-- \/ Yoast SEO plugin. -->","yoast_head_json":{"title":"JULIO LOSSIO SE RE\u00daNE COM VEREADOR DE OPOSI\u00c7\u00c3O. NO CARD\u00c1PIO, SOLU\u00c7\u00c3O PARA O CEAPE - Blog do Farn\u00e9sio","robots":{"index":"index","follow":"follow","max-snippet":"max-snippet:-1","max-image-preview":"max-image-preview:large","max-video-preview":"max-video-preview:-1"},"canonical":"https:\/\/blogdofarnesio.com.br\/?p=122767","og_locale":"pt_BR","og_type":"article","og_title":"JULIO LOSSIO SE RE\u00daNE COM VEREADOR DE OPOSI\u00c7\u00c3O. NO CARD\u00c1PIO, SOLU\u00c7\u00c3O PARA O CEAPE - Blog do Farn\u00e9sio","og_description":"Na busca de solu\u00e7\u00f5es vi\u00e1veis e pac\u00edficas para os debates que envolvem o Centro de Abastecimento de Petrolina \u2013 Ceape, o prefeito, Julio Lossio, se reuniu com o vereador Adalberto Filho, Bet\u00e3o, durante um almo\u00e7o nesta segunda-feira (27). Bet\u00e3o \u00e9 um dos representantes dos permission\u00e1rios na Casa Pl\u00ednio Amorim. Durante o encontro, foram discutidas medidas que possibilitem um entendimento entre os comerciantes, que atuam no local, e o governo municipal. Para intermediar as discuss\u00f5es entre as partes, o prefeito Julio Lossio e o vereador Bet\u00e3o elegeram como interlocutor o diretor-presidente da Vigil\u00e2ncia Sanit\u00e1ria do Munic\u00edpio, Jarbas Costa, que tamb\u00e9m participou da reuni\u00e3o. A desativa\u00e7\u00e3o do Ceape e a reloca\u00e7\u00e3o dos permission\u00e1rios acontece para a constru\u00e7\u00e3o do Centro Administrativo de Petrolina,&hellip;","og_url":"https:\/\/blogdofarnesio.com.br\/?p=122767","og_site_name":"Blog do Farn\u00e9sio","article_publisher":"https:\/\/www.facebook.com\/BlogQuerSaberPolitica\/","article_published_time":"2015-04-28T10:22:31+00:00","og_image":[{"url":"http:\/\/www.quersaberpolitica.com.br\/2016\/wp-content\/uploads\/2015\/04\/blogqsp.lossio.Reuniao_Ceape-300x225.jpg","type":"","width":"","height":""}],"twitter_card":"summary_large_image","twitter_misc":{"Escrito por":"","Est. tempo de leitura":"1 minuto"},"schema":{"@context":"https:\/\/schema.org","@graph":[{"@type":"Article","@id":"https:\/\/blogdofarnesio.com.br\/?p=122767#article","isPartOf":{"@id":"https:\/\/blogdofarnesio.com.br\/?p=122767"},"author":{"name":"","@id":""},"headline":"JULIO LOSSIO SE RE\u00daNE COM VEREADOR DE OPOSI\u00c7\u00c3O. NO CARD\u00c1PIO, SOLU\u00c7\u00c3O PARA O CEAPE","datePublished":"2015-04-28T10:22:31+00:00","mainEntityOfPage":{"@id":"https:\/\/blogdofarnesio.com.br\/?p=122767"},"wordCount":180,"commentCount":0,"publisher":{"@id":"https:\/\/blogdofarnesio.com.br\/#organization"},"image":{"@id":"https:\/\/blogdofarnesio.com.br\/?p=122767#primaryimage"},"thumbnailUrl":"http:\/\/www.quersaberpolitica.com.br\/2016\/wp-content\/uploads\/2015\/04\/blogqsp.lossio.Reuniao_Ceape-300x225.jpg","articleSection":["Pol\u00edtica"],"inLanguage":"pt-BR","potentialAction":[{"@type":"CommentAction","name":"Comment","target":["https:\/\/blogdofarnesio.com.br\/?p=122767#respond"]}]},{"@type":"WebPage","@id":"https:\/\/blogdofarnesio.com.br\/?p=122767","url":"https:\/\/blogdofarnesio.com.br\/?p=122767","name":"JULIO LOSSIO SE RE\u00daNE COM VEREADOR DE OPOSI\u00c7\u00c3O. NO CARD\u00c1PIO, SOLU\u00c7\u00c3O PARA O CEAPE - Blog do Farn\u00e9sio","isPartOf":{"@id":"https:\/\/blogdofarnesio.com.br\/#website"},"primaryImageOfPage":{"@id":"https:\/\/blogdofarnesio.com.br\/?p=122767#primaryimage"},"image":{"@id":"https:\/\/blogdofarnesio.com.br\/?p=122767#primaryimage"},"thumbnailUrl":"http:\/\/www.quersaberpolitica.com.br\/2016\/wp-content\/uploads\/2015\/04\/blogqsp.lossio.Reuniao_Ceape-300x225.jpg","datePublished":"2015-04-28T10:22:31+00:00","breadcrumb":{"@id":"https:\/\/blogdofarnesio.com.br\/?p=122767#breadcrumb"},"inLanguage":"pt-BR","potentialAction":[{"@type":"ReadAction","target":["https:\/\/blogdofarnesio.com.br\/?p=122767"]}]},{"@type":"ImageObject","inLanguage":"pt-BR","@id":"https:\/\/blogdofarnesio.com.br\/?p=122767#primaryimage","url":"http:\/\/www.quersaberpolitica.com.br\/2016\/wp-content\/uploads\/2015\/04\/blogqsp.lossio.Reuniao_Ceape-300x225.jpg","contentUrl":"http:\/\/www.quersaberpolitica.com.br\/2016\/wp-content\/uploads\/2015\/04\/blogqsp.lossio.Reuniao_Ceape-300x225.jpg"},{"@type":"BreadcrumbList","@id":"https:\/\/blogdofarnesio.com.br\/?p=122767#breadcrumb","itemListElement":[{"@type":"ListItem","position":1,"name":"In\u00edcio","item":"https:\/\/blogdofarnesio.com.br\/"},{"@type":"ListItem","position":2,"name":"JULIO LOSSIO SE RE\u00daNE COM VEREADOR DE OPOSI\u00c7\u00c3O. NO CARD\u00c1PIO, SOLU\u00c7\u00c3O PARA O CEAPE"}]},{"@type":"WebSite","@id":"https:\/\/blogdofarnesio.com.br\/#website","url":"https:\/\/blogdofarnesio.com.br\/","name":"Blog do Farn\u00e9sio","description":"Quer Saber Pol\u00edtica?","publisher":{"@id":"https:\/\/blogdofarnesio.com.br\/#organization"},"potentialAction":[{"@type":"SearchAction","target":{"@type":"EntryPoint","urlTemplate":"https:\/\/blogdofarnesio.com.br\/?s={search_term_string}"},"query-input":{"@type":"PropertyValueSpecification","valueRequired":true,"valueName":"search_term_string"}}],"inLanguage":"pt-BR"},{"@type":"Organization","@id":"https:\/\/blogdofarnesio.com.br\/#organization","name":"Blog do Farn\u00e9sio","url":"https:\/\/blogdofarnesio.com.br\/","logo":{"@type":"ImageObject","inLanguage":"pt-BR","@id":"https:\/\/blogdofarnesio.com.br\/#\/schema\/logo\/image\/","url":"https:\/\/blogdofarnesio.com.br\/wp-content\/uploads\/2026\/03\/cropped-logo_new-1.png","contentUrl":"https:\/\/blogdofarnesio.com.br\/wp-content\/uploads\/2026\/03\/cropped-logo_new-1.png","width":881,"height":685,"caption":"Blog do Farn\u00e9sio"},"image":{"@id":"https:\/\/blogdofarnesio.com.br\/#\/schema\/logo\/image\/"},"sameAs":["https:\/\/www.facebook.com\/BlogQuerSaberPolitica\/"]},{"@type":"Person","@id":"","url":"https:\/\/blogdofarnesio.com.br\/?author=7"}]}},"_links":{"self":[{"href":"https:\/\/blogdofarnesio.com.br\/index.php?rest_route=\/wp\/v2\/posts\/122767","targetHints":{"allow":["GET"]}}],"collection":[{"href":"https:\/\/blogdofarnesio.com.br\/index.php?rest_route=\/wp\/v2\/posts"}],"about":[{"href":"https:\/\/blogdofarnesio.com.br\/index.php?rest_route=\/wp\/v2\/types\/post"}],"author":[{"embeddable":true,"href":"https:\/\/blogdofarnesio.com.br\/index.php?rest_route=\/wp\/v2\/users\/7"}],"replies":[{"embeddable":true,"href":"https:\/\/blogdofarnesio.com.br\/index.php?rest_route=%2Fwp%2Fv2%2Fcomments&post=122767"}],"version-history":[{"count":0,"href":"https:\/\/blogdofarnesio.com.br\/index.php?rest_route=\/wp\/v2\/posts\/122767\/revisions"}],"wp:attachment":[{"href":"https:\/\/blogdofarnesio.com.br\/index.php?rest_route=%2Fwp%2Fv2%2Fmedia&parent=122767"}],"wp:term":[{"taxonomy":"category","embeddable":true,"href":"https:\/\/blogdofarnesio.com.br\/index.php?rest_route=%2Fwp%2Fv2%2Fcategories&post=122767"},{"taxonomy":"post_tag","embeddable":true,"href":"https:\/\/blogdofarnesio.com.br\/index.php?rest_route=%2Fwp%2Fv2%2Ftags&post=122767"}],"curies":[{"name":"wp","href":"https:\/\/api.w.org\/{rel}","templated":true}]}}