{"id":12235,"date":"2012-03-21T07:42:19","date_gmt":"2012-03-21T07:42:19","guid":{"rendered":"http:\/\/www.quersaberpolitica.com.br?p=12235"},"modified":"-0001-11-30T00:00:00","modified_gmt":"-0001-11-30T03:00:00","slug":"secretaria-de-esportes-realizara-encontro-tecnico-da-terceira-edicao-dos-jogos-da-integracao","status":"publish","type":"post","link":"https:\/\/blogdofarnesio.com.br\/?p=12235","title":{"rendered":"Secretaria de Esportes realizar\u00e1 encontro t\u00e9cnico da terceira edi\u00e7\u00e3o dos Jogos da Integra\u00e7\u00e3o"},"content":{"rendered":"<p style=\"text-align: justify;\"><span style=\"font-size: small;\"><a rel=\"lightbox\" href=\"http:\/\/www.quersaberpolitica.com.br\/2016\/wp-content\/uploads\/2012\/12\/blogqspjogosintegracaopet1.jpg\"><img loading=\"lazy\" decoding=\"async\" style=\"margin-top: 5px; margin-bottom: 5px; margin-left: 10px; margin-right: 10px; float: right;\" title=\"Imagem Divulga&ccedil;&atilde;o\" src=\"http:\/\/www.quersaberpolitica.com.br\/2016\/wp-content\/uploads\/2012\/12\/blogqspjogosintegracaopet1.jpg\" alt=\"\" width=\"200\" height=\"150\" \/><\/a>A Secretaria de Esportes de Petrolina j&aacute; est&aacute; preparando o cronograma de a&ccedil;&otilde;es do ano de 2012. Na pr&oacute;xima semana, a equipe far&aacute; o primeiro chamado para a 3&ordf; edi&ccedil;&atilde;o dos Jogos da Integra&ccedil;&atilde;o. Realizado desde 2010 pela Prefeitura Municipal de Petrolina, o evento que marca o encontro de milhares de atletas em diversas competi&ccedil;&otilde;es ter&aacute; seu primeiro encontro t&eacute;cnico do ano, na pr&oacute;xima segunda-feira (26).<\/span><\/p>\n<p style=\"text-align: justify;\"><span style=\"font-size: small;\">O encontro acontecer&aacute; na sala Cid Carvalho do Centro de Conven&ccedil;&otilde;es Senador Nilo Coelho, &agrave;s 8h, e faz parte da elabora&ccedil;&atilde;o de metas que orientar&aacute; a execu&ccedil;&atilde;o do campeonato. A ocasi&atilde;o reunir&aacute; os t&eacute;cnicos das 12 modalidades integrantes (Futebol de Campo, Futsal, Basquete, V&ocirc;lei de quadra, Handebol, Futev&ocirc;lei e V&ocirc;lei de Areia em dupla e as individuais &#8211; Atletismo, Jud&ocirc;, T&ecirc;nis de mesa, Nata&ccedil;&atilde;o e Xadrez).<\/span><\/p>\n<p style=\"text-align: justify;\"><span style=\"font-size: small;\">&#8220;Estamos com muitos planos para 2012. &Eacute; o terceiro ano da competi&ccedil;&atilde;o que j&aacute; &eacute; uma marca de sucesso entre os desportistas da regi&atilde;o, encontrando nesse ambiente, espa&ccedil;o prop&iacute;cio para o desenvolvimento do esp&iacute;rito esportivo e engrandecimento de atletas da nossa regi&atilde;o&#8221;, afirmou o Secret&aacute;rio de Esportes de Petrolina, A&iacute;lton Guimar&atilde;es.<\/span><\/p>\n<p style=\"text-align: justify;\"><span style=\"font-size: small;\">Com todas as expectativas superadas nos anos anteriores, o campeonato reuniu a cada edi&ccedil;&atilde;o uma m&eacute;dia de 3 mil atletas das quatro &aacute;reas do munic&iacute;pio &#8211; ribeirinha, irrigada, de sequeiro e urbana. Para este ano, al&eacute;m de seguir a programa&ccedil;&atilde;o da secretaria e tamb&eacute;m a vontade do prefeito J&uacute;lio Lossio em disseminar o esporte e facilitar seu acesso, os Jogos da Integra&ccedil;&atilde;o v&ecirc;m com uma novidade positiva. No &uacute;ltimo m&ecirc;s, a C&acirc;mara de Vereadores de Petrolina aprovou o projeto de Lei n&ordm; 031\/2012 por unanimidade, que estabelece a inser&ccedil;&atilde;o do campeonato na programa&ccedil;&atilde;o obrigat&oacute;ria de eventos da Prefeitura Municipal de Petrolina.<\/span><\/p>\n<p style=\"text-align: justify;\"><span style=\"font-size: small;\">O primeiro encontro t&eacute;cnico definir&aacute; ainda o cronograma das pr&oacute;ximas reuni&otilde;es. A previs&atilde;o &eacute; que os Jogos da Integra&ccedil;&atilde;o comecem na primeira quinzena de maio,  estendendo-se at&eacute; dezembro de 2012.<\/span><\/p>\n<p style=\"text-align: justify;\"><span style=\"font-size: small;\">(Ascom PMP)<\/span><\/p>\n","protected":false},"excerpt":{"rendered":"<p>A Secretaria de Esportes de Petrolina j&aacute; est&aacute; preparando o cronograma de a&ccedil;&otilde;es do ano de 2012. Na pr&oacute;xima semana, a equipe far&aacute; o primeiro chamado para a 3&ordf; edi&ccedil;&atilde;o dos Jogos da Integra&ccedil;&atilde;o. Realizado desde 2010 pela Prefeitura Municipal de Petrolina, o evento que marca o encontro de milhares de atletas em diversas competi&ccedil;&otilde;es ter&aacute; seu primeiro encontro t&eacute;cnico do ano, na pr&oacute;xima segunda-feira (26). O encontro acontecer&aacute; na sala Cid Carvalho do Centro de Conven&ccedil;&otilde;es Senador Nilo Coelho, &agrave;s 8h, e faz parte da elabora&ccedil;&atilde;o de metas que orientar&aacute; a execu&ccedil;&atilde;o do campeonato. A ocasi&atilde;o reunir&aacute; os t&eacute;cnicos das 12 modalidades integrantes (Futebol de Campo, Futsal, Basquete, V&ocirc;lei de quadra, Handebol, Futev&ocirc;lei e V&ocirc;lei de Areia em dupla&hellip; <\/p>\n","protected":false},"author":0,"featured_media":0,"comment_status":"open","ping_status":"open","sticky":false,"template":"","format":"standard","meta":{"_acf_changed":false,"footnotes":""},"categories":[7],"tags":[],"class_list":["post-12235","post","type-post","status-publish","format-standard","hentry","category-religiao"],"acf":[],"yoast_head":"<!-- This site is optimized with the Yoast SEO plugin v27.4 - https:\/\/yoast.com\/product\/yoast-seo-wordpress\/ -->\n<title>Secretaria de Esportes realizar\u00e1 encontro t\u00e9cnico da terceira edi\u00e7\u00e3o dos Jogos da Integra\u00e7\u00e3o - Blog do Farn\u00e9sio<\/title>\n<meta name=\"robots\" content=\"index, follow, max-snippet:-1, max-image-preview:large, max-video-preview:-1\" \/>\n<link rel=\"canonical\" href=\"https:\/\/blogdofarnesio.com.br\/?p=12235\" \/>\n<meta property=\"og:locale\" content=\"pt_BR\" \/>\n<meta property=\"og:type\" content=\"article\" \/>\n<meta property=\"og:title\" content=\"Secretaria de Esportes realizar\u00e1 encontro t\u00e9cnico da terceira edi\u00e7\u00e3o dos Jogos da Integra\u00e7\u00e3o - Blog do Farn\u00e9sio\" \/>\n<meta property=\"og:description\" content=\"A Secretaria de Esportes de Petrolina j&aacute; est&aacute; preparando o cronograma de a&ccedil;&otilde;es do ano de 2012. Na pr&oacute;xima semana, a equipe far&aacute; o primeiro chamado para a 3&ordf; edi&ccedil;&atilde;o dos Jogos da Integra&ccedil;&atilde;o. Realizado desde 2010 pela Prefeitura Municipal de Petrolina, o evento que marca o encontro de milhares de atletas em diversas competi&ccedil;&otilde;es ter&aacute; seu primeiro encontro t&eacute;cnico do ano, na pr&oacute;xima segunda-feira (26). O encontro acontecer&aacute; na sala Cid Carvalho do Centro de Conven&ccedil;&otilde;es Senador Nilo Coelho, &agrave;s 8h, e faz parte da elabora&ccedil;&atilde;o de metas que orientar&aacute; a execu&ccedil;&atilde;o do campeonato. A ocasi&atilde;o reunir&aacute; os t&eacute;cnicos das 12 modalidades integrantes (Futebol de Campo, Futsal, Basquete, V&ocirc;lei de quadra, Handebol, Futev&ocirc;lei e V&ocirc;lei de Areia em dupla&hellip;\" \/>\n<meta property=\"og:url\" content=\"https:\/\/blogdofarnesio.com.br\/?p=12235\" \/>\n<meta property=\"og:site_name\" content=\"Blog do Farn\u00e9sio\" \/>\n<meta property=\"article:publisher\" content=\"https:\/\/www.facebook.com\/BlogQuerSaberPolitica\/\" \/>\n<meta property=\"article:published_time\" content=\"2012-03-21T07:42:19+00:00\" \/>\n<meta property=\"og:image\" content=\"http:\/\/www.quersaberpolitica.com.br\/2016\/wp-content\/uploads\/2012\/12\/blogqspjogosintegracaopet1.jpg\" \/>\n<meta name=\"twitter:card\" content=\"summary_large_image\" \/>\n<meta name=\"twitter:label1\" content=\"Est. tempo de leitura\" \/>\n\t<meta name=\"twitter:data1\" content=\"2 minutos\" \/>\n<script type=\"application\/ld+json\" class=\"yoast-schema-graph\">{\"@context\":\"https:\\\/\\\/schema.org\",\"@graph\":[{\"@type\":\"Article\",\"@id\":\"https:\\\/\\\/blogdofarnesio.com.br\\\/?p=12235#article\",\"isPartOf\":{\"@id\":\"https:\\\/\\\/blogdofarnesio.com.br\\\/?p=12235\"},\"author\":{\"name\":\"\",\"@id\":\"\"},\"headline\":\"Secretaria de Esportes realizar\u00e1 encontro t\u00e9cnico da terceira edi\u00e7\u00e3o dos Jogos da Integra\u00e7\u00e3o\",\"datePublished\":\"2012-03-21T07:42:19+00:00\",\"mainEntityOfPage\":{\"@id\":\"https:\\\/\\\/blogdofarnesio.com.br\\\/?p=12235\"},\"wordCount\":444,\"commentCount\":0,\"publisher\":{\"@id\":\"https:\\\/\\\/blogdofarnesio.com.br\\\/#organization\"},\"image\":{\"@id\":\"https:\\\/\\\/blogdofarnesio.com.br\\\/?p=12235#primaryimage\"},\"thumbnailUrl\":\"http:\\\/\\\/www.quersaberpolitica.com.br\\\/2016\\\/wp-content\\\/uploads\\\/2012\\\/12\\\/blogqspjogosintegracaopet1.jpg\",\"articleSection\":[\"Religi\u00e3o\"],\"inLanguage\":\"pt-BR\",\"potentialAction\":[{\"@type\":\"CommentAction\",\"name\":\"Comment\",\"target\":[\"https:\\\/\\\/blogdofarnesio.com.br\\\/?p=12235#respond\"]}]},{\"@type\":\"WebPage\",\"@id\":\"https:\\\/\\\/blogdofarnesio.com.br\\\/?p=12235\",\"url\":\"https:\\\/\\\/blogdofarnesio.com.br\\\/?p=12235\",\"name\":\"Secretaria de Esportes realizar\u00e1 encontro t\u00e9cnico da terceira edi\u00e7\u00e3o dos Jogos da Integra\u00e7\u00e3o - Blog do Farn\u00e9sio\",\"isPartOf\":{\"@id\":\"https:\\\/\\\/blogdofarnesio.com.br\\\/#website\"},\"primaryImageOfPage\":{\"@id\":\"https:\\\/\\\/blogdofarnesio.com.br\\\/?p=12235#primaryimage\"},\"image\":{\"@id\":\"https:\\\/\\\/blogdofarnesio.com.br\\\/?p=12235#primaryimage\"},\"thumbnailUrl\":\"http:\\\/\\\/www.quersaberpolitica.com.br\\\/2016\\\/wp-content\\\/uploads\\\/2012\\\/12\\\/blogqspjogosintegracaopet1.jpg\",\"datePublished\":\"2012-03-21T07:42:19+00:00\",\"breadcrumb\":{\"@id\":\"https:\\\/\\\/blogdofarnesio.com.br\\\/?p=12235#breadcrumb\"},\"inLanguage\":\"pt-BR\",\"potentialAction\":[{\"@type\":\"ReadAction\",\"target\":[\"https:\\\/\\\/blogdofarnesio.com.br\\\/?p=12235\"]}]},{\"@type\":\"ImageObject\",\"inLanguage\":\"pt-BR\",\"@id\":\"https:\\\/\\\/blogdofarnesio.com.br\\\/?p=12235#primaryimage\",\"url\":\"http:\\\/\\\/www.quersaberpolitica.com.br\\\/2016\\\/wp-content\\\/uploads\\\/2012\\\/12\\\/blogqspjogosintegracaopet1.jpg\",\"contentUrl\":\"http:\\\/\\\/www.quersaberpolitica.com.br\\\/2016\\\/wp-content\\\/uploads\\\/2012\\\/12\\\/blogqspjogosintegracaopet1.jpg\"},{\"@type\":\"BreadcrumbList\",\"@id\":\"https:\\\/\\\/blogdofarnesio.com.br\\\/?p=12235#breadcrumb\",\"itemListElement\":[{\"@type\":\"ListItem\",\"position\":1,\"name\":\"In\u00edcio\",\"item\":\"https:\\\/\\\/blogdofarnesio.com.br\\\/\"},{\"@type\":\"ListItem\",\"position\":2,\"name\":\"Secretaria de Esportes realizar\u00e1 encontro t\u00e9cnico da terceira edi\u00e7\u00e3o dos Jogos da Integra\u00e7\u00e3o\"}]},{\"@type\":\"WebSite\",\"@id\":\"https:\\\/\\\/blogdofarnesio.com.br\\\/#website\",\"url\":\"https:\\\/\\\/blogdofarnesio.com.br\\\/\",\"name\":\"Blog do Farn\u00e9sio\",\"description\":\"Quer Saber Pol\u00edtica?\",\"publisher\":{\"@id\":\"https:\\\/\\\/blogdofarnesio.com.br\\\/#organization\"},\"potentialAction\":[{\"@type\":\"SearchAction\",\"target\":{\"@type\":\"EntryPoint\",\"urlTemplate\":\"https:\\\/\\\/blogdofarnesio.com.br\\\/?s={search_term_string}\"},\"query-input\":{\"@type\":\"PropertyValueSpecification\",\"valueRequired\":true,\"valueName\":\"search_term_string\"}}],\"inLanguage\":\"pt-BR\"},{\"@type\":\"Organization\",\"@id\":\"https:\\\/\\\/blogdofarnesio.com.br\\\/#organization\",\"name\":\"Blog do Farn\u00e9sio\",\"url\":\"https:\\\/\\\/blogdofarnesio.com.br\\\/\",\"logo\":{\"@type\":\"ImageObject\",\"inLanguage\":\"pt-BR\",\"@id\":\"https:\\\/\\\/blogdofarnesio.com.br\\\/#\\\/schema\\\/logo\\\/image\\\/\",\"url\":\"https:\\\/\\\/blogdofarnesio.com.br\\\/wp-content\\\/uploads\\\/2026\\\/03\\\/cropped-logo_new-1.png\",\"contentUrl\":\"https:\\\/\\\/blogdofarnesio.com.br\\\/wp-content\\\/uploads\\\/2026\\\/03\\\/cropped-logo_new-1.png\",\"width\":881,\"height\":685,\"caption\":\"Blog do Farn\u00e9sio\"},\"image\":{\"@id\":\"https:\\\/\\\/blogdofarnesio.com.br\\\/#\\\/schema\\\/logo\\\/image\\\/\"},\"sameAs\":[\"https:\\\/\\\/www.facebook.com\\\/BlogQuerSaberPolitica\\\/\"]}]}<\/script>\n<!-- \/ Yoast SEO plugin. -->","yoast_head_json":{"title":"Secretaria de Esportes realizar\u00e1 encontro t\u00e9cnico da terceira edi\u00e7\u00e3o dos Jogos da Integra\u00e7\u00e3o - Blog do Farn\u00e9sio","robots":{"index":"index","follow":"follow","max-snippet":"max-snippet:-1","max-image-preview":"max-image-preview:large","max-video-preview":"max-video-preview:-1"},"canonical":"https:\/\/blogdofarnesio.com.br\/?p=12235","og_locale":"pt_BR","og_type":"article","og_title":"Secretaria de Esportes realizar\u00e1 encontro t\u00e9cnico da terceira edi\u00e7\u00e3o dos Jogos da Integra\u00e7\u00e3o - Blog do Farn\u00e9sio","og_description":"A Secretaria de Esportes de Petrolina j&aacute; est&aacute; preparando o cronograma de a&ccedil;&otilde;es do ano de 2012. Na pr&oacute;xima semana, a equipe far&aacute; o primeiro chamado para a 3&ordf; edi&ccedil;&atilde;o dos Jogos da Integra&ccedil;&atilde;o. Realizado desde 2010 pela Prefeitura Municipal de Petrolina, o evento que marca o encontro de milhares de atletas em diversas competi&ccedil;&otilde;es ter&aacute; seu primeiro encontro t&eacute;cnico do ano, na pr&oacute;xima segunda-feira (26). O encontro acontecer&aacute; na sala Cid Carvalho do Centro de Conven&ccedil;&otilde;es Senador Nilo Coelho, &agrave;s 8h, e faz parte da elabora&ccedil;&atilde;o de metas que orientar&aacute; a execu&ccedil;&atilde;o do campeonato. A ocasi&atilde;o reunir&aacute; os t&eacute;cnicos das 12 modalidades integrantes (Futebol de Campo, Futsal, Basquete, V&ocirc;lei de quadra, Handebol, Futev&ocirc;lei e V&ocirc;lei de Areia em dupla&hellip;","og_url":"https:\/\/blogdofarnesio.com.br\/?p=12235","og_site_name":"Blog do Farn\u00e9sio","article_publisher":"https:\/\/www.facebook.com\/BlogQuerSaberPolitica\/","article_published_time":"2012-03-21T07:42:19+00:00","og_image":[{"url":"http:\/\/www.quersaberpolitica.com.br\/2016\/wp-content\/uploads\/2012\/12\/blogqspjogosintegracaopet1.jpg","type":"","width":"","height":""}],"twitter_card":"summary_large_image","twitter_misc":{"Est. tempo de leitura":"2 minutos"},"schema":{"@context":"https:\/\/schema.org","@graph":[{"@type":"Article","@id":"https:\/\/blogdofarnesio.com.br\/?p=12235#article","isPartOf":{"@id":"https:\/\/blogdofarnesio.com.br\/?p=12235"},"author":{"name":"","@id":""},"headline":"Secretaria de Esportes realizar\u00e1 encontro t\u00e9cnico da terceira edi\u00e7\u00e3o dos Jogos da Integra\u00e7\u00e3o","datePublished":"2012-03-21T07:42:19+00:00","mainEntityOfPage":{"@id":"https:\/\/blogdofarnesio.com.br\/?p=12235"},"wordCount":444,"commentCount":0,"publisher":{"@id":"https:\/\/blogdofarnesio.com.br\/#organization"},"image":{"@id":"https:\/\/blogdofarnesio.com.br\/?p=12235#primaryimage"},"thumbnailUrl":"http:\/\/www.quersaberpolitica.com.br\/2016\/wp-content\/uploads\/2012\/12\/blogqspjogosintegracaopet1.jpg","articleSection":["Religi\u00e3o"],"inLanguage":"pt-BR","potentialAction":[{"@type":"CommentAction","name":"Comment","target":["https:\/\/blogdofarnesio.com.br\/?p=12235#respond"]}]},{"@type":"WebPage","@id":"https:\/\/blogdofarnesio.com.br\/?p=12235","url":"https:\/\/blogdofarnesio.com.br\/?p=12235","name":"Secretaria de Esportes realizar\u00e1 encontro t\u00e9cnico da terceira edi\u00e7\u00e3o dos Jogos da Integra\u00e7\u00e3o - Blog do Farn\u00e9sio","isPartOf":{"@id":"https:\/\/blogdofarnesio.com.br\/#website"},"primaryImageOfPage":{"@id":"https:\/\/blogdofarnesio.com.br\/?p=12235#primaryimage"},"image":{"@id":"https:\/\/blogdofarnesio.com.br\/?p=12235#primaryimage"},"thumbnailUrl":"http:\/\/www.quersaberpolitica.com.br\/2016\/wp-content\/uploads\/2012\/12\/blogqspjogosintegracaopet1.jpg","datePublished":"2012-03-21T07:42:19+00:00","breadcrumb":{"@id":"https:\/\/blogdofarnesio.com.br\/?p=12235#breadcrumb"},"inLanguage":"pt-BR","potentialAction":[{"@type":"ReadAction","target":["https:\/\/blogdofarnesio.com.br\/?p=12235"]}]},{"@type":"ImageObject","inLanguage":"pt-BR","@id":"https:\/\/blogdofarnesio.com.br\/?p=12235#primaryimage","url":"http:\/\/www.quersaberpolitica.com.br\/2016\/wp-content\/uploads\/2012\/12\/blogqspjogosintegracaopet1.jpg","contentUrl":"http:\/\/www.quersaberpolitica.com.br\/2016\/wp-content\/uploads\/2012\/12\/blogqspjogosintegracaopet1.jpg"},{"@type":"BreadcrumbList","@id":"https:\/\/blogdofarnesio.com.br\/?p=12235#breadcrumb","itemListElement":[{"@type":"ListItem","position":1,"name":"In\u00edcio","item":"https:\/\/blogdofarnesio.com.br\/"},{"@type":"ListItem","position":2,"name":"Secretaria de Esportes realizar\u00e1 encontro t\u00e9cnico da terceira edi\u00e7\u00e3o dos Jogos da Integra\u00e7\u00e3o"}]},{"@type":"WebSite","@id":"https:\/\/blogdofarnesio.com.br\/#website","url":"https:\/\/blogdofarnesio.com.br\/","name":"Blog do Farn\u00e9sio","description":"Quer Saber Pol\u00edtica?","publisher":{"@id":"https:\/\/blogdofarnesio.com.br\/#organization"},"potentialAction":[{"@type":"SearchAction","target":{"@type":"EntryPoint","urlTemplate":"https:\/\/blogdofarnesio.com.br\/?s={search_term_string}"},"query-input":{"@type":"PropertyValueSpecification","valueRequired":true,"valueName":"search_term_string"}}],"inLanguage":"pt-BR"},{"@type":"Organization","@id":"https:\/\/blogdofarnesio.com.br\/#organization","name":"Blog do Farn\u00e9sio","url":"https:\/\/blogdofarnesio.com.br\/","logo":{"@type":"ImageObject","inLanguage":"pt-BR","@id":"https:\/\/blogdofarnesio.com.br\/#\/schema\/logo\/image\/","url":"https:\/\/blogdofarnesio.com.br\/wp-content\/uploads\/2026\/03\/cropped-logo_new-1.png","contentUrl":"https:\/\/blogdofarnesio.com.br\/wp-content\/uploads\/2026\/03\/cropped-logo_new-1.png","width":881,"height":685,"caption":"Blog do Farn\u00e9sio"},"image":{"@id":"https:\/\/blogdofarnesio.com.br\/#\/schema\/logo\/image\/"},"sameAs":["https:\/\/www.facebook.com\/BlogQuerSaberPolitica\/"]}]}},"_links":{"self":[{"href":"https:\/\/blogdofarnesio.com.br\/index.php?rest_route=\/wp\/v2\/posts\/12235","targetHints":{"allow":["GET"]}}],"collection":[{"href":"https:\/\/blogdofarnesio.com.br\/index.php?rest_route=\/wp\/v2\/posts"}],"about":[{"href":"https:\/\/blogdofarnesio.com.br\/index.php?rest_route=\/wp\/v2\/types\/post"}],"replies":[{"embeddable":true,"href":"https:\/\/blogdofarnesio.com.br\/index.php?rest_route=%2Fwp%2Fv2%2Fcomments&post=12235"}],"version-history":[{"count":0,"href":"https:\/\/blogdofarnesio.com.br\/index.php?rest_route=\/wp\/v2\/posts\/12235\/revisions"}],"wp:attachment":[{"href":"https:\/\/blogdofarnesio.com.br\/index.php?rest_route=%2Fwp%2Fv2%2Fmedia&parent=12235"}],"wp:term":[{"taxonomy":"category","embeddable":true,"href":"https:\/\/blogdofarnesio.com.br\/index.php?rest_route=%2Fwp%2Fv2%2Fcategories&post=12235"},{"taxonomy":"post_tag","embeddable":true,"href":"https:\/\/blogdofarnesio.com.br\/index.php?rest_route=%2Fwp%2Fv2%2Ftags&post=12235"}],"curies":[{"name":"wp","href":"https:\/\/api.w.org\/{rel}","templated":true}]}}