{"id":122342,"date":"2015-04-16T14:30:53","date_gmt":"2015-04-16T17:30:53","guid":{"rendered":"http:\/\/www.quersaberpolitica.com.br\/?p=122342"},"modified":"2015-04-16T14:16:46","modified_gmt":"2015-04-16T17:16:46","slug":"divulgado-o-edital-do-vestibular-2015-2-da-facape","status":"publish","type":"post","link":"https:\/\/blogdofarnesio.com.br\/?p=122342","title":{"rendered":"DIVULGADO O EDITAL DO VESTIBULAR 2015.2 DA FACAPE"},"content":{"rendered":"<p style=\"text-align: justify\"><a href=\"http:\/\/www.quersaberpolitica.com.br\/2016\/wp-content\/uploads\/2013\/04\/vestibular.jpg\"><img loading=\"lazy\" decoding=\"async\" class=\"alignleft size-full wp-image-37354\" src=\"http:\/\/www.quersaberpolitica.com.br\/2016\/wp-content\/uploads\/2013\/04\/vestibular.jpg\" alt=\"vestibular\" width=\"150\" height=\"150\" \/><\/a>Uma boa not\u00edcia para os feras: A Faculdade de Ci\u00eancias Aplicadas e Sociais de Petrolina (Facape) divulgou o edital do vestibular 2015.2. H\u00e1 vagas para cinco cursos: Administra\u00e7\u00e3o, Direito, Servi\u00e7o Social, Ci\u00eancias Cont\u00e1beis e Ci\u00eancia da Computa\u00e7\u00e3o. As inscri\u00e7\u00f5es v\u00e3o at\u00e9 o dia 26 de maio.<\/p>\n<p style=\"text-align: justify\">Os estudantes devem se inscrever na p\u00e1gina eletr\u00f4nica da Facape (<a href=\"http:\/\/www.facape.br\/\" target=\"_blank\">www.facape.br<\/a>), no link \u2018Vestibular\u2019, ou presencialmente das 9h \u00e0s 12h, das 15h \u00e0s 18h, na Sala de Concursos da autarquia. H\u00e1 duas modalidades: 490 vagas para o vestibular convencional e 60 vagas para o vestibular bolsista \u2013 este \u00faltimo destinado a alunos oriundos de escola p\u00fablica, servidores efetivos da Prefeitura de Petrolina e seus dependentes, e servidores da Facape e seus dependentes.<\/p>\n<p style=\"text-align: justify\">As provas ser\u00e3o aplicadas no dia 7 de junho, com fechamento dos port\u00f5es marcado para as 9h. A prova contar\u00e1 com quest\u00f5es de m\u00faltipla escolha das disciplinas de Portugu\u00eas, Matem\u00e1tica, L\u00edngua Estrangeira (ingl\u00eas ou espanhol) e Conhecimentos Gerais, al\u00e9m da reda\u00e7\u00e3o.<\/p>\n<p style=\"text-align: justify\"><!--more--><\/p>\n<p style=\"text-align: justify\">O edital, dispon\u00edvel no site da Facape, cont\u00e9m todas as informa\u00e7\u00f5es sobre o processo seletivo, inclusive valor das mensalidades, documentos para matr\u00edcula, caracter\u00edstica de cada curso e conte\u00fado program\u00e1tico das provas.<\/p>\n<p style=\"text-align: justify\">A previs\u00e3o \u00e9 de que o resultado seja divulgado no dia 22 de junho. Os aprovados iniciar\u00e3o as aulas no dia 3 de agosto de 2015.<\/p>\n<p><em>Monyk Arcanjo<\/em><\/p>\n","protected":false},"excerpt":{"rendered":"<p>Uma boa not\u00edcia para os feras: A Faculdade de Ci\u00eancias Aplicadas e Sociais de Petrolina (Facape) divulgou o edital do vestibular 2015.2. H\u00e1 vagas para cinco cursos: Administra\u00e7\u00e3o, Direito, Servi\u00e7o Social, Ci\u00eancias Cont\u00e1beis e Ci\u00eancia da Computa\u00e7\u00e3o. As inscri\u00e7\u00f5es v\u00e3o at\u00e9 o dia 26 de maio. Os estudantes devem se inscrever na p\u00e1gina eletr\u00f4nica da Facape (www.facape.br), no link \u2018Vestibular\u2019, ou presencialmente das 9h \u00e0s 12h, das 15h \u00e0s 18h, na Sala de Concursos da autarquia. H\u00e1 duas modalidades: 490 vagas para o vestibular convencional e 60 vagas para o vestibular bolsista \u2013 este \u00faltimo destinado a alunos oriundos de escola p\u00fablica, servidores efetivos da Prefeitura de Petrolina e seus dependentes, e servidores da Facape e seus dependentes. As provas&hellip; <\/p>\n","protected":false},"author":7,"featured_media":0,"comment_status":"open","ping_status":"open","sticky":false,"template":"","format":"standard","meta":{"_acf_changed":false,"footnotes":""},"categories":[6],"tags":[],"class_list":["post-122342","post","type-post","status-publish","format-standard","hentry","category-educacao"],"acf":[],"yoast_head":"<!-- This site is optimized with the Yoast SEO plugin v27.4 - https:\/\/yoast.com\/product\/yoast-seo-wordpress\/ -->\n<title>DIVULGADO O EDITAL DO VESTIBULAR 2015.2 DA FACAPE - Blog do Farn\u00e9sio<\/title>\n<meta name=\"robots\" content=\"index, follow, max-snippet:-1, max-image-preview:large, max-video-preview:-1\" \/>\n<link rel=\"canonical\" href=\"https:\/\/blogdofarnesio.com.br\/?p=122342\" \/>\n<meta property=\"og:locale\" content=\"pt_BR\" \/>\n<meta property=\"og:type\" content=\"article\" \/>\n<meta property=\"og:title\" content=\"DIVULGADO O EDITAL DO VESTIBULAR 2015.2 DA FACAPE - Blog do Farn\u00e9sio\" \/>\n<meta property=\"og:description\" content=\"Uma boa not\u00edcia para os feras: A Faculdade de Ci\u00eancias Aplicadas e Sociais de Petrolina (Facape) divulgou o edital do vestibular 2015.2. H\u00e1 vagas para cinco cursos: Administra\u00e7\u00e3o, Direito, Servi\u00e7o Social, Ci\u00eancias Cont\u00e1beis e Ci\u00eancia da Computa\u00e7\u00e3o. As inscri\u00e7\u00f5es v\u00e3o at\u00e9 o dia 26 de maio. Os estudantes devem se inscrever na p\u00e1gina eletr\u00f4nica da Facape (www.facape.br), no link \u2018Vestibular\u2019, ou presencialmente das 9h \u00e0s 12h, das 15h \u00e0s 18h, na Sala de Concursos da autarquia. H\u00e1 duas modalidades: 490 vagas para o vestibular convencional e 60 vagas para o vestibular bolsista \u2013 este \u00faltimo destinado a alunos oriundos de escola p\u00fablica, servidores efetivos da Prefeitura de Petrolina e seus dependentes, e servidores da Facape e seus dependentes. As provas&hellip;\" \/>\n<meta property=\"og:url\" content=\"https:\/\/blogdofarnesio.com.br\/?p=122342\" \/>\n<meta property=\"og:site_name\" content=\"Blog do Farn\u00e9sio\" \/>\n<meta property=\"article:publisher\" content=\"https:\/\/www.facebook.com\/BlogQuerSaberPolitica\/\" \/>\n<meta property=\"article:published_time\" content=\"2015-04-16T17:30:53+00:00\" \/>\n<meta property=\"og:image\" content=\"http:\/\/www.quersaberpolitica.com.br\/2016\/wp-content\/uploads\/2013\/04\/vestibular.jpg\" \/>\n<meta name=\"twitter:card\" content=\"summary_large_image\" \/>\n<meta name=\"twitter:label1\" content=\"Escrito por\" \/>\n\t<meta name=\"twitter:data1\" content=\"\" \/>\n\t<meta name=\"twitter:label2\" content=\"Est. tempo de leitura\" \/>\n\t<meta name=\"twitter:data2\" content=\"1 minuto\" \/>\n<script type=\"application\/ld+json\" class=\"yoast-schema-graph\">{\"@context\":\"https:\\\/\\\/schema.org\",\"@graph\":[{\"@type\":\"Article\",\"@id\":\"https:\\\/\\\/blogdofarnesio.com.br\\\/?p=122342#article\",\"isPartOf\":{\"@id\":\"https:\\\/\\\/blogdofarnesio.com.br\\\/?p=122342\"},\"author\":{\"name\":\"\",\"@id\":\"\"},\"headline\":\"DIVULGADO O EDITAL DO VESTIBULAR 2015.2 DA FACAPE\",\"datePublished\":\"2015-04-16T17:30:53+00:00\",\"mainEntityOfPage\":{\"@id\":\"https:\\\/\\\/blogdofarnesio.com.br\\\/?p=122342\"},\"wordCount\":249,\"commentCount\":0,\"publisher\":{\"@id\":\"https:\\\/\\\/blogdofarnesio.com.br\\\/#organization\"},\"image\":{\"@id\":\"https:\\\/\\\/blogdofarnesio.com.br\\\/?p=122342#primaryimage\"},\"thumbnailUrl\":\"http:\\\/\\\/www.quersaberpolitica.com.br\\\/2016\\\/wp-content\\\/uploads\\\/2013\\\/04\\\/vestibular.jpg\",\"articleSection\":[\"Educa\u00e7\u00e3o\"],\"inLanguage\":\"pt-BR\",\"potentialAction\":[{\"@type\":\"CommentAction\",\"name\":\"Comment\",\"target\":[\"https:\\\/\\\/blogdofarnesio.com.br\\\/?p=122342#respond\"]}]},{\"@type\":\"WebPage\",\"@id\":\"https:\\\/\\\/blogdofarnesio.com.br\\\/?p=122342\",\"url\":\"https:\\\/\\\/blogdofarnesio.com.br\\\/?p=122342\",\"name\":\"DIVULGADO O EDITAL DO VESTIBULAR 2015.2 DA FACAPE - Blog do Farn\u00e9sio\",\"isPartOf\":{\"@id\":\"https:\\\/\\\/blogdofarnesio.com.br\\\/#website\"},\"primaryImageOfPage\":{\"@id\":\"https:\\\/\\\/blogdofarnesio.com.br\\\/?p=122342#primaryimage\"},\"image\":{\"@id\":\"https:\\\/\\\/blogdofarnesio.com.br\\\/?p=122342#primaryimage\"},\"thumbnailUrl\":\"http:\\\/\\\/www.quersaberpolitica.com.br\\\/2016\\\/wp-content\\\/uploads\\\/2013\\\/04\\\/vestibular.jpg\",\"datePublished\":\"2015-04-16T17:30:53+00:00\",\"breadcrumb\":{\"@id\":\"https:\\\/\\\/blogdofarnesio.com.br\\\/?p=122342#breadcrumb\"},\"inLanguage\":\"pt-BR\",\"potentialAction\":[{\"@type\":\"ReadAction\",\"target\":[\"https:\\\/\\\/blogdofarnesio.com.br\\\/?p=122342\"]}]},{\"@type\":\"ImageObject\",\"inLanguage\":\"pt-BR\",\"@id\":\"https:\\\/\\\/blogdofarnesio.com.br\\\/?p=122342#primaryimage\",\"url\":\"http:\\\/\\\/www.quersaberpolitica.com.br\\\/2016\\\/wp-content\\\/uploads\\\/2013\\\/04\\\/vestibular.jpg\",\"contentUrl\":\"http:\\\/\\\/www.quersaberpolitica.com.br\\\/2016\\\/wp-content\\\/uploads\\\/2013\\\/04\\\/vestibular.jpg\"},{\"@type\":\"BreadcrumbList\",\"@id\":\"https:\\\/\\\/blogdofarnesio.com.br\\\/?p=122342#breadcrumb\",\"itemListElement\":[{\"@type\":\"ListItem\",\"position\":1,\"name\":\"In\u00edcio\",\"item\":\"https:\\\/\\\/blogdofarnesio.com.br\\\/\"},{\"@type\":\"ListItem\",\"position\":2,\"name\":\"DIVULGADO O EDITAL DO VESTIBULAR 2015.2 DA FACAPE\"}]},{\"@type\":\"WebSite\",\"@id\":\"https:\\\/\\\/blogdofarnesio.com.br\\\/#website\",\"url\":\"https:\\\/\\\/blogdofarnesio.com.br\\\/\",\"name\":\"Blog do Farn\u00e9sio\",\"description\":\"Quer Saber Pol\u00edtica?\",\"publisher\":{\"@id\":\"https:\\\/\\\/blogdofarnesio.com.br\\\/#organization\"},\"potentialAction\":[{\"@type\":\"SearchAction\",\"target\":{\"@type\":\"EntryPoint\",\"urlTemplate\":\"https:\\\/\\\/blogdofarnesio.com.br\\\/?s={search_term_string}\"},\"query-input\":{\"@type\":\"PropertyValueSpecification\",\"valueRequired\":true,\"valueName\":\"search_term_string\"}}],\"inLanguage\":\"pt-BR\"},{\"@type\":\"Organization\",\"@id\":\"https:\\\/\\\/blogdofarnesio.com.br\\\/#organization\",\"name\":\"Blog do Farn\u00e9sio\",\"url\":\"https:\\\/\\\/blogdofarnesio.com.br\\\/\",\"logo\":{\"@type\":\"ImageObject\",\"inLanguage\":\"pt-BR\",\"@id\":\"https:\\\/\\\/blogdofarnesio.com.br\\\/#\\\/schema\\\/logo\\\/image\\\/\",\"url\":\"https:\\\/\\\/blogdofarnesio.com.br\\\/wp-content\\\/uploads\\\/2026\\\/03\\\/cropped-logo_new-1.png\",\"contentUrl\":\"https:\\\/\\\/blogdofarnesio.com.br\\\/wp-content\\\/uploads\\\/2026\\\/03\\\/cropped-logo_new-1.png\",\"width\":881,\"height\":685,\"caption\":\"Blog do Farn\u00e9sio\"},\"image\":{\"@id\":\"https:\\\/\\\/blogdofarnesio.com.br\\\/#\\\/schema\\\/logo\\\/image\\\/\"},\"sameAs\":[\"https:\\\/\\\/www.facebook.com\\\/BlogQuerSaberPolitica\\\/\"]},{\"@type\":\"Person\",\"@id\":\"\",\"url\":\"https:\\\/\\\/blogdofarnesio.com.br\\\/?author=7\"}]}<\/script>\n<!-- \/ Yoast SEO plugin. -->","yoast_head_json":{"title":"DIVULGADO O EDITAL DO VESTIBULAR 2015.2 DA FACAPE - Blog do Farn\u00e9sio","robots":{"index":"index","follow":"follow","max-snippet":"max-snippet:-1","max-image-preview":"max-image-preview:large","max-video-preview":"max-video-preview:-1"},"canonical":"https:\/\/blogdofarnesio.com.br\/?p=122342","og_locale":"pt_BR","og_type":"article","og_title":"DIVULGADO O EDITAL DO VESTIBULAR 2015.2 DA FACAPE - Blog do Farn\u00e9sio","og_description":"Uma boa not\u00edcia para os feras: A Faculdade de Ci\u00eancias Aplicadas e Sociais de Petrolina (Facape) divulgou o edital do vestibular 2015.2. H\u00e1 vagas para cinco cursos: Administra\u00e7\u00e3o, Direito, Servi\u00e7o Social, Ci\u00eancias Cont\u00e1beis e Ci\u00eancia da Computa\u00e7\u00e3o. As inscri\u00e7\u00f5es v\u00e3o at\u00e9 o dia 26 de maio. Os estudantes devem se inscrever na p\u00e1gina eletr\u00f4nica da Facape (www.facape.br), no link \u2018Vestibular\u2019, ou presencialmente das 9h \u00e0s 12h, das 15h \u00e0s 18h, na Sala de Concursos da autarquia. H\u00e1 duas modalidades: 490 vagas para o vestibular convencional e 60 vagas para o vestibular bolsista \u2013 este \u00faltimo destinado a alunos oriundos de escola p\u00fablica, servidores efetivos da Prefeitura de Petrolina e seus dependentes, e servidores da Facape e seus dependentes. As provas&hellip;","og_url":"https:\/\/blogdofarnesio.com.br\/?p=122342","og_site_name":"Blog do Farn\u00e9sio","article_publisher":"https:\/\/www.facebook.com\/BlogQuerSaberPolitica\/","article_published_time":"2015-04-16T17:30:53+00:00","og_image":[{"url":"http:\/\/www.quersaberpolitica.com.br\/2016\/wp-content\/uploads\/2013\/04\/vestibular.jpg","type":"","width":"","height":""}],"twitter_card":"summary_large_image","twitter_misc":{"Escrito por":"","Est. tempo de leitura":"1 minuto"},"schema":{"@context":"https:\/\/schema.org","@graph":[{"@type":"Article","@id":"https:\/\/blogdofarnesio.com.br\/?p=122342#article","isPartOf":{"@id":"https:\/\/blogdofarnesio.com.br\/?p=122342"},"author":{"name":"","@id":""},"headline":"DIVULGADO O EDITAL DO VESTIBULAR 2015.2 DA FACAPE","datePublished":"2015-04-16T17:30:53+00:00","mainEntityOfPage":{"@id":"https:\/\/blogdofarnesio.com.br\/?p=122342"},"wordCount":249,"commentCount":0,"publisher":{"@id":"https:\/\/blogdofarnesio.com.br\/#organization"},"image":{"@id":"https:\/\/blogdofarnesio.com.br\/?p=122342#primaryimage"},"thumbnailUrl":"http:\/\/www.quersaberpolitica.com.br\/2016\/wp-content\/uploads\/2013\/04\/vestibular.jpg","articleSection":["Educa\u00e7\u00e3o"],"inLanguage":"pt-BR","potentialAction":[{"@type":"CommentAction","name":"Comment","target":["https:\/\/blogdofarnesio.com.br\/?p=122342#respond"]}]},{"@type":"WebPage","@id":"https:\/\/blogdofarnesio.com.br\/?p=122342","url":"https:\/\/blogdofarnesio.com.br\/?p=122342","name":"DIVULGADO O EDITAL DO VESTIBULAR 2015.2 DA FACAPE - Blog do Farn\u00e9sio","isPartOf":{"@id":"https:\/\/blogdofarnesio.com.br\/#website"},"primaryImageOfPage":{"@id":"https:\/\/blogdofarnesio.com.br\/?p=122342#primaryimage"},"image":{"@id":"https:\/\/blogdofarnesio.com.br\/?p=122342#primaryimage"},"thumbnailUrl":"http:\/\/www.quersaberpolitica.com.br\/2016\/wp-content\/uploads\/2013\/04\/vestibular.jpg","datePublished":"2015-04-16T17:30:53+00:00","breadcrumb":{"@id":"https:\/\/blogdofarnesio.com.br\/?p=122342#breadcrumb"},"inLanguage":"pt-BR","potentialAction":[{"@type":"ReadAction","target":["https:\/\/blogdofarnesio.com.br\/?p=122342"]}]},{"@type":"ImageObject","inLanguage":"pt-BR","@id":"https:\/\/blogdofarnesio.com.br\/?p=122342#primaryimage","url":"http:\/\/www.quersaberpolitica.com.br\/2016\/wp-content\/uploads\/2013\/04\/vestibular.jpg","contentUrl":"http:\/\/www.quersaberpolitica.com.br\/2016\/wp-content\/uploads\/2013\/04\/vestibular.jpg"},{"@type":"BreadcrumbList","@id":"https:\/\/blogdofarnesio.com.br\/?p=122342#breadcrumb","itemListElement":[{"@type":"ListItem","position":1,"name":"In\u00edcio","item":"https:\/\/blogdofarnesio.com.br\/"},{"@type":"ListItem","position":2,"name":"DIVULGADO O EDITAL DO VESTIBULAR 2015.2 DA FACAPE"}]},{"@type":"WebSite","@id":"https:\/\/blogdofarnesio.com.br\/#website","url":"https:\/\/blogdofarnesio.com.br\/","name":"Blog do Farn\u00e9sio","description":"Quer Saber Pol\u00edtica?","publisher":{"@id":"https:\/\/blogdofarnesio.com.br\/#organization"},"potentialAction":[{"@type":"SearchAction","target":{"@type":"EntryPoint","urlTemplate":"https:\/\/blogdofarnesio.com.br\/?s={search_term_string}"},"query-input":{"@type":"PropertyValueSpecification","valueRequired":true,"valueName":"search_term_string"}}],"inLanguage":"pt-BR"},{"@type":"Organization","@id":"https:\/\/blogdofarnesio.com.br\/#organization","name":"Blog do Farn\u00e9sio","url":"https:\/\/blogdofarnesio.com.br\/","logo":{"@type":"ImageObject","inLanguage":"pt-BR","@id":"https:\/\/blogdofarnesio.com.br\/#\/schema\/logo\/image\/","url":"https:\/\/blogdofarnesio.com.br\/wp-content\/uploads\/2026\/03\/cropped-logo_new-1.png","contentUrl":"https:\/\/blogdofarnesio.com.br\/wp-content\/uploads\/2026\/03\/cropped-logo_new-1.png","width":881,"height":685,"caption":"Blog do Farn\u00e9sio"},"image":{"@id":"https:\/\/blogdofarnesio.com.br\/#\/schema\/logo\/image\/"},"sameAs":["https:\/\/www.facebook.com\/BlogQuerSaberPolitica\/"]},{"@type":"Person","@id":"","url":"https:\/\/blogdofarnesio.com.br\/?author=7"}]}},"_links":{"self":[{"href":"https:\/\/blogdofarnesio.com.br\/index.php?rest_route=\/wp\/v2\/posts\/122342","targetHints":{"allow":["GET"]}}],"collection":[{"href":"https:\/\/blogdofarnesio.com.br\/index.php?rest_route=\/wp\/v2\/posts"}],"about":[{"href":"https:\/\/blogdofarnesio.com.br\/index.php?rest_route=\/wp\/v2\/types\/post"}],"author":[{"embeddable":true,"href":"https:\/\/blogdofarnesio.com.br\/index.php?rest_route=\/wp\/v2\/users\/7"}],"replies":[{"embeddable":true,"href":"https:\/\/blogdofarnesio.com.br\/index.php?rest_route=%2Fwp%2Fv2%2Fcomments&post=122342"}],"version-history":[{"count":0,"href":"https:\/\/blogdofarnesio.com.br\/index.php?rest_route=\/wp\/v2\/posts\/122342\/revisions"}],"wp:attachment":[{"href":"https:\/\/blogdofarnesio.com.br\/index.php?rest_route=%2Fwp%2Fv2%2Fmedia&parent=122342"}],"wp:term":[{"taxonomy":"category","embeddable":true,"href":"https:\/\/blogdofarnesio.com.br\/index.php?rest_route=%2Fwp%2Fv2%2Fcategories&post=122342"},{"taxonomy":"post_tag","embeddable":true,"href":"https:\/\/blogdofarnesio.com.br\/index.php?rest_route=%2Fwp%2Fv2%2Ftags&post=122342"}],"curies":[{"name":"wp","href":"https:\/\/api.w.org\/{rel}","templated":true}]}}